{"id":9575,"date":"2026-09-05T06:34:27","date_gmt":"2026-09-05T06:34:27","guid":{"rendered":"https:\/\/findosbuecher.com\/?p=9575"},"modified":"2026-09-05T06:36:05","modified_gmt":"2026-09-05T06:36:05","slug":"willy-brandt-krieg-in-norwegen","status":"publish","type":"post","link":"https:\/\/findosbuecher.com\/?p=9575","title":{"rendered":"Willy Brandt: Krieg in Norwegen"},"content":{"rendered":"\n<div itemscope itemtype=\"https:\/\/schema.org\/Book\" class=\"wp-block-book-review-block-book-review book-review-block\">\n<figure class=\"wp-block-image aligncenter size-full\"><img loading=\"lazy\" decoding=\"async\" width=\"383\" height=\"609\" itemprop=\"image\" src=\"https:\/\/findosbuecher.com\/wp-content\/uploads\/2026\/09\/Buchcover-Krieg-in-Norwegen.jpg\" alt=\"\" class=\"wp-image-9576\" srcset=\"https:\/\/findosbuecher.com\/wp-content\/uploads\/2026\/09\/Buchcover-Krieg-in-Norwegen.jpg 383w, https:\/\/findosbuecher.com\/wp-content\/uploads\/2026\/09\/Buchcover-Krieg-in-Norwegen-189x300.jpg 189w, https:\/\/findosbuecher.com\/wp-content\/uploads\/2026\/09\/Buchcover-Krieg-in-Norwegen-306x487.jpg 306w\" sizes=\"auto, (max-width: 383px) 100vw, 383px\" \/><\/figure>\n\n\n\n<div class=\"wp-block-book-review-block-metadata book-review-block__meta\"><div class=\"book-review-block__meta-item book-review-block__meta-item-title\"><div itemprop=\"name\" class=\"book-review-block__meta-item-value\">Krieg in Norwegen<\/div><\/div><div class=\"book-review-block__meta-item book-review-block__meta-item-series\"><div class=\"book-review-block__meta-item-value\">Willy Brandt<\/div><\/div><div itemscope itemtype=\"https:\/\/schema.org\/Person\" itemprop=\"author\" class=\"book-review-block__meta-item book-review-block__meta-item-author\"><div itemprop=\"name\" class=\"book-review-block__meta-item-value\">Rezensionsexemplar\/Sachbuch<\/div><\/div><div class=\"book-review-block__meta-item book-review-block__meta-item-genre\"><div itemprop=\"genre\" class=\"book-review-block__meta-item-value\">Europa Verlag<\/div><\/div><div itemscope itemtype=\"https:\/\/schema.org\/Organization\" itemprop=\"publisher\" class=\"book-review-block__meta-item book-review-block__meta-item-publisher\"><div itemprop=\"name\" class=\"book-review-block__meta-item-value\">Erschienen am: 28.03.2024<\/div><\/div><div class=\"book-review-block__meta-item book-review-block__meta-item-release-date\"><div itemprop=\"datePublished\" class=\"book-review-block__meta-item-value\">Hardcover<\/div><\/div><div class=\"book-review-block__meta-item book-review-block__meta-item-format\"><div class=\"book-review-block__meta-item-value\">Seiten: 199<\/div><\/div><div class=\"book-review-block__meta-item book-review-block__meta-item-pages\"><div itemprop=\"numberOfPages\" class=\"book-review-block__meta-item-value\">ISBN: <a href=\"https:\/\/www.europa-verlag.com\/Buecher\/6680\/KrieginNorwegen.html\">978-385890-621-1<\/a><\/div><\/div><\/div>\n\n\n\n<div itemscope itemtype=\"https:\/\/schema.org\/Review\" itemprop=\"review\" class=\"wp-block-book-review-block-rating\"><span itemscope itemtype=\"https:\/\/schema.org\/Person\" itemprop=\"author\"><meta itemprop=\"name\" content=\"findo\"\/><\/span><div itemscope itemtype=\"https:\/\/schema.org\/Rating\" itemprop=\"reviewRating\" class=\"book-review-block__rating book-review-block__review-rating\"><meta itemprop=\"ratingValue\" content=\"3\"\/><div class=\"book-review-block__rating-buttons\"><span class=\"book-review-block__rating-button\" role=\"button\" tabindex=\"0\"><span><svg xmlns=\"https:\/\/www.w3.org\/2000\/svg\" width=\"24\" height=\"24\" viewBox=\"0 0 24 24\"><path fill=\"#eba845\" stroke=\"#eba845\" d=\"M12,17.3l6.2,3.7l-1.6-7L22,9.2l-7.2-0.6L12,2L9.2,8.6L2,9.2L7.5,14l-1.6,7L12,17.3z\"><\/path><\/svg><\/span><span><svg xmlns=\"https:\/\/www.w3.org\/2000\/svg\" width=\"24\" height=\"24\" viewBox=\"0 0 24 24\"><path fill=\"#eba845\" stroke=\"#eba845\" d=\"M12,17.3l6.2,3.7l-1.6-7L22,9.2l-7.2-0.6L12,2L9.2,8.6L2,9.2L7.5,14l-1.6,7L12,17.3z\"><\/path><\/svg><\/span><\/span><span class=\"book-review-block__rating-button\" role=\"button\" tabindex=\"0\"><span><svg xmlns=\"https:\/\/www.w3.org\/2000\/svg\" width=\"24\" height=\"24\" viewBox=\"0 0 24 24\"><path fill=\"#eba845\" stroke=\"#eba845\" d=\"M12,17.3l6.2,3.7l-1.6-7L22,9.2l-7.2-0.6L12,2L9.2,8.6L2,9.2L7.5,14l-1.6,7L12,17.3z\"><\/path><\/svg><\/span><span><svg xmlns=\"https:\/\/www.w3.org\/2000\/svg\" width=\"24\" height=\"24\" viewBox=\"0 0 24 24\"><path fill=\"#eba845\" stroke=\"#eba845\" d=\"M12,17.3l6.2,3.7l-1.6-7L22,9.2l-7.2-0.6L12,2L9.2,8.6L2,9.2L7.5,14l-1.6,7L12,17.3z\"><\/path><\/svg><\/span><\/span><span class=\"book-review-block__rating-button\" role=\"button\" tabindex=\"0\"><span><svg xmlns=\"https:\/\/www.w3.org\/2000\/svg\" width=\"24\" height=\"24\" viewBox=\"0 0 24 24\"><path fill=\"#eba845\" stroke=\"#eba845\" d=\"M12,17.3l6.2,3.7l-1.6-7L22,9.2l-7.2-0.6L12,2L9.2,8.6L2,9.2L7.5,14l-1.6,7L12,17.3z\"><\/path><\/svg><\/span><span><svg xmlns=\"https:\/\/www.w3.org\/2000\/svg\" width=\"24\" height=\"24\" viewBox=\"0 0 24 24\"><path fill=\"#eba845\" stroke=\"#eba845\" d=\"M12,17.3l6.2,3.7l-1.6-7L22,9.2l-7.2-0.6L12,2L9.2,8.6L2,9.2L7.5,14l-1.6,7L12,17.3z\"><\/path><\/svg><\/span><\/span><span class=\"book-review-block__rating-button\" role=\"button\" tabindex=\"0\"><span><svg xmlns=\"https:\/\/www.w3.org\/2000\/svg\" width=\"24\" height=\"24\" viewBox=\"0 0 24 24\"><path class=\"is-rating-unfilled\" fill=\"#eba845\" stroke=\"#eba845\" d=\"M12,17.3l6.2,3.7l-1.6-7L22,9.2l-7.2-0.6L12,2L9.2,8.6L2,9.2L7.5,14l-1.6,7L12,17.3z\"><\/path><\/svg><\/span><span><svg xmlns=\"https:\/\/www.w3.org\/2000\/svg\" width=\"24\" height=\"24\" viewBox=\"0 0 24 24\"><path class=\"is-rating-unfilled\" fill=\"#eba845\" stroke=\"#eba845\" d=\"M12,17.3l6.2,3.7l-1.6-7L22,9.2l-7.2-0.6L12,2L9.2,8.6L2,9.2L7.5,14l-1.6,7L12,17.3z\"><\/path><\/svg><\/span><\/span><span class=\"book-review-block__rating-button\" role=\"button\" tabindex=\"0\"><span><svg xmlns=\"https:\/\/www.w3.org\/2000\/svg\" width=\"24\" height=\"24\" viewBox=\"0 0 24 24\"><path class=\"is-rating-unfilled\" fill=\"#eba845\" stroke=\"#eba845\" d=\"M12,17.3l6.2,3.7l-1.6-7L22,9.2l-7.2-0.6L12,2L9.2,8.6L2,9.2L7.5,14l-1.6,7L12,17.3z\"><\/path><\/svg><\/span><span><svg xmlns=\"https:\/\/www.w3.org\/2000\/svg\" width=\"24\" height=\"24\" viewBox=\"0 0 24 24\"><path class=\"is-rating-unfilled\" fill=\"#eba845\" stroke=\"#eba845\" d=\"M12,17.3l6.2,3.7l-1.6-7L22,9.2l-7.2-0.6L12,2L9.2,8.6L2,9.2L7.5,14l-1.6,7L12,17.3z\"><\/path><\/svg><\/span><\/span><\/div><\/div><\/div>\n\n\n\n<div class=\"wp-block-book-review-block-description book-review-block__description\"><p><\/p><\/div>\n<\/div>\n\n\n\n<p class=\"wp-block-paragraph\"><strong>Inhalt:<\/strong><br>Als die Nationalsozialisten am 30. Januar 1933 an die Macht kommen, leistet Herbert Frahm sofort Widerstand. Um sich vor der Verfolgung durch die Nazis zu sch\u00fctzen, benennt er sich um in Willy Brandt. 1933 verl\u00e4sst er Deutschland und geht ins Exil nach Norwegen, um von dort aus den sozialdemokratischen Widerstand gegen Hitler zu organisieren. 1940 wird er Zeuge der Okkupation des Landes durch die Deutsche Wehrmacht. (Klappentext)<\/p>\n\n\n\n<p class=\"wp-block-paragraph\"><\/p>\n\n\n\n<p class=\"wp-block-paragraph\"><strong>Rezension:<\/strong><br>Die Besatzung Norwegens durch die Deutschen ist hierzulande ein beinahe vergessenes St\u00fcck Milit\u00e4rgeschichte, doch bereits w\u00e4hrend des Krieges erschien 1942 in der Schweiz ein Bericht dar\u00fcber, wof\u00fcr der Verleger von den Nationalsozialisten heftig kritisiert wurde. Geschrieben hat ihn kein anderer als Willy Brandt, der 1933 \u00fcber D\u00e4nemark nach Norwegen fliehen musste, wo er einige Jahre sp\u00e4ter die Okkupation des Landes erleben musste. Dieser liegt nun, neu aufgelegt, im gleichnamigen Nachfolgeverlag vor und bringt damit auch ein hier beinahe vergessenes St\u00fcck Zeitgeschichte wieder ans Tageslicht.<\/p>\n\n\n\n<p class=\"wp-block-paragraph\"><\/p>\n\n\n\n<p class=\"wp-block-paragraph\">Die Zeitspanne, \u00fcber die da der sp\u00e4tere Bundeskanzler berichtet, ist nicht gerade gro\u00df. Tats\u00e4chlich sind es nur wenige Wochen, in denen die Land diesen Teil Nordeuropas angegriffen und sich untertan gemacht haben. Der Konflikt, der nur ein paar Jahre danach sich zum Weltkrieg ausweiten sollte, steht da noch am Anfang. Polen ist bereits \u00fcberfallen, auch D\u00e4nemark schon besetzt. Der Krieg gegen Westeuropa steht noch bevor. Und mittendrin Herbert Frahm, der unter den Decknamen Willy Brandt versucht, von seinem Exil aus den sozialdemokratischen Widerstand zu organisieren, unter anderen Artikel f\u00fcr entsprechend politische Zeitungen schrieb.<\/p>\n\n\n\n<p class=\"wp-block-paragraph\"><\/p>\n\n\n\n<p class=\"wp-block-paragraph\">Er ist der Beobachter dieser Tage, in denen ein milit\u00e4risch ungen\u00fcgend organisiertes Land mit seinen geringen Mitteln mancherorts erstaunlichen Widerstand leistet, an vielen Orten schlicht und ergreifend jedoch schnell gezwungen wird, eben jenen aufzugeben und zu kapitulieren. Er beschreibt dabei beide Seiten, insbesondere die der Norweger im Fokus. In sehr kompakter und n\u00fcchterner Form n\u00e4hert er sich den Ereignissen und hat diese Beschreibungen nach den einzelnen Landesteilen und Regionen gegliedert.<\/p>\n\n\n\n<p class=\"wp-block-paragraph\"><\/p>\n\n\n\n<p class=\"wp-block-paragraph\">In der neuen Ausgaben erg\u00e4nzen hinten angestellte Anmerkungen den Text, sowie eine Karte zur Verdeutlichung diesen Bericht, der sehr n\u00fcchtern daherkommt, fast analytisch. Nur hin und wieder blitzen die Emotionen durch. Es ist die Arbeit eines Journalisten, die wir da lesen, der verstehen und verdeutlichen m\u00f6chte, wie die Verteidigung trotz ung\u00fcnstiger Umst\u00e4nde organisiert wurde, wo dies nicht klappte und welche Fehler dabei die Norweger machten, aber auch, dass die Topografie des Landes oft genug auch nicht den Deutschen in die H\u00e4nde spielte.<\/p>\n\n\n\n<p class=\"wp-block-paragraph\"><\/p>\n\n\n\n<p class=\"wp-block-paragraph\">Den Bericht muss man lesen, in dem Wissen, dass dieser nach damaligen Kenntnisstand verfasst und auch ver\u00f6ffentlicht wurde. Fakten, wie den sp\u00e4teren Verlauf des Krieges in Europa etwa, kann er noch nicht ber\u00fccksichtigen. Auch \u00fcber das Leben sp\u00e4ter unter der Besatzung konnte Willy Brandt zu diesem Zeitpunkt nicht berichten. Seinem Exil in Norwegen, musste kurz darauf Schweden folgen. Der Autor hat sich stattdessen auf diese wenigen Tage vom 09. April bis zum 09. Juni 1940 konzentriert und somit ein kleines, aber doch wichtiges Zeitdokument geschaffen.<\/p>\n\n\n\n<p class=\"wp-block-paragraph\"><\/p>\n\n\n\n<p class=\"wp-block-paragraph\">Neben trockenen Tonalit\u00e4t jedoch, die nicht jedermanns Sache ist, muss man jedoch dieser Ausgabe leider eine mangelnde \u00dcberarbeitung ankreiden. Schreibfehler, Vertauschungen, von denen ich mir nicht sicher bin, ob sie im Original des Textes vorkommen und von diesem ungepr\u00fcft \u00fcbernommen wurden oder ob dies bei der \u00dcbertragung des Textes geschehen ist. Das f\u00e4llt das eine oder andere Mal auf. Man stolpert regelrecht dr\u00fcber. Ist das Willy Brandt anzulasten oder dem Verlag? So oder so schm\u00e4lert es nicht die Wichtigkeit des Textes \u00fcber diese Zeit, die sicher heute auch einen guten Teil des Selbstverst\u00e4ndnisses Norwegens ausmacht.<\/p>\n\n\n\n<p class=\"wp-block-paragraph\"><\/p>\n\n\n\n<p class=\"wp-block-paragraph\">&#8222;Krieg in Norwegen&#8220; liest sich deshalb interessant, da \u00fcber diesen Teil des Krieges zuweilen recht wenig berichtet wird. Bis heute. So ist der Bericht f\u00fcr zeitgeschichtlich Interessierte spannend zu lesen, auch f\u00fcr jene, die mal einen beinahe journalistischen Text von Willy Brandt lesen m\u00f6chten. Den Ton heute popul\u00e4rer Sachb\u00fccher darf man jedoch nicht erwarten.<br><\/p>\n\n\n\n<p class=\"wp-block-paragraph\"><strong>Autor:<\/strong><br>Willy Brandt wurde 1913 in L\u00fcbeck als Herbert Ernst Karl Frahm geboren und war ein deutscher Politiker, sowie von 1969 bis 1974 der vierte Bundeskanzler der Bundesrepublik Deutschland. Mit seiner Au\u00dfenpolitik richtete er die Ostpolitik des Landes neu aus. Vor seiner Zeit als Kanzler, war er als Regierender B\u00fcrgermeister West-Berlins t\u00e4tig, sowie Au\u00dfenminister und Vizekanzler unter Kiesinger. Nach seinem Ausscheiden aus der Bundespolitik engagierte er sich f\u00fcr Frieden, V\u00f6lkerverst\u00e4ndigung und Abr\u00fcstung. Brandt erhielt 1971 den Friedensnobelpreis und starb 1992.<\/p>\n\n\n\n<p class=\"wp-block-paragraph\"><\/p>\n\n\n\n<div class=\"wp-block-uagb-info-box uagb-block-4fedb741 uagb-infobox__content-wrap  uagb-infobox-icon-above-title uagb-infobox-image-valign-top\"><div class=\"uagb-ifb-content\"><div class=\"uagb-ifb-title-wrap\"><h3 class=\"uagb-ifb-title\">Der virtuelle Spendenhut<\/h3><\/div><p class=\"uagb-ifb-desc\">Dir hat der Beitrag gefallen? Dann freue ich mich \u00fcber eine virtuelle <a href=\"https:\/\/www.paypal.com\/paypalme\/findosbuechercom\/\" target=\"_blank\" rel=\"noreferrer noopener\">Spende<\/a>. Vielen lieben Dank.<\/p><\/div><\/div>\n","protected":false},"excerpt":{"rendered":"<p>Inhalt:Als die Nationalsozialisten am 30. Januar 1933 an die Macht kommen, leistet Herbert Frahm sofort Widerstand. Um sich vor der Verfolgung durch die Nazis zu sch\u00fctzen, benennt er sich um in Willy Brandt. 1933 verl\u00e4sst er Deutschland und geht ins Exil nach Norwegen, um von dort aus den sozialdemokratischen Widerstand gegen Hitler zu organisieren. 1940 [&hellip;]<\/p>\n","protected":false},"author":1,"featured_media":0,"comment_status":"open","ping_status":"open","sticky":false,"template":"","format":"standard","meta":{"_uag_custom_page_level_css":"","site-sidebar-layout":"default","site-content-layout":"","ast-site-content-layout":"default","site-content-style":"default","site-sidebar-style":"default","ast-global-header-display":"","ast-banner-title-visibility":"","ast-main-header-display":"","ast-hfb-above-header-display":"","ast-hfb-below-header-display":"","ast-hfb-mobile-header-display":"","site-post-title":"","ast-breadcrumbs-content":"","ast-featured-img":"","footer-sml-layout":"","ast-disable-related-posts":"","theme-transparent-header-meta":"","adv-header-id-meta":"","stick-header-meta":"","header-above-stick-meta":"","header-main-stick-meta":"","header-below-stick-meta":"","astra-migrate-meta-layouts":"set","ast-page-background-enabled":"default","ast-page-background-meta":{"desktop":{"background-color":"","background-image":"","background-repeat":"repeat","background-position":"center center","background-size":"auto","background-attachment":"scroll","background-type":"","background-media":"","overlay-type":"","overlay-color":"","overlay-opacity":"","overlay-gradient":""},"tablet":{"background-color":"","background-image":"","background-repeat":"repeat","background-position":"center center","background-size":"auto","background-attachment":"scroll","background-type":"","background-media":"","overlay-type":"","overlay-color":"","overlay-opacity":"","overlay-gradient":""},"mobile":{"background-color":"","background-image":"","background-repeat":"repeat","background-position":"center center","background-size":"auto","background-attachment":"scroll","background-type":"","background-media":"","overlay-type":"","overlay-color":"","overlay-opacity":"","overlay-gradient":""}},"ast-content-background-meta":{"desktop":{"background-color":"var(--ast-global-color-5)","background-image":"","background-repeat":"repeat","background-position":"center center","background-size":"auto","background-attachment":"scroll","background-type":"","background-media":"","overlay-type":"","overlay-color":"","overlay-opacity":"","overlay-gradient":""},"tablet":{"background-color":"var(--ast-global-color-5)","background-image":"","background-repeat":"repeat","background-position":"center center","background-size":"auto","background-attachment":"scroll","background-type":"","background-media":"","overlay-type":"","overlay-color":"","overlay-opacity":"","overlay-gradient":""},"mobile":{"background-color":"var(--ast-global-color-5)","background-image":"","background-repeat":"repeat","background-position":"center center","background-size":"auto","background-attachment":"scroll","background-type":"","background-media":"","overlay-type":"","overlay-color":"","overlay-opacity":"","overlay-gradient":""}},"book_review_cover_url":"","book_review_title":"","book_review_series":"","book_review_author":"","book_review_genre":"","book_review_isbn":"","book_review_publisher":"","book_review_release_date":"","book_review_format":"","book_review_pages":"","book_review_source":"","book_review_rating":"","book_review_summary":"","footnotes":""},"categories":[4],"tags":[4160,5358,1872,151,952,2109,761,17,16,382,21,301,1834,645,30,26,23,663,3783,1304,29,147],"class_list":["post-9575","post","type-post","status-publish","format-standard","hentry","category-rezension","tag-4160","tag-5358","tag-beobachtung","tag-bericht","tag-besatzung","tag-eroberung","tag-europa-verlag","tag-geschichte","tag-gesellschaft","tag-kampf","tag-krieg","tag-leben","tag-militaer","tag-norwegen","tag-politik","tag-sachbuch","tag-weltkrieg","tag-widerstand","tag-willy-brandt","tag-zeitgeschehen","tag-zeitgeschichte","tag-zweiter-weltkrieg"],"uagb_featured_image_src":{"full":false,"thumbnail":false,"medium":false,"medium_large":false,"large":false,"1536x1536":false,"2048x2048":false,"wps_thumbnail_size":false,"buchcover":false},"uagb_author_info":{"display_name":"findo","author_link":"https:\/\/findosbuecher.com\/?author=1"},"uagb_comment_info":0,"uagb_excerpt":"Inhalt:Als die Nationalsozialisten am 30. Januar 1933 an die Macht kommen, leistet Herbert Frahm sofort Widerstand. Um sich vor der Verfolgung durch die Nazis zu sch\u00fctzen, benennt er sich um in Willy Brandt. 1933 verl\u00e4sst er Deutschland und geht ins Exil nach Norwegen, um von dort aus den sozialdemokratischen Widerstand gegen Hitler zu organisieren. 1940&hellip;","_links":{"self":[{"href":"https:\/\/findosbuecher.com\/index.php?rest_route=\/wp\/v2\/posts\/9575","targetHints":{"allow":["GET"]}}],"collection":[{"href":"https:\/\/findosbuecher.com\/index.php?rest_route=\/wp\/v2\/posts"}],"about":[{"href":"https:\/\/findosbuecher.com\/index.php?rest_route=\/wp\/v2\/types\/post"}],"author":[{"embeddable":true,"href":"https:\/\/findosbuecher.com\/index.php?rest_route=\/wp\/v2\/users\/1"}],"replies":[{"embeddable":true,"href":"https:\/\/findosbuecher.com\/index.php?rest_route=%2Fwp%2Fv2%2Fcomments&post=9575"}],"version-history":[{"count":1,"href":"https:\/\/findosbuecher.com\/index.php?rest_route=\/wp\/v2\/posts\/9575\/revisions"}],"predecessor-version":[{"id":9577,"href":"https:\/\/findosbuecher.com\/index.php?rest_route=\/wp\/v2\/posts\/9575\/revisions\/9577"}],"wp:attachment":[{"href":"https:\/\/findosbuecher.com\/index.php?rest_route=%2Fwp%2Fv2%2Fmedia&parent=9575"}],"wp:term":[{"taxonomy":"category","embeddable":true,"href":"https:\/\/findosbuecher.com\/index.php?rest_route=%2Fwp%2Fv2%2Fcategories&post=9575"},{"taxonomy":"post_tag","embeddable":true,"href":"https:\/\/findosbuecher.com\/index.php?rest_route=%2Fwp%2Fv2%2Ftags&post=9575"}],"curies":[{"name":"wp","href":"https:\/\/api.w.org\/{rel}","templated":true}]}}