{"id":897,"date":"2017-04-27T12:44:47","date_gmt":"2017-04-27T12:44:47","guid":{"rendered":"http:\/\/findosbuecher.com\/?p=897"},"modified":"2023-07-13T05:49:08","modified_gmt":"2023-07-13T05:49:08","slug":"mein-interview-mit-katja-brandis-auf-der-leipziger-buchmesse-2017","status":"publish","type":"post","link":"https:\/\/findosbuecher.com\/?p=897","title":{"rendered":"Interview mit Katja Brandis auf der Leipziger Buchmesse 2017"},"content":{"rendered":"\n<p>An dieser Stelle sollte eigentlich eine Videoaufnahme des Interviews zu sehen sein, die ich auf der Leipziger Buchmesse 2017 gemacht habe. Jedoch ist auch hier, \u00e4hnlich wie beim Interview mit Sebastian Fitzek, die Aufnahme so gut geraten, dass die Kamera auch hier s\u00e4mtliche Hintergrundger\u00e4usche mit aufgenommen hat.<\/p>\n\n\n\n<p>Die herauszufiltern w\u00fcrde zwar funktionieren, doch w\u00fcrde man das eigentliche Interview dann ebenfalls kaum verstehen. Daher auch hier in Textform.<\/p>\n\n\n\n<p>Viel Spa\u00df dabei.<\/p>\n\n\n\n<p><em>NH: Von wegen Kinder und Jugendliche lesen nicht. Das Gegenteil ist der Fall. Hier am Arena-Stand tummeln sich ganz viele. Bei mir ist Katja Brandis. Sie hat eine phantastische Tierwesen-Fantasy-Reihe f\u00fcr Kinder geschrieben.<\/em><\/p>\n\n\n\n<p>KB: Letztes Jahr begonnen. Der erste Band ist im Juni erschienen.<\/p>\n\n\n\n<figure class=\"wp-block-image alignleft\"><img loading=\"lazy\" decoding=\"async\" width=\"300\" height=\"203\" src=\"http:\/\/findosbuecher.com\/wp-content\/uploads\/2017\/04\/Brandis1-300x203.jpg\" alt=\"brandis1\" class=\"wp-image-906\" srcset=\"https:\/\/findosbuecher.com\/wp-content\/uploads\/2017\/04\/Brandis1-300x203.jpg 300w, https:\/\/findosbuecher.com\/wp-content\/uploads\/2017\/04\/Brandis1-768x518.jpg 768w, https:\/\/findosbuecher.com\/wp-content\/uploads\/2017\/04\/Brandis1-1024x691.jpg 1024w, https:\/\/findosbuecher.com\/wp-content\/uploads\/2017\/04\/Brandis1-1200x810.jpg 1200w, https:\/\/findosbuecher.com\/wp-content\/uploads\/2017\/04\/Brandis1.jpg 320w\" sizes=\"auto, (max-width: 300px) 100vw, 300px\" \/><\/figure>\n\n\n\n<p><em>NH: Stimmt. Das folgte sehr schnell aufeinander. Schreiben sich Kinderb\u00fccher einfach schneller als Jugendb\u00fccher?<\/em><\/p>\n\n\n\n<p>KB: Das h\u00e4ngt davon ab, wie komplex der Plot ist und wie viel Spa\u00df es einem macht. Wenn es extrem kompliziert ist, zum Beispiel meine Jugendromane haben um die 450 Seiten, rechne ich immer ein halbes Jahr und bei den \u201eWoodwalkers\u201c rechne ich drei Monate, denn die haben oft nur etwa 250 Seiten. Es ist nicht so viel Aufwand, und es schreibt sich sehr locker weg, weil die Arbeit daran sehr viel Spa\u00df macht.<\/p>\n\n\n\n<p><em>NH: \u201eWoodwalkers\u201c ist die Reihe, um die es heute geht. Zwei B\u00e4nde sind bisher erschienen. Es geht hier um Carag, einen Gestaltwandler zwischen Bergl\u00f6we und Menschenjunge, der beschlie\u00dft, bei den Menschen leben zu wollen. <\/em><\/p>\n\n\n\n<p><em>Er verl\u00e4sst daf\u00fcr seine Familie, nimmt daf\u00fcr die Gestalt eines Menschen an und kommt sp\u00e4ter auf eine Schule, in der noch andere Menschen\/Tiere seiner Art unterrichtet werden, damit umzugehen und sich unter den Menschen zurechtzufinden.<\/em><\/p>\n\n\n\n<p><em>\u201eGestaltwandler\u201c kommen viel in den indianischen Mythen aus Amerika vor. Stammt die Idee davon?<\/em><\/p>\n\n\n\n<p>KB: Die Idee stammt aus dem Yellowstone-Nationalpark. Das ist nicht nur eine phantastische Landschaft, sondern die vielen Tiere und da dachte ich mir: Wie w\u00e4re es wohl, wenn sich manche dieser in einen Menschen verwandeln k\u00f6nnten?<\/p>\n\n\n\n<p>Nat\u00fcrlich spielen die alten schamanischen Mythen mit rein. Es gab ja schon immer Legenden von G\u00f6ttern, zum Beispiel die Sphinx. Es gibt einfach viele G\u00f6ttergestalten, die so etwas k\u00f6nnen. In Wirklichkeit waren es bestimmt \u201eWoodwalker\u201c, die sich da als G\u00f6tter ausgegeben haben.<\/p>\n\n\n\n<figure class=\"wp-block-image\"><img loading=\"lazy\" decoding=\"async\" width=\"300\" height=\"203\" src=\"http:\/\/findosbuecher.com\/wp-content\/uploads\/2017\/04\/Brandis2-300x203.jpg\" alt=\"brandis2\" class=\"wp-image-907\" srcset=\"https:\/\/findosbuecher.com\/wp-content\/uploads\/2017\/04\/Brandis2-300x203.jpg 300w, https:\/\/findosbuecher.com\/wp-content\/uploads\/2017\/04\/Brandis2-768x520.jpg 768w, https:\/\/findosbuecher.com\/wp-content\/uploads\/2017\/04\/Brandis2-1024x693.jpg 1024w, https:\/\/findosbuecher.com\/wp-content\/uploads\/2017\/04\/Brandis2-1200x813.jpg 1200w, https:\/\/findosbuecher.com\/wp-content\/uploads\/2017\/04\/Brandis2.jpg 320w\" sizes=\"auto, (max-width: 300px) 100vw, 300px\" \/><\/figure>\n\n\n\n<p><em>NH: Und die haben Sie jetzt aufgest\u00f6bert. Solche Internatsgeschichten gibt es h\u00e4ufiger. \u201eHarry Potter\u201c, und vorher gab es sie ja auch schon. Das ist jetzt aber schon nochmal ein neues Element. Wie entstand die Idee? Waren Sie im Yellowstone-Nationalpark recherchieren?<\/em><\/p>\n\n\n\n<p>KB: Da ist die Idee entstanden. Ich habe gleich angefangen zu recherchieren, da ich wusste, dass ich dar\u00fcber schreiben m\u00f6chte. Diese Vielfalt an Tieren spiegelt sich dann nat\u00fcrlich auch in der Schule wieder. Roth\u00f6rnchen sieht man dort st\u00e4ndig. Bisons haben wir ganz viele beobachtet.<\/p>\n\n\n\n<p>Da dachte ich: Wie die wohl als Mensch w\u00e4ren? Wie sehen die aus? Solche Zwischeng\u00e4nger zwischen den Welten sind ja auch besondere Pers\u00f6nlichkeiten, da die ein schweres Leben haben. Sie werden weder von den Tieren noch den Menschen wirklich akzeptiert und m\u00fcssen in beiden Welten irgendwie klarkommen.<\/p>\n\n\n\n<pre class=\"wp-block-preformatted\"><figure><img loading=\"lazy\" decoding=\"async\" width=\"212\" height=\"300\" class=\"size-medium wp-image-526 alignleft\" src=\"http:\/\/findosbuecher.com\/wp-content\/uploads\/2016\/11\/978-3-401-60196-0-212x300.jpg\" alt=\"60196-0_Brandis_Woodwalkers.indd\" srcset=\"https:\/\/findosbuecher.com\/wp-content\/uploads\/2016\/11\/978-3-401-60196-0-212x300.jpg 212w, https:\/\/findosbuecher.com\/wp-content\/uploads\/2016\/11\/978-3-401-60196-0-768x1087.jpg 768w, https:\/\/findosbuecher.com\/wp-content\/uploads\/2016\/11\/978-3-401-60196-0-723x1024.jpg 723w, https:\/\/findosbuecher.com\/wp-content\/uploads\/2016\/11\/978-3-401-60196-0-1200x1699.jpg 1200w, https:\/\/findosbuecher.com\/wp-content\/uploads\/2016\/11\/978-3-401-60196-0.jpg 320w\" sizes=\"auto, (max-width: 212px) 100vw, 212px\" \/><\/figure><br><br><br><br><br><br><br><br><br><br><br>Autorin: Katja Brandis <br>Titel: Woodwalkers (1) - Carags Verwandlung <br>Seiten: 280 <br>ISBN: <a href=\"http:\/\/www.arena-verlag.de\/artikel\/woodwalkers-carags-verwandlung-978-3-401-60196-0\">978-3-401-60196-0 <\/a> <br>Verlag: Arena<\/pre>\n\n\n\n<p><em>NH: In den B\u00fcchern gibt es dann auch die Rudelbeziehungen zwischen den Tieren, wie zum Beispiel den W\u00f6lfen. Dann gibt es Einzelg\u00e4nger. Das gibt es auch in der wirklichen Welt. Wie wichtig war es, dies so nah wie m\u00f6glich darzustellen? Raben verfolgen wahrscheinlich die W\u00f6lfe, weil sie wissen, da f\u00e4llt irgendwann mal etwas von der Beute f\u00fcr sie ab?<\/em><\/p>\n\n\n\n<p>KB: Nicht immer. Raben spielen mitunter mit jungen W\u00f6lfen zusammen. Deswegen nennt man sie auch Wolfsv\u00f6gel. Ich habe das so nah wie m\u00f6glich abgebildet, wie das in der Natur ist.<\/p>\n\n\n\n<p>Pumas und W\u00f6lfe sind in der Natur wirklich verfeindet, da W\u00f6lfe im Rudel den Pumas die Beute abjagen und vertreiben die auch ganz oft aus ihren Revieren. Ich habe mir vorgestellt, dass das auch Carags Familie passiert ist und sie deswegen das Revier verlassen mussten.<\/p>\n\n\n\n<figure class=\"wp-block-image\"><img loading=\"lazy\" decoding=\"async\" width=\"300\" height=\"203\" src=\"http:\/\/findosbuecher.com\/wp-content\/uploads\/2017\/04\/Brandis3-300x203.jpg\" alt=\"brandis3\" class=\"wp-image-908\" srcset=\"https:\/\/findosbuecher.com\/wp-content\/uploads\/2017\/04\/Brandis3-300x203.jpg 300w, https:\/\/findosbuecher.com\/wp-content\/uploads\/2017\/04\/Brandis3-768x519.jpg 768w, https:\/\/findosbuecher.com\/wp-content\/uploads\/2017\/04\/Brandis3-1024x692.jpg 1024w, https:\/\/findosbuecher.com\/wp-content\/uploads\/2017\/04\/Brandis3-1200x811.jpg 1200w, https:\/\/findosbuecher.com\/wp-content\/uploads\/2017\/04\/Brandis3.jpg 320w\" sizes=\"auto, (max-width: 300px) 100vw, 300px\" \/><\/figure>\n\n\n\n<p><em>NH: Bevor es zu den \u201eWoodwalkers\u201c gekommen ist, haben Sie noch viele andere Geschichten geschrieben. Da war f\u00fcr alle Altersgruppen, f\u00fcr Kinder und Jugendliche, etwas dabei.<\/em><\/p>\n\n\n\n<p>KB: Ich schreibe haupts\u00e4chlich f\u00fcr Jugendliche ab 12 Jahren. Das kann aber auch von Erwachsenen gelesen werden.<\/p>\n\n\n\n<p><em>NH: Arena, wo die B\u00fccher erscheinen, ist ein Jugendbuch-orientierter Verlag. Damit sind Sie trotzdem zufrieden?<\/em><\/p>\n\n\n\n<p>KB: Arena ist super. Die haben sich so f\u00fcr die \u201eWoodwalkers\u201c eingesetzt. Aber der Verlag ist auch generell sehr offen.<\/p>\n\n\n\n<p><em>NH: Heutzutage spielt ja nicht nur die Geschichte eine Rolle. Auch das Cover wird immer wichtiger, und Arena gibt sich bei den B\u00fcchern da immer sehr viel M\u00fche. Woher stammt die Idee f\u00fcr das Cover?<\/em><\/p>\n\n\n\n<p>KB: Das kam vom Verlag, von der Illustratorin Claudia Carls, welche sicher zum Erfolg beigetragen hat, und die Illustrationen sind auch wundersch\u00f6n geworden. Die Pumas zum Beispiel gefallen mir sehr gut. Sie kann auch sehr gut Tiere zeichnen und hat Carags Aussehen sehr gut getroffen.<\/p>\n\n\n\n<figure class=\"wp-block-image aligncenter\"><img loading=\"lazy\" decoding=\"async\" width=\"300\" height=\"274\" src=\"http:\/\/findosbuecher.com\/wp-content\/uploads\/2017\/04\/KB1-300x274.jpg\" alt=\"kb1\" class=\"wp-image-912\" srcset=\"https:\/\/findosbuecher.com\/wp-content\/uploads\/2017\/04\/KB1-300x274.jpg 300w, https:\/\/findosbuecher.com\/wp-content\/uploads\/2017\/04\/KB1-768x702.jpg 768w, https:\/\/findosbuecher.com\/wp-content\/uploads\/2017\/04\/KB1.jpg 320w\" sizes=\"auto, (max-width: 300px) 100vw, 300px\" \/><\/figure>\n\n\n\n<pre class=\"wp-block-preformatted\">Die Zeichnungen stammen von der Illustratorin Claudia Carls.<\/pre>\n\n\n\n<pre class=\"wp-block-preformatted\"><figure><img loading=\"lazy\" decoding=\"async\" width=\"213\" height=\"300\" class=\"size-medium wp-image-647 alignleft\" src=\"http:\/\/findosbuecher.com\/wp-content\/uploads\/2017\/01\/978-3-401-60197-7-213x300.jpg\" alt=\"60197-7_Brandis_Woodwalkers2.indd\" srcset=\"https:\/\/findosbuecher.com\/wp-content\/uploads\/2017\/01\/978-3-401-60197-7-213x300.jpg 213w, https:\/\/findosbuecher.com\/wp-content\/uploads\/2017\/01\/978-3-401-60197-7-768x1082.jpg 768w, https:\/\/findosbuecher.com\/wp-content\/uploads\/2017\/01\/978-3-401-60197-7-727x1024.jpg 727w, https:\/\/findosbuecher.com\/wp-content\/uploads\/2017\/01\/978-3-401-60197-7-600x846.jpg 600w, https:\/\/findosbuecher.com\/wp-content\/uploads\/2017\/01\/978-3-401-60197-7-1200x1691.jpg 1200w, https:\/\/findosbuecher.com\/wp-content\/uploads\/2017\/01\/978-3-401-60197-7.jpg 320w\" sizes=\"auto, (max-width: 213px) 100vw, 213px\" \/><\/figure><br><br><br><br><br><br><br><br><br><br><br>Autorin: Katja Brandis<br>Titel: Woodwalkers (2) - Gef\u00e4hrliche Freudnschaft<br>Seiten: 280ISBN: <a href=\"http:\/\/www.arena-verlag.de\/artikel\/woodwalkers-2-gefahrliche-freundschaft-978-3-401-80629-7\">978-3-401-80629-7<\/a><br>Verlag: Arena<\/pre>\n\n\n\n<p><em>NH: Also, ist er jetzt so wie Sie sich ihn vorgestellt haben?<\/em><\/p>\n\n\n\n<p>KB: Ja. Oder auch die W\u00f6lfin Tiffany, ist auch sehr gut gelungen.<\/p>\n\n\n\n<p><em>NH: Die Augen auf den Covern leuchten. Heben sich ein wenig davon ab. Ist das jetzt eigentlich eine Geschichte mehr f\u00fcr Jungen oder mehr f\u00fcr M\u00e4dchen?<\/em><\/p>\n\n\n\n<p>KB: Es wird zum Gl\u00fcck von beiden gelesen. Ich bekomme allerdings zwei Drittel der Leserbriefe von Jungen und ein Drittel von M\u00e4dchen.<\/p>\n\n\n\n<p>Es spricht beide an, aber Jungs wohl noch einen Tick st\u00e4rker, obwohl Jungs gar nicht so viel lesen. Es ist ein gro\u00dfes Gl\u00fcck, wenn man es schafft, die einzubinden.<\/p>\n\n\n\n<p><em>NH: Wir sitzen hier vor einem Regal mit B\u00fcchern, die wohl mehrheitlich von M\u00e4dchen gelesen werden. Jungs-B\u00fccher gibt es nicht so h\u00e4ufig.<\/em><\/p>\n\n\n\n<p>KB: Das stimmt. Ich habe selbst einen elfj\u00e4hrigen Jungen, und es gibt nicht so viel f\u00fcr die, habe das daher schon ein wenig auch auf ihn zugeschnitten.<\/p>\n\n\n\n<figure class=\"wp-block-image\"><img loading=\"lazy\" decoding=\"async\" width=\"300\" height=\"204\" src=\"http:\/\/findosbuecher.com\/wp-content\/uploads\/2017\/04\/Brandis4-300x204.jpg\" alt=\"brandis4\" class=\"wp-image-909\" srcset=\"https:\/\/findosbuecher.com\/wp-content\/uploads\/2017\/04\/Brandis4-300x204.jpg 300w, https:\/\/findosbuecher.com\/wp-content\/uploads\/2017\/04\/Brandis4-768x521.jpg 768w, https:\/\/findosbuecher.com\/wp-content\/uploads\/2017\/04\/Brandis4-1024x695.jpg 1024w, https:\/\/findosbuecher.com\/wp-content\/uploads\/2017\/04\/Brandis4-1200x814.jpg 1200w, https:\/\/findosbuecher.com\/wp-content\/uploads\/2017\/04\/Brandis4.jpg 320w\" sizes=\"auto, (max-width: 300px) 100vw, 300px\" \/><\/figure>\n\n\n\n<p><em>NH: Da fehlten die Geschichten?<\/em><\/p>\n\n\n\n<p>KB: Na ja, es gibt halt nicht so super viel f\u00fcr Jungs. Diese rosa Glitzer-Cover, damit kann man denen nicht kommen. Ich habe ihm jedes Kapitel auch vorgelesen, wenn es fertig war und geschaut, bei welchem Gag lacht er, bei welchem nicht.<\/p>\n\n\n\n<p>Wenn ich gemerkt habe, die Spannung zieht nicht so, habe ich die Szene sofort umgeschrieben, also sehr auf ihn geachtet w\u00e4hrend des Vorlesens, um die Geschichte zu optimieren.<\/p>\n\n\n\n<p><em>NH: Es ist also im Prinzip eine Geschichte f\u00fcr ihren Sohn.<\/em><\/p>\n\n\n\n<p>KB: Von echten Kindern auch getestet.<\/p>\n\n\n\n<p><em>NH: Funktioniert dann nat\u00fcrlich auch bei anderen Kindern. Warum auch nicht? Wie wird es weiter mit den \u201eWoodwalkers\u201c gehen?<\/em><\/p>\n\n\n\n<p>KB: Das kann ich schon sagen. Der dritte Band kommt im Juli 2017 raus, den vierten schreibe ich gerade. Da habe ich jetzt ein Drittel fertig. Der wird im Januar herauskommen. Wir planen im halbj\u00e4hrigen Abstand. Es sind dann f\u00fcnf oder sechs B\u00e4nde geplant.<\/p>\n\n\n\n<p><em>NH: Carag ist am Anfang der Geschichte elf Jahre alt, in der Hauptgeschichte dreizehn. Die Kinder k\u00f6nnen mit den Charakteren mitwachsen.<\/em><\/p>\n\n\n\n<p>KB: Bis zu 15 Jahren. Es wird aber auch von Dreizehnj\u00e4hrigen problemlos gelesen. Vierzehn geht auch noch.<\/p>\n\n\n\n<figure class=\"wp-block-image\"><img loading=\"lazy\" decoding=\"async\" width=\"300\" height=\"204\" src=\"http:\/\/findosbuecher.com\/wp-content\/uploads\/2017\/04\/Brandis5-300x204.jpg\" alt=\"brandis5\" class=\"wp-image-910\" srcset=\"https:\/\/findosbuecher.com\/wp-content\/uploads\/2017\/04\/Brandis5-300x204.jpg 300w, https:\/\/findosbuecher.com\/wp-content\/uploads\/2017\/04\/Brandis5-768x522.jpg 768w, https:\/\/findosbuecher.com\/wp-content\/uploads\/2017\/04\/Brandis5-1024x697.jpg 1024w, https:\/\/findosbuecher.com\/wp-content\/uploads\/2017\/04\/Brandis5-1200x816.jpg 1200w, https:\/\/findosbuecher.com\/wp-content\/uploads\/2017\/04\/Brandis5.jpg 320w\" sizes=\"auto, (max-width: 300px) 100vw, 300px\" \/><\/figure>\n\n\n\n<p><em>NH: Es soll aber schon so sein, dass sich die Charaktere weiterentwickeln?<\/em><\/p>\n\n\n\n<p>KB: Nat\u00fcrlich.<\/p>\n\n\n\n<p><em>NH: Es gibt ja Reihen, teilweise zum Beispiel Enid Blyton, wo die Charaktere nicht altern oder sich weiterentwickeln.<\/em><\/p>\n\n\n\n<p>KB: Das w\u00e4re mir zu einfach. Es ist aber nicht so wie bei \u201eHarry Potter\u201c, dass die B\u00fccher immer erwachsener werden. Der erste Band war ja wirklich ein Kinderbuch, sp\u00e4ter war das fast ein Erwachsenen-Roman.<\/p>\n\n\n\n<p>Das wird es nicht geben. Die B\u00fccher werden schon so \u00e4hnlich bleiebn aber nat\u00fcrlich entwickelt sich Carag weiter.<\/p>\n\n\n\n<p><em>NH: Also freuen wir uns auf noch drei weitere Abenteuer von Carag, sehr viel Humor und sehr viele Erlebnisse von ihm und seinen Freunden. Mussten Sie sich manchmal beim Schreiben bremsen, dass es jetzt nicht doch zu hart wird?<\/em><\/p>\n\n\n\n<p>KB: Die Natur ist halt hart. Die eine Mitsch\u00fclerin von Carag ist eine Maus, die schon zehnmal fast get\u00f6tet worden ist. Das ist einfach so in der Natur.<\/p>\n\n\n\n<p>Es ist nicht so weichgesp\u00fclt, wie vielleicht andere B\u00fccher. Es wird auch gek\u00e4mpft. \u201eWoodwalker\u201c m\u00fcssen das \u00dcberleben bei K\u00e4mpfen trainieren. Sie haben ein schwieriges Leben, und das spiegelt sich dort auch wider.<\/p>\n\n\n\n<p><em>NH: Dann noch eine letzte Frage. \u201eWoodwalker\u201c. Welche Gestalt haben Sie?<\/em><\/p>\n\n\n\n<p>KB: Ich bin noch nicht ganz sicher. Entweder Falke oder Delfin? Aber ich liebe auch Raubkatzen. Deswegen habe ich einen Puma als Hauptfigur. Ich tendiere aber zu Delfin.<\/p>\n\n\n\n<p><em>NH: Und wir d\u00fcrfen jetzt alle herausfinden, welche Gestalt wir annehmen w\u00fcrden.<\/em><\/p>\n\n\n\n<p>KB: Was w\u00fcrden Sie denn sein?<\/p>\n\n\n\n<p><em>NH: Ich w\u00e4re wahrscheinlich auch etwas Katzenartiges, aber sicher kleiner als der Puma.<\/em><\/p>\n\n\n\n<figure class=\"wp-block-image\"><img loading=\"lazy\" decoding=\"async\" width=\"300\" height=\"203\" src=\"http:\/\/findosbuecher.com\/wp-content\/uploads\/2017\/04\/Brandis6-300x203.jpg\" alt=\"brandis6\" class=\"wp-image-911\" srcset=\"https:\/\/findosbuecher.com\/wp-content\/uploads\/2017\/04\/Brandis6-300x203.jpg 300w, https:\/\/findosbuecher.com\/wp-content\/uploads\/2017\/04\/Brandis6-768x519.jpg 768w, https:\/\/findosbuecher.com\/wp-content\/uploads\/2017\/04\/Brandis6-1024x692.jpg 1024w, https:\/\/findosbuecher.com\/wp-content\/uploads\/2017\/04\/Brandis6-1200x811.jpg 1200w, https:\/\/findosbuecher.com\/wp-content\/uploads\/2017\/04\/Brandis6.jpg 320w\" sizes=\"auto, (max-width: 300px) 100vw, 300px\" \/><\/figure>\n\n\n\n<p>KB: Ozelot?<\/p>\n\n\n\n<p><em>NH: Ozelot klingt gut. Dann w\u00fcnsche ich uns noch viel Spa\u00df auf der Messe. Hatten Sie schon Gelegenheit sich ein wenig umzuschauen?<\/em><\/p>\n\n\n\n<p>KB: Na ja, nicht wirklich. Hatte mehrere Lesungen und Umschauen war jetzt nicht so hoch auf der Priorit\u00e4tenliste. Aber es war trotzdem eine gute Messe.<\/p>\n\n\n\n<p><em>NH: Das h\u00f6rt man doch gerne. Dann w\u00fcnsche ich uns allen noch viel Spa\u00df und nicht vergessen, \u201eWoodwalkers\u201c lesen!<\/em><\/p>\n\n\n\n<p>KB: Guter Tipp. (lacht)<\/p>\n\n\n\n<div class=\"wp-block-uagb-info-box uagb-block-4fedb741 uagb-infobox__content-wrap  uagb-infobox-icon-above-title uagb-infobox-image-valign-top\"><div class=\"uagb-ifb-content\"><div class=\"uagb-ifb-title-wrap\"><h3 class=\"uagb-ifb-title\">Der virtuelle Spendenhut<\/h3><\/div><p class=\"uagb-ifb-desc\">Dir hat der Beitrag gefallen? Dann freue ich mich \u00fcber eine virtuelle <a href=\"https:\/\/www.paypal.com\/paypalme\/findosbuechercom\/\" target=\"_blank\" rel=\"noreferrer noopener\">Spende<\/a>. Vielen lieben Dank.<\/p><\/div><\/div>\n","protected":false},"excerpt":{"rendered":"<p>An dieser Stelle sollte eigentlich eine Videoaufnahme des Interviews zu sehen sein, die ich auf der Leipziger Buchmesse 2017 gemacht habe. Jedoch ist auch hier, \u00e4hnlich wie beim Interview mit Sebastian Fitzek, die Aufnahme so gut geraten, dass die Kamera auch hier s\u00e4mtliche Hintergrundger\u00e4usche mit aufgenommen hat. Die herauszufiltern w\u00fcrde zwar funktionieren, doch w\u00fcrde man [&hellip;]<\/p>\n","protected":false},"author":1,"featured_media":526,"comment_status":"open","ping_status":"open","sticky":false,"template":"","format":"standard","meta":{"_uag_custom_page_level_css":"","site-sidebar-layout":"default","site-content-layout":"","ast-site-content-layout":"default","site-content-style":"default","site-sidebar-style":"default","ast-global-header-display":"","ast-banner-title-visibility":"","ast-main-header-display":"","ast-hfb-above-header-display":"","ast-hfb-below-header-display":"","ast-hfb-mobile-header-display":"","site-post-title":"","ast-breadcrumbs-content":"","ast-featured-img":"","footer-sml-layout":"","ast-disable-related-posts":"","theme-transparent-header-meta":"","adv-header-id-meta":"","stick-header-meta":"","header-above-stick-meta":"","header-main-stick-meta":"","header-below-stick-meta":"","astra-migrate-meta-layouts":"default","ast-page-background-enabled":"default","ast-page-background-meta":{"desktop":{"background-color":"","background-image":"","background-repeat":"repeat","background-position":"center center","background-size":"auto","background-attachment":"scroll","background-type":"","background-media":"","overlay-type":"","overlay-color":"","overlay-opacity":"","overlay-gradient":""},"tablet":{"background-color":"","background-image":"","background-repeat":"repeat","background-position":"center center","background-size":"auto","background-attachment":"scroll","background-type":"","background-media":"","overlay-type":"","overlay-color":"","overlay-opacity":"","overlay-gradient":""},"mobile":{"background-color":"","background-image":"","background-repeat":"repeat","background-position":"center center","background-size":"auto","background-attachment":"scroll","background-type":"","background-media":"","overlay-type":"","overlay-color":"","overlay-opacity":"","overlay-gradient":""}},"ast-content-background-meta":{"desktop":{"background-color":"var(--ast-global-color-5)","background-image":"","background-repeat":"repeat","background-position":"center center","background-size":"auto","background-attachment":"scroll","background-type":"","background-media":"","overlay-type":"","overlay-color":"","overlay-opacity":"","overlay-gradient":""},"tablet":{"background-color":"var(--ast-global-color-5)","background-image":"","background-repeat":"repeat","background-position":"center center","background-size":"auto","background-attachment":"scroll","background-type":"","background-media":"","overlay-type":"","overlay-color":"","overlay-opacity":"","overlay-gradient":""},"mobile":{"background-color":"var(--ast-global-color-5)","background-image":"","background-repeat":"repeat","background-position":"center center","background-size":"auto","background-attachment":"scroll","background-type":"","background-media":"","overlay-type":"","overlay-color":"","overlay-opacity":"","overlay-gradient":""}},"book_review_cover_url":"","book_review_title":"","book_review_series":"","book_review_author":"","book_review_genre":"","book_review_isbn":"","book_review_publisher":"","book_review_release_date":"","book_review_format":"","book_review_pages":"","book_review_source":"","book_review_rating":"","book_review_summary":"","footnotes":""},"categories":[364,595],"tags":[656,366,673,446,443,16,442,365,69,607,63,596,672,608,445],"class_list":["post-897","post","type-post","status-publish","format-standard","has-post-thumbnail","hentry","category-autoren-interview","category-buchmessen-und-veranstaltungen","tag-656","tag-autoren-interview","tag-autorin","tag-carag","tag-freundschaft","tag-gesellschaft","tag-gestaltwandler","tag-interview","tag-jugendbuch","tag-katja-brandis","tag-kinderbuch","tag-leipziger-buchmesse","tag-woodwalker","tag-woodwalkers","tag-zusammenhalt"],"uagb_featured_image_src":{"full":["https:\/\/findosbuecher.com\/wp-content\/uploads\/2016\/11\/978-3-401-60196-0.jpg",320,453,false],"thumbnail":["https:\/\/findosbuecher.com\/wp-content\/uploads\/2016\/11\/978-3-401-60196-0-150x150.jpg",150,150,true],"medium":["https:\/\/findosbuecher.com\/wp-content\/uploads\/2016\/11\/978-3-401-60196-0-212x300.jpg",212,300,true],"medium_large":["https:\/\/findosbuecher.com\/wp-content\/uploads\/2016\/11\/978-3-401-60196-0-768x1087.jpg",768,1087,true],"large":["https:\/\/findosbuecher.com\/wp-content\/uploads\/2016\/11\/978-3-401-60196-0-723x1024.jpg",723,1024,true],"wps_thumbnail_size":["https:\/\/findosbuecher.com\/wp-content\/uploads\/2016\/11\/978-3-401-60196-0.jpg",177,250,false],"1536x1536":["https:\/\/findosbuecher.com\/wp-content\/uploads\/2016\/11\/978-3-401-60196-0.jpg",320,453,false],"2048x2048":["https:\/\/findosbuecher.com\/wp-content\/uploads\/2016\/11\/978-3-401-60196-0.jpg",320,453,false],"buchcover":["https:\/\/findosbuecher.com\/wp-content\/uploads\/2016\/11\/978-3-401-60196-0.jpg",320,453,false]},"uagb_author_info":{"display_name":"findo","author_link":"https:\/\/findosbuecher.com\/?author=1"},"uagb_comment_info":1,"uagb_excerpt":"An dieser Stelle sollte eigentlich eine Videoaufnahme des Interviews zu sehen sein, die ich auf der Leipziger Buchmesse 2017 gemacht habe. Jedoch ist auch hier, \u00e4hnlich wie beim Interview mit Sebastian Fitzek, die Aufnahme so gut geraten, dass die Kamera auch hier s\u00e4mtliche Hintergrundger\u00e4usche mit aufgenommen hat. Die herauszufiltern w\u00fcrde zwar funktionieren, doch w\u00fcrde man&hellip;","_links":{"self":[{"href":"https:\/\/findosbuecher.com\/index.php?rest_route=\/wp\/v2\/posts\/897","targetHints":{"allow":["GET"]}}],"collection":[{"href":"https:\/\/findosbuecher.com\/index.php?rest_route=\/wp\/v2\/posts"}],"about":[{"href":"https:\/\/findosbuecher.com\/index.php?rest_route=\/wp\/v2\/types\/post"}],"author":[{"embeddable":true,"href":"https:\/\/findosbuecher.com\/index.php?rest_route=\/wp\/v2\/users\/1"}],"replies":[{"embeddable":true,"href":"https:\/\/findosbuecher.com\/index.php?rest_route=%2Fwp%2Fv2%2Fcomments&post=897"}],"version-history":[{"count":8,"href":"https:\/\/findosbuecher.com\/index.php?rest_route=\/wp\/v2\/posts\/897\/revisions"}],"predecessor-version":[{"id":7387,"href":"https:\/\/findosbuecher.com\/index.php?rest_route=\/wp\/v2\/posts\/897\/revisions\/7387"}],"wp:featuredmedia":[{"embeddable":true,"href":"https:\/\/findosbuecher.com\/index.php?rest_route=\/wp\/v2\/media\/526"}],"wp:attachment":[{"href":"https:\/\/findosbuecher.com\/index.php?rest_route=%2Fwp%2Fv2%2Fmedia&parent=897"}],"wp:term":[{"taxonomy":"category","embeddable":true,"href":"https:\/\/findosbuecher.com\/index.php?rest_route=%2Fwp%2Fv2%2Fcategories&post=897"},{"taxonomy":"post_tag","embeddable":true,"href":"https:\/\/findosbuecher.com\/index.php?rest_route=%2Fwp%2Fv2%2Ftags&post=897"}],"curies":[{"name":"wp","href":"https:\/\/api.w.org\/{rel}","templated":true}]}}