{"id":879,"date":"2017-04-21T04:44:44","date_gmt":"2017-04-21T04:44:44","guid":{"rendered":"http:\/\/findosbuecher.com\/?p=879"},"modified":"2020-06-14T06:05:44","modified_gmt":"2020-06-14T06:05:44","slug":"susann-psztor-und-dann-steht-einer-auf-und-oeffnet-das-fenster","status":"publish","type":"post","link":"https:\/\/findosbuecher.com\/?p=879","title":{"rendered":"Susann Pasztor: Und dann steht einer auf und \u00f6ffnet das Fenster"},"content":{"rendered":"","protected":false},"excerpt":{"rendered":"","protected":false},"author":1,"featured_media":880,"comment_status":"open","ping_status":"open","sticky":false,"template":"","format":"image","meta":{"_uag_custom_page_level_css":"","site-sidebar-layout":"default","site-content-layout":"","ast-site-content-layout":"default","site-content-style":"default","site-sidebar-style":"default","ast-global-header-display":"","ast-banner-title-visibility":"","ast-main-header-display":"","ast-hfb-above-header-display":"","ast-hfb-below-header-display":"","ast-hfb-mobile-header-display":"","site-post-title":"","ast-breadcrumbs-content":"","ast-featured-img":"","footer-sml-layout":"","ast-disable-related-posts":"","theme-transparent-header-meta":"","adv-header-id-meta":"","stick-header-meta":"","header-above-stick-meta":"","header-main-stick-meta":"","header-below-stick-meta":"","astra-migrate-meta-layouts":"default","ast-page-background-enabled":"default","ast-page-background-meta":{"desktop":{"background-color":"","background-image":"","background-repeat":"repeat","background-position":"center center","background-size":"auto","background-attachment":"scroll","background-type":"","background-media":"","overlay-type":"","overlay-color":"","overlay-opacity":"","overlay-gradient":""},"tablet":{"background-color":"","background-image":"","background-repeat":"repeat","background-position":"center center","background-size":"auto","background-attachment":"scroll","background-type":"","background-media":"","overlay-type":"","overlay-color":"","overlay-opacity":"","overlay-gradient":""},"mobile":{"background-color":"","background-image":"","background-repeat":"repeat","background-position":"center center","background-size":"auto","background-attachment":"scroll","background-type":"","background-media":"","overlay-type":"","overlay-color":"","overlay-opacity":"","overlay-gradient":""}},"ast-content-background-meta":{"desktop":{"background-color":"var(--ast-global-color-5)","background-image":"","background-repeat":"repeat","background-position":"center center","background-size":"auto","background-attachment":"scroll","background-type":"","background-media":"","overlay-type":"","overlay-color":"","overlay-opacity":"","overlay-gradient":""},"tablet":{"background-color":"var(--ast-global-color-5)","background-image":"","background-repeat":"repeat","background-position":"center center","background-size":"auto","background-attachment":"scroll","background-type":"","background-media":"","overlay-type":"","overlay-color":"","overlay-opacity":"","overlay-gradient":""},"mobile":{"background-color":"var(--ast-global-color-5)","background-image":"","background-repeat":"repeat","background-position":"center center","background-size":"auto","background-attachment":"scroll","background-type":"","background-media":"","overlay-type":"","overlay-color":"","overlay-opacity":"","overlay-gradient":""}},"book_review_cover_url":"https:\/\/findosbuecher.com\/wp-content\/uploads\/2017\/04\/9783462048704.jpg","book_review_title":"Und dann steht einer auf und \u00f6ffnet das Fenster","book_review_series":"Susann Pasztor","book_review_author":"Rezensionsexemplar\/Roman","book_review_genre":"Kiepenheuer &amp; Witsch","book_review_isbn":"","book_review_publisher":"Erschienen am: 16.02.2017","book_review_release_date":"Hardcover","book_review_format":"Seiten: 286","book_review_pages":"ISBN: <a href=\"https:\/\/www.kiwi-verlag.de\/buch\/susann-pasztor-und-dann-steht-einer-auf-und-oeffnet-das-fenster-9783462051865\">978-3-462-04870-4<\/a>","book_review_source":"","book_review_rating":"5","book_review_summary":"<p><strong>Inhalt:<\/strong><\/p><p>Fred, alleinerziehender Vater, Angestellter, seit Neuestem Sterbebegleiter, m\u00f6chte bei seinem ersten Einsatz alles richtig machen. Karla, reserviert und eigensinnig, hat nur noch wenige Monate zu leben. Phil ist Freds 13-j\u00e4hriger Sohn und bekommt eine besondere Aufgabe von Karla.<\/p><p>Eine spannungsreiche und spannende Beziehungsdynamik entsteht, als sich diese drei ganz unterschiedlichen Menschen auf einen gemeinsamen Weg machen. Eine ber\u00fchrende Geschichte \u00fcber die Sch\u00f6nheit des Lebens und die erstaunliche Entwicklung einer Vater-Sohn-Beziehung. (Klappentext)<\/p><p><strong>Rezension:<\/strong><\/p><p>Erz\u00e4hlungen k\u00f6nnen Fu\u00dfabdr\u00fccke hinterlassen und manche dieser Eindr\u00fccke bleiben dann auch. F\u00fcr den Rest des Lebens. Susann Pasztors Geschichte \"Und dann steht einer auf und \u00f6ffnet das Fenster\" geh\u00f6rt in jedem Fall dazu.<\/p><p>Die Autorin erz\u00e4hlt die Geschichte von Fred, der den Sinn des Lebens im Begleiten sterbender Menschen sucht, von Karla, die nur noch wenige Monate zu leben hat und ihr bevorstehendes Ende stoisch akzeptiert hat und von Phil, der an der Schwelle zur Pubert\u00e4t sein ganzes Leben noch vor sich hat.<\/p><p>An sich eine explosive Mischung, doch der Erz\u00e4hlstil der Autorin ist ruhig. Der Tod kommt auf leisen Sohlen, Karla wird immer weniger, wobei sie ein Geheimnis mit sich tr\u00e4gt, w\u00e4hrend Fred und sein Sohn immer mehr werden, daran wachsen.<\/p><p>Allein, es ist ein Roman, in dem eigentlich nicht viel passiert. Nur die Figuren machen gro\u00dfe Spr\u00fcnge in ihrer Entwicklung, merken dies selbst nicht und wachsen einem als Leser so ans Herz, dass man sie gar nicht loslassen m\u00f6chte. Nat\u00fcrlich, die unheilbar an Krebs erkrankte Karla soll nicht leiden und sanft einschlafen, doch ihr Doppel-Gegenpart geht einem nahe. Ihre Gedanken und Gef\u00fchle, sanft und ehrlich, wie Karlas, unberechenbar und ebenso ehrlich. Dabei, bis auf eine Szene, niemals laut.<\/p><p>Der Fokus auf die Hauptpersonen ver\u00e4ndert sich im Laufe der Geschichte. Stehen zun\u00e4chst die Erwachsenen im Vordergrund ist es sp\u00e4ter die Dynamik zwischen Karla und Phil, dem 13-j\u00e4hrigen, die Tempo hineinbringt. Das tut der Geschichte gut und gibt neue Perspektiven, die sich lohnen.<\/p><p>Kurze klare Kapitel wechseln sich ab, sind fl\u00fcssig zu lesen und tragen ebenso zum Gelingen der Geschichte bei, von der man wei\u00df, von Anfang an, wie sie ausgeht, und doch \u00fcberrascht wird. Das Ende l\u00e4sst einem friedlich gestimmt zur\u00fcck.<\/p><p>Gew\u00f6hnungsbed\u00fcrftig war gegen Ende nur ein Kapitel, welches ich aber als k\u00fcnstlerische und gedankliche Freiheit akzeptiere und sich dennoch in die Gesamtheit des Romans passend eingef\u00fcgt hat. Sei's drum. Pasztor hat gut geschrieben. Eine sch\u00f6ne Sprache, die hier auch mal, in gegensatz zu vielen anderen sch\u00f6nsprachlichen Geschichten, zu einer gut lesbaren Erz\u00e4hlung gef\u00fchrt hat.<\/p><p>Der Respekt vor der oft ehrenamtlich gef\u00fchrten Hospizarbeit und Sterbebegleitung ist nach dem Lesen von \"Und dann steht einer auf und \u00f6ffnet das Fenster\" auf jeden Fall gewachsen, was nicht zuletzt daran liegt, dass die Autorin ihre eigenen Erfahrungen in diesem Bereich eingebracht hat.<\/p><p>Susann Pasztor mit einem gro\u00dfartigen Roman, den man nicht aus den Augen verlieren sollte.<\/p><p><strong>Autorin:<\/strong><\/p><p>Susann Pasztor wurde 1957 in Soltau geboren und lebt als freie Autorin und \u00dcbersetzerin in Berlin. Ihr Deb\u00fctroman erschien 2010 bei Kiepenheuer &amp; Witsch und wurde in mehreren Sprachen \u00fcbersetzt.<\/p><p>F\u00fcr den Verlag ist sie inzwischen eine der \"Hausautorinnen\" und ver\u00f6ffentlichte 2013 einen weiteren Roman. Sie hat die Ausbildung zur Sterbebegleiterin abgeschlossen und ist seit mehreren Jahren ehrenamtlich t\u00e4tig.<\/p>","footnotes":""},"categories":[4],"tags":[658,89,16,1058,604,11,659,546,411,843,657],"class_list":["post-879","post","type-post","status-publish","format-image","has-post-thumbnail","hentry","category-rezension","tag-beziehung","tag-coming-of-age","tag-gesellschaft","tag-kiwi","tag-pasztor","tag-roman","tag-sterbebegleitung","tag-sterben","tag-tod","tag-trauer","tag-vater-sohn","post_format-post-format-image"],"uagb_featured_image_src":{"full":["https:\/\/findosbuecher.com\/wp-content\/uploads\/2017\/04\/9783462048704.jpg",275,454,false],"thumbnail":["https:\/\/findosbuecher.com\/wp-content\/uploads\/2017\/04\/9783462048704-150x150.jpg",150,150,true],"medium":["https:\/\/findosbuecher.com\/wp-content\/uploads\/2017\/04\/9783462048704-182x300.jpg",182,300,true],"medium_large":["https:\/\/findosbuecher.com\/wp-content\/uploads\/2017\/04\/9783462048704.jpg",275,454,false],"large":["https:\/\/findosbuecher.com\/wp-content\/uploads\/2017\/04\/9783462048704.jpg",275,454,false],"wps_thumbnail_size":["https:\/\/findosbuecher.com\/wp-content\/uploads\/2017\/04\/9783462048704.jpg",151,250,false],"1536x1536":["https:\/\/findosbuecher.com\/wp-content\/uploads\/2017\/04\/9783462048704.jpg",275,454,false],"2048x2048":["https:\/\/findosbuecher.com\/wp-content\/uploads\/2017\/04\/9783462048704.jpg",275,454,false],"buchcover":["https:\/\/findosbuecher.com\/wp-content\/uploads\/2017\/04\/9783462048704.jpg",275,454,false]},"uagb_author_info":{"display_name":"findo","author_link":"https:\/\/findosbuecher.com\/?author=1"},"uagb_comment_info":0,"uagb_excerpt":null,"_links":{"self":[{"href":"https:\/\/findosbuecher.com\/index.php?rest_route=\/wp\/v2\/posts\/879","targetHints":{"allow":["GET"]}}],"collection":[{"href":"https:\/\/findosbuecher.com\/index.php?rest_route=\/wp\/v2\/posts"}],"about":[{"href":"https:\/\/findosbuecher.com\/index.php?rest_route=\/wp\/v2\/types\/post"}],"author":[{"embeddable":true,"href":"https:\/\/findosbuecher.com\/index.php?rest_route=\/wp\/v2\/users\/1"}],"replies":[{"embeddable":true,"href":"https:\/\/findosbuecher.com\/index.php?rest_route=%2Fwp%2Fv2%2Fcomments&post=879"}],"version-history":[{"count":4,"href":"https:\/\/findosbuecher.com\/index.php?rest_route=\/wp\/v2\/posts\/879\/revisions"}],"predecessor-version":[{"id":4793,"href":"https:\/\/findosbuecher.com\/index.php?rest_route=\/wp\/v2\/posts\/879\/revisions\/4793"}],"wp:featuredmedia":[{"embeddable":true,"href":"https:\/\/findosbuecher.com\/index.php?rest_route=\/wp\/v2\/media\/880"}],"wp:attachment":[{"href":"https:\/\/findosbuecher.com\/index.php?rest_route=%2Fwp%2Fv2%2Fmedia&parent=879"}],"wp:term":[{"taxonomy":"category","embeddable":true,"href":"https:\/\/findosbuecher.com\/index.php?rest_route=%2Fwp%2Fv2%2Fcategories&post=879"},{"taxonomy":"post_tag","embeddable":true,"href":"https:\/\/findosbuecher.com\/index.php?rest_route=%2Fwp%2Fv2%2Ftags&post=879"}],"curies":[{"name":"wp","href":"https:\/\/api.w.org\/{rel}","templated":true}]}}