{"id":8732,"date":"2025-04-04T16:45:44","date_gmt":"2025-04-04T16:45:44","guid":{"rendered":"https:\/\/findosbuecher.com\/?p=8732"},"modified":"2025-04-04T16:47:54","modified_gmt":"2025-04-04T16:47:54","slug":"leipziger-buchmesse-2025-tag-3-4","status":"publish","type":"post","link":"https:\/\/findosbuecher.com\/?p=8732","title":{"rendered":"Leipziger Buchmesse 2025 &#8211; Tag 3 &amp; 4"},"content":{"rendered":"\n<p>Manchmal sucht man zwischen Instagram-Posts und Messe-App Verlagsst\u00e4nde, die eigentlich da sein m\u00fcssten, findet sie aber nicht. Gef\u00fchlt f\u00fcnf Mal bin ich die vergangenen Messe-Tage am Stand des Unionverlags vorbeigegangen. Ist halt leicht zu \u00fcbersehen, wenn die Schriftgr\u00f6\u00dfe gef\u00fchlt 100 ist <img loading=\"lazy\" decoding=\"async\" src=\"https:\/\/www.buechertreff.de\/images\/smilies\/smile08.gif\" alt=\":lol:\" height=\"15\" width=\"15\"> , aber der Verlag inzwischen zu einem anderen Verlag geh\u00f6rt. Gott sei Dank einem meiner gro\u00dfen Lieblingsverlage. C. H. Beck, wo mir von beiden das kommende Programm vorgestellt wurde. Ja, ich freue mich.<\/p>\n\n\n\n<p>Ebenso \u00fcber Wagenbach, bei denen ich auch vorbeischauen konnte, nachdem ich per Zufall eine Veranstaltung zu Sprache und \u00dcbersetzung im audiovisuellen Bereich entdeckt hatte. Da ging es um Untertitel und Synchronisation von Texten. Spannend auch einmal diese Thematik zu erleben. Im Anschluss habe ich beim Europa-Verlag ebenso \u00fcber k\u00fcnftige Titel mich informieren k\u00f6nnen und \u00fcber ein Buch zu einem Programm gegen Rassismus, welches ich wohl als solches, unabh\u00e4ngig von der Rezension, vorstellen werde d\u00fcrfen.<\/p>\n\n\n\n<figure class=\"wp-block-image aligncenter size-full\"><img loading=\"lazy\" decoding=\"async\" width=\"792\" height=\"812\" src=\"https:\/\/findosbuecher.com\/wp-content\/uploads\/2025\/04\/bild1-1.png\" alt=\"\" class=\"wp-image-8733\" srcset=\"https:\/\/findosbuecher.com\/wp-content\/uploads\/2025\/04\/bild1-1.png 792w, https:\/\/findosbuecher.com\/wp-content\/uploads\/2025\/04\/bild1-1-293x300.png 293w, https:\/\/findosbuecher.com\/wp-content\/uploads\/2025\/04\/bild1-1-768x787.png 768w, https:\/\/findosbuecher.com\/wp-content\/uploads\/2025\/04\/bild1-1-320x328.png 320w\" sizes=\"auto, (max-width: 792px) 100vw, 792px\" \/><figcaption class=\"wp-element-caption\">Volle Messehallen am Wochenende. (Quelle: Privatarchiv)<\/figcaption><\/figure>\n\n\n\n<p>Beim Mitteldeutschen Verlag endete mein Tag ebenfalls mit einem Treffen wirklich lieber Verlagsmenschen, die taz-Veranstaltung zum Gaza-Krieg dagegen konnte ich gar nicht besuchen. Der Stand dieser Zeitung ist aufgrund guter Programmpunkte immer sehr beliebt, nur leider f\u00fcr das Interesse viel zu klein. Da war einfach kein Herankommen m\u00f6glich.<\/p>\n\n\n\n<p>Am letzten Messe-Tag machen sich immer die F\u00fc\u00dfe bemerkbar, zudem ist der Kopf bereits voll und so hatte ich mir nur wenige Veranstaltungen notiert, keine &#8222;Pflicht-Termine&#8220; mehr. Trotzdem waren da noch einige interessante Verlage zu entdecken, einer zum Beispiel mit den Plan ein technisches Verkaufsportal aufzusetzen, nur f\u00fcr unabh\u00e4ngige kleine Verlage als Gegenentwurf zu Amazon. Vielleicht wird ja was daraus. Ich verfolge das mal.<\/p>\n\n\n\n<figure class=\"wp-block-image aligncenter size-full\"><img loading=\"lazy\" decoding=\"async\" width=\"737\" height=\"795\" src=\"https:\/\/findosbuecher.com\/wp-content\/uploads\/2025\/04\/Bild2-1.png\" alt=\"\" class=\"wp-image-8734\" srcset=\"https:\/\/findosbuecher.com\/wp-content\/uploads\/2025\/04\/Bild2-1.png 737w, https:\/\/findosbuecher.com\/wp-content\/uploads\/2025\/04\/Bild2-1-278x300.png 278w, https:\/\/findosbuecher.com\/wp-content\/uploads\/2025\/04\/Bild2-1-320x345.png 320w\" sizes=\"auto, (max-width: 737px) 100vw, 737px\" \/><figcaption class=\"wp-element-caption\">Eva-Maria Weyer und Verlegerin mit ihrem Roman &#8222;Tabakpech&#8220; (Quelle: Privatarchiv)<\/figcaption><\/figure>\n\n\n\n<p>Auf einer nachfolgenden Lesung &#8222;<a href=\"https:\/\/www.mitteldeutscherverlag.de\/geschichte\/kulturgeschichte\/poppe,-g-poppe,-n-poppe-poppe-verschleppt,-verbannt,-verschwunden-detail\">Verschleppt, verbannt, verschwunden<\/a>&#8220; ging es um Jugendliche, verschleppt in Stalins Lagern und im Anschluss bei einer Lesung von &#8222;<a href=\"https:\/\/birgit-boellinger.com\/2024\/09\/25\/tabakpech\/\">Tabakpech<\/a>&#8220; von Eva-Martina Meyer zum ehemals gr\u00f6\u00dften Tabakanbaugebiet der Welt. Das lag lange Zeit in Europa. Einer Lesung zu &#8222;<a href=\"https:\/\/www.mitteldeutscherverlag.de\/geschichte\/kulturgeschichte\/gregor-eisenhauer-emigrant-des-lebens-detail\">Emigrant des Lebens &#8211; Erich K\u00e4stners letzte Jahre<\/a>&#8220; folgte noch &#8222;<a href=\"https:\/\/www.chbeck.de\/masala-russland-gewinnt\/product\/37085065\">Wenn Russland gewinnt &#8211; Ein Szenario<\/a>&#8220; von Carlo Masala und damit endete schlie\u00dflich auch meine Leipziger Buchmesse 2025.<\/p>\n\n\n\n<p>Es war wieder einmal eine tolle Zeit mit vielen Begegnungen und Gespr\u00e4chen und vor allem auch, mit euch. Bis zum n\u00e4chsten Mal.<\/p>\n\n\n\n<p>Euer findo<\/p>\n","protected":false},"excerpt":{"rendered":"<p>Manchmal sucht man zwischen Instagram-Posts und Messe-App Verlagsst\u00e4nde, die eigentlich da sein m\u00fcssten, findet sie aber nicht. Gef\u00fchlt f\u00fcnf Mal bin ich die vergangenen Messe-Tage am Stand des Unionverlags vorbeigegangen. Ist halt leicht zu \u00fcbersehen, wenn die Schriftgr\u00f6\u00dfe gef\u00fchlt 100 ist , aber der Verlag inzwischen zu einem anderen Verlag geh\u00f6rt. Gott sei Dank einem [&hellip;]<\/p>\n","protected":false},"author":1,"featured_media":0,"comment_status":"open","ping_status":"open","sticky":false,"template":"","format":"standard","meta":{"_uag_custom_page_level_css":"","site-sidebar-layout":"default","site-content-layout":"","ast-site-content-layout":"default","site-content-style":"default","site-sidebar-style":"default","ast-global-header-display":"","ast-banner-title-visibility":"","ast-main-header-display":"","ast-hfb-above-header-display":"","ast-hfb-below-header-display":"","ast-hfb-mobile-header-display":"","site-post-title":"","ast-breadcrumbs-content":"","ast-featured-img":"","footer-sml-layout":"","ast-disable-related-posts":"","theme-transparent-header-meta":"","adv-header-id-meta":"","stick-header-meta":"","header-above-stick-meta":"","header-main-stick-meta":"","header-below-stick-meta":"","astra-migrate-meta-layouts":"set","ast-page-background-enabled":"default","ast-page-background-meta":{"desktop":{"background-color":"","background-image":"","background-repeat":"repeat","background-position":"center center","background-size":"auto","background-attachment":"scroll","background-type":"","background-media":"","overlay-type":"","overlay-color":"","overlay-opacity":"","overlay-gradient":""},"tablet":{"background-color":"","background-image":"","background-repeat":"repeat","background-position":"center center","background-size":"auto","background-attachment":"scroll","background-type":"","background-media":"","overlay-type":"","overlay-color":"","overlay-opacity":"","overlay-gradient":""},"mobile":{"background-color":"","background-image":"","background-repeat":"repeat","background-position":"center center","background-size":"auto","background-attachment":"scroll","background-type":"","background-media":"","overlay-type":"","overlay-color":"","overlay-opacity":"","overlay-gradient":""}},"ast-content-background-meta":{"desktop":{"background-color":"var(--ast-global-color-5)","background-image":"","background-repeat":"repeat","background-position":"center center","background-size":"auto","background-attachment":"scroll","background-type":"","background-media":"","overlay-type":"","overlay-color":"","overlay-opacity":"","overlay-gradient":""},"tablet":{"background-color":"var(--ast-global-color-5)","background-image":"","background-repeat":"repeat","background-position":"center center","background-size":"auto","background-attachment":"scroll","background-type":"","background-media":"","overlay-type":"","overlay-color":"","overlay-opacity":"","overlay-gradient":""},"mobile":{"background-color":"var(--ast-global-color-5)","background-image":"","background-repeat":"repeat","background-position":"center center","background-size":"auto","background-attachment":"scroll","background-type":"","background-media":"","overlay-type":"","overlay-color":"","overlay-opacity":"","overlay-gradient":""}},"book_review_cover_url":"","book_review_title":"","book_review_series":"","book_review_author":"","book_review_genre":"","book_review_isbn":"","book_review_publisher":"","book_review_release_date":"","book_review_format":"","book_review_pages":"","book_review_source":"","book_review_rating":"","book_review_summary":"","footnotes":""},"categories":[595],"tags":[600,1695,3200,1690,4738,4740,2577,4735,4717,4716,93,599,596,4741,1114,257,1180,2002,4739,610,158],"class_list":["post-8732","post","type-post","status-publish","format-standard","hentry","category-buchmessen-und-veranstaltungen","tag-buchmesse","tag-buchpreis","tag-c-h-beck-3","tag-diskussion","tag-edition-stroux","tag-edition-wannenbuch","tag-erich-kaestner","tag-kristine-bilkau","tag-lbm2025","tag-lbm25","tag-leipzig","tag-leipzig-liest","tag-leipziger-buchmesse","tag-lesefest","tag-lesung","tag-literatur","tag-messe","tag-mitteldeutscher-verlag","tag-paperento","tag-true-crime","tag-uebersetzung"],"uagb_featured_image_src":{"full":false,"thumbnail":false,"medium":false,"medium_large":false,"large":false,"wps_thumbnail_size":false,"1536x1536":false,"2048x2048":false,"buchcover":false},"uagb_author_info":{"display_name":"findo","author_link":"https:\/\/findosbuecher.com\/?author=1"},"uagb_comment_info":0,"uagb_excerpt":"Manchmal sucht man zwischen Instagram-Posts und Messe-App Verlagsst\u00e4nde, die eigentlich da sein m\u00fcssten, findet sie aber nicht. Gef\u00fchlt f\u00fcnf Mal bin ich die vergangenen Messe-Tage am Stand des Unionverlags vorbeigegangen. Ist halt leicht zu \u00fcbersehen, wenn die Schriftgr\u00f6\u00dfe gef\u00fchlt 100 ist , aber der Verlag inzwischen zu einem anderen Verlag geh\u00f6rt. Gott sei Dank einem&hellip;","_links":{"self":[{"href":"https:\/\/findosbuecher.com\/index.php?rest_route=\/wp\/v2\/posts\/8732","targetHints":{"allow":["GET"]}}],"collection":[{"href":"https:\/\/findosbuecher.com\/index.php?rest_route=\/wp\/v2\/posts"}],"about":[{"href":"https:\/\/findosbuecher.com\/index.php?rest_route=\/wp\/v2\/types\/post"}],"author":[{"embeddable":true,"href":"https:\/\/findosbuecher.com\/index.php?rest_route=\/wp\/v2\/users\/1"}],"replies":[{"embeddable":true,"href":"https:\/\/findosbuecher.com\/index.php?rest_route=%2Fwp%2Fv2%2Fcomments&post=8732"}],"version-history":[{"count":1,"href":"https:\/\/findosbuecher.com\/index.php?rest_route=\/wp\/v2\/posts\/8732\/revisions"}],"predecessor-version":[{"id":8735,"href":"https:\/\/findosbuecher.com\/index.php?rest_route=\/wp\/v2\/posts\/8732\/revisions\/8735"}],"wp:attachment":[{"href":"https:\/\/findosbuecher.com\/index.php?rest_route=%2Fwp%2Fv2%2Fmedia&parent=8732"}],"wp:term":[{"taxonomy":"category","embeddable":true,"href":"https:\/\/findosbuecher.com\/index.php?rest_route=%2Fwp%2Fv2%2Fcategories&post=8732"},{"taxonomy":"post_tag","embeddable":true,"href":"https:\/\/findosbuecher.com\/index.php?rest_route=%2Fwp%2Fv2%2Ftags&post=8732"}],"curies":[{"name":"wp","href":"https:\/\/api.w.org\/{rel}","templated":true}]}}