{"id":8709,"date":"2025-03-31T15:40:54","date_gmt":"2025-03-31T15:40:54","guid":{"rendered":"https:\/\/findosbuecher.com\/?p=8709"},"modified":"2025-03-31T15:43:15","modified_gmt":"2025-03-31T15:43:15","slug":"die-leipziger-buchmesse-2025-du-kommst-hier-nicht-rein","status":"publish","type":"post","link":"https:\/\/findosbuecher.com\/?p=8709","title":{"rendered":"Die Leipziger Buchmesse 2025 &#8211; Du kommst hier nicht rein &#8230;"},"content":{"rendered":"\n<p>Nachvollziehbar war die Entscheidung der Messe-Leitung am Vortag des ersten Messetages, die Anzahl der noch zu vergebenen Tickets zum Wohle aller zu begrenzen und die Bitte an die Besucher, doch, wenn m\u00f6glich, auf die Wochentage auszuweichen. Vorab wurde ebenso positiv in den sozialen Medien wahrgenommen, dass es diesmal ein Arwareness-Team geben w\u00fcrde, zu welchem man h\u00e4tte gehen k\u00f6nnen, sollte man sich w\u00e4hrend der Messe unsicher oder \u00fcberfordert f\u00fchlen, Grenz\u00fcberschreitungen oder Bel\u00e4stigungen erleben. Eines war ja von vornherein klar: Die n\u00e4chsten Tage w\u00fcrden sich Unz\u00e4hlige durch die Messehallen schieben. 296.000 Besucher sollten es am Ende insgesamt sein.<\/p>\n\n\n\n<p>Nicht nur die erlebten jedoch, vor allem am ersten Messetag zu Beginn eine b\u00f6se \u00dcberraschung. Vor der Glashalle, die in den Jahren zuvor als Eingang zu den restlichen Messehallen fungierte, staute sich alles. da diese selbst erst Punkt 10:00 Uhr ihre Tore \u00f6ffnete, so dass sich davor auf dem gesamten Gel\u00e4nde riesige Warteschlangen bildeten, die sich teilweise vermischten. Wo die Schlange f\u00fcr Ticketinhaber und Ticketk\u00e4ufer, zwei unterschiedliche, waren, war wohl nicht immer klar. Zudem standen Besuchende teilweise bis zu zwei Stunden vor der Glashalle an, um hineingelassen zu werden. Unverst\u00e4ndlich, zudem es nach Corona ja auch funktioniert hatte, selbst mit Taschenkontrollen in den Jahren zuvor schneller ging.<\/p>\n\n\n\n<p>Auch einige Aussteller und Autorinnen und Autoren waren wohl betroffen, so wie an den St\u00e4nden teilweise diskutiert wurde. Von beiden Seiten muss es Menschen gegeben haben, die so nicht rechtzeitig zu ihren Veranstaltungen konnten. Nach einem Aufschrei in den sozialen und klassischen Medien \u00e4nderte die Messe ihr Einlasskonzept zwar f\u00fcr die folgenden Tage, was wohl auch leidlich gut funktioniert hat, aber zumindest das muss n\u00e4chstes Jahr anders gedacht werden, zumal es, wie bereits erw\u00e4hnt, ja in den Jahren zuvor funktioniert hatte. Es kann jedoch nicht sein, dass der Hauptorganisator des Gastlandes deshalb Probleme hat, seine Mitarbeitende auf das Messegel\u00e4nde zu bekommen, geschweige denn dass Veranstaltungen f\u00fcr zehn Uhr angesetzt sind, aber nicht stattfinden k\u00f6nnen, da das Publikum oder daran beteiligte Personen fehlen, was berechtigterweise an einigen St\u00e4nden zu etwas Frustration f\u00fchrte.<\/p>\n\n\n\n<p>Auch \u00fcber die Kommunikation innerhalb des Security-Teams sollte einmal gesprochen werden. Die Presse durfte am ersten Tag einige Minuten eher durch die Hallen gehen, stie\u00df jedoch an den darauf folgenden an ihre Grenzen, da die ver\u00e4nderten Regelungen nicht gerade gro\u00dffl\u00e4chig, das hei\u00dft, direkt im Pressezentrum bekannt gegeben wurden, was zumindest bei mir zu weiteren Unmut gef\u00fchrt hatte, der ich jetzt nicht st\u00e4ndig auf den sozialen Medien unterwegs bin. Ein ausliegendes Informationsblatt auf den Tischen im Pressezentrum oder beim Einlass h\u00e4tte vollkommen gereicht.<\/p>\n\n\n\n<p>Nichts destotrotz war es eine sonst sehr gelungene Messe mit vielen interessanten Veranstaltungen, Begegnungen und Gespr\u00e4chen. \u00dcber diese vielen positiven Eindr\u00fccke werde ich in den n\u00e4chsten Tagen ausf\u00fchrlich schreiben. Alles Negative sei damit abgehakt.<\/p>\n","protected":false},"excerpt":{"rendered":"<p>Nachvollziehbar war die Entscheidung der Messe-Leitung am Vortag des ersten Messetages, die Anzahl der noch zu vergebenen Tickets zum Wohle aller zu begrenzen und die Bitte an die Besucher, doch, wenn m\u00f6glich, auf die Wochentage auszuweichen. Vorab wurde ebenso positiv in den sozialen Medien wahrgenommen, dass es diesmal ein Arwareness-Team geben w\u00fcrde, zu welchem man [&hellip;]<\/p>\n","protected":false},"author":1,"featured_media":0,"comment_status":"open","ping_status":"open","sticky":false,"template":"","format":"standard","meta":{"_uag_custom_page_level_css":"","site-sidebar-layout":"default","site-content-layout":"","ast-site-content-layout":"default","site-content-style":"default","site-sidebar-style":"default","ast-global-header-display":"","ast-banner-title-visibility":"","ast-main-header-display":"","ast-hfb-above-header-display":"","ast-hfb-below-header-display":"","ast-hfb-mobile-header-display":"","site-post-title":"","ast-breadcrumbs-content":"","ast-featured-img":"","footer-sml-layout":"","ast-disable-related-posts":"","theme-transparent-header-meta":"","adv-header-id-meta":"","stick-header-meta":"","header-above-stick-meta":"","header-main-stick-meta":"","header-below-stick-meta":"","astra-migrate-meta-layouts":"set","ast-page-background-enabled":"default","ast-page-background-meta":{"desktop":{"background-color":"","background-image":"","background-repeat":"repeat","background-position":"center center","background-size":"auto","background-attachment":"scroll","background-type":"","background-media":"","overlay-type":"","overlay-color":"","overlay-opacity":"","overlay-gradient":""},"tablet":{"background-color":"","background-image":"","background-repeat":"repeat","background-position":"center center","background-size":"auto","background-attachment":"scroll","background-type":"","background-media":"","overlay-type":"","overlay-color":"","overlay-opacity":"","overlay-gradient":""},"mobile":{"background-color":"","background-image":"","background-repeat":"repeat","background-position":"center center","background-size":"auto","background-attachment":"scroll","background-type":"","background-media":"","overlay-type":"","overlay-color":"","overlay-opacity":"","overlay-gradient":""}},"ast-content-background-meta":{"desktop":{"background-color":"var(--ast-global-color-5)","background-image":"","background-repeat":"repeat","background-position":"center center","background-size":"auto","background-attachment":"scroll","background-type":"","background-media":"","overlay-type":"","overlay-color":"","overlay-opacity":"","overlay-gradient":""},"tablet":{"background-color":"var(--ast-global-color-5)","background-image":"","background-repeat":"repeat","background-position":"center center","background-size":"auto","background-attachment":"scroll","background-type":"","background-media":"","overlay-type":"","overlay-color":"","overlay-opacity":"","overlay-gradient":""},"mobile":{"background-color":"var(--ast-global-color-5)","background-image":"","background-repeat":"repeat","background-position":"center center","background-size":"auto","background-attachment":"scroll","background-type":"","background-media":"","overlay-type":"","overlay-color":"","overlay-opacity":"","overlay-gradient":""}},"book_review_cover_url":"","book_review_title":"","book_review_series":"","book_review_author":"","book_review_genre":"","book_review_isbn":"","book_review_publisher":"","book_review_release_date":"","book_review_format":"","book_review_pages":"","book_review_source":"","book_review_rating":"","book_review_summary":"","footnotes":""},"categories":[595],"tags":[698,699,600,1690,1680,1179,4717,4716,93,599,596,4133,258,645,4718,4709],"class_list":["post-8709","post","type-post","status-publish","format-standard","hentry","category-buchmessen-und-veranstaltungen","tag-buch","tag-buecher","tag-buchmesse","tag-diskussion","tag-gastland","tag-lbm","tag-lbm2025","tag-lbm25","tag-leipzig","tag-leipzig-liest","tag-leipziger-buchmesse","tag-leseliebe","tag-lesen","tag-norwegen","tag-oeffnung","tag-worte-bewegen-welten"],"uagb_featured_image_src":{"full":false,"thumbnail":false,"medium":false,"medium_large":false,"large":false,"wps_thumbnail_size":false,"1536x1536":false,"2048x2048":false,"buchcover":false},"uagb_author_info":{"display_name":"findo","author_link":"https:\/\/findosbuecher.com\/?author=1"},"uagb_comment_info":1,"uagb_excerpt":"Nachvollziehbar war die Entscheidung der Messe-Leitung am Vortag des ersten Messetages, die Anzahl der noch zu vergebenen Tickets zum Wohle aller zu begrenzen und die Bitte an die Besucher, doch, wenn m\u00f6glich, auf die Wochentage auszuweichen. Vorab wurde ebenso positiv in den sozialen Medien wahrgenommen, dass es diesmal ein Arwareness-Team geben w\u00fcrde, zu welchem man&hellip;","_links":{"self":[{"href":"https:\/\/findosbuecher.com\/index.php?rest_route=\/wp\/v2\/posts\/8709","targetHints":{"allow":["GET"]}}],"collection":[{"href":"https:\/\/findosbuecher.com\/index.php?rest_route=\/wp\/v2\/posts"}],"about":[{"href":"https:\/\/findosbuecher.com\/index.php?rest_route=\/wp\/v2\/types\/post"}],"author":[{"embeddable":true,"href":"https:\/\/findosbuecher.com\/index.php?rest_route=\/wp\/v2\/users\/1"}],"replies":[{"embeddable":true,"href":"https:\/\/findosbuecher.com\/index.php?rest_route=%2Fwp%2Fv2%2Fcomments&post=8709"}],"version-history":[{"count":1,"href":"https:\/\/findosbuecher.com\/index.php?rest_route=\/wp\/v2\/posts\/8709\/revisions"}],"predecessor-version":[{"id":8710,"href":"https:\/\/findosbuecher.com\/index.php?rest_route=\/wp\/v2\/posts\/8709\/revisions\/8710"}],"wp:attachment":[{"href":"https:\/\/findosbuecher.com\/index.php?rest_route=%2Fwp%2Fv2%2Fmedia&parent=8709"}],"wp:term":[{"taxonomy":"category","embeddable":true,"href":"https:\/\/findosbuecher.com\/index.php?rest_route=%2Fwp%2Fv2%2Fcategories&post=8709"},{"taxonomy":"post_tag","embeddable":true,"href":"https:\/\/findosbuecher.com\/index.php?rest_route=%2Fwp%2Fv2%2Ftags&post=8709"}],"curies":[{"name":"wp","href":"https:\/\/api.w.org\/{rel}","templated":true}]}}