{"id":8533,"date":"2025-01-07T19:01:16","date_gmt":"2025-01-07T19:01:16","guid":{"rendered":"https:\/\/findosbuecher.com\/?p=8533"},"modified":"2025-01-07T19:03:14","modified_gmt":"2025-01-07T19:03:14","slug":"limor-regev-der-junge-von-block-66","status":"publish","type":"post","link":"https:\/\/findosbuecher.com\/?p=8533","title":{"rendered":"Limor Regev: Der Junge von Block 66"},"content":{"rendered":"\n<div itemscope itemtype=\"https:\/\/schema.org\/Book\" class=\"wp-block-book-review-block-book-review book-review-block\">\n<figure class=\"wp-block-image aligncenter size-full\"><img loading=\"lazy\" decoding=\"async\" width=\"400\" height=\"618\" itemprop=\"image\" src=\"https:\/\/findosbuecher.com\/wp-content\/uploads\/2025\/01\/regev.jpg\" alt=\"\" class=\"wp-image-8534\" srcset=\"https:\/\/findosbuecher.com\/wp-content\/uploads\/2025\/01\/regev.jpg 400w, https:\/\/findosbuecher.com\/wp-content\/uploads\/2025\/01\/regev-194x300.jpg 194w, https:\/\/findosbuecher.com\/wp-content\/uploads\/2025\/01\/regev-315x487.jpg 315w\" sizes=\"auto, (max-width: 400px) 100vw, 400px\" \/><\/figure>\n\n\n\n<div class=\"wp-block-book-review-block-metadata book-review-block__meta\"><div class=\"book-review-block__meta-item book-review-block__meta-item-title\"><div itemprop=\"name\" class=\"book-review-block__meta-item-value\">Der Junge von Block 66<\/div><\/div><div class=\"book-review-block__meta-item book-review-block__meta-item-series\"><div class=\"book-review-block__meta-item-value\">Limor Regev<\/div><\/div><div itemscope itemtype=\"https:\/\/schema.org\/Person\" itemprop=\"author\" class=\"book-review-block__meta-item book-review-block__meta-item-author\"><div itemprop=\"name\" class=\"book-review-block__meta-item-value\">Rezensionsexemplar\/biograf. Roman<\/div><\/div><div class=\"book-review-block__meta-item book-review-block__meta-item-genre\"><div itemprop=\"genre\" class=\"book-review-block__meta-item-value\">Ahriman Verlag<\/div><\/div><div itemscope itemtype=\"https:\/\/schema.org\/Organization\" itemprop=\"publisher\" class=\"book-review-block__meta-item book-review-block__meta-item-publisher\"><div itemprop=\"name\" class=\"book-review-block__meta-item-value\">Erschienen am: 14.03.2024<\/div><\/div><div class=\"book-review-block__meta-item book-review-block__meta-item-release-date\"><div itemprop=\"datePublished\" class=\"book-review-block__meta-item-value\">Taschenbuch<\/div><\/div><div class=\"book-review-block__meta-item book-review-block__meta-item-format\"><div class=\"book-review-block__meta-item-value\">Seiten: 242<\/div><\/div><div class=\"book-review-block__meta-item book-review-block__meta-item-pages\"><div itemprop=\"numberOfPages\" class=\"book-review-block__meta-item-value\">ISBN: <a href=\"https:\/\/www.ahriman.com\/de\/produkt\/politik-and-zeitgeschichte\/der-junge-von-block-66\/540ttp:\/\/\">978-3-89484-848-4<\/a><\/div><\/div><div class=\"book-review-block__meta-item book-review-block__meta-item-source\"><div class=\"book-review-block__meta-item-value\">\u00dcbersetzung: Beate Skalee (Hrsg.)<\/div><\/div><\/div>\n\n\n\n<div itemscope itemtype=\"https:\/\/schema.org\/Review\" itemprop=\"review\" class=\"wp-block-book-review-block-rating\"><span itemscope itemtype=\"https:\/\/schema.org\/Person\" itemprop=\"author\"><meta itemprop=\"name\" content=\"findo\"\/><\/span><div itemscope itemtype=\"https:\/\/schema.org\/Rating\" itemprop=\"reviewRating\" class=\"book-review-block__rating book-review-block__review-rating\"><meta itemprop=\"ratingValue\" content=\"3\"\/><div class=\"book-review-block__rating-buttons\"><span class=\"book-review-block__rating-button\" role=\"button\" tabindex=\"0\"><span><svg xmlns=\"https:\/\/www.w3.org\/2000\/svg\" width=\"24\" height=\"24\" viewBox=\"0 0 24 24\"><path fill=\"#eba845\" stroke=\"#eba845\" d=\"M12,17.3l6.2,3.7l-1.6-7L22,9.2l-7.2-0.6L12,2L9.2,8.6L2,9.2L7.5,14l-1.6,7L12,17.3z\"><\/path><\/svg><\/span><span><svg xmlns=\"https:\/\/www.w3.org\/2000\/svg\" width=\"24\" height=\"24\" viewBox=\"0 0 24 24\"><path fill=\"#eba845\" stroke=\"#eba845\" d=\"M12,17.3l6.2,3.7l-1.6-7L22,9.2l-7.2-0.6L12,2L9.2,8.6L2,9.2L7.5,14l-1.6,7L12,17.3z\"><\/path><\/svg><\/span><\/span><span class=\"book-review-block__rating-button\" role=\"button\" tabindex=\"0\"><span><svg xmlns=\"https:\/\/www.w3.org\/2000\/svg\" width=\"24\" height=\"24\" viewBox=\"0 0 24 24\"><path fill=\"#eba845\" stroke=\"#eba845\" d=\"M12,17.3l6.2,3.7l-1.6-7L22,9.2l-7.2-0.6L12,2L9.2,8.6L2,9.2L7.5,14l-1.6,7L12,17.3z\"><\/path><\/svg><\/span><span><svg xmlns=\"https:\/\/www.w3.org\/2000\/svg\" width=\"24\" height=\"24\" viewBox=\"0 0 24 24\"><path fill=\"#eba845\" stroke=\"#eba845\" d=\"M12,17.3l6.2,3.7l-1.6-7L22,9.2l-7.2-0.6L12,2L9.2,8.6L2,9.2L7.5,14l-1.6,7L12,17.3z\"><\/path><\/svg><\/span><\/span><span class=\"book-review-block__rating-button\" role=\"button\" tabindex=\"0\"><span><svg xmlns=\"https:\/\/www.w3.org\/2000\/svg\" width=\"24\" height=\"24\" viewBox=\"0 0 24 24\"><path fill=\"#eba845\" stroke=\"#eba845\" d=\"M12,17.3l6.2,3.7l-1.6-7L22,9.2l-7.2-0.6L12,2L9.2,8.6L2,9.2L7.5,14l-1.6,7L12,17.3z\"><\/path><\/svg><\/span><span><svg xmlns=\"https:\/\/www.w3.org\/2000\/svg\" width=\"24\" height=\"24\" viewBox=\"0 0 24 24\"><path fill=\"#eba845\" stroke=\"#eba845\" d=\"M12,17.3l6.2,3.7l-1.6-7L22,9.2l-7.2-0.6L12,2L9.2,8.6L2,9.2L7.5,14l-1.6,7L12,17.3z\"><\/path><\/svg><\/span><\/span><span class=\"book-review-block__rating-button\" role=\"button\" tabindex=\"0\"><span><svg xmlns=\"https:\/\/www.w3.org\/2000\/svg\" width=\"24\" height=\"24\" viewBox=\"0 0 24 24\"><path class=\"is-rating-unfilled\" fill=\"#eba845\" stroke=\"#eba845\" d=\"M12,17.3l6.2,3.7l-1.6-7L22,9.2l-7.2-0.6L12,2L9.2,8.6L2,9.2L7.5,14l-1.6,7L12,17.3z\"><\/path><\/svg><\/span><span><svg xmlns=\"https:\/\/www.w3.org\/2000\/svg\" width=\"24\" height=\"24\" viewBox=\"0 0 24 24\"><path class=\"is-rating-unfilled\" fill=\"#eba845\" stroke=\"#eba845\" d=\"M12,17.3l6.2,3.7l-1.6-7L22,9.2l-7.2-0.6L12,2L9.2,8.6L2,9.2L7.5,14l-1.6,7L12,17.3z\"><\/path><\/svg><\/span><\/span><span class=\"book-review-block__rating-button\" role=\"button\" tabindex=\"0\"><span><svg xmlns=\"https:\/\/www.w3.org\/2000\/svg\" width=\"24\" height=\"24\" viewBox=\"0 0 24 24\"><path class=\"is-rating-unfilled\" fill=\"#eba845\" stroke=\"#eba845\" d=\"M12,17.3l6.2,3.7l-1.6-7L22,9.2l-7.2-0.6L12,2L9.2,8.6L2,9.2L7.5,14l-1.6,7L12,17.3z\"><\/path><\/svg><\/span><span><svg xmlns=\"https:\/\/www.w3.org\/2000\/svg\" width=\"24\" height=\"24\" viewBox=\"0 0 24 24\"><path class=\"is-rating-unfilled\" fill=\"#eba845\" stroke=\"#eba845\" d=\"M12,17.3l6.2,3.7l-1.6-7L22,9.2l-7.2-0.6L12,2L9.2,8.6L2,9.2L7.5,14l-1.6,7L12,17.3z\"><\/path><\/svg><\/span><\/span><\/div><\/div><\/div>\n\n\n\n<div class=\"wp-block-book-review-block-description book-review-block__description\"><p><\/p><\/div>\n<\/div>\n\n\n\n<p><strong>Inhalt:<\/strong><\/p>\n\n\n\n<p>1944 wird der 13-j\u00e4hrige Moshe Kessler mit seiner Familie nach Auschwitz deportiert. An der Rampe in Birkenau von seiner Familie getrennt, ist er von nun an auf sich allein gestellt. Er entgeht den Tod in den Gaskammern, \u00fcberlebt monatelange Zwangsarbeit und die Todesm\u00e4rsche im eisigen Winter, bevor er im Konzentrationslager Buchenwald ankommt. Doch auch dort kann er nur dank der K\u00fchnheit und Entschlossenheit der Untergrundorganisation, der es es gelang, vor Eintreffen der US-Truppen mit gestohlenen Waffen die Wachmannschaft des Lagers zu \u00fcberw\u00e4ltigen und gefangenzunehmen, im Kinderblock 66 den sicheren Tod zu entkommen.<\/p>\n\n\n\n<p>Dr. Limor Regev hat den anschaulichen Bericht Moshe Kesslers festgehalten und so der Nachwelt ein Zeugnis \u00fcber den Triumph eines ungebrochenen Lebenswillens vermittelt. (Klappentext)<\/p>\n\n\n\n<p><strong>Rezension:<\/strong><\/p>\n\n\n\n<p>Wer ein Leben rettet, rettet die ganze Welt. Fast 14 Jahre alt ist Moshe Kessler als er in Zeiten der Unmenschlichkeit und des Terrors zusammen mit anderen unter Aufsicht von Antonin Kalina kommt, der zusammen mit anderen KZ-H\u00e4ftlingen mit den Mut zur Verzweiflung unz\u00e4hligen Kindern und Jugendlichen das Leben rettete, ausgerechnet im Konzentrationslager Buchenwald, einer der letzten Stationen des Leidenwegs. Zuvor hatte der Junge bereits Todesmarsch und Auschwitz \u00fcberlebt.<\/p>\n\n\n\n<p>Dies ist die Geschichte eines ungarischen Jungen, dessen Erinnerungen im hohen Alter aufflackern, bei der Bar Mizwa seines j\u00fcngsten Enkels, der umgeben ist von seiner ihn lebenden Familie. Moshe Kesslers Bar Mizwa fand dagegen zu einem Zeitpunkt statt, als das Donnergrollen kaum noch zu \u00fcberh\u00f6ren war und l\u00e4ngst einige Familienleben gefordert hatte. Nach Jahrzehnten erinnert und beschreibt Kessler die Geschichte seiner Kindheit und Jugend, die man ihn und unz\u00e4hligen anderen raubte. Dieses St\u00fcck biografischer Erinnerung liegt hier mit &#8222;Der Junge von Block 66&#8220; \u00fcbersetzt vor.<\/p>\n\n\n\n<p>Solche St\u00fccke Erinnerung bilden einen wichtigen Zweig innerhalb der B\u00fccher gegen das Vergessen, als Mahnmal vor allem, wenn sie ohne erhobenen Zeigefinger, sondern nur durch ihre Schilderungen wirken. Diese sind eindr\u00fccklich. In klarer, eindeutigiger Sprache schildert die Autorin die Erlebnisse des Kindes, welcher ihr diese Geschichte sehr viel sp\u00e4ter anvertrauen wird. Dabei wird deutlich, wie sehr Sekunden der Entscheidung \u00fcber Leben und Tod bestimmen konnten und dass es selbst in unmenschlichen Orten gerade so viel Menschlichkeit gegeben hat, die einigen wenigen geholfen hat, Schreckliches zu \u00fcberstehen.<\/p>\n\n\n\n<p>In kompakten Kapiteln f\u00fcgen sich die einzelnen Stationen des Leidensweges zu einem Band zusammen, welches bis ins Mark ersch\u00fcttert, erg\u00e4nzt durch ein anschauliches Personenregister, ein Begriffsglossar, welches vor allem dann hilfreich ist, wenn man lesend nicht mit Begrifflich- und Gegebenheiten des j\u00fcdischen Glaubens im Einzelnen vertraut ist, sowie einen Fototeil. So eignet sich die Lekt\u00fcre f\u00fcr Geschichtsinteressierte, aber auch f\u00fcr Jugendliche, zumindest wenn man einige Fu\u00dfnoten \u00fcberliest.<\/p>\n\n\n\n<p>Diese wurden zum besseren Verst\u00e4ndnis durch die Herausgeberin angef\u00fcgt, wirken an manchen Stellen wertend und relativierend. Hannah Arendt wird da z. B. als &#8222;allgemein etwas \u00fcbersch\u00e4tzt&#8220; bezeichnet. Solche und andere Meinungen kann man ja durchaus haben, doch geh\u00f6ren sie nicht in den biografischen Bericht eines anderen hinein. Ob der zum Zeitpunkt der Ver\u00f6ffentlichung \u00fcber 90-j\u00e4hrige Moshe Kessler um diese Kommentare wei\u00df, sie teilt, die von der Herausgeberin und \u00dcbersetzerin stammen, bleibt zwangsweise offen.<\/p>\n\n\n\n<p>Wenn gleich andere Informationen, die in den Fu\u00dfnoten erscheinen, akribisch recherchiert und behutsam erg\u00e4nzt worden sind, und es erst einmal \u00fcberhaupt bemerkenswert ist, einen solchen Bericht f\u00fcr die Nachwelt erhalten zu d\u00fcrfen, k\u00f6nnen einen solche Schnitzer eines eigentlich lesenswerten Berichts verhageln. Es bleibt hier also die Empfehlung, den Bericht zu lesen und die Fu\u00dfnoten einer \u00dcberpr\u00fcfung zu unterziehen. Alles was Augenzeuge und Autorin jedoch zusammengetragen haben, ist es aber wert, gesehen zu werden.<\/p>\n\n\n\n<p><strong>Autorin:<\/strong><\/p>\n\n\n\n<p>Limor Regev wirkt an der Hebrew University of Jerusalem im Institut f\u00fcr Internationale Beziehungen und hat zuvor \u00fcber die Auswirkungen des territorialen R\u00fcckzugs in Israel geforscht. Ihre weiteren Forschungsarbeiten befassen sich mit territorialen Austritten, Konfliktl\u00f6sung, internationaler Mediation und israelischer Bedrohungswahrnehmung.<\/p>\n\n\n\n<div class=\"wp-block-uagb-info-box uagb-block-4fedb741 uagb-infobox__content-wrap  uagb-infobox-icon-above-title uagb-infobox-image-valign-top\"><div class=\"uagb-ifb-content\"><div class=\"uagb-ifb-title-wrap\"><h3 class=\"uagb-ifb-title\">Der virtuelle Spendenhut<\/h3><\/div><p class=\"uagb-ifb-desc\">Dir hat der Beitrag gefallen? Dann freue ich mich \u00fcber eine virtuelle <a href=\"https:\/\/www.paypal.com\/paypalme\/findosbuechercom\/\" target=\"_blank\" rel=\"noreferrer noopener\">Spende<\/a>. Vielen lieben Dank.<\/p><\/div><\/div>\n","protected":false},"excerpt":{"rendered":"<p>Inhalt: 1944 wird der 13-j\u00e4hrige Moshe Kessler mit seiner Familie nach Auschwitz deportiert. An der Rampe in Birkenau von seiner Familie getrennt, ist er von nun an auf sich allein gestellt. Er entgeht den Tod in den Gaskammern, \u00fcberlebt monatelange Zwangsarbeit und die Todesm\u00e4rsche im eisigen Winter, bevor er im Konzentrationslager Buchenwald ankommt. Doch auch [&hellip;]<\/p>\n","protected":false},"author":1,"featured_media":0,"comment_status":"open","ping_status":"open","sticky":false,"template":"","format":"standard","meta":{"_uag_custom_page_level_css":"","site-sidebar-layout":"default","site-content-layout":"","ast-site-content-layout":"default","site-content-style":"default","site-sidebar-style":"default","ast-global-header-display":"","ast-banner-title-visibility":"","ast-main-header-display":"","ast-hfb-above-header-display":"","ast-hfb-below-header-display":"","ast-hfb-mobile-header-display":"","site-post-title":"","ast-breadcrumbs-content":"","ast-featured-img":"","footer-sml-layout":"","ast-disable-related-posts":"","theme-transparent-header-meta":"","adv-header-id-meta":"","stick-header-meta":"","header-above-stick-meta":"","header-main-stick-meta":"","header-below-stick-meta":"","astra-migrate-meta-layouts":"set","ast-page-background-enabled":"default","ast-page-background-meta":{"desktop":{"background-color":"","background-image":"","background-repeat":"repeat","background-position":"center center","background-size":"auto","background-attachment":"scroll","background-type":"","background-media":"","overlay-type":"","overlay-color":"","overlay-opacity":"","overlay-gradient":""},"tablet":{"background-color":"","background-image":"","background-repeat":"repeat","background-position":"center center","background-size":"auto","background-attachment":"scroll","background-type":"","background-media":"","overlay-type":"","overlay-color":"","overlay-opacity":"","overlay-gradient":""},"mobile":{"background-color":"","background-image":"","background-repeat":"repeat","background-position":"center center","background-size":"auto","background-attachment":"scroll","background-type":"","background-media":"","overlay-type":"","overlay-color":"","overlay-opacity":"","overlay-gradient":""}},"ast-content-background-meta":{"desktop":{"background-color":"var(--ast-global-color-5)","background-image":"","background-repeat":"repeat","background-position":"center center","background-size":"auto","background-attachment":"scroll","background-type":"","background-media":"","overlay-type":"","overlay-color":"","overlay-opacity":"","overlay-gradient":""},"tablet":{"background-color":"var(--ast-global-color-5)","background-image":"","background-repeat":"repeat","background-position":"center center","background-size":"auto","background-attachment":"scroll","background-type":"","background-media":"","overlay-type":"","overlay-color":"","overlay-opacity":"","overlay-gradient":""},"mobile":{"background-color":"var(--ast-global-color-5)","background-image":"","background-repeat":"repeat","background-position":"center center","background-size":"auto","background-attachment":"scroll","background-type":"","background-media":"","overlay-type":"","overlay-color":"","overlay-opacity":"","overlay-gradient":""}},"book_review_cover_url":"","book_review_title":"","book_review_series":"","book_review_author":"","book_review_genre":"","book_review_isbn":"","book_review_publisher":"","book_review_release_date":"","book_review_format":"","book_review_pages":"","book_review_source":"","book_review_rating":"","book_review_summary":"","footnotes":""},"categories":[4],"tags":[4586,1359,1488,3500,151,25,2064,2138,3363,1837,142,87,17,22,51,69,301,193,243,2877,736,1301],"class_list":["post-8533","post","type-post","status-publish","format-standard","hentry","category-rezension","tag-ahriman","tag-auschwitz","tag-autobiografie","tag-befreiung","tag-bericht","tag-biografie","tag-buchenwald","tag-buecher-gegen-das-vergessen","tag-buechergegendasvergessen-2","tag-deutschland-2","tag-erlebnisbericht","tag-familie","tag-geschichte","tag-holocaust","tag-israel","tag-jugendbuch","tag-leben","tag-ns-regime","tag-polen","tag-todesmarsch","tag-ueberleben","tag-ukraine"],"uagb_featured_image_src":{"full":false,"thumbnail":false,"medium":false,"medium_large":false,"large":false,"wps_thumbnail_size":false,"1536x1536":false,"2048x2048":false,"buchcover":false},"uagb_author_info":{"display_name":"findo","author_link":"https:\/\/findosbuecher.com\/?author=1"},"uagb_comment_info":0,"uagb_excerpt":"Inhalt: 1944 wird der 13-j\u00e4hrige Moshe Kessler mit seiner Familie nach Auschwitz deportiert. An der Rampe in Birkenau von seiner Familie getrennt, ist er von nun an auf sich allein gestellt. Er entgeht den Tod in den Gaskammern, \u00fcberlebt monatelange Zwangsarbeit und die Todesm\u00e4rsche im eisigen Winter, bevor er im Konzentrationslager Buchenwald ankommt. Doch auch&hellip;","_links":{"self":[{"href":"https:\/\/findosbuecher.com\/index.php?rest_route=\/wp\/v2\/posts\/8533","targetHints":{"allow":["GET"]}}],"collection":[{"href":"https:\/\/findosbuecher.com\/index.php?rest_route=\/wp\/v2\/posts"}],"about":[{"href":"https:\/\/findosbuecher.com\/index.php?rest_route=\/wp\/v2\/types\/post"}],"author":[{"embeddable":true,"href":"https:\/\/findosbuecher.com\/index.php?rest_route=\/wp\/v2\/users\/1"}],"replies":[{"embeddable":true,"href":"https:\/\/findosbuecher.com\/index.php?rest_route=%2Fwp%2Fv2%2Fcomments&post=8533"}],"version-history":[{"count":2,"href":"https:\/\/findosbuecher.com\/index.php?rest_route=\/wp\/v2\/posts\/8533\/revisions"}],"predecessor-version":[{"id":8537,"href":"https:\/\/findosbuecher.com\/index.php?rest_route=\/wp\/v2\/posts\/8533\/revisions\/8537"}],"wp:attachment":[{"href":"https:\/\/findosbuecher.com\/index.php?rest_route=%2Fwp%2Fv2%2Fmedia&parent=8533"}],"wp:term":[{"taxonomy":"category","embeddable":true,"href":"https:\/\/findosbuecher.com\/index.php?rest_route=%2Fwp%2Fv2%2Fcategories&post=8533"},{"taxonomy":"post_tag","embeddable":true,"href":"https:\/\/findosbuecher.com\/index.php?rest_route=%2Fwp%2Fv2%2Ftags&post=8533"}],"curies":[{"name":"wp","href":"https:\/\/api.w.org\/{rel}","templated":true}]}}