{"id":8516,"date":"2025-01-02T07:02:02","date_gmt":"2025-01-02T07:02:02","guid":{"rendered":"https:\/\/findosbuecher.com\/?p=8516"},"modified":"2025-01-02T07:03:54","modified_gmt":"2025-01-02T07:03:54","slug":"michaela-maria-mueller-zonen-der-zeit","status":"publish","type":"post","link":"https:\/\/findosbuecher.com\/?p=8516","title":{"rendered":"Michaela Maria M\u00fcller: Zonen der Zeit"},"content":{"rendered":"\n<div itemscope itemtype=\"https:\/\/schema.org\/Book\" class=\"wp-block-book-review-block-book-review book-review-block\">\n<figure class=\"wp-block-image aligncenter size-large\"><img loading=\"lazy\" decoding=\"async\" width=\"630\" height=\"1024\" itemprop=\"image\" src=\"https:\/\/findosbuecher.com\/wp-content\/uploads\/2025\/01\/Mueller_ZonenDerZeit_RGB_300dpi_1920x1920-630x1024.jpg\" alt=\"\" class=\"wp-image-8517\" srcset=\"https:\/\/findosbuecher.com\/wp-content\/uploads\/2025\/01\/Mueller_ZonenDerZeit_RGB_300dpi_1920x1920-630x1024.jpg 630w, https:\/\/findosbuecher.com\/wp-content\/uploads\/2025\/01\/Mueller_ZonenDerZeit_RGB_300dpi_1920x1920-185x300.jpg 185w, https:\/\/findosbuecher.com\/wp-content\/uploads\/2025\/01\/Mueller_ZonenDerZeit_RGB_300dpi_1920x1920-768x1249.jpg 768w, https:\/\/findosbuecher.com\/wp-content\/uploads\/2025\/01\/Mueller_ZonenDerZeit_RGB_300dpi_1920x1920-945x1536.jpg 945w, https:\/\/findosbuecher.com\/wp-content\/uploads\/2025\/01\/Mueller_ZonenDerZeit_RGB_300dpi_1920x1920-300x487.jpg 300w, https:\/\/findosbuecher.com\/wp-content\/uploads\/2025\/01\/Mueller_ZonenDerZeit_RGB_300dpi_1920x1920.jpg 1181w\" sizes=\"auto, (max-width: 630px) 100vw, 630px\" \/><\/figure>\n\n\n\n<div class=\"wp-block-book-review-block-metadata book-review-block__meta\"><div class=\"book-review-block__meta-item book-review-block__meta-item-title\"><div itemprop=\"name\" class=\"book-review-block__meta-item-value\">Zonen der Zeit<\/div><\/div><div class=\"book-review-block__meta-item book-review-block__meta-item-series\"><div class=\"book-review-block__meta-item-value\">Michaela Maria M\u00fcller<\/div><\/div><div itemscope itemtype=\"https:\/\/schema.org\/Person\" itemprop=\"author\" class=\"book-review-block__meta-item book-review-block__meta-item-author\"><div itemprop=\"name\" class=\"book-review-block__meta-item-value\">Rezensionsexemplar\/Roman<\/div><\/div><div class=\"book-review-block__meta-item book-review-block__meta-item-genre\"><div itemprop=\"genre\" class=\"book-review-block__meta-item-value\">Quintus Verlag<\/div><\/div><div itemscope itemtype=\"https:\/\/schema.org\/Organization\" itemprop=\"publisher\" class=\"book-review-block__meta-item book-review-block__meta-item-publisher\"><div itemprop=\"name\" class=\"book-review-block__meta-item-value\">Hardcover<\/div><\/div><div class=\"book-review-block__meta-item book-review-block__meta-item-release-date\"><div itemprop=\"datePublished\" class=\"book-review-block__meta-item-value\">Erschienen am: 13.03.2024<\/div><\/div><div class=\"book-review-block__meta-item book-review-block__meta-item-format\"><div class=\"book-review-block__meta-item-value\">Seiten: 144<\/div><\/div><div class=\"book-review-block__meta-item book-review-block__meta-item-pages\"><div itemprop=\"numberOfPages\" class=\"book-review-block__meta-item-value\">ISBN: <a href=\"https:\/\/www.quintus-verlag.de\/Zonen-der-Zeit\/978-3-96982-096-4\">978-3-96982-096-4<\/a><\/div><\/div><\/div>\n\n\n\n<div itemscope itemtype=\"https:\/\/schema.org\/Review\" itemprop=\"review\" class=\"wp-block-book-review-block-rating\"><span itemscope itemtype=\"https:\/\/schema.org\/Person\" itemprop=\"author\"><meta itemprop=\"name\" content=\"findo\"\/><\/span><div itemscope itemtype=\"https:\/\/schema.org\/Rating\" itemprop=\"reviewRating\" class=\"book-review-block__rating book-review-block__review-rating\"><meta itemprop=\"ratingValue\" content=\"3\"\/><div class=\"book-review-block__rating-buttons\"><span class=\"book-review-block__rating-button\" role=\"button\" tabindex=\"0\"><span><svg xmlns=\"https:\/\/www.w3.org\/2000\/svg\" width=\"24\" height=\"24\" viewBox=\"0 0 24 24\"><path fill=\"#eba845\" stroke=\"#eba845\" d=\"M12,17.3l6.2,3.7l-1.6-7L22,9.2l-7.2-0.6L12,2L9.2,8.6L2,9.2L7.5,14l-1.6,7L12,17.3z\"><\/path><\/svg><\/span><span><svg xmlns=\"https:\/\/www.w3.org\/2000\/svg\" width=\"24\" height=\"24\" viewBox=\"0 0 24 24\"><path fill=\"#eba845\" stroke=\"#eba845\" d=\"M12,17.3l6.2,3.7l-1.6-7L22,9.2l-7.2-0.6L12,2L9.2,8.6L2,9.2L7.5,14l-1.6,7L12,17.3z\"><\/path><\/svg><\/span><\/span><span class=\"book-review-block__rating-button\" role=\"button\" tabindex=\"0\"><span><svg xmlns=\"https:\/\/www.w3.org\/2000\/svg\" width=\"24\" height=\"24\" viewBox=\"0 0 24 24\"><path fill=\"#eba845\" stroke=\"#eba845\" d=\"M12,17.3l6.2,3.7l-1.6-7L22,9.2l-7.2-0.6L12,2L9.2,8.6L2,9.2L7.5,14l-1.6,7L12,17.3z\"><\/path><\/svg><\/span><span><svg xmlns=\"https:\/\/www.w3.org\/2000\/svg\" width=\"24\" height=\"24\" viewBox=\"0 0 24 24\"><path fill=\"#eba845\" stroke=\"#eba845\" d=\"M12,17.3l6.2,3.7l-1.6-7L22,9.2l-7.2-0.6L12,2L9.2,8.6L2,9.2L7.5,14l-1.6,7L12,17.3z\"><\/path><\/svg><\/span><\/span><span class=\"book-review-block__rating-button\" role=\"button\" tabindex=\"0\"><span><svg xmlns=\"https:\/\/www.w3.org\/2000\/svg\" width=\"24\" height=\"24\" viewBox=\"0 0 24 24\"><path fill=\"#eba845\" stroke=\"#eba845\" d=\"M12,17.3l6.2,3.7l-1.6-7L22,9.2l-7.2-0.6L12,2L9.2,8.6L2,9.2L7.5,14l-1.6,7L12,17.3z\"><\/path><\/svg><\/span><span><svg xmlns=\"https:\/\/www.w3.org\/2000\/svg\" width=\"24\" height=\"24\" viewBox=\"0 0 24 24\"><path fill=\"#eba845\" stroke=\"#eba845\" d=\"M12,17.3l6.2,3.7l-1.6-7L22,9.2l-7.2-0.6L12,2L9.2,8.6L2,9.2L7.5,14l-1.6,7L12,17.3z\"><\/path><\/svg><\/span><\/span><span class=\"book-review-block__rating-button\" role=\"button\" tabindex=\"0\"><span><svg xmlns=\"https:\/\/www.w3.org\/2000\/svg\" width=\"24\" height=\"24\" viewBox=\"0 0 24 24\"><path class=\"is-rating-unfilled\" fill=\"#eba845\" stroke=\"#eba845\" d=\"M12,17.3l6.2,3.7l-1.6-7L22,9.2l-7.2-0.6L12,2L9.2,8.6L2,9.2L7.5,14l-1.6,7L12,17.3z\"><\/path><\/svg><\/span><span><svg xmlns=\"https:\/\/www.w3.org\/2000\/svg\" width=\"24\" height=\"24\" viewBox=\"0 0 24 24\"><path class=\"is-rating-unfilled\" fill=\"#eba845\" stroke=\"#eba845\" d=\"M12,17.3l6.2,3.7l-1.6-7L22,9.2l-7.2-0.6L12,2L9.2,8.6L2,9.2L7.5,14l-1.6,7L12,17.3z\"><\/path><\/svg><\/span><\/span><span class=\"book-review-block__rating-button\" role=\"button\" tabindex=\"0\"><span><svg xmlns=\"https:\/\/www.w3.org\/2000\/svg\" width=\"24\" height=\"24\" viewBox=\"0 0 24 24\"><path class=\"is-rating-unfilled\" fill=\"#eba845\" stroke=\"#eba845\" d=\"M12,17.3l6.2,3.7l-1.6-7L22,9.2l-7.2-0.6L12,2L9.2,8.6L2,9.2L7.5,14l-1.6,7L12,17.3z\"><\/path><\/svg><\/span><span><svg xmlns=\"https:\/\/www.w3.org\/2000\/svg\" width=\"24\" height=\"24\" viewBox=\"0 0 24 24\"><path class=\"is-rating-unfilled\" fill=\"#eba845\" stroke=\"#eba845\" d=\"M12,17.3l6.2,3.7l-1.6-7L22,9.2l-7.2-0.6L12,2L9.2,8.6L2,9.2L7.5,14l-1.6,7L12,17.3z\"><\/path><\/svg><\/span><\/span><\/div><\/div><\/div>\n\n\n\n<div class=\"wp-block-book-review-block-description book-review-block__description\"><p><\/p><\/div>\n<\/div>\n\n\n\n<p><strong>Inhalt:<\/strong><\/p>\n\n\n\n<p>Jan Schneider ist Historiker und Archivar. Er ist verheiratet, hat zwei Kinder und pendelt zwischen einem s\u00fcddeutschen Dorf und Berlin. Jan hat etwas vor sich, von dem niemand etwas wei\u00df: Er muss die Akten des Ausw\u00e4rtigen Amtes des Jahres 1991 bearbeiten &#8211; das Jahr, das sein Leben als Zehnj\u00e4hriger von Grund auf ver\u00e4ndert hat. Er kann pl\u00f6tzlich nicht mehr auf Geschichte blicken, ohne seine eigene darin zu sehen. Dann trifft der z\u00f6gerliche Jan auf Enni van der Bilt, Notrufdisponentin einer Feuerwehr-Leitstelle. Enni ist das Gegenteil von Jan: Sie packt an, will Dinge ver\u00e4ndern. Sein Z\u00f6gern ist ihr fremd. Doch vom ersten Moment an haben die beiden eine Verbindung, ohne dass sie zun\u00e4chst sagen k\u00f6nnen, worin diese besteht &#8230; (Klappentext)<\/p>\n\n\n\n<p><strong>Rezension:<\/strong><\/p>\n\n\n\n<p>Ein Roman \u00fcber Ver\u00e4nderungen, jedoch vor allem \u00fcber das Dazwischen ist die Erz\u00e4hlung &#8222;Zonen der Zeit&#8220;, deren Titel in vielerlei Hinsicht Programm ist. Die aus der Feder von Michaela Maria M\u00fcller stammende kompakte Geschichte zweier Menschen, die sich zuf\u00e4llig begegnen, deren Leben sich kreuzen und schlie\u00dflich so weit verwickeln, so dass sie sich nicht mehr voneinander l\u00f6sen k\u00f6nnen, beginnt ruhig und ohne Aufregung, in einer Tonalit\u00e4t, die \u00fcber den gesamten Erz\u00e4hlstrang anhalten wird. Gespickt mit einzelnen S\u00e4tzen, die um so mehr ins Mark treffen.<\/p>\n\n\n\n<p>Erz\u00e4hlt wird die Geschichte zweier Hauptfiguren \u00fcber einen Zeitraum von wenigen Wochen, in derer sich beide Charaktere einander ann\u00e4hern und ihre Leben beiderseits dabei infrage stellen. Jan lebt in der Routine eines festgefahrenen, aber Sicherheit gebenden Jobs f\u00fcr die Vergangenheit und f\u00fcr die Aufgabe, sie zu exerzieren und \u00dcbersichten zu erstellen, sowie in einer festgefahrenen Beziehung, w\u00e4hrend Enni in ihrem Job durch eine M\u00e4nnerdom\u00e4ne k\u00e4mpfen muss, ansonsten f\u00fcr den Moment lebt. Gegens\u00e4tze ziehen sich an. Hier reichen ein Blick und ein Haselnusseis. So klischeehaft, wie das klingt ist es jedoch nicht.<\/p>\n\n\n\n<p>Sehr schnell bekommen die Figuren ihre Ecken und Kanten, zumal in der Betrachtung des jeweils anderen. Auch die Dynamik der Erz\u00e4hlung ergibt sich durch eben diesen Perspektivwechsel. Immer wieder stechen einzelne S\u00e4tze hervor, Kontraste, die es jedoch auf so wenigen Seiten auch braucht. Trotz der ruhigen Tonalit\u00e4t hat man so das Gef\u00fchl, f\u00f6rmlich durch die Geschichte zu ra\u00dfen, zwar nicht auf eine Katastrophe zuzusteuern, auch hat Michaela Maria M\u00fcller nichts \u00fcberdreht, aber der sich aufzeigende Konflikt ist alltagstauglich, k\u00f6nnte so oder in \u00e4hnlicher Form durchaus passieren.<\/p>\n\n\n\n<p>Trotzdem Jan und Enni sich schnell sympathisch sind, bilden sie alleine durch ihre Charakterz\u00fcge den perfekten Kontrast zueinander. Beide wirken glaubw\u00fcrdig in ihren Handeln, ihrer Unsicherheiten, ihren Zweifeln. Gegens\u00e4tze entstehen in diesem Kurzroman auch durch die Wahl der Schaupl\u00e4tze, ein Ort im beschaulichen Speckg\u00fcrtel von M\u00fcnchen etwa, die pulsierende und zu weilen chaotische, sich st\u00e4ndig im Umbruch befindende pulsierende Gro\u00dfstadt Berlin, praktisch das \u00c4quivalent zu beiden Protagonisten. Andere Figuren bleiben dabei vergleichsweise blass, kommen kaum \u00fcber ein Zwischenstadium von Impulsgeber und Sidekick hinaus. Mehr als zwei Protagonisten braucht es hier nicht, um eine kurze und b\u00fcndige Erz\u00e4hlung zu schaffen.<\/p>\n\n\n\n<p>M\u00fcllers Geschichte kommt ohne \u00fcberraschende Wendungen aus, zudem sich die Autorin auf Wesentliches beschr\u00e4nkt. Kein Wort ist zu viel. Auch \u00dcberraschungen sind da nicht wirklich vorhanden. Das kann man bedauern, zumindest ein paar Gedankenspr\u00fcnge und R\u00fcckerinnerungen der Protagonisten, die damit dem Titel eine zweite Ebene verschaffen, gibt es. Hier ist es gelungen, wie auf einem Foto erz\u00e4hlerisch Momente einzufangen. Es reicht aus, um sich in die Erz\u00e4hlung hinein zu versetzen, zudem auch die Schaupl\u00e4tze greifbar wirken. Gerade Ortsbeschreibungen sind zuweilen sehr plastisch geraten und gerade wer die Gro\u00dfstadt kennt, d\u00fcrfte dann auch sofort den Geruch eines Kiosks in der Nase haben.<\/p>\n\n\n\n<p>Wie es jedoch mit Ger\u00fcchen so ist, verfl\u00fcchtigen diese sich meist schnell, so auch der Roman \u00fcber das Dazwischen f\u00fcr eben genau diesen Zeitraum geeignet ist. Er tut nicht wirklich weh, zumal Konflikte sehr schnell und eher komplikationslos aufgel\u00f6st werden. Steig in die n\u00e4chste U-Bahn ein und der Ort ist verlassen oder zieh gleich um, das Problem liegt hinter dir. Wenn das nur immer so einfach gehen w\u00fcrde. Auf einem Raum von mehr Seiten w\u00e4re dies zu wenig. Trotz der Kompaktheit, ist dies ausreichend?<\/p>\n\n\n\n<p><strong>Autorin:<\/strong><\/p>\n\n\n\n<p>Michaela Maria M\u00fcller wurde 1974 in Dachau geboren und ist eine deutsche Autorin und Journalistin. Nach einer Ausbildung zur Verlagskauffrau arbeitete sie in M\u00fcnchen und New York, bevor sie Geschichte und Politikwissenschaften an der Humboldt-Universit\u00e4t Berlin zu studieren begann. Nach Abschluss des Studiums war sie als freie Journalistin f\u00fcr verschiedene Zeitungen t\u00e4tig, u. a. Neue Z\u00fcrcher Zeitung, S\u00fcddeutsche Zeitung und Zeit Online. 2015 erschien ihre erste Erz\u00e4hlung, der weitere folgten. Zudem erschienen von ihr einige Essays. Seit 2017 ist die in Berlin lebende Autorin Mitglied des PEN Zentrum Deutschland, auch war sie Gr\u00fcndlungsmitglied 2022, des PEN Berlin.<\/p>\n\n\n\n<div class=\"wp-block-uagb-info-box uagb-block-4fedb741 uagb-infobox__content-wrap  uagb-infobox-icon-above-title uagb-infobox-image-valign-top\"><div class=\"uagb-ifb-content\"><div class=\"uagb-ifb-title-wrap\"><h3 class=\"uagb-ifb-title\">Der virtuelle Spendenhut<\/h3><\/div><p class=\"uagb-ifb-desc\">Dir hat der Beitrag gefallen? Dann freue ich mich \u00fcber eine virtuelle <a href=\"https:\/\/www.paypal.com\/paypalme\/findosbuechercom\/\" target=\"_blank\" rel=\"noreferrer noopener\">Spende<\/a>. Vielen lieben Dank.<\/p><\/div><\/div>\n","protected":false},"excerpt":{"rendered":"<p>Inhalt: Jan Schneider ist Historiker und Archivar. Er ist verheiratet, hat zwei Kinder und pendelt zwischen einem s\u00fcddeutschen Dorf und Berlin. Jan hat etwas vor sich, von dem niemand etwas wei\u00df: Er muss die Akten des Ausw\u00e4rtigen Amtes des Jahres 1991 bearbeiten &#8211; das Jahr, das sein Leben als Zehnj\u00e4hriger von Grund auf ver\u00e4ndert hat. [&hellip;]<\/p>\n","protected":false},"author":1,"featured_media":0,"comment_status":"open","ping_status":"open","sticky":false,"template":"","format":"standard","meta":{"_uag_custom_page_level_css":"","site-sidebar-layout":"default","site-content-layout":"","ast-site-content-layout":"default","site-content-style":"default","site-sidebar-style":"default","ast-global-header-display":"","ast-banner-title-visibility":"","ast-main-header-display":"","ast-hfb-above-header-display":"","ast-hfb-below-header-display":"","ast-hfb-mobile-header-display":"","site-post-title":"","ast-breadcrumbs-content":"","ast-featured-img":"","footer-sml-layout":"","ast-disable-related-posts":"","theme-transparent-header-meta":"","adv-header-id-meta":"","stick-header-meta":"","header-above-stick-meta":"","header-main-stick-meta":"","header-below-stick-meta":"","astra-migrate-meta-layouts":"set","ast-page-background-enabled":"default","ast-page-background-meta":{"desktop":{"background-color":"","background-image":"","background-repeat":"repeat","background-position":"center center","background-size":"auto","background-attachment":"scroll","background-type":"","background-media":"","overlay-type":"","overlay-color":"","overlay-opacity":"","overlay-gradient":""},"tablet":{"background-color":"","background-image":"","background-repeat":"repeat","background-position":"center center","background-size":"auto","background-attachment":"scroll","background-type":"","background-media":"","overlay-type":"","overlay-color":"","overlay-opacity":"","overlay-gradient":""},"mobile":{"background-color":"","background-image":"","background-repeat":"repeat","background-position":"center center","background-size":"auto","background-attachment":"scroll","background-type":"","background-media":"","overlay-type":"","overlay-color":"","overlay-opacity":"","overlay-gradient":""}},"ast-content-background-meta":{"desktop":{"background-color":"var(--ast-global-color-5)","background-image":"","background-repeat":"repeat","background-position":"center center","background-size":"auto","background-attachment":"scroll","background-type":"","background-media":"","overlay-type":"","overlay-color":"","overlay-opacity":"","overlay-gradient":""},"tablet":{"background-color":"var(--ast-global-color-5)","background-image":"","background-repeat":"repeat","background-position":"center center","background-size":"auto","background-attachment":"scroll","background-type":"","background-media":"","overlay-type":"","overlay-color":"","overlay-opacity":"","overlay-gradient":""},"mobile":{"background-color":"var(--ast-global-color-5)","background-image":"","background-repeat":"repeat","background-position":"center center","background-size":"auto","background-attachment":"scroll","background-type":"","background-media":"","overlay-type":"","overlay-color":"","overlay-opacity":"","overlay-gradient":""}},"book_review_cover_url":"","book_review_title":"","book_review_series":"","book_review_author":"","book_review_genre":"","book_review_isbn":"","book_review_publisher":"","book_review_release_date":"","book_review_format":"","book_review_pages":"","book_review_source":"","book_review_rating":"","book_review_summary":"","footnotes":""},"categories":[4],"tags":[27,658,4565,182,123,87,4566,2075,2997,17,1795,3748,301,4567,3236,514,4569,11,4568,1002,1016,95],"class_list":["post-8516","post","type-post","status-publish","format-standard","hentry","category-rezension","tag-berlin","tag-beziehung","tag-dazwischen","tag-erinnerung","tag-erzaehlung","tag-familie","tag-feuerwehr","tag-frau","tag-gegenwart","tag-geschichte","tag-historie","tag-kurzroman","tag-leben","tag-mann","tag-muenchen","tag-novelle","tag-quintus","tag-roman","tag-romanze","tag-vergangenheit","tag-zeit","tag-zukunft"],"uagb_featured_image_src":{"full":false,"thumbnail":false,"medium":false,"medium_large":false,"large":false,"wps_thumbnail_size":false,"1536x1536":false,"2048x2048":false,"buchcover":false},"uagb_author_info":{"display_name":"findo","author_link":"https:\/\/findosbuecher.com\/?author=1"},"uagb_comment_info":0,"uagb_excerpt":"Inhalt: Jan Schneider ist Historiker und Archivar. Er ist verheiratet, hat zwei Kinder und pendelt zwischen einem s\u00fcddeutschen Dorf und Berlin. Jan hat etwas vor sich, von dem niemand etwas wei\u00df: Er muss die Akten des Ausw\u00e4rtigen Amtes des Jahres 1991 bearbeiten &#8211; das Jahr, das sein Leben als Zehnj\u00e4hriger von Grund auf ver\u00e4ndert hat.&hellip;","_links":{"self":[{"href":"https:\/\/findosbuecher.com\/index.php?rest_route=\/wp\/v2\/posts\/8516","targetHints":{"allow":["GET"]}}],"collection":[{"href":"https:\/\/findosbuecher.com\/index.php?rest_route=\/wp\/v2\/posts"}],"about":[{"href":"https:\/\/findosbuecher.com\/index.php?rest_route=\/wp\/v2\/types\/post"}],"author":[{"embeddable":true,"href":"https:\/\/findosbuecher.com\/index.php?rest_route=\/wp\/v2\/users\/1"}],"replies":[{"embeddable":true,"href":"https:\/\/findosbuecher.com\/index.php?rest_route=%2Fwp%2Fv2%2Fcomments&post=8516"}],"version-history":[{"count":1,"href":"https:\/\/findosbuecher.com\/index.php?rest_route=\/wp\/v2\/posts\/8516\/revisions"}],"predecessor-version":[{"id":8518,"href":"https:\/\/findosbuecher.com\/index.php?rest_route=\/wp\/v2\/posts\/8516\/revisions\/8518"}],"wp:attachment":[{"href":"https:\/\/findosbuecher.com\/index.php?rest_route=%2Fwp%2Fv2%2Fmedia&parent=8516"}],"wp:term":[{"taxonomy":"category","embeddable":true,"href":"https:\/\/findosbuecher.com\/index.php?rest_route=%2Fwp%2Fv2%2Fcategories&post=8516"},{"taxonomy":"post_tag","embeddable":true,"href":"https:\/\/findosbuecher.com\/index.php?rest_route=%2Fwp%2Fv2%2Ftags&post=8516"}],"curies":[{"name":"wp","href":"https:\/\/api.w.org\/{rel}","templated":true}]}}