{"id":8258,"date":"2024-08-05T18:20:01","date_gmt":"2024-08-05T18:20:01","guid":{"rendered":"https:\/\/findosbuecher.com\/?p=8258"},"modified":"2024-08-05T18:25:20","modified_gmt":"2024-08-05T18:25:20","slug":"ewald-frie-ein-hof-und-elf-geschwister","status":"publish","type":"post","link":"https:\/\/findosbuecher.com\/?p=8258","title":{"rendered":"Ewald Frie: Ein Hof und elf Geschwister"},"content":{"rendered":"\n<div itemscope itemtype=\"https:\/\/schema.org\/Book\" class=\"wp-block-book-review-block-book-review book-review-block\">\n<figure class=\"wp-block-image aligncenter size-large\"><img loading=\"lazy\" decoding=\"async\" width=\"658\" height=\"1024\" itemprop=\"image\" src=\"https:\/\/findosbuecher.com\/wp-content\/uploads\/2024\/08\/getimage-658x1024.jpg\" alt=\"\" class=\"wp-image-8259\" srcset=\"https:\/\/findosbuecher.com\/wp-content\/uploads\/2024\/08\/getimage-658x1024.jpg 658w, https:\/\/findosbuecher.com\/wp-content\/uploads\/2024\/08\/getimage-193x300.jpg 193w, https:\/\/findosbuecher.com\/wp-content\/uploads\/2024\/08\/getimage-768x1195.jpg 768w, https:\/\/findosbuecher.com\/wp-content\/uploads\/2024\/08\/getimage-987x1536.jpg 987w, https:\/\/findosbuecher.com\/wp-content\/uploads\/2024\/08\/getimage-313x487.jpg 313w, https:\/\/findosbuecher.com\/wp-content\/uploads\/2024\/08\/getimage.jpg 1253w\" sizes=\"auto, (max-width: 658px) 100vw, 658px\" \/><\/figure>\n\n\n\n<div class=\"wp-block-book-review-block-metadata book-review-block__meta\"><div class=\"book-review-block__meta-item book-review-block__meta-item-title\"><div itemprop=\"name\" class=\"book-review-block__meta-item-value\">Ein Hof und elf Geschwister<\/div><\/div><div class=\"book-review-block__meta-item book-review-block__meta-item-series\"><div class=\"book-review-block__meta-item-value\">Ewald Frie<\/div><\/div><div itemscope itemtype=\"https:\/\/schema.org\/Person\" itemprop=\"author\" class=\"book-review-block__meta-item book-review-block__meta-item-author\"><div itemprop=\"name\" class=\"book-review-block__meta-item-value\">Rezensionsexemplar\/Sachbuch<\/div><\/div><div class=\"book-review-block__meta-item book-review-block__meta-item-genre\"><div itemprop=\"genre\" class=\"book-review-block__meta-item-value\">C. H. Beck<\/div><\/div><div itemscope itemtype=\"https:\/\/schema.org\/Organization\" itemprop=\"publisher\" class=\"book-review-block__meta-item book-review-block__meta-item-publisher\"><div itemprop=\"name\" class=\"book-review-block__meta-item-value\">Erschienen am: 16.02.2023<\/div><\/div><div class=\"book-review-block__meta-item book-review-block__meta-item-release-date\"><div itemprop=\"datePublished\" class=\"book-review-block__meta-item-value\">Hardcover<\/div><\/div><div class=\"book-review-block__meta-item book-review-block__meta-item-format\"><div class=\"book-review-block__meta-item-value\">Seiten: 191<\/div><\/div><div class=\"book-review-block__meta-item book-review-block__meta-item-pages\"><div itemprop=\"numberOfPages\" class=\"book-review-block__meta-item-value\">ISBN: <a href=\"https:\/\/www.chbeck.de\/frie-hof-elf-geschwister\/product\/34310014\">978-3-406-79717-0<\/a><\/div><\/div><\/div>\n\n\n\n<div itemscope itemtype=\"https:\/\/schema.org\/Review\" itemprop=\"review\" class=\"wp-block-book-review-block-rating\"><span itemscope itemtype=\"https:\/\/schema.org\/Person\" itemprop=\"author\"><meta itemprop=\"name\" content=\"findo\"\/><\/span><div itemscope itemtype=\"https:\/\/schema.org\/Rating\" itemprop=\"reviewRating\" class=\"book-review-block__rating book-review-block__review-rating\"><meta itemprop=\"ratingValue\" content=\"5\"\/><div class=\"book-review-block__rating-buttons\"><span class=\"book-review-block__rating-button\" role=\"button\" tabindex=\"0\"><span><svg xmlns=\"https:\/\/www.w3.org\/2000\/svg\" width=\"24\" height=\"24\" viewBox=\"0 0 24 24\"><path fill=\"#eba845\" stroke=\"#eba845\" d=\"M12,17.3l6.2,3.7l-1.6-7L22,9.2l-7.2-0.6L12,2L9.2,8.6L2,9.2L7.5,14l-1.6,7L12,17.3z\"><\/path><\/svg><\/span><span><svg xmlns=\"https:\/\/www.w3.org\/2000\/svg\" width=\"24\" height=\"24\" viewBox=\"0 0 24 24\"><path fill=\"#eba845\" stroke=\"#eba845\" d=\"M12,17.3l6.2,3.7l-1.6-7L22,9.2l-7.2-0.6L12,2L9.2,8.6L2,9.2L7.5,14l-1.6,7L12,17.3z\"><\/path><\/svg><\/span><\/span><span class=\"book-review-block__rating-button\" role=\"button\" tabindex=\"0\"><span><svg xmlns=\"https:\/\/www.w3.org\/2000\/svg\" width=\"24\" height=\"24\" viewBox=\"0 0 24 24\"><path fill=\"#eba845\" stroke=\"#eba845\" d=\"M12,17.3l6.2,3.7l-1.6-7L22,9.2l-7.2-0.6L12,2L9.2,8.6L2,9.2L7.5,14l-1.6,7L12,17.3z\"><\/path><\/svg><\/span><span><svg xmlns=\"https:\/\/www.w3.org\/2000\/svg\" width=\"24\" height=\"24\" viewBox=\"0 0 24 24\"><path fill=\"#eba845\" stroke=\"#eba845\" d=\"M12,17.3l6.2,3.7l-1.6-7L22,9.2l-7.2-0.6L12,2L9.2,8.6L2,9.2L7.5,14l-1.6,7L12,17.3z\"><\/path><\/svg><\/span><\/span><span class=\"book-review-block__rating-button\" role=\"button\" tabindex=\"0\"><span><svg xmlns=\"https:\/\/www.w3.org\/2000\/svg\" width=\"24\" height=\"24\" viewBox=\"0 0 24 24\"><path fill=\"#eba845\" stroke=\"#eba845\" d=\"M12,17.3l6.2,3.7l-1.6-7L22,9.2l-7.2-0.6L12,2L9.2,8.6L2,9.2L7.5,14l-1.6,7L12,17.3z\"><\/path><\/svg><\/span><span><svg xmlns=\"https:\/\/www.w3.org\/2000\/svg\" width=\"24\" height=\"24\" viewBox=\"0 0 24 24\"><path fill=\"#eba845\" stroke=\"#eba845\" d=\"M12,17.3l6.2,3.7l-1.6-7L22,9.2l-7.2-0.6L12,2L9.2,8.6L2,9.2L7.5,14l-1.6,7L12,17.3z\"><\/path><\/svg><\/span><\/span><span class=\"book-review-block__rating-button\" role=\"button\" tabindex=\"0\"><span><svg xmlns=\"https:\/\/www.w3.org\/2000\/svg\" width=\"24\" height=\"24\" viewBox=\"0 0 24 24\"><path fill=\"#eba845\" stroke=\"#eba845\" d=\"M12,17.3l6.2,3.7l-1.6-7L22,9.2l-7.2-0.6L12,2L9.2,8.6L2,9.2L7.5,14l-1.6,7L12,17.3z\"><\/path><\/svg><\/span><span><svg xmlns=\"https:\/\/www.w3.org\/2000\/svg\" width=\"24\" height=\"24\" viewBox=\"0 0 24 24\"><path fill=\"#eba845\" stroke=\"#eba845\" d=\"M12,17.3l6.2,3.7l-1.6-7L22,9.2l-7.2-0.6L12,2L9.2,8.6L2,9.2L7.5,14l-1.6,7L12,17.3z\"><\/path><\/svg><\/span><\/span><span class=\"book-review-block__rating-button\" role=\"button\" tabindex=\"0\"><span><svg xmlns=\"https:\/\/www.w3.org\/2000\/svg\" width=\"24\" height=\"24\" viewBox=\"0 0 24 24\"><path fill=\"#eba845\" stroke=\"#eba845\" d=\"M12,17.3l6.2,3.7l-1.6-7L22,9.2l-7.2-0.6L12,2L9.2,8.6L2,9.2L7.5,14l-1.6,7L12,17.3z\"><\/path><\/svg><\/span><span><svg xmlns=\"https:\/\/www.w3.org\/2000\/svg\" width=\"24\" height=\"24\" viewBox=\"0 0 24 24\"><path fill=\"#eba845\" stroke=\"#eba845\" d=\"M12,17.3l6.2,3.7l-1.6-7L22,9.2l-7.2-0.6L12,2L9.2,8.6L2,9.2L7.5,14l-1.6,7L12,17.3z\"><\/path><\/svg><\/span><\/span><\/div><\/div><\/div>\n\n\n\n<div class=\"wp-block-book-review-block-description book-review-block__description\"><p><\/p><\/div>\n<\/div>\n\n\n\n<p><strong>Inhalt:<\/strong><\/p>\n\n\n\n<p>Die stolze b\u00e4uerliche Landwirtschaft mit Viehm\u00e4rkten, Selbstversorgung und harter Knochenarbeit ist im Laufe der Sechzigerjahre im rasanten Tempo und doch ganz leise verschwunden. Der Historiker Ewald Frie erz\u00e4hlt am Beispiel seiner Familie von diesem stillen Abschied. Sein gl\u00e4nzend geschriebenes Buch verwebt meisterhaft die eigenen Erfahrungen mit zeitgeschichtlichen Zusammenh\u00e4ngen und l\u00e4sst so den gro\u00dfen Umbruch auf dem Land lebendig werden. (Klappentext)<\/p>\n\n\n\n<p><strong>Rezension:<\/strong><\/p>\n\n\n\n<p>Die Geschichte der Bundesrepublik wird zumeist von den St\u00e4dten heraus beschrieben mit dem allseits bekannten Zeitstrahl, anhand dessen man sich orientieren kann, wogegen die Erz\u00e4hlung vom H\u00f6festerben ein Narrativ bedient, welches lohnt, auseinandergenommen und neu erz\u00e4hlt, damit neu eingeordnet zu werden.<br><br>Ewald Frie und seine Geschwister haben den stillen Wandel einer Gesellschaftsform, die zun\u00e4chst noch pr\u00e4gend den l\u00e4ndlichen Raum gestaltet hat und schlie\u00dflich mit all den traditionellen Elementen verschwand, erlebt, gelebt und mitgestaltet. Am Beispiel seiner Familie zeigt der Historiker mit seinem Sachbuch Umbr\u00fcche als nahtlose \u00dcberg\u00e4nge, in dem Verschwinden auch das sich Er\u00f6ffnen von Chancen bedeutet hat, vor allem f\u00fcr die j\u00fcngeren unter den Geschwistern.<\/p>\n\n\n\n<p>In &#8222;Ein Hof mit elf Geschwistern&#8220; verbindet er Archivarbeit mit Interviews, die er in seiner Familie gef\u00fchrt hat, oral history, und zeigt dabei die Verschiebung von Wahrnehmung innerhalb einer Generation. Am Anfang wurde da die traditionelle Landwirtschaft noch als wirkliche Zukunftsperspektive wahrgenommen, schon alleine aufgrund der gro\u00dfen Anzahl von Geschwistern wegen, nur wenige Jahre sp\u00e4ter strebten die Kinder von Bernhard Frie anderen Lebenszielen nach. Der Hof von mittlerer Gr\u00f6\u00dfe konnte perspektivisch nicht mehr zum Lebensunterhalt aller beitragen.<\/p>\n\n\n\n<p>Ungesch\u00f6nt, ohne Nostalgie, doch voller Empathie ist innerhalb der gew\u00e4hlten Erz\u00e4hlform ein bemerkenswerter Text entstanden, der nicht nur Wolke II zu Ehren gereicht, sondern eine wichtige Erg\u00e4nzung zu all den Geschichten der Bundesrepublik darstellt. Auch eben das ist passiert.<br><br>Der Historiker beschreibt die Ver\u00e4nderungen der Sichtweisen von au\u00dfen, jedoch vor allem von innen und damit noch viel mehr, geht es auch um die Rolle des Katholizismus im l\u00e4ndlichen Raum, Bildungschancen und Eroberungen von Spielr\u00e4umen f\u00fcr sich selbst, immer auch unterst\u00fctzt von den eigenen Eltern, die zunehmend die neuen Welten nicht mehr zur G\u00e4nze verstehen konnten, aber so weit wie m\u00f6glich ihre Kinder best\u00e4rkten den ihren eigenen Platz darin zu finden.<\/p>\n\n\n\n<p>Zumindest f\u00fcr die Frie-Geschwister, so geht es aus der Lekt\u00fcre hervor, die zun\u00e4chst die Perspektive des Vaters, dann der Mutter, eingerahmt von der Vor- und Nachgeschichte, beschreibt, kann der Wandel nicht nur als Abgesang, sondern auch als durchaus Erfolgsgeschichte gelten. Wie einst die Kuh des Vaters, die eine DLG-Ausstellung gewann.<\/p>\n\n\n\n<p>Zurecht mit dem deutschen Sachbuchpreis 2023 ausgezeichnet, hat da Ewald Frie, diese Perspektive eingenommen, ein Unentschieden f\u00fcr sich herausgeholt.#<\/p>\n\n\n\n<p><strong>Ewald Fries Dankesrede zur Verleihung des Deutschen Sachbuchpreises 2023:<\/strong><\/p>\n\n\n\n<figure class=\"wp-block-embed is-type-video is-provider-youtube wp-block-embed-youtube wp-embed-aspect-16-9 wp-has-aspect-ratio\"><div class=\"wp-block-embed__wrapper\">\n<iframe loading=\"lazy\" title=\"Deutscher Sachbuchpreis 2023 | Rede des Preistr\u00e4gers Ewald Frie\" width=\"500\" height=\"281\" src=\"https:\/\/www.youtube.com\/embed\/h0yZ46lcszc?feature=oembed\" frameborder=\"0\" allow=\"accelerometer; autoplay; clipboard-write; encrypted-media; gyroscope; picture-in-picture; web-share\" referrerpolicy=\"strict-origin-when-cross-origin\" allowfullscreen><\/iframe>\n<\/div><figcaption class=\"wp-element-caption\"><em>(Quelle: <a href=\"https:\/\/www.youtube.com\/@deutschersachbuchpreis\">Deutscher Sachbuchpreis<\/a>)<\/em><\/figcaption><\/figure>\n\n\n\n<p><strong>Autor:<\/strong><\/p>\n\n\n\n<p>Ewald Frie wurde 1962 in Nottuln geboren und ist ein deutscher Historiker. Als Sohn einer katholischen Bauernfamilie im M\u00fcnsterland aufgewachsen, studierte er zun\u00e4chst Katholische Theologie und Geschichte an der Universit\u00e4t M\u00fcnster, bevor er von 1985 bis 1987 als Museumsf\u00fchrer arbeitete. Danach legte er 1988 seinen Magister ab und war 1989 bis 1991 Volont\u00e4r am Institut f\u00fcr westf\u00e4lische Regionalgeschichte M\u00fcnster.<\/p>\n\n\n\n<p>Er promovierte 1992 und habilitierte schlie\u00dflich nach verschiedenen Stationen im Jahr 2001. In T\u00fcbingen ist er Professor f\u00fcr Neuere Geschichte und ordentliches Mitglied der Heidelberger Akademie der Wissenschaften. Frie ist Verfasser und Herausgeber verschiedener Werke. 2023 gewann er den Deutschen Sachbuchpreis.<br><\/p>\n\n\n\n<div class=\"wp-block-uagb-info-box uagb-block-4fedb741 uagb-infobox__content-wrap  uagb-infobox-icon-above-title uagb-infobox-image-valign-top\"><div class=\"uagb-ifb-content\"><div class=\"uagb-ifb-title-wrap\"><h3 class=\"uagb-ifb-title\">Der virtuelle Spendenhut<\/h3><\/div><p class=\"uagb-ifb-desc\">Dir hat der Beitrag gefallen? Dann freue ich mich \u00fcber eine virtuelle <a href=\"https:\/\/www.paypal.com\/paypalme\/findosbuechercom\/\" target=\"_blank\" rel=\"noreferrer noopener\">Spende<\/a>. Vielen lieben Dank.<\/p><\/div><\/div>\n","protected":false},"excerpt":{"rendered":"<p>Inhalt: Die stolze b\u00e4uerliche Landwirtschaft mit Viehm\u00e4rkten, Selbstversorgung und harter Knochenarbeit ist im Laufe der Sechzigerjahre im rasanten Tempo und doch ganz leise verschwunden. Der Historiker Ewald Frie erz\u00e4hlt am Beispiel seiner Familie von diesem stillen Abschied. Sein gl\u00e4nzend geschriebenes Buch verwebt meisterhaft die eigenen Erfahrungen mit zeitgeschichtlichen Zusammenh\u00e4ngen und l\u00e4sst so den gro\u00dfen Umbruch [&hellip;]<\/p>\n","protected":false},"author":1,"featured_media":0,"comment_status":"open","ping_status":"open","sticky":false,"template":"","format":"standard","meta":{"_uag_custom_page_level_css":"","site-sidebar-layout":"default","site-content-layout":"","ast-site-content-layout":"default","site-content-style":"default","site-sidebar-style":"default","ast-global-header-display":"","ast-banner-title-visibility":"","ast-main-header-display":"","ast-hfb-above-header-display":"","ast-hfb-below-header-display":"","ast-hfb-mobile-header-display":"","site-post-title":"","ast-breadcrumbs-content":"","ast-featured-img":"","footer-sml-layout":"","ast-disable-related-posts":"","theme-transparent-header-meta":"","adv-header-id-meta":"","stick-header-meta":"","header-above-stick-meta":"","header-main-stick-meta":"","header-below-stick-meta":"","astra-migrate-meta-layouts":"set","ast-page-background-enabled":"default","ast-page-background-meta":{"desktop":{"background-color":"","background-image":"","background-repeat":"repeat","background-position":"center center","background-size":"auto","background-attachment":"scroll","background-type":"","background-media":"","overlay-type":"","overlay-color":"","overlay-opacity":"","overlay-gradient":""},"tablet":{"background-color":"","background-image":"","background-repeat":"repeat","background-position":"center center","background-size":"auto","background-attachment":"scroll","background-type":"","background-media":"","overlay-type":"","overlay-color":"","overlay-opacity":"","overlay-gradient":""},"mobile":{"background-color":"","background-image":"","background-repeat":"repeat","background-position":"center center","background-size":"auto","background-attachment":"scroll","background-type":"","background-media":"","overlay-type":"","overlay-color":"","overlay-opacity":"","overlay-gradient":""}},"ast-content-background-meta":{"desktop":{"background-color":"var(--ast-global-color-5)","background-image":"","background-repeat":"repeat","background-position":"center center","background-size":"auto","background-attachment":"scroll","background-type":"","background-media":"","overlay-type":"","overlay-color":"","overlay-opacity":"","overlay-gradient":""},"tablet":{"background-color":"var(--ast-global-color-5)","background-image":"","background-repeat":"repeat","background-position":"center center","background-size":"auto","background-attachment":"scroll","background-type":"","background-media":"","overlay-type":"","overlay-color":"","overlay-opacity":"","overlay-gradient":""},"mobile":{"background-color":"var(--ast-global-color-5)","background-image":"","background-repeat":"repeat","background-position":"center center","background-size":"auto","background-attachment":"scroll","background-type":"","background-media":"","overlay-type":"","overlay-color":"","overlay-opacity":"","overlay-gradient":""}},"book_review_cover_url":"","book_review_title":"","book_review_series":"","book_review_author":"","book_review_genre":"","book_review_isbn":"","book_review_publisher":"","book_review_release_date":"","book_review_format":"","book_review_pages":"","book_review_source":"","book_review_rating":"","book_review_summary":"","footnotes":""},"categories":[4],"tags":[4338,2422,3805,165,522,1454,4339,3200,4337,1837,3737,1305,3971,17,137,16,4343,4342,4346,4340,318,2761,301,273,3282,4341,4344,26,4336,4345,166,1996,3535,96,29],"class_list":["post-8258","post","type-post","status-publish","format-standard","hentry","category-rezension","tag-1950er","tag-1960er-jahre","tag-3805","tag-aufbruch","tag-bauern","tag-bildung","tag-brauchtum","tag-c-h-beck-3","tag-deutscher-sachbuchpreis","tag-deutschland-2","tag-elternhaus","tag-erfahrung","tag-ewald-frie","tag-geschichte","tag-geschwister","tag-gesellschaft","tag-grossfamilie","tag-hoefe","tag-jugendarbeit","tag-katholizismus","tag-kirche","tag-landwirtschaft","tag-leben","tag-mensch","tag-modernisierung","tag-muensterland","tag-oral-history","tag-sachbuch","tag-sachbuchpreis","tag-ueberlieferung","tag-umbruch","tag-viehzucht","tag-wahrnehmung","tag-wandel","tag-zeitgeschichte"],"uagb_featured_image_src":{"full":false,"thumbnail":false,"medium":false,"medium_large":false,"large":false,"wps_thumbnail_size":false,"1536x1536":false,"2048x2048":false,"buchcover":false},"uagb_author_info":{"display_name":"findo","author_link":"https:\/\/findosbuecher.com\/?author=1"},"uagb_comment_info":0,"uagb_excerpt":"Inhalt: Die stolze b\u00e4uerliche Landwirtschaft mit Viehm\u00e4rkten, Selbstversorgung und harter Knochenarbeit ist im Laufe der Sechzigerjahre im rasanten Tempo und doch ganz leise verschwunden. Der Historiker Ewald Frie erz\u00e4hlt am Beispiel seiner Familie von diesem stillen Abschied. Sein gl\u00e4nzend geschriebenes Buch verwebt meisterhaft die eigenen Erfahrungen mit zeitgeschichtlichen Zusammenh\u00e4ngen und l\u00e4sst so den gro\u00dfen Umbruch&hellip;","_links":{"self":[{"href":"https:\/\/findosbuecher.com\/index.php?rest_route=\/wp\/v2\/posts\/8258","targetHints":{"allow":["GET"]}}],"collection":[{"href":"https:\/\/findosbuecher.com\/index.php?rest_route=\/wp\/v2\/posts"}],"about":[{"href":"https:\/\/findosbuecher.com\/index.php?rest_route=\/wp\/v2\/types\/post"}],"author":[{"embeddable":true,"href":"https:\/\/findosbuecher.com\/index.php?rest_route=\/wp\/v2\/users\/1"}],"replies":[{"embeddable":true,"href":"https:\/\/findosbuecher.com\/index.php?rest_route=%2Fwp%2Fv2%2Fcomments&post=8258"}],"version-history":[{"count":1,"href":"https:\/\/findosbuecher.com\/index.php?rest_route=\/wp\/v2\/posts\/8258\/revisions"}],"predecessor-version":[{"id":8260,"href":"https:\/\/findosbuecher.com\/index.php?rest_route=\/wp\/v2\/posts\/8258\/revisions\/8260"}],"wp:attachment":[{"href":"https:\/\/findosbuecher.com\/index.php?rest_route=%2Fwp%2Fv2%2Fmedia&parent=8258"}],"wp:term":[{"taxonomy":"category","embeddable":true,"href":"https:\/\/findosbuecher.com\/index.php?rest_route=%2Fwp%2Fv2%2Fcategories&post=8258"},{"taxonomy":"post_tag","embeddable":true,"href":"https:\/\/findosbuecher.com\/index.php?rest_route=%2Fwp%2Fv2%2Ftags&post=8258"}],"curies":[{"name":"wp","href":"https:\/\/api.w.org\/{rel}","templated":true}]}}