{"id":801,"date":"2017-03-28T07:14:19","date_gmt":"2017-03-28T07:14:19","guid":{"rendered":"http:\/\/findosbuecher.com\/?p=801"},"modified":"2023-07-13T15:30:25","modified_gmt":"2023-07-13T15:30:25","slug":"leipziger-buchmesse-2017-bericht-teil-3-wochenende-auf-der-messe","status":"publish","type":"post","link":"https:\/\/findosbuecher.com\/?p=801","title":{"rendered":"Leipziger Buchmesse 2017: Bericht Teil 3 &#8211; Wochenende auf der Messe"},"content":{"rendered":"<p>Am Samstag hatte ich mir nicht so viel vorgenommen, auch wenn ich hier wieder das Stativ mitgenommen hatte. Auch an diesem Tag sollte ein Interview stattfinden, doch zuvor habe ich mir einen Vortrag zu einem Reisebericht \u00fcber S\u00fcdkorea angeh\u00f6rt.<\/p>\n<p><!--more--><\/p>\n<p>Interessant und ich m\u00f6chte jetzt unbedingt dahin. Auch die Verlagsmitarbeiter hier waren sehr freundlich. Ich mag den Dumont-Verlag.<\/p>\n<p>Zwischen den Lesungen hat mich dann noch eine Kollegin auf dne R\u00fccken angetippt. Von meiner Arbeit. Aus Berlin. Zuf\u00e4lle gibt es aber auch.<\/p>\n<figure id=\"attachment_803\" aria-describedby=\"caption-attachment-803\" style=\"width: 300px\" class=\"wp-caption alignnone\"><img loading=\"lazy\" decoding=\"async\" class=\"size-medium wp-image-803\" src=\"http:\/\/findosbuecher.com\/wp-content\/uploads\/2017\/03\/P1050670-300x225.jpg\" alt=\"Vorher aber S\u00f6ren Kittel mit &quot;An guten Tagen siehst du den Norden - S\u00fcdkorea zwischen Geistern und Glasfassaden&quot;.\" width=\"300\" height=\"225\" srcset=\"https:\/\/findosbuecher.com\/wp-content\/uploads\/2017\/03\/P1050670-300x225.jpg 300w, https:\/\/findosbuecher.com\/wp-content\/uploads\/2017\/03\/P1050670-768x576.jpg 768w, https:\/\/findosbuecher.com\/wp-content\/uploads\/2017\/03\/P1050670-1024x768.jpg 1024w, https:\/\/findosbuecher.com\/wp-content\/uploads\/2017\/03\/P1050670-600x450.jpg 600w, https:\/\/findosbuecher.com\/wp-content\/uploads\/2017\/03\/P1050670-1200x900.jpg 1200w, https:\/\/findosbuecher.com\/wp-content\/uploads\/2017\/03\/P1050670.jpg 320w\" sizes=\"auto, (max-width: 300px) 100vw, 300px\" \/><figcaption id=\"caption-attachment-803\" class=\"wp-caption-text\">Vorher aber S\u00f6ren Kittel mit &#8222;An guten Tagen siehst du den Norden &#8211; S\u00fcdkorea zwischen Geistern und Glasfassaden&#8220;.<\/figcaption><\/figure>\n<p>So etwas w\u00fcrde ich nie bemerken, so reiz\u00fcberflutet wie ich auf einer Buchmesse bin, wenn dort jemand steht, den ich eigentlich kenne, den ich aber weder zum B\u00fcchertreff, Youtube oder einen Blog oder Autoren zuordnen kann. So kann&#8217;s gehen.<\/p>\n<p>Ein paar Worte gewechselt, ging es ins Musikcafe. Dort sollte ein Vortrag zu einem Buch \u00fcber Wunderkinder gehalten werden. Wurde auch. Vom Verlag f\u00fcr die Frau, der schon seit Jahren eine kleine Minibuchserie herausgibt und jetzt eben dieses.<\/p>\n<p>Ich hatte mir eigentlich erhofft, ein paar Wunderkinder Musikinstrumente spielen zu sehen, dem war aber nicht so. Schade, letztes Jahr waren welche da aber es ging dort eh nur um historische Wunderkinder a la Mozart.<\/p>\n<figure id=\"attachment_802\" aria-describedby=\"caption-attachment-802\" style=\"width: 300px\" class=\"wp-caption alignnone\"><img loading=\"lazy\" decoding=\"async\" class=\"size-medium wp-image-802\" src=\"http:\/\/findosbuecher.com\/wp-content\/uploads\/2017\/03\/P1050672-300x225.jpg\" alt=\"&quot;Wunderkinder&quot;, leider nur in Buchform.\" width=\"300\" height=\"225\" srcset=\"https:\/\/findosbuecher.com\/wp-content\/uploads\/2017\/03\/P1050672-300x225.jpg 300w, https:\/\/findosbuecher.com\/wp-content\/uploads\/2017\/03\/P1050672-768x576.jpg 768w, https:\/\/findosbuecher.com\/wp-content\/uploads\/2017\/03\/P1050672-1024x768.jpg 1024w, https:\/\/findosbuecher.com\/wp-content\/uploads\/2017\/03\/P1050672-600x450.jpg 600w, https:\/\/findosbuecher.com\/wp-content\/uploads\/2017\/03\/P1050672-1200x900.jpg 1200w, https:\/\/findosbuecher.com\/wp-content\/uploads\/2017\/03\/P1050672.jpg 320w\" sizes=\"auto, (max-width: 300px) 100vw, 300px\" \/><figcaption id=\"caption-attachment-802\" class=\"wp-caption-text\">&#8222;Wunderkinder&#8220;, leider nur in Buchform.<\/figcaption><\/figure>\n<p>Einige Programmpunkte entt\u00e4uschen halt auch mal, aber insgesamt waren die Messetermine ja trotzdem sch\u00f6n.<\/p>\n<p>Gefreut hatte ich mich an diesem Tag \u00fcber eine Diskussion im ARD-Forum mit der Autorin der gro\u00dfen neuen Biografie \u00fcber Alexander von Humboldt. Doch Autorin und Moderator waren f\u00fcr mich nicht zu sehen. Samstage auf der Buchmesse sind m\u00f6rderisch und so dr\u00e4ngte sich dort alles.<\/p>\n<p>Es war absolut kein Durchkommen dort und selbst f\u00fcr die Bildschirme, die das Interview zeigten, stand ich zu ung\u00fcnstig. Ich habe es dann aufgegeben und werde mir die Biografie wohl im Laden nochmal anschauen und dann kaufen.<\/p>\n<p>Der n\u00e4chste Termin war erfolgreicher. Am Arena-Stand sollte ich mich mit Katja Brandis treffen und ein Interview f\u00fchren. Auch das hatten wir geplant und war ebenso erhellend wie witzig und auch da freue ich mich schon, euch dieses zu zeigen.<\/p>\n<p>Muss es aber nat\u00fcrlich auch noch sichten. Ich werde ihre Reihe &#8222;Woodwalkers&#8220; jedenfalls noch weiterverfolgen, genau so wie ich auch die True-Crime Reihe vom Michael Tsokos wieder in Angriff nehme.<\/p>\n<p>Der hatte n\u00e4mlich eine Lesung danach, welche ich auch besucht habe und hat von seiner Arbeit berichtet. Wer wirklich wissen will, wie Gerichtsmedizin funktionieren kann, sollte keinen Tatort sehen. Tats\u00e4chlich sind seine Krimis realistischer als die Leser denken.<\/p>\n<figure id=\"attachment_804\" aria-describedby=\"caption-attachment-804\" style=\"width: 300px\" class=\"wp-caption alignnone\"><img loading=\"lazy\" decoding=\"async\" class=\"size-medium wp-image-804\" src=\"http:\/\/findosbuecher.com\/wp-content\/uploads\/2017\/03\/P1050700-300x225.jpg\" alt=\"Michael Tsokos &quot;Zerbrochen&quot;.\" width=\"300\" height=\"225\" srcset=\"https:\/\/findosbuecher.com\/wp-content\/uploads\/2017\/03\/P1050700-300x225.jpg 300w, https:\/\/findosbuecher.com\/wp-content\/uploads\/2017\/03\/P1050700-768x576.jpg 768w, https:\/\/findosbuecher.com\/wp-content\/uploads\/2017\/03\/P1050700-1024x768.jpg 1024w, https:\/\/findosbuecher.com\/wp-content\/uploads\/2017\/03\/P1050700-600x450.jpg 600w, https:\/\/findosbuecher.com\/wp-content\/uploads\/2017\/03\/P1050700-1200x900.jpg 1200w, https:\/\/findosbuecher.com\/wp-content\/uploads\/2017\/03\/P1050700.jpg 320w\" sizes=\"auto, (max-width: 300px) 100vw, 300px\" \/><figcaption id=\"caption-attachment-804\" class=\"wp-caption-text\">Michael Tsokos &#8222;Zerbrochen&#8220;.<\/figcaption><\/figure>\n<p>Nur selbst auf den Obduktionstisch sollte man wohl nicht liegen.<\/p>\n<p>Davor aber noch ein Interview mit dem Buchtoaster und seinen Eltern. Auch das werde ich nochmal extra behandeln und euch den kleinen Jungen etwas genauer vorstellen. Ich glaube, danach wirst du ihn vielleicht auch sympathischer finden.<\/p>\n<p>Seine Eltern sind das absolute Gegenteil von Eislaufeltern, erm\u00f6glichen ihm aber sehr viel und f\u00f6rdern ihn in seinen Interessen. Er hat vollst\u00e4ndig alleine agieren k\u00f6nnen. Die Mutter war zwar immer in Reichweite, stand beim Interview daneben aber sie hat uns machen lassen.<\/p>\n<p>Ihr Sohn konnte v\u00f6llig frei entscheiden und es war ein nettes kleines Gespr\u00e4ch. Hat mir und ihm sehr Spa\u00df gemacht. Und wer wei\u00df, vielleicht werde ich auch mal die Heimat des Buchtoasters besuchen. Ganz sicher.<\/p>\n<figure id=\"attachment_805\" aria-describedby=\"caption-attachment-805\" style=\"width: 300px\" class=\"wp-caption alignnone\"><img loading=\"lazy\" decoding=\"async\" class=\"size-medium wp-image-805\" src=\"http:\/\/findosbuecher.com\/wp-content\/uploads\/2017\/03\/P1050697-300x225.jpg\" alt=\"Der Buchtoaster (12) im Feature - etwaige Vornamensgleichheit ist unbeabsichtigt. :-)\" width=\"300\" height=\"225\" srcset=\"https:\/\/findosbuecher.com\/wp-content\/uploads\/2017\/03\/P1050697-300x225.jpg 300w, https:\/\/findosbuecher.com\/wp-content\/uploads\/2017\/03\/P1050697-768x576.jpg 768w, https:\/\/findosbuecher.com\/wp-content\/uploads\/2017\/03\/P1050697-1024x768.jpg 1024w, https:\/\/findosbuecher.com\/wp-content\/uploads\/2017\/03\/P1050697-600x450.jpg 600w, https:\/\/findosbuecher.com\/wp-content\/uploads\/2017\/03\/P1050697-1200x900.jpg 1200w, https:\/\/findosbuecher.com\/wp-content\/uploads\/2017\/03\/P1050697.jpg 320w\" sizes=\"auto, (max-width: 300px) 100vw, 300px\" \/><figcaption id=\"caption-attachment-805\" class=\"wp-caption-text\">Der Buchtoaster (12) im Feature &#8211; etwaige Vornamensgleichheit ist unbeabsichtigt. \ud83d\ude42<\/figcaption><\/figure>\n<p>Dazu aber nochmal an anderer Stelle mehr.<\/p>\n<p>Zur gleichen Zeit fand dann noch ein B\u00fcchertreff-Treffen statt. Es war sch\u00f6n, wieder euch alle zu sehen und nat\u00fcrlich wurden wir auch wieder hinter den Vorhang dirigiert. B\u00fccher wurden ausgetauscht, signiert was das Zeug h\u00e4lt. Fotos geschossen.<\/p>\n<p>Der Buchmesse-Sonntag war planungstechnisch eine Katastrophe. Ich hatte mir einfach mal alle Zeiten falsch aufgeschrieben und so im Grunde die ersten Lesungen einfach mal verpasst. Katrin Webers Lesung am MDR-Stand habe ich dann doch noch mitbekommen, den Buchmesse-Chor auch, am Ende bin ich dann in der Blogger-Lounge gelandet.<\/p>\n<p><img loading=\"lazy\" decoding=\"async\" class=\"alignnone size-medium wp-image-806\" src=\"http:\/\/findosbuecher.com\/wp-content\/uploads\/2017\/03\/P1050737-300x225.jpg\" alt=\"p1050737\" width=\"300\" height=\"225\" srcset=\"https:\/\/findosbuecher.com\/wp-content\/uploads\/2017\/03\/P1050737-300x225.jpg 300w, https:\/\/findosbuecher.com\/wp-content\/uploads\/2017\/03\/P1050737-768x576.jpg 768w, https:\/\/findosbuecher.com\/wp-content\/uploads\/2017\/03\/P1050737-1024x768.jpg 1024w, https:\/\/findosbuecher.com\/wp-content\/uploads\/2017\/03\/P1050737-600x450.jpg 600w, https:\/\/findosbuecher.com\/wp-content\/uploads\/2017\/03\/P1050737-1200x900.jpg 1200w, https:\/\/findosbuecher.com\/wp-content\/uploads\/2017\/03\/P1050737.jpg 320w\" sizes=\"auto, (max-width: 300px) 100vw, 300px\" \/><\/p>\n<p>Ist ganz nett, diese Ecke dort und der Kaffee etwas g\u00fcnstiger als sonst auf der Messe aber dort zeigten sich bei allen, ich landete dann bei einer Gruppe Booktubern, die Ersch\u00f6pfungserscheinungen einer solchen Messe.<\/p>\n<p>Man l\u00e4uft halt viel rum, steht viel und tr\u00e4gt auch seine P\u00e4kchen. Oder R\u00fccksack. Oder Tasche. Jedenfalls haben wir alle nichts mehr gemacht, sondern nur noch miteinander gesprochen und auch das werde ich weiter verfolgen.<\/p>\n<p>Die Booktuber kennen sich alle untereinander und sind ein genau so eingeschworener Haufen wie wir BTler, haben mich Blogger aber trotzdem in ihre Mitte gelassen und das ist doch etwas.<\/p>\n<p>Da ich die Videos wahrscheinlich nicht anders einbinden werde k\u00f6nnen, wird es wohl Zeit meinen YT-Kanal wieder zu aktivieren. Wer wei\u00df?<\/p>\n<p>Damit ging dann auch dieser Tag zu Ende. Ich danke euch daf\u00fcr, wieder eine wunderbare Messezeit mit euch verbracht haben zu d\u00fcrfen und viel gesehen zu haben.<\/p>\n<figure id=\"attachment_807\" aria-describedby=\"caption-attachment-807\" style=\"width: 300px\" class=\"wp-caption alignnone\"><img loading=\"lazy\" decoding=\"async\" class=\"size-medium wp-image-807\" src=\"http:\/\/findosbuecher.com\/wp-content\/uploads\/2017\/03\/P1050719-300x225.jpg\" alt=\"Ciao, Leipziger Buchmesse. Bis zum n\u00e4chsten Jahr.\" width=\"300\" height=\"225\" srcset=\"https:\/\/findosbuecher.com\/wp-content\/uploads\/2017\/03\/P1050719-300x225.jpg 300w, https:\/\/findosbuecher.com\/wp-content\/uploads\/2017\/03\/P1050719-768x576.jpg 768w, https:\/\/findosbuecher.com\/wp-content\/uploads\/2017\/03\/P1050719-1024x768.jpg 1024w, https:\/\/findosbuecher.com\/wp-content\/uploads\/2017\/03\/P1050719-600x450.jpg 600w, https:\/\/findosbuecher.com\/wp-content\/uploads\/2017\/03\/P1050719-1200x900.jpg 1200w, https:\/\/findosbuecher.com\/wp-content\/uploads\/2017\/03\/P1050719.jpg 320w\" sizes=\"auto, (max-width: 300px) 100vw, 300px\" \/><figcaption id=\"caption-attachment-807\" class=\"wp-caption-text\">Ciao, Leipziger Buchmesse. Bis zum n\u00e4chsten Jahr.<\/figcaption><\/figure>\n<p>Meine Visitenkarten waren am Ende komplett weg, der Beutel und der Rucksack schwer und die F\u00fc\u00dfe auch. Es hat sich aber gelohnt. So viele Kontakte sind entstanden und so viele Ideen.<\/p>\n<p>Viele Verlage waren sehr freundlich und interessante Menschen habe ich jeden Tag treffen d\u00fcrfen. Und so freue ich mich schon auf das n\u00e4chste Jahr, euch wiederzusehen.<\/p>\n<p>Es folgt noch: &#8211; der Messe-Haul, dann sind wir durch<\/p>\n<p><em> Die Interviews werde ich zu gegebener Zeit reinstellen, wenn ich sie gesichtet und bearbeitet habe. Und an einem vern\u00fcnftigen, dazu f\u00e4higen Computer sitze. Das dauert aber noch ein wenig.<\/em><\/p>\n<p>Die Messe hatte nicht nur einen neuen Besucherrekord zu verzeichnen, sondern war auch f\u00fcr mich sehr erfolgreich. Ich habe viele nette und interessante Menschen getroffen. Booktuber, andere Blogger und Autoren. Eine Messe unter den Motto &#8222;Begegnungen&#8220;. Hat mir sehr viel Spa\u00df gemacht. Ich freue mich schon auf die n\u00e4chste Leipziger Buchmesse.<\/p>\n<p>\u00a0<\/p>\n\n\n<div class=\"wp-block-uagb-info-box uagb-block-4fedb741 uagb-infobox__content-wrap  uagb-infobox-icon-above-title uagb-infobox-image-valign-top\"><div class=\"uagb-ifb-content\"><div class=\"uagb-ifb-title-wrap\"><h3 class=\"uagb-ifb-title\">Der virtuelle Spendenhut<\/h3><\/div><p class=\"uagb-ifb-desc\">Dir hat der Beitrag gefallen? Dann freue ich mich \u00fcber eine virtuelle <a href=\"https:\/\/www.paypal.com\/paypalme\/findosbuechercom\/\" target=\"_blank\" rel=\"noreferrer noopener\">Spende<\/a>. Vielen lieben Dank.<\/p><\/div><\/div>\n","protected":false},"excerpt":{"rendered":"<p>Am Samstag hatte ich mir nicht so viel vorgenommen, auch wenn ich hier wieder das Stativ mitgenommen hatte. Auch an diesem Tag sollte ein Interview stattfinden, doch zuvor habe ich mir einen Vortrag zu einem Reisebericht \u00fcber S\u00fcdkorea angeh\u00f6rt.<\/p>\n","protected":false},"author":1,"featured_media":0,"comment_status":"open","ping_status":"open","sticky":false,"template":"","format":"image","meta":{"_uag_custom_page_level_css":"","site-sidebar-layout":"default","site-content-layout":"","ast-site-content-layout":"default","site-content-style":"default","site-sidebar-style":"default","ast-global-header-display":"","ast-banner-title-visibility":"","ast-main-header-display":"","ast-hfb-above-header-display":"","ast-hfb-below-header-display":"","ast-hfb-mobile-header-display":"","site-post-title":"","ast-breadcrumbs-content":"","ast-featured-img":"","footer-sml-layout":"","ast-disable-related-posts":"","theme-transparent-header-meta":"","adv-header-id-meta":"","stick-header-meta":"","header-above-stick-meta":"","header-main-stick-meta":"","header-below-stick-meta":"","astra-migrate-meta-layouts":"default","ast-page-background-enabled":"default","ast-page-background-meta":{"desktop":{"background-color":"","background-image":"","background-repeat":"repeat","background-position":"center center","background-size":"auto","background-attachment":"scroll","background-type":"","background-media":"","overlay-type":"","overlay-color":"","overlay-opacity":"","overlay-gradient":""},"tablet":{"background-color":"","background-image":"","background-repeat":"repeat","background-position":"center center","background-size":"auto","background-attachment":"scroll","background-type":"","background-media":"","overlay-type":"","overlay-color":"","overlay-opacity":"","overlay-gradient":""},"mobile":{"background-color":"","background-image":"","background-repeat":"repeat","background-position":"center center","background-size":"auto","background-attachment":"scroll","background-type":"","background-media":"","overlay-type":"","overlay-color":"","overlay-opacity":"","overlay-gradient":""}},"ast-content-background-meta":{"desktop":{"background-color":"var(--ast-global-color-5)","background-image":"","background-repeat":"repeat","background-position":"center center","background-size":"auto","background-attachment":"scroll","background-type":"","background-media":"","overlay-type":"","overlay-color":"","overlay-opacity":"","overlay-gradient":""},"tablet":{"background-color":"var(--ast-global-color-5)","background-image":"","background-repeat":"repeat","background-position":"center center","background-size":"auto","background-attachment":"scroll","background-type":"","background-media":"","overlay-type":"","overlay-color":"","overlay-opacity":"","overlay-gradient":""},"mobile":{"background-color":"var(--ast-global-color-5)","background-image":"","background-repeat":"repeat","background-position":"center center","background-size":"auto","background-attachment":"scroll","background-type":"","background-media":"","overlay-type":"","overlay-color":"","overlay-opacity":"","overlay-gradient":""}},"book_review_cover_url":"","book_review_title":"","book_review_series":"","book_review_author":"","book_review_genre":"","book_review_isbn":"","book_review_publisher":"","book_review_release_date":"","book_review_format":"","book_review_pages":"","book_review_source":"","book_review_rating":"","book_review_summary":"","footnotes":""},"categories":[595],"tags":[605,607,612,597,504,93,596,611,610,609,608,606],"class_list":["post-801","post","type-post","status-publish","format-image","hentry","category-buchmessen-und-veranstaltungen","tag-buchtoaster","tag-katja-brandis","tag-katrin-weber","tag-lbm2017","tag-leiche","tag-leipzig","tag-leipziger-buchmesse","tag-rafael-kuehn","tag-true-crime","tag-tsokos","tag-woodwalkers","tag-youtube","post_format-post-format-image"],"uagb_featured_image_src":{"full":false,"thumbnail":false,"medium":false,"medium_large":false,"large":false,"wps_thumbnail_size":false,"1536x1536":false,"2048x2048":false,"buchcover":false},"uagb_author_info":{"display_name":"findo","author_link":"https:\/\/findosbuecher.com\/?author=1"},"uagb_comment_info":0,"uagb_excerpt":"Am Samstag hatte ich mir nicht so viel vorgenommen, auch wenn ich hier wieder das Stativ mitgenommen hatte. Auch an diesem Tag sollte ein Interview stattfinden, doch zuvor habe ich mir einen Vortrag zu einem Reisebericht \u00fcber S\u00fcdkorea angeh\u00f6rt.","_links":{"self":[{"href":"https:\/\/findosbuecher.com\/index.php?rest_route=\/wp\/v2\/posts\/801","targetHints":{"allow":["GET"]}}],"collection":[{"href":"https:\/\/findosbuecher.com\/index.php?rest_route=\/wp\/v2\/posts"}],"about":[{"href":"https:\/\/findosbuecher.com\/index.php?rest_route=\/wp\/v2\/types\/post"}],"author":[{"embeddable":true,"href":"https:\/\/findosbuecher.com\/index.php?rest_route=\/wp\/v2\/users\/1"}],"replies":[{"embeddable":true,"href":"https:\/\/findosbuecher.com\/index.php?rest_route=%2Fwp%2Fv2%2Fcomments&post=801"}],"version-history":[{"count":3,"href":"https:\/\/findosbuecher.com\/index.php?rest_route=\/wp\/v2\/posts\/801\/revisions"}],"predecessor-version":[{"id":7497,"href":"https:\/\/findosbuecher.com\/index.php?rest_route=\/wp\/v2\/posts\/801\/revisions\/7497"}],"wp:attachment":[{"href":"https:\/\/findosbuecher.com\/index.php?rest_route=%2Fwp%2Fv2%2Fmedia&parent=801"}],"wp:term":[{"taxonomy":"category","embeddable":true,"href":"https:\/\/findosbuecher.com\/index.php?rest_route=%2Fwp%2Fv2%2Fcategories&post=801"},{"taxonomy":"post_tag","embeddable":true,"href":"https:\/\/findosbuecher.com\/index.php?rest_route=%2Fwp%2Fv2%2Ftags&post=801"}],"curies":[{"name":"wp","href":"https:\/\/api.w.org\/{rel}","templated":true}]}}