{"id":7727,"date":"2023-10-25T07:55:41","date_gmt":"2023-10-25T07:55:41","guid":{"rendered":"https:\/\/findosbuecher.com\/?p=7727"},"modified":"2023-10-25T07:55:48","modified_gmt":"2023-10-25T07:55:48","slug":"fatih-cevikkollu-kartonwand","status":"publish","type":"post","link":"https:\/\/findosbuecher.com\/?p=7727","title":{"rendered":"Fatih Cevikkollu: Kartonwand"},"content":{"rendered":"\n<div itemscope itemtype=\"https:\/\/schema.org\/Book\" class=\"wp-block-book-review-block-book-review book-review-block\">\n<figure class=\"wp-block-image aligncenter size-large\"><img loading=\"lazy\" decoding=\"async\" width=\"649\" height=\"1024\" itemprop=\"image\" src=\"https:\/\/findosbuecher.com\/wp-content\/uploads\/2023\/10\/9783462003260-649x1024.jpg\" alt=\"\" class=\"wp-image-7728\" srcset=\"https:\/\/findosbuecher.com\/wp-content\/uploads\/2023\/10\/9783462003260-649x1024.jpg 649w, https:\/\/findosbuecher.com\/wp-content\/uploads\/2023\/10\/9783462003260-190x300.jpg 190w, https:\/\/findosbuecher.com\/wp-content\/uploads\/2023\/10\/9783462003260-768x1212.jpg 768w, https:\/\/findosbuecher.com\/wp-content\/uploads\/2023\/10\/9783462003260-973x1536.jpg 973w, https:\/\/findosbuecher.com\/wp-content\/uploads\/2023\/10\/9783462003260-1298x2048.jpg 1298w, https:\/\/findosbuecher.com\/wp-content\/uploads\/2023\/10\/9783462003260-309x487.jpg 309w, https:\/\/findosbuecher.com\/wp-content\/uploads\/2023\/10\/9783462003260.jpg 1600w\" sizes=\"auto, (max-width: 649px) 100vw, 649px\" \/><\/figure>\n\n\n\n<div class=\"wp-block-book-review-block-metadata book-review-block__meta\"><div class=\"book-review-block__meta-item book-review-block__meta-item-title\"><div itemprop=\"name\" class=\"book-review-block__meta-item-value\">Kartonwand<\/div><\/div><div class=\"book-review-block__meta-item book-review-block__meta-item-series\"><div class=\"book-review-block__meta-item-value\">Fatih Cevikkollu<\/div><\/div><div itemscope itemtype=\"https:\/\/schema.org\/Person\" itemprop=\"author\" class=\"book-review-block__meta-item book-review-block__meta-item-author\"><div itemprop=\"name\" class=\"book-review-block__meta-item-value\">Rezensionsexemplar\/Familiengeschichte<\/div><\/div><div class=\"book-review-block__meta-item book-review-block__meta-item-genre\"><div itemprop=\"genre\" class=\"book-review-block__meta-item-value\">Kiepenheuer &amp; Witsch<\/div><\/div><div itemscope itemtype=\"https:\/\/schema.org\/Organization\" itemprop=\"publisher\" class=\"book-review-block__meta-item book-review-block__meta-item-publisher\"><div itemprop=\"name\" class=\"book-review-block__meta-item-value\">Erschienen am: 17.08.2023<\/div><\/div><div class=\"book-review-block__meta-item book-review-block__meta-item-release-date\"><div itemprop=\"datePublished\" class=\"book-review-block__meta-item-value\">Softcover<\/div><\/div><div class=\"book-review-block__meta-item book-review-block__meta-item-format\"><div class=\"book-review-block__meta-item-value\">Seiten: 208<\/div><\/div><div class=\"book-review-block__meta-item book-review-block__meta-item-pages\"><div itemprop=\"numberOfPages\" class=\"book-review-block__meta-item-value\">ISBN: <a href=\"https:\/\/www.kiwi-verlag.de\/buch\/fatih-cevikkollu-kartonwand-9783462003260\">978-3-462-00326-0<\/a><\/div><\/div><div class=\"book-review-block__meta-item book-review-block__meta-item-source\"><div class=\"book-review-block__meta-item-value\"><\/div><\/div><\/div>\n\n\n\n<div itemscope itemtype=\"https:\/\/schema.org\/Review\" itemprop=\"review\" class=\"wp-block-book-review-block-rating\"><span itemscope itemtype=\"https:\/\/schema.org\/Person\" itemprop=\"author\"><meta itemprop=\"name\" content=\"findo\"\/><\/span><div itemscope itemtype=\"https:\/\/schema.org\/Rating\" itemprop=\"reviewRating\" class=\"book-review-block__rating book-review-block__review-rating\"><meta itemprop=\"ratingValue\" content=\"4\"\/><div class=\"book-review-block__rating-buttons\"><span class=\"book-review-block__rating-button\" role=\"button\" tabindex=\"0\"><span><svg xmlns=\"https:\/\/www.w3.org\/2000\/svg\" width=\"24\" height=\"24\" viewBox=\"0 0 24 24\"><path fill=\"#eba845\" stroke=\"#eba845\" d=\"M12,17.3l6.2,3.7l-1.6-7L22,9.2l-7.2-0.6L12,2L9.2,8.6L2,9.2L7.5,14l-1.6,7L12,17.3z\"><\/path><\/svg><\/span><span><svg xmlns=\"https:\/\/www.w3.org\/2000\/svg\" width=\"24\" height=\"24\" viewBox=\"0 0 24 24\"><path fill=\"#eba845\" stroke=\"#eba845\" d=\"M12,17.3l6.2,3.7l-1.6-7L22,9.2l-7.2-0.6L12,2L9.2,8.6L2,9.2L7.5,14l-1.6,7L12,17.3z\"><\/path><\/svg><\/span><\/span><span class=\"book-review-block__rating-button\" role=\"button\" tabindex=\"0\"><span><svg xmlns=\"https:\/\/www.w3.org\/2000\/svg\" width=\"24\" height=\"24\" viewBox=\"0 0 24 24\"><path fill=\"#eba845\" stroke=\"#eba845\" d=\"M12,17.3l6.2,3.7l-1.6-7L22,9.2l-7.2-0.6L12,2L9.2,8.6L2,9.2L7.5,14l-1.6,7L12,17.3z\"><\/path><\/svg><\/span><span><svg xmlns=\"https:\/\/www.w3.org\/2000\/svg\" width=\"24\" height=\"24\" viewBox=\"0 0 24 24\"><path fill=\"#eba845\" stroke=\"#eba845\" d=\"M12,17.3l6.2,3.7l-1.6-7L22,9.2l-7.2-0.6L12,2L9.2,8.6L2,9.2L7.5,14l-1.6,7L12,17.3z\"><\/path><\/svg><\/span><\/span><span class=\"book-review-block__rating-button\" role=\"button\" tabindex=\"0\"><span><svg xmlns=\"https:\/\/www.w3.org\/2000\/svg\" width=\"24\" height=\"24\" viewBox=\"0 0 24 24\"><path fill=\"#eba845\" stroke=\"#eba845\" d=\"M12,17.3l6.2,3.7l-1.6-7L22,9.2l-7.2-0.6L12,2L9.2,8.6L2,9.2L7.5,14l-1.6,7L12,17.3z\"><\/path><\/svg><\/span><span><svg xmlns=\"https:\/\/www.w3.org\/2000\/svg\" width=\"24\" height=\"24\" viewBox=\"0 0 24 24\"><path fill=\"#eba845\" stroke=\"#eba845\" d=\"M12,17.3l6.2,3.7l-1.6-7L22,9.2l-7.2-0.6L12,2L9.2,8.6L2,9.2L7.5,14l-1.6,7L12,17.3z\"><\/path><\/svg><\/span><\/span><span class=\"book-review-block__rating-button\" role=\"button\" tabindex=\"0\"><span><svg xmlns=\"https:\/\/www.w3.org\/2000\/svg\" width=\"24\" height=\"24\" viewBox=\"0 0 24 24\"><path fill=\"#eba845\" stroke=\"#eba845\" d=\"M12,17.3l6.2,3.7l-1.6-7L22,9.2l-7.2-0.6L12,2L9.2,8.6L2,9.2L7.5,14l-1.6,7L12,17.3z\"><\/path><\/svg><\/span><span><svg xmlns=\"https:\/\/www.w3.org\/2000\/svg\" width=\"24\" height=\"24\" viewBox=\"0 0 24 24\"><path fill=\"#eba845\" stroke=\"#eba845\" d=\"M12,17.3l6.2,3.7l-1.6-7L22,9.2l-7.2-0.6L12,2L9.2,8.6L2,9.2L7.5,14l-1.6,7L12,17.3z\"><\/path><\/svg><\/span><\/span><span class=\"book-review-block__rating-button\" role=\"button\" tabindex=\"0\"><span><svg xmlns=\"https:\/\/www.w3.org\/2000\/svg\" width=\"24\" height=\"24\" viewBox=\"0 0 24 24\"><path class=\"is-rating-unfilled\" fill=\"#eba845\" stroke=\"#eba845\" d=\"M12,17.3l6.2,3.7l-1.6-7L22,9.2l-7.2-0.6L12,2L9.2,8.6L2,9.2L7.5,14l-1.6,7L12,17.3z\"><\/path><\/svg><\/span><span><svg xmlns=\"https:\/\/www.w3.org\/2000\/svg\" width=\"24\" height=\"24\" viewBox=\"0 0 24 24\"><path class=\"is-rating-unfilled\" fill=\"#eba845\" stroke=\"#eba845\" d=\"M12,17.3l6.2,3.7l-1.6-7L22,9.2l-7.2-0.6L12,2L9.2,8.6L2,9.2L7.5,14l-1.6,7L12,17.3z\"><\/path><\/svg><\/span><\/span><\/div><\/div><\/div>\n\n\n\n<div class=\"wp-block-book-review-block-description book-review-block__description\"><p><\/p><\/div>\n<\/div>\n\n\n\n<p><strong>Inhalt:<\/strong><\/p>\n\n\n\n<p>Sie steht symbolisch f\u00fcr den Traum vom baldigen Gl\u00fcck in der Heimat: eine ganze Wand aus Kartons, in denen alles verstaut wird, was sch\u00f6n und wertvoll ist &#8211; f\u00fcr das sp\u00e4tere Leben in der T\u00fcrkei. Was macht es mit Menschen, wenn sie irgendwann merken: der Traum zur\u00fcckzukehren hat sich nicht erf\u00fcllt? Und das neue Zuhause m\u00f6chte einen lieber heute als morgen loswerden, egal, wie lange man schon hier lebt und wie sehr man sich auch anstrengt?<\/p>\n\n\n\n<p>Fatih Cevikkollu erz\u00e4hlt von den generations\u00fcbergreifenden Wunden, die die Arbeitsmigration gerissen hat, und gibt so einer bisher \u00fcbersehenen Gruppe eine Stimme: die der sogenannten &#8222;Gastarbeiter&#8220; und ihrer Familien. (Klappentext)<\/p>\n\n\n\n<p><strong>Rezension:<\/strong><\/p>\n\n\n\n<p>In einer Mischung aus Familiengeschichte, Biografie, Bericht und Zustandsbeschreibung sucht der Theater- und Fernsehschauspieler Fatih Cevikkollu Antworten auf dr\u00e4ngende Fragen, die sich f\u00fcr ihn sp\u00e4testens seit dem Tod seiner Mutter, hintergr\u00fcndig jedoch schon viel eher gestellt hatten. Wo liegen Ursachen und ausl\u00f6sende Momente der Psychose, die sie ins Ungl\u00fcck st\u00fcrzten und an denen die Familie augenscheinlich zerbrach und wie weit reichen die Geschehnisse, so sie es tun, in das Tun und Wirken seiner, d. h. der nachfolgenden Generation hinein?<\/p>\n\n\n\n<p>Die Eltern geh\u00f6ren zur ersten Generation der sogenannten Arbeitsmigranten, die in den 1960er Jahren im Rahmen des Abwerbeabkommens mit der T\u00fcrkei nach Deutschland kamen und so einen bedeuteten Anteil zum Wirtschaftswunder der Nachkriegszeit beitrugen. Gedankt wurde es ihnen nicht. Der deutsche Staat nicht gewillt, herkommende Menschen zu integrieren, macht es ihnen bis heute nicht leicht, die Gesellschaft ebenso wenig, auch in der urspr\u00fcnglichen Heimat war sp\u00e4ter kaum ein Ankn\u00fcpfen m\u00f6glich. Und so blieb diese Generation entwurzelt ohne neue Wurzeln schlagen zu k\u00f6nnen. Dies hatte, ebenso auf sie wie auf die Kinder ihren Einfluss.<\/p>\n\n\n\n<p>Fatih Cevikkollu begibt sich auf die siche, sp\u00fcrt der eigenen Familiengeschichte nach und analysiert zun\u00e4chst die geschichtlichen Grundlagen und Ausgangsvoraussetzungen, auf die der neue deutsche Staat nach Kriegsende fu\u00dfte und welche \u00dcberlegungen seitens Politik und Gesellschaft den Anwerbeabkommen vorausgingen. Darauf aufbauend nimmt er die eigene Familiengeschichte in Bezug. Lassen sich so seine dr\u00e4ngensten Fragen kl\u00e4ren? Wie weit gelten sie?<br><br>F\u00fcr die Familie, f\u00fcr die Mutter, die eigentlich psychologischer Hilfe bedurft h\u00e4tte, aber nie Zugang dazu bekam. Zugleich sachlich und einf\u00fchlsam analysiert er in kompakter Form diese Punkte und setzt sie zueinander in Bezug. Anhand von pers\u00f6nlich Erlebten, ob von Familienmitgliedern erz\u00e4hlt oder aus der eigenen Erinnerung heraus, wird das Erz\u00e4hlte verdeutlicht und gibt so einen Einblick in eine Thematik, die bisher kaum registriert wurden ist. Dabei kennt man die Grundproblematik durchaus, in Bezug auf die nachfolgenden Generationen der \u00dcberlebenden des Holocausts und der Frage, warum habe ich \u00fcberlebt? Abgesehen von der Fragestellung ist die Frage, in wie weit Traumata in nachfolgende Generationen hineinreichen, die gleiche.<\/p>\n\n\n\n<p>Der Autor hat sich in &#8222;Kartonwand&#8220; ein wichtiges St\u00fcck der j\u00fcngeren Zeitgeschichte vorgenommen, deren Riss sich durch viele Familien in Deutschland und der T\u00fcrkei zieht und ihre Spuren hinterlassen hat. Von der Ausgangssituation folgen wir seinen Ausf\u00fchrungen \u00fcber die erste Generation der Migranten bis ins heute zu einem Zeitpunkt, in der deren Kinder l\u00e4ngst erwachsen sind und als Folge ihren Platz in der Gesellschaft suchen m\u00fcssen, was ihnen immernoch erschwert wird.<\/p>\n\n\n\n<p>Wie viel k\u00f6nnen Menschen aushalten, denen \u00fcbergreifend immer wieder verdeutlicht wird, dass kein Platz f\u00fcr sie vorgesehen ist. Cevikkollu m\u00f6chte verstehen, jedoch auch die Aufmerksamkeit schaffen, am Beispiel seiner Familie, welche seelichen Wunden da geschaffen wurden und dass unsere Gesellschaft dies verstehen und danach handeln muss. Zwischen den Zeilen ist berechtigt zu lesen, hier kommt ein Land schlicht und einfach einer F\u00fcrsorgepflicht gegen\u00fcber denen nach, die alles Recht dazu h\u00e4tten, dies einzufordern, auch r\u00fcckwirkend, zumal wenn man sieht, dass es eben doch bei zahlreichen Beispielen funktioniert, wie man z. B. an den ukrainischen Fl\u00fcchtlingen sieht. Da wurde viel richtig gemacht. Warum nicht so, von Anfang an.<\/p>\n\n\n\n<p>Dies wird nur kurz angesprochen, dem Autoren liegt es fern, Menschen gegeneinander auszuspielen, aber er m\u00f6chte verdeutlichen und zieht Vergleiche, um zu veranschaulichen. Positiv hervorzuheben ist zudem, dass er nicht auf Allgemeing\u00fcltigkeit besteht, sich vor allem auf das Schicksal seiner Mutter und Familie beschr\u00e4nkt und stetig versucht, diesen Fokus aufrechtzuerhalten, um sich so auch viele Gegebenheiten aus seiner Kindheit im Nachhinein zu erkl\u00e4ren.<\/p>\n\n\n\n<p>Die detailreiche familienbiografische Analyse, die sich nicht so trocken liest, wie das klingen mag, l\u00e4sst einem fassungslos zur\u00fcck, zudem wenn man wei\u00df, wie ein Land und seine Gesellschaft den gleichen Fehler mehrfach begehtm, bis heute. Ausnahmen, siehe oben. &#8222;Kartonwand&#8220; regt zum Nachdenken an und schafft Grundlage, nicht nur anhand dieser Familiengeschichte etwas aufzuarbeiten, wor\u00fcber bisher \u00fcberwiegend geschwiegen wurde. Von beiden Seiten.<\/p>\n\n\n\n<p>In sofern ist dies ein wichtiger, dennoch kurzweilig formulierter, Text, sowohl f\u00fcr Betroffene, vielleicht als Anlass ebenfalls die eigene Familiengeschichte zu verstehen, andererseits die Stimme zu erheben und f\u00fcr die Gesellschaft sollte es ein wichtiger Denkansto\u00df sein. Vielleicht lassen sich so auch Handlungs- und Denkweisen bestimmter Gruppen nachvollziehen, um k\u00fcnftig Ursachen, die sich so auswirken, gleich aus den Weg r\u00e4umen. Wenn der Autor mit der Geschichte seiner Familie dazu einen Ansto\u00df gegeben hat, hat er mit &#8222;Kartonwand&#8220; etwas erreicht.<\/p>\n\n\n\n<p><strong>Autor:<\/strong><\/p>\n\n\n\n<p>Fatih Cevikkollu wurde 1972 in K\u00f6ln geboren und ist ein deutscher Theater-, Film- und Fernsehschauspieler und Kabarettist. Er arbeitete zun\u00e4chst als Theaterschauspieler, bevor er an der Hochschule Ernst Busch in Berlin studierte und ans D\u00fcsseldorfer Schauspielhaus ging.<\/p>\n\n\n\n<p>Sp\u00e4ter \u00fcbernahm er eine Rolle in der Fernsehserie &#8222;Alles Atze&#8220;, spielte auch verschiedene Film- und Fernsehrollen. Seit Mitte der 1990er Jahre war er zudem Mitglied der Hip-Hop-Gruppe Shakkah. 2006 bekam er den Jurypreis Prix Pantheon und 2008 folgte die Ver\u00f6ffentlichung seines ersten Buches, dem weitere folgten. F\u00fcr seine Arbeit wurde er mehrfach ausgezeichnet.<\/p>\n\n\n\n<div class=\"wp-block-uagb-info-box uagb-block-4fedb741 uagb-infobox__content-wrap  uagb-infobox-icon-above-title uagb-infobox-image-valign-top\"><div class=\"uagb-ifb-content\"><div class=\"uagb-ifb-title-wrap\"><h3 class=\"uagb-ifb-title\">Der virtuelle Spendenhut<\/h3><\/div><p class=\"uagb-ifb-desc\">Dir hat der Beitrag gefallen? Dann freue ich mich \u00fcber eine virtuelle <a href=\"https:\/\/www.paypal.com\/paypalme\/findosbuechercom\/\" target=\"_blank\" rel=\"noreferrer noopener\">Spende<\/a>. Vielen lieben Dank.<\/p><\/div><\/div>\n","protected":false},"excerpt":{"rendered":"<p>Inhalt: Sie steht symbolisch f\u00fcr den Traum vom baldigen Gl\u00fcck in der Heimat: eine ganze Wand aus Kartons, in denen alles verstaut wird, was sch\u00f6n und wertvoll ist &#8211; f\u00fcr das sp\u00e4tere Leben in der T\u00fcrkei. Was macht es mit Menschen, wenn sie irgendwann merken: der Traum zur\u00fcckzukehren hat sich nicht erf\u00fcllt? Und das neue [&hellip;]<\/p>\n","protected":false},"author":1,"featured_media":0,"comment_status":"open","ping_status":"open","sticky":false,"template":"","format":"standard","meta":{"_uag_custom_page_level_css":"","site-sidebar-layout":"default","site-content-layout":"","ast-site-content-layout":"default","site-content-style":"default","site-sidebar-style":"default","ast-global-header-display":"","ast-banner-title-visibility":"","ast-main-header-display":"","ast-hfb-above-header-display":"","ast-hfb-below-header-display":"","ast-hfb-mobile-header-display":"","site-post-title":"","ast-breadcrumbs-content":"","ast-featured-img":"","footer-sml-layout":"","ast-disable-related-posts":"","theme-transparent-header-meta":"","adv-header-id-meta":"","stick-header-meta":"","header-above-stick-meta":"","header-main-stick-meta":"","header-below-stick-meta":"","astra-migrate-meta-layouts":"set","ast-page-background-enabled":"default","ast-page-background-meta":{"desktop":{"background-color":"","background-image":"","background-repeat":"repeat","background-position":"center center","background-size":"auto","background-attachment":"scroll","background-type":"","background-media":"","overlay-type":"","overlay-color":"","overlay-opacity":"","overlay-gradient":""},"tablet":{"background-color":"","background-image":"","background-repeat":"repeat","background-position":"center center","background-size":"auto","background-attachment":"scroll","background-type":"","background-media":"","overlay-type":"","overlay-color":"","overlay-opacity":"","overlay-gradient":""},"mobile":{"background-color":"","background-image":"","background-repeat":"repeat","background-position":"center center","background-size":"auto","background-attachment":"scroll","background-type":"","background-media":"","overlay-type":"","overlay-color":"","overlay-opacity":"","overlay-gradient":""}},"ast-content-background-meta":{"desktop":{"background-color":"var(--ast-global-color-5)","background-image":"","background-repeat":"repeat","background-position":"center center","background-size":"auto","background-attachment":"scroll","background-type":"","background-media":"","overlay-type":"","overlay-color":"","overlay-opacity":"","overlay-gradient":""},"tablet":{"background-color":"var(--ast-global-color-5)","background-image":"","background-repeat":"repeat","background-position":"center center","background-size":"auto","background-attachment":"scroll","background-type":"","background-media":"","overlay-type":"","overlay-color":"","overlay-opacity":"","overlay-gradient":""},"mobile":{"background-color":"var(--ast-global-color-5)","background-image":"","background-repeat":"repeat","background-position":"center center","background-size":"auto","background-attachment":"scroll","background-type":"","background-media":"","overlay-type":"","overlay-color":"","overlay-opacity":"","overlay-gradient":""}},"book_review_cover_url":"","book_review_title":"","book_review_series":"","book_review_author":"","book_review_genre":"","book_review_isbn":"","book_review_publisher":"","book_review_release_date":"","book_review_format":"","book_review_pages":"","book_review_source":"","book_review_rating":"","book_review_summary":"","footnotes":""},"categories":[4],"tags":[25,1837,87,17,16,3981,1059,1058,301,30,1129,180,29],"class_list":["post-7727","post","type-post","status-publish","format-standard","hentry","category-rezension","tag-biografie","tag-deutschland-2","tag-familie","tag-geschichte","tag-gesellschaft","tag-immigration","tag-kiepenheuer-witsch","tag-kiwi","tag-leben","tag-politik","tag-tuerkei","tag-wirtschaftswunder","tag-zeitgeschichte"],"uagb_featured_image_src":{"full":false,"thumbnail":false,"medium":false,"medium_large":false,"large":false,"wps_thumbnail_size":false,"1536x1536":false,"2048x2048":false,"buchcover":false},"uagb_author_info":{"display_name":"findo","author_link":"https:\/\/findosbuecher.com\/?author=1"},"uagb_comment_info":0,"uagb_excerpt":"Inhalt: Sie steht symbolisch f\u00fcr den Traum vom baldigen Gl\u00fcck in der Heimat: eine ganze Wand aus Kartons, in denen alles verstaut wird, was sch\u00f6n und wertvoll ist &#8211; f\u00fcr das sp\u00e4tere Leben in der T\u00fcrkei. Was macht es mit Menschen, wenn sie irgendwann merken: der Traum zur\u00fcckzukehren hat sich nicht erf\u00fcllt? Und das neue&hellip;","_links":{"self":[{"href":"https:\/\/findosbuecher.com\/index.php?rest_route=\/wp\/v2\/posts\/7727","targetHints":{"allow":["GET"]}}],"collection":[{"href":"https:\/\/findosbuecher.com\/index.php?rest_route=\/wp\/v2\/posts"}],"about":[{"href":"https:\/\/findosbuecher.com\/index.php?rest_route=\/wp\/v2\/types\/post"}],"author":[{"embeddable":true,"href":"https:\/\/findosbuecher.com\/index.php?rest_route=\/wp\/v2\/users\/1"}],"replies":[{"embeddable":true,"href":"https:\/\/findosbuecher.com\/index.php?rest_route=%2Fwp%2Fv2%2Fcomments&post=7727"}],"version-history":[{"count":1,"href":"https:\/\/findosbuecher.com\/index.php?rest_route=\/wp\/v2\/posts\/7727\/revisions"}],"predecessor-version":[{"id":7729,"href":"https:\/\/findosbuecher.com\/index.php?rest_route=\/wp\/v2\/posts\/7727\/revisions\/7729"}],"wp:attachment":[{"href":"https:\/\/findosbuecher.com\/index.php?rest_route=%2Fwp%2Fv2%2Fmedia&parent=7727"}],"wp:term":[{"taxonomy":"category","embeddable":true,"href":"https:\/\/findosbuecher.com\/index.php?rest_route=%2Fwp%2Fv2%2Fcategories&post=7727"},{"taxonomy":"post_tag","embeddable":true,"href":"https:\/\/findosbuecher.com\/index.php?rest_route=%2Fwp%2Fv2%2Ftags&post=7727"}],"curies":[{"name":"wp","href":"https:\/\/api.w.org\/{rel}","templated":true}]}}