{"id":7672,"date":"2023-10-05T13:41:32","date_gmt":"2023-10-05T13:41:32","guid":{"rendered":"https:\/\/findosbuecher.com\/?p=7672"},"modified":"2023-10-05T13:44:08","modified_gmt":"2023-10-05T13:44:08","slug":"lena-gilhaus-verschickungskinder","status":"publish","type":"post","link":"https:\/\/findosbuecher.com\/?p=7672","title":{"rendered":"Lena Gilhaus: Verschickungskinder"},"content":{"rendered":"\n<div itemscope itemtype=\"https:\/\/schema.org\/Book\" class=\"wp-block-book-review-block-book-review book-review-block\">\n<figure class=\"wp-block-image aligncenter size-large\"><img loading=\"lazy\" decoding=\"async\" width=\"633\" height=\"1024\" itemprop=\"image\" src=\"https:\/\/findosbuecher.com\/wp-content\/uploads\/2023\/10\/9783462002881-633x1024.jpg\" alt=\"\" class=\"wp-image-7673\" srcset=\"https:\/\/findosbuecher.com\/wp-content\/uploads\/2023\/10\/9783462002881-633x1024.jpg 633w, https:\/\/findosbuecher.com\/wp-content\/uploads\/2023\/10\/9783462002881-185x300.jpg 185w, https:\/\/findosbuecher.com\/wp-content\/uploads\/2023\/10\/9783462002881-768x1243.jpg 768w, https:\/\/findosbuecher.com\/wp-content\/uploads\/2023\/10\/9783462002881-949x1536.jpg 949w, https:\/\/findosbuecher.com\/wp-content\/uploads\/2023\/10\/9783462002881-1266x2048.jpg 1266w, https:\/\/findosbuecher.com\/wp-content\/uploads\/2023\/10\/9783462002881-301x487.jpg 301w, https:\/\/findosbuecher.com\/wp-content\/uploads\/2023\/10\/9783462002881.jpg 1524w\" sizes=\"auto, (max-width: 633px) 100vw, 633px\" \/><\/figure>\n\n\n\n<div class=\"wp-block-book-review-block-metadata book-review-block__meta\"><div class=\"book-review-block__meta-item book-review-block__meta-item-title\"><div itemprop=\"name\" class=\"book-review-block__meta-item-value\">Verschickungskinder &#8211; Eine verdr\u00e4ngte Geschichte<\/div><\/div><div class=\"book-review-block__meta-item book-review-block__meta-item-series\"><div class=\"book-review-block__meta-item-value\">Lena Gilhaus<\/div><\/div><div itemscope itemtype=\"https:\/\/schema.org\/Person\" itemprop=\"author\" class=\"book-review-block__meta-item book-review-block__meta-item-author\"><div itemprop=\"name\" class=\"book-review-block__meta-item-value\">Rezensionsexemplar\/Sachbuch<\/div><\/div><div class=\"book-review-block__meta-item book-review-block__meta-item-genre\"><div itemprop=\"genre\" class=\"book-review-block__meta-item-value\">Kiepenheuer &amp; Witsch<\/div><\/div><div itemscope itemtype=\"https:\/\/schema.org\/Organization\" itemprop=\"publisher\" class=\"book-review-block__meta-item book-review-block__meta-item-publisher\"><div itemprop=\"name\" class=\"book-review-block__meta-item-value\">Erschienen am: 06.07.2023<\/div><\/div><div class=\"book-review-block__meta-item book-review-block__meta-item-release-date\"><div itemprop=\"datePublished\" class=\"book-review-block__meta-item-value\">Hardcover<\/div><\/div><div class=\"book-review-block__meta-item book-review-block__meta-item-format\"><div class=\"book-review-block__meta-item-value\">Seiten: 352<\/div><\/div><div class=\"book-review-block__meta-item book-review-block__meta-item-pages\"><div itemprop=\"numberOfPages\" class=\"book-review-block__meta-item-value\">ISBN: <a href=\"https:\/\/www.kiwi-verlag.de\/buch\/lena-gilhaus-verschickungskinder-9783462002881\">978-3-462-00288-1<\/a><\/div><\/div><div class=\"book-review-block__meta-item book-review-block__meta-item-source\"><div class=\"book-review-block__meta-item-value\"><\/div><\/div><\/div>\n\n\n\n<div itemscope itemtype=\"https:\/\/schema.org\/Review\" itemprop=\"review\" class=\"wp-block-book-review-block-rating\"><span itemscope itemtype=\"https:\/\/schema.org\/Person\" itemprop=\"author\"><meta itemprop=\"name\" content=\"findo\"\/><\/span><div itemscope itemtype=\"https:\/\/schema.org\/Rating\" itemprop=\"reviewRating\" class=\"book-review-block__rating book-review-block__review-rating\"><meta itemprop=\"ratingValue\" content=\"4\"\/><div class=\"book-review-block__rating-buttons\"><span class=\"book-review-block__rating-button\" role=\"button\" tabindex=\"0\"><span><svg xmlns=\"https:\/\/www.w3.org\/2000\/svg\" width=\"24\" height=\"24\" viewBox=\"0 0 24 24\"><path fill=\"#eba845\" stroke=\"#eba845\" d=\"M12,17.3l6.2,3.7l-1.6-7L22,9.2l-7.2-0.6L12,2L9.2,8.6L2,9.2L7.5,14l-1.6,7L12,17.3z\"><\/path><\/svg><\/span><span><svg xmlns=\"https:\/\/www.w3.org\/2000\/svg\" width=\"24\" height=\"24\" viewBox=\"0 0 24 24\"><path fill=\"#eba845\" stroke=\"#eba845\" d=\"M12,17.3l6.2,3.7l-1.6-7L22,9.2l-7.2-0.6L12,2L9.2,8.6L2,9.2L7.5,14l-1.6,7L12,17.3z\"><\/path><\/svg><\/span><\/span><span class=\"book-review-block__rating-button\" role=\"button\" tabindex=\"0\"><span><svg xmlns=\"https:\/\/www.w3.org\/2000\/svg\" width=\"24\" height=\"24\" viewBox=\"0 0 24 24\"><path fill=\"#eba845\" stroke=\"#eba845\" d=\"M12,17.3l6.2,3.7l-1.6-7L22,9.2l-7.2-0.6L12,2L9.2,8.6L2,9.2L7.5,14l-1.6,7L12,17.3z\"><\/path><\/svg><\/span><span><svg xmlns=\"https:\/\/www.w3.org\/2000\/svg\" width=\"24\" height=\"24\" viewBox=\"0 0 24 24\"><path fill=\"#eba845\" stroke=\"#eba845\" d=\"M12,17.3l6.2,3.7l-1.6-7L22,9.2l-7.2-0.6L12,2L9.2,8.6L2,9.2L7.5,14l-1.6,7L12,17.3z\"><\/path><\/svg><\/span><\/span><span class=\"book-review-block__rating-button\" role=\"button\" tabindex=\"0\"><span><svg xmlns=\"https:\/\/www.w3.org\/2000\/svg\" width=\"24\" height=\"24\" viewBox=\"0 0 24 24\"><path fill=\"#eba845\" stroke=\"#eba845\" d=\"M12,17.3l6.2,3.7l-1.6-7L22,9.2l-7.2-0.6L12,2L9.2,8.6L2,9.2L7.5,14l-1.6,7L12,17.3z\"><\/path><\/svg><\/span><span><svg xmlns=\"https:\/\/www.w3.org\/2000\/svg\" width=\"24\" height=\"24\" viewBox=\"0 0 24 24\"><path fill=\"#eba845\" stroke=\"#eba845\" d=\"M12,17.3l6.2,3.7l-1.6-7L22,9.2l-7.2-0.6L12,2L9.2,8.6L2,9.2L7.5,14l-1.6,7L12,17.3z\"><\/path><\/svg><\/span><\/span><span class=\"book-review-block__rating-button\" role=\"button\" tabindex=\"0\"><span><svg xmlns=\"https:\/\/www.w3.org\/2000\/svg\" width=\"24\" height=\"24\" viewBox=\"0 0 24 24\"><path fill=\"#eba845\" stroke=\"#eba845\" d=\"M12,17.3l6.2,3.7l-1.6-7L22,9.2l-7.2-0.6L12,2L9.2,8.6L2,9.2L7.5,14l-1.6,7L12,17.3z\"><\/path><\/svg><\/span><span><svg xmlns=\"https:\/\/www.w3.org\/2000\/svg\" width=\"24\" height=\"24\" viewBox=\"0 0 24 24\"><path fill=\"#eba845\" stroke=\"#eba845\" d=\"M12,17.3l6.2,3.7l-1.6-7L22,9.2l-7.2-0.6L12,2L9.2,8.6L2,9.2L7.5,14l-1.6,7L12,17.3z\"><\/path><\/svg><\/span><\/span><span class=\"book-review-block__rating-button\" role=\"button\" tabindex=\"0\"><span><svg xmlns=\"https:\/\/www.w3.org\/2000\/svg\" width=\"24\" height=\"24\" viewBox=\"0 0 24 24\"><path class=\"is-rating-unfilled\" fill=\"#eba845\" stroke=\"#eba845\" d=\"M12,17.3l6.2,3.7l-1.6-7L22,9.2l-7.2-0.6L12,2L9.2,8.6L2,9.2L7.5,14l-1.6,7L12,17.3z\"><\/path><\/svg><\/span><span><svg xmlns=\"https:\/\/www.w3.org\/2000\/svg\" width=\"24\" height=\"24\" viewBox=\"0 0 24 24\"><path class=\"is-rating-unfilled\" fill=\"#eba845\" stroke=\"#eba845\" d=\"M12,17.3l6.2,3.7l-1.6-7L22,9.2l-7.2-0.6L12,2L9.2,8.6L2,9.2L7.5,14l-1.6,7L12,17.3z\"><\/path><\/svg><\/span><\/span><\/div><\/div><\/div>\n\n\n\n<div class=\"wp-block-book-review-block-description book-review-block__description\"><p><\/p><\/div>\n<\/div>\n\n\n\n<p><strong>Inhalt:<\/strong><\/p>\n\n\n\n<p>\u00dcber 15 Millionen Mal wurden Kinder in der BRD und der DDR seit 1945 zur Kur geschickt. F\u00fcr viele von ihnen waren diese Wochen pr\u00e4gend &#8211; und danach haben sie kaum dar\u00fcber geredet. Wie haben sie diese Zeit erlebt? Wer hat sie dort betreut? Was haben sie davon mitgenommen? Und welche Tiefenwirkungen hatte das f\u00fcr die Gesellschaft der Nachkriegszeit? (Klappentext)<\/p>\n\n\n\n<p><strong>Rezension:<\/strong><\/p>\n\n\n\n<p>Ein Gef\u00fchl der Unsicherheit und Beklemmung beschleichen dem Vater von Lena Gilhaus, der sich zusammen mit seiner Schwester und Tochter aufmacht, um die Spuren weniger Wochen auszumachen, die sein Leben im Unterbewusstsein f\u00fcr immer ver\u00e4ndert haben. Auf Sylt waren die Geschwister in ihrer Kindheit auf Kur, von den Eltern getrennt. Danach sollte nichts mehr so sein, wie zuvor. \u00dcber die Reise und Recherche ver\u00f6ffentlichte die Autorin kurz darauf einen Artikel und brachte damit eine Lawine ins Rollen. Lena Gilhaus stie\u00df auf immer mehr Geschichten von Menschen, die sich bei ihr meldeten oder in Foren sich selbst auf Spurensuche begeben hatten und auf Mauern des Schweigens stie\u00dfen. Das nun vorliegende Werk erz\u00e4hlt die Geschichte einiger von ihnen.<\/p>\n\n\n\n<p>Unter den Deckmantel von Gesundheitspr\u00e4vention und Erholungskuren wurden Sch\u00e4tzungen zufolge bis zu 15 Millionen Kinder wochenlang ihren Familien entnommen, in die Berge oder ans Meer geschickt, doch war der systemische Eingriff beh\u00f6rdlicher Institutionen nichts anderes als die Kontrolle \u00fcber Kinder aus milieugef\u00e4hrdeten Familien oder solcher, die man daf\u00fcr hielt. Bis hinein in die 1980er Jahre sahen sich schon Kleinstkinder mit einem in der Gesellschaft verwurzelten System schwarzer P\u00e4dagogik konfrontiert, welches sich seit Weimarer Zeit etabliert hatte, sich jedweder Kontrolle entzog und sich nur langsam wandelte.<\/p>\n\n\n\n<p>Wenige haben diese Wochen positiv in Erinnerung. Zu sehr bestimmten fernab der eltern physisische und psychische Gewalt den Alltag in oftmals maroden, unterfinanzierten Einrichtungen, in denen Personalmangel und veraltete Ansichten nicht nur zu Zwangsern\u00e4hrung oder Isolation f\u00fchren konnten. Auch zu Missbrauchs- und Todesf\u00e4llen kam es, \u00fcber die Verb\u00e4nde und Beh\u00f6rden nur allzu oft einen Mantel des Schweigens legten.<\/p>\n\n\n\n<p>Wie konnte sich ein solches System so viele Jahre in beiden deutschen Staaten halten? Woraus ist es entstanden? Welche Leitlinien folgten Heimleitungen, Beh\u00f6rden und Vereine, denen die Einrichtungen unterstanden? Warum begann der Prozess der Aufarbeitung erst so viel sp\u00e4ter und steht immernoch am Beginn? Diese und andere Fragen zu beantworten, Geschichten aufzusp\u00fcren und f\u00fcr Klarheit zu sorgen, begibt sich seit einigen Jahren die Journalistin Lena Gilhaus auf Spurensuche, nicht zuletzt, um auch f\u00fcr ihren Vater ein St\u00fcck Klarheit zu erwirken.<\/p>\n\n\n\n<p>Entlang von Berichten Betroffener, im pers\u00f6nlichen Interview und noch viel zu seltener Akteneinsichten sp\u00fcrt sie der Geschichte der Kinderverschickung auf, die noch vor dem Ersten Weltkrieg beginnt, unter Kontrolle und anderen Vorzeichen im Nationalsozialismus ihren H\u00f6hepunkt erreicht und dann, teils mit den gleichen Akteuren unter anderen Namen von Beginn der Nachkriegszeit an fortgef\u00fchrt wird? Welchen Nutzen hatte dies f\u00fcr Beh\u00f6rden und eingebundenen Vereinen? Welche Folgen trugen Betroffene davon?<\/p>\n\n\n\n<p>Die Journalistin berichtet im vorliegenden Sachbuch von Institutionen, die heute nichts mehr von ihrer dunklen Vergangenheit wissen m\u00f6chten, verweigerten Zugang zu Archiven und die tiefenpsychologische Wirkung von Verarbeitungsprozessen, die so keinen Abschluss finden werden, stellt das System der Verschickung jedoch auch im Kontext der jeweiligen Zeit dar, in dem sie geschah. Lena Gilhaus erz\u00e4hlt von einf\u00fchlsamen Gespr\u00e4chen und einer Spurensuche auf schwierigen Pfaden.<br><br>Was macht es mit den Menschen, teilweise ohne die Gr\u00fcnde daf\u00fcr zu kennen, schon im Kleinkindalter von Eltern und Verwandten f\u00fcr Wochen getrennt zu werden, um dann einen vollkommenen Bruch zu erleben, der an Gewalt oder Empathielosigkeit kaum zu \u00fcberbieten ist? Weshalb griffen nach Bekanntwerden einiger Missst\u00e4nde weder Beh\u00f6rden noch, viel wichtiger, zahlreiche Eltern nicht ein? Wie steht es um das System der Kinderkuren heute? Welchen Wandel hat es durchlaufen?<\/p>\n\n\n\n<p>In kleinteiliger und m\u00fchevoller Recherche voller Hindernisse stellt Gilhaus ein dunkles, kaum bekanntes Kapitel deutscher Geschichte detailliert dar und verdeutlicht dies anhand des Parallstranges der Erlebnisse ihres Vaters, sowie immer wieder eingewoben, den Berichten anderer Betroffener aus West und Ost. Welche Unterschiede gab es, welche Gemeinsamkeiten? Wer waren die Akteure?<\/p>\n\n\n\n<p>Die Autorin verleiht den ehemaligen Verschickungskindern ihre Stimme, bleibt trotz der Emotionalit\u00e4t der Thematik sehr sachlich, ohne dass die Darstellung zu trocken w\u00e4re. Dazu ist diese zu erschreckend, zu wichtig. Klar ist jedoch auch, dass dieses Sachbuch nur der Anfang einer gesellschaftlichen Diskussion, sofern heute noch aktive oder die Nachfolgeinstitutionen der Verschickung sich bedeckt und ihre Archive geschlossen halten. Eine Auseinandersetzung ist l\u00e4ngst \u00fcberf\u00e4llig. Dies ist ihr sehr wichtiger Beginn.<\/p>\n\n\n\n<p><strong>Autorin:<\/strong><\/p>\n\n\n\n<p>Lena Gilhaus, geboren 1985, studierte Politikwissenschaften in Greifswald und Bonn. Sie lebt seit 2009 in K\u00f6ln als freie Radio- und Fernsehautorin f\u00fcr Wellen der ARD, meist den WDR und Deutschlandradio. Ihre DLF-Radioreportage &#8222;Albtraum Kinderkur&#8220; wurde 2017 vom Grimme Institut unter die drei besten Reportagen f\u00fcr den Deutschen Radiopreis 2017 gew\u00e4hlt. 2022 geh\u00f6rte ihr Folgebeitrag &#8222;Trauma Kinderverschickung \u2013 Das lange Schweigen der Politik&#8220; zu den Nominierten f\u00fcr den Alternativen Medienpreis 2022 in der Kategorie &#8222;Geschichte&#8220;.<\/p>\n\n\n\n<div class=\"wp-block-uagb-info-box uagb-block-4fedb741 uagb-infobox__content-wrap  uagb-infobox-icon-above-title uagb-infobox-image-valign-top\"><div class=\"uagb-ifb-content\"><div class=\"uagb-ifb-title-wrap\"><h3 class=\"uagb-ifb-title\">Der virtuelle Spendenhut<\/h3><\/div><p class=\"uagb-ifb-desc\">Dir hat der Beitrag gefallen? Dann freue ich mich \u00fcber eine virtuelle <a href=\"https:\/\/www.paypal.com\/paypalme\/findosbuechercom\/\" target=\"_blank\" rel=\"noreferrer noopener\">Spende<\/a>. Vielen lieben Dank.<\/p><\/div><\/div>\n","protected":false},"excerpt":{"rendered":"<p>Inhalt: \u00dcber 15 Millionen Mal wurden Kinder in der BRD und der DDR seit 1945 zur Kur geschickt. F\u00fcr viele von ihnen waren diese Wochen pr\u00e4gend &#8211; und danach haben sie kaum dar\u00fcber geredet. Wie haben sie diese Zeit erlebt? Wer hat sie dort betreut? Was haben sie davon mitgenommen? Und welche Tiefenwirkungen hatte das [&hellip;]<\/p>\n","protected":false},"author":1,"featured_media":0,"comment_status":"open","ping_status":"open","sticky":false,"template":"","format":"standard","meta":{"_uag_custom_page_level_css":"","site-sidebar-layout":"default","site-content-layout":"","ast-site-content-layout":"default","site-content-style":"default","site-sidebar-style":"default","ast-global-header-display":"","ast-banner-title-visibility":"","ast-main-header-display":"","ast-hfb-above-header-display":"","ast-hfb-below-header-display":"","ast-hfb-mobile-header-display":"","site-post-title":"","ast-breadcrumbs-content":"","ast-featured-img":"","footer-sml-layout":"","ast-disable-related-posts":"","theme-transparent-header-meta":"","adv-header-id-meta":"","stick-header-meta":"","header-above-stick-meta":"","header-main-stick-meta":"","header-below-stick-meta":"","astra-migrate-meta-layouts":"set","ast-page-background-enabled":"default","ast-page-background-meta":{"desktop":{"background-color":"","background-image":"","background-repeat":"repeat","background-position":"center center","background-size":"auto","background-attachment":"scroll","background-type":"","background-media":"","overlay-type":"","overlay-color":"","overlay-opacity":"","overlay-gradient":""},"tablet":{"background-color":"","background-image":"","background-repeat":"repeat","background-position":"center center","background-size":"auto","background-attachment":"scroll","background-type":"","background-media":"","overlay-type":"","overlay-color":"","overlay-opacity":"","overlay-gradient":""},"mobile":{"background-color":"","background-image":"","background-repeat":"repeat","background-position":"center center","background-size":"auto","background-attachment":"scroll","background-type":"","background-media":"","overlay-type":"","overlay-color":"","overlay-opacity":"","overlay-gradient":""}},"ast-content-background-meta":{"desktop":{"background-color":"var(--ast-global-color-5)","background-image":"","background-repeat":"repeat","background-position":"center center","background-size":"auto","background-attachment":"scroll","background-type":"","background-media":"","overlay-type":"","overlay-color":"","overlay-opacity":"","overlay-gradient":""},"tablet":{"background-color":"var(--ast-global-color-5)","background-image":"","background-repeat":"repeat","background-position":"center center","background-size":"auto","background-attachment":"scroll","background-type":"","background-media":"","overlay-type":"","overlay-color":"","overlay-opacity":"","overlay-gradient":""},"mobile":{"background-color":"var(--ast-global-color-5)","background-image":"","background-repeat":"repeat","background-position":"center center","background-size":"auto","background-attachment":"scroll","background-type":"","background-media":"","overlay-type":"","overlay-color":"","overlay-opacity":"","overlay-gradient":""}},"book_review_cover_url":"","book_review_title":"","book_review_series":"","book_review_author":"","book_review_genre":"","book_review_isbn":"","book_review_publisher":"","book_review_release_date":"","book_review_format":"","book_review_pages":"","book_review_source":"","book_review_rating":"","book_review_summary":"","footnotes":""},"categories":[4],"tags":[25,691,686,1837,17,16,821,1059,170,181,1058,301,313,46,30,26,3120,3502,29],"class_list":["post-7672","post","type-post","status-publish","format-standard","hentry","category-rezension","tag-biografie","tag-brd","tag-ddr","tag-deutschland-2","tag-geschichte","tag-gesellschaft","tag-gewalt","tag-kiepenheuer-witsch","tag-kinder","tag-kindheit","tag-kiwi","tag-leben","tag-medizin","tag-nachkriegszeit","tag-politik","tag-sachbuch","tag-trauma","tag-verschickung-2","tag-zeitgeschichte"],"uagb_featured_image_src":{"full":false,"thumbnail":false,"medium":false,"medium_large":false,"large":false,"wps_thumbnail_size":false,"1536x1536":false,"2048x2048":false,"buchcover":false},"uagb_author_info":{"display_name":"findo","author_link":"https:\/\/findosbuecher.com\/?author=1"},"uagb_comment_info":0,"uagb_excerpt":"Inhalt: \u00dcber 15 Millionen Mal wurden Kinder in der BRD und der DDR seit 1945 zur Kur geschickt. F\u00fcr viele von ihnen waren diese Wochen pr\u00e4gend &#8211; und danach haben sie kaum dar\u00fcber geredet. Wie haben sie diese Zeit erlebt? Wer hat sie dort betreut? Was haben sie davon mitgenommen? Und welche Tiefenwirkungen hatte das&hellip;","_links":{"self":[{"href":"https:\/\/findosbuecher.com\/index.php?rest_route=\/wp\/v2\/posts\/7672","targetHints":{"allow":["GET"]}}],"collection":[{"href":"https:\/\/findosbuecher.com\/index.php?rest_route=\/wp\/v2\/posts"}],"about":[{"href":"https:\/\/findosbuecher.com\/index.php?rest_route=\/wp\/v2\/types\/post"}],"author":[{"embeddable":true,"href":"https:\/\/findosbuecher.com\/index.php?rest_route=\/wp\/v2\/users\/1"}],"replies":[{"embeddable":true,"href":"https:\/\/findosbuecher.com\/index.php?rest_route=%2Fwp%2Fv2%2Fcomments&post=7672"}],"version-history":[{"count":2,"href":"https:\/\/findosbuecher.com\/index.php?rest_route=\/wp\/v2\/posts\/7672\/revisions"}],"predecessor-version":[{"id":7676,"href":"https:\/\/findosbuecher.com\/index.php?rest_route=\/wp\/v2\/posts\/7672\/revisions\/7676"}],"wp:attachment":[{"href":"https:\/\/findosbuecher.com\/index.php?rest_route=%2Fwp%2Fv2%2Fmedia&parent=7672"}],"wp:term":[{"taxonomy":"category","embeddable":true,"href":"https:\/\/findosbuecher.com\/index.php?rest_route=%2Fwp%2Fv2%2Fcategories&post=7672"},{"taxonomy":"post_tag","embeddable":true,"href":"https:\/\/findosbuecher.com\/index.php?rest_route=%2Fwp%2Fv2%2Ftags&post=7672"}],"curies":[{"name":"wp","href":"https:\/\/api.w.org\/{rel}","templated":true}]}}