{"id":7661,"date":"2023-10-01T16:10:02","date_gmt":"2023-10-01T16:10:02","guid":{"rendered":"https:\/\/findosbuecher.com\/?p=7661"},"modified":"2023-11-14T20:12:50","modified_gmt":"2023-11-14T20:12:50","slug":"filmblick-wochenendrebellen","status":"publish","type":"post","link":"https:\/\/findosbuecher.com\/?p=7661","title":{"rendered":"Filmblick: Wochenendrebellen"},"content":{"rendered":"\n<p><em>Mirco (Florian David Fitz) ist beruflich bedingt viel unterwegs, w\u00e4hrend seine Frau Fatime (Aylin Tezel) das fordernde Familienleben organisiert. Ihr zehnj\u00e4hriger Sohn Jason (Cecilio Andresen) ist Autist und sein Alltag besteht aus t\u00e4glichen Routinen und festen Regeln. Als der Familie Jasons Wechsel auf eine F\u00f6rderschule nahegelegt wird, ist auch Mirco als Vater gefordert. Er schlie\u00dft einen Pakt mit seinem Sohn: Jason verspricht, sich alle M\u00fche zu geben, sich in der Schule nicht mehr provozieren zu lassen, wenn Mirco ihm hilft, einen Lieblingsfu\u00dfballverein zu finden. Allerdings will Jason sich erst f\u00fcr einen Verein entscheiden, wenn er alle 56 Mannschaften der ersten, zweiten und dritten Liga live in ihren jeweiligen Stadien gesehen hat. Dabei hat er sehr individuelle Kriterien \u2013 von Maskottchen, Nachhaltigkeit \u00fcber Rituale der Spieler bis hin zu den Farben der Fu\u00dfballschuhe. Auf ihren au\u00dfergew\u00f6hnlichen Reisen durch Deutschland lassen Vater und Sohn die heimische Routine hinter sich und finden alles, was sie nie gesucht, aber definitiv gebraucht haben&#8230; (Leonine Studios)<\/em><\/p>\n\n\n\n<p>Dies ist der neue Film von Richard Kropf und Marc Rothemund, die komprimiert die wahre Geschichte von Mirco und Jason von Juterczenka erz\u00e4hlen, die als Groundhopper durch die Republik, inzwischen schon viel weiter, von Station zu Station reisen und sich so gemeinsame Zeit miteinander und Verst\u00e4ndnis f\u00fcr einander schaffen. In beiden Richtungen ist dies wichtig, f\u00fcr den Vater, der damit einen Zugang zu seinem Sohn findet, Verst\u00e4ndnis gewinnt f\u00fcr Gegebenheiten, die der Autismus seines Sohnes mit sich bringt und f\u00fcr Jason zum einen tats\u00e4chlich das Ziel hat, seinen Lieblingsverein zu finden, aber eben auch in die andere Richtung ein M\u00f6glichkeit zu schaffen, zu verstehen, warum seine Umgebung so sehr anders tickt als er selbst, Strategien zu entwickeln, damit auch zurechtzukommen. Nur, funktioniert das? Zeit, wieder f\u00fcr einen Beitrag in der Kategorie -Filmblick-.<\/p>\n\n\n\n<figure class=\"wp-block-embed is-type-video is-provider-youtube wp-block-embed-youtube wp-embed-aspect-16-9 wp-has-aspect-ratio\"><div class=\"wp-block-embed__wrapper\">\n<iframe loading=\"lazy\" title=\"Wochenendrebellen - Trailer (deutsch\/german; FSK 0)\" width=\"500\" height=\"281\" src=\"https:\/\/www.youtube.com\/embed\/Bg7etDgdhe4?start=126&#038;feature=oembed\" frameborder=\"0\" allow=\"accelerometer; autoplay; clipboard-write; encrypted-media; gyroscope; picture-in-picture; web-share\" referrerpolicy=\"strict-origin-when-cross-origin\" allowfullscreen><\/iframe>\n<\/div><figcaption class=\"wp-element-caption\">Wochenendrebellen &#8211; Trailer (<a href=\"https:\/\/www.youtube.com\/@leoninestudios\">Leonine Studios<\/a>)<\/figcaption><\/figure>\n\n\n\n<p>Vorangestellt zum einen, ich verfolge die Reisen und Unternehmungen der realen Wochenendrebellen schon l\u00e4ngere Zeit, sehr lose zwar, aber die Buchvorlage, auf der der Film basiert, habe ich ebenso gelesen, wie ich auch die Podcast eher lose verfolge, um dies dann aus den Blick zu verlieren, nur um manchmal einige Wochen sp\u00e4ter, wieder ein Interview oder einen Beitrag in den sozialen Medien zu sehen, der mich dazu bringt, wieder auf den Blog vorbeizuschauen, gleichwohl ich mich nicht auch nur entfernt f\u00fcr Fu\u00dfball interessiere, welcher nat\u00fcrlich im Leben der beiden eine Rolle spielt, aber ich selbst bin auch Autist. <\/p>\n\n\n\n<p>Nicht in dieser Form, trotzdem so weit als Autist betroffen, dass ich bestimmte Handlungs- oder Denkweisen nachvollziehen kann oder eben selbst innehabe. Auch ich mag die Sicherheit von Routinen, bin sehr darauf bedacht, welche Essensbestandteile sich wie ber\u00fchren und ob \u00fcberhaupt, lebe meine Spezialinteressen, um nur einige Punkte zu nennen. In anderen weiche ich davon ab und hier sind wir bei einem sehr gro\u00dfen Plus des Filmes, der Jasons Geschichte erz\u00e4hlt, wenn auch komprimiert, in dieser Hinsicht aber authentisch bleibt, aber eben auch klarstellt, dass Autismus eben nicht f\u00fcr alle Betroffenen gleicherma\u00dfen festgemacht werden kann, sondern dies ein Spektrum ist, innerhalb dessen man verortet wird, um mal mit diesem Bild zu sprechen. Nicht alle Autisten sind hochbegabt, sprechen nicht oder k\u00f6nnen aus dem Ged\u00e4chtnis ganze St\u00e4dte aufzeichnen, inklusiver der korrekten Anzahl von Fenstern an Geb\u00e4uden. Es gibt bestimmte Merkmale, in welcher Auspr\u00e4gung die vorhanden sind oder \u00fcberwiegen, ist verschieden.<\/p>\n\n\n\n<div class=\"wp-block-media-text is-stacked-on-mobile\"><figure class=\"wp-block-media-text__media\"><img loading=\"lazy\" decoding=\"async\" width=\"768\" height=\"554\" src=\"https:\/\/findosbuecher.com\/wp-content\/uploads\/2023\/10\/768-554-max.jpg\" alt=\"\" class=\"wp-image-7664 size-full\" srcset=\"https:\/\/findosbuecher.com\/wp-content\/uploads\/2023\/10\/768-554-max.jpg 768w, https:\/\/findosbuecher.com\/wp-content\/uploads\/2023\/10\/768-554-max-300x216.jpg 300w, https:\/\/findosbuecher.com\/wp-content\/uploads\/2023\/10\/768-554-max-320x231.jpg 320w\" sizes=\"auto, (max-width: 768px) 100vw, 768px\" \/><\/figure><div class=\"wp-block-media-text__content\">\n<p> Wochenendrebellen<br> Regie: Marc Rothemund<br> Drehbuch: Richard Kropf<br> Darsteller (u. a.): Cecilio Andresen, Florian David Fitz, Aylin Tezel<br> Kinostart D: 28.09.2023<br> Wiedemann &amp; Berg Filmproduktion, Leonie Studios<\/p>\n<\/div><\/div>\n\n\n\n<p>Mit diesem Rahmen ausgestattet, zeigt der Film sehr gut, was Autismus f\u00fcr Autisten, aber eben auch f\u00fcr die Umgebung bedeuten kann, was nicht zuletzt dank einer gro\u00dfartigen Besetzung gelingt und, wenn man so das eine oder andere Interview von Jason und Mirco von Juterczenka verfolgt, im Grunds\u00e4tzlichen bei allen Figuren gelungen ist, so hervorzuheben Joachim Krol, der als Opa dem Jungen vom Verst\u00e4ndnis her am n\u00e4chsten steht, aber auch die Eltern, die in ihrer Verzweiflung, in ihrem Stress mit der Ausgangssituation zueinander und auch gegen\u00fcber Jason selbst, einen Weg finden m\u00fcssen, damit umzugehen. wunderbar spielen hier Aylin Tezel und Florian David Fitz, neben einen ganz jungen Darsteller, der die restliche Besetzung an die Wand zu spielen vermag.<\/p>\n\n\n\n<p>Cecilio Andresen, wie alt wird der Junge w\u00e4hrend der ersten Castings gewesen sein, neun oder zehn Jahre alt vielleicht, ist bisher die beste Besetzung eines Nicht-Autisten f\u00fcr die Rolle eines Autisten, die ich bisher auf der Leinwand gesehen habe. Die Emotionen, die Zerissenheit, aber auch das Absolute, den K\u00e4mpferwillen in Gestik, Mimik so umzusetzen, hat einem um und l\u00e4sst nicht unber\u00fchrt. Aus Interviews ist zu erfahren, dass er ganz viele Fragen dem realen Jason von Juterczenka gestellt, im viel erkl\u00e4rt wurde. Das hat sich unbedingt gelohnt. Es ist die beste schauspielerische Leistung in diesem Film, \u00fcber dessen gesamte L\u00e4nge. Und so , auch nat\u00fcrlich weil man prim\u00e4r kein Film \u00fcber eine &#8222;Krankheit&#8220; machen wollte, sondern prim\u00e4r \u00fcber eine Geschichte, ist f\u00fcr mich die Besetzung eines Nicht-Autisten hier in Ordnung.<\/p>\n\n\n\n<p><strong>Siehe auch, warum ist Jasons Darsteller nicht autistisch?<\/strong> <a href=\"https:\/\/wochenendrebell.de\/wochenendrebellen-kritik-vorwurf-cripping-up\/autismus-spektrum\/\">Beitrag der Wochenendrebellen<\/a> (wochenendrebell.de)<\/p>\n\n\n\n<p>Unterst\u00fctzt werden die Spielszenen durch einen gekonnten Schnitt und der visualisierung f\u00fcr Autisten ausschlaggebender Stressfaktoren wie Ger\u00e4usche, die in Szene gesetzt werden. Das macht es auch f\u00fcr Nicht-Autisten leicht, die Faktoren nachzuvollziehen, die Jason als Autist, ich m\u00f6chte nicht sagen, einengen, aber doch das Leben ungleich schwerer machen. So abgerundet braucht es diesen Film, der sehr viel zum Verst\u00e4ndnis f\u00fcr Autisten in die richtige Richtung bewegen kann, wenn auch man sich die Frage stellen darf, ob ein angeschrieener Kinder-Torwart und ein Vereinsmaskottchen demn\u00e4chst zusammen eine Therapie-Gruppe besuchen (einfach den Film anschauen, dann wird dieser Satz verst\u00e4ndlich). <\/p>\n\n\n\n<p>Am Ende ist klar, der Weg der beiden geht weiter und auch f\u00fcr die realen Vorbilder ist die Reise noch lange nicht zu Ende. Immer noch besuchen beide Stadien, unternehmen Reisen, engagieren sich z. B. f\u00fcr den Klimaschutz oder der <a href=\"https:\/\/wochenendrebell.de\/neven-subotic-stiftung\/\">Neven-Subotic-Stiftung<\/a>, was zwar nicht Bestandteil des Films ist, aber hier ausdr\u00fccklich erw\u00e4hnt werden soll. Auch das n\u00e4chste Buch-Projekt ist bereits in Arbeit. Es lohnt sich also, Mirco und Jason von Juterczenka nicht aus den Augen zu verlieren. Vielleicht gelingt es durch den Film auch daf\u00fcr zu interessieren, nicht nur f\u00fcr das Verst\u00e4ndnis f\u00fcr Autisten. <\/p>\n\n\n\n<p>Relativ wenig an Filmen habe ich in diesem Jahr gesehen, doch nicht nur f\u00fcr diese Zeitspanne ist f\u00fcr mich &#8222;Wochenendrebellen&#8220; einer der besten Filme und einer unbedingten Empfehlung wert. Unbedingt ansehen.<\/p>\n\n\n\n<div itemscope itemtype=\"https:\/\/schema.org\/Book\" class=\"wp-block-book-review-block-book-review book-review-block\">\n<figure class=\"wp-block-image alignleft size-full\"><img loading=\"lazy\" decoding=\"async\" width=\"433\" height=\"648\" itemprop=\"image\" src=\"https:\/\/findosbuecher.com\/wp-content\/uploads\/2023\/10\/image.jpg\" alt=\"\" class=\"wp-image-7665\" srcset=\"https:\/\/findosbuecher.com\/wp-content\/uploads\/2023\/10\/image.jpg 433w, https:\/\/findosbuecher.com\/wp-content\/uploads\/2023\/10\/image-200x300.jpg 200w, https:\/\/findosbuecher.com\/wp-content\/uploads\/2023\/10\/image-320x479.jpg 320w\" sizes=\"auto, (max-width: 433px) 100vw, 433px\" \/><\/figure>\n\n\n\n<div class=\"wp-block-book-review-block-metadata book-review-block__meta\"><div class=\"book-review-block__meta-item book-review-block__meta-item-title\"><div itemprop=\"name\" class=\"book-review-block__meta-item-value\">Wir Wochenendrebellen<\/div><\/div><div class=\"book-review-block__meta-item book-review-block__meta-item-series\"><div class=\"book-review-block__meta-item-value\">Jason &amp; Mirco von Juterczenka<\/div><\/div><div itemscope itemtype=\"https:\/\/schema.org\/Person\" itemprop=\"author\" class=\"book-review-block__meta-item book-review-block__meta-item-author\"><div itemprop=\"name\" class=\"book-review-block__meta-item-value\">Erfahrungsbericht<\/div><\/div><div class=\"book-review-block__meta-item book-review-block__meta-item-genre\"><div itemprop=\"genre\" class=\"book-review-block__meta-item-value\">Goldmann Verlag<\/div><\/div><div itemscope itemtype=\"https:\/\/schema.org\/Organization\" itemprop=\"publisher\" class=\"book-review-block__meta-item book-review-block__meta-item-publisher\"><div itemprop=\"name\" class=\"book-review-block__meta-item-value\">Erschienen am: 07.12.2018<\/div><\/div><div class=\"book-review-block__meta-item book-review-block__meta-item-release-date\"><div itemprop=\"datePublished\" class=\"book-review-block__meta-item-value\">(als Hardcover, das Bild zeigt die Taschenbuchausgabe)<\/div><\/div><div class=\"book-review-block__meta-item book-review-block__meta-item-format\"><div class=\"book-review-block__meta-item-value\">Seiten: 288<\/div><\/div><div class=\"book-review-block__meta-item book-review-block__meta-item-pages\"><div itemprop=\"numberOfPages\" class=\"book-review-block__meta-item-value\">ISBN: <a href=\"https:\/\/www.penguin.de\/Taschenbuch\/Wir-Wochenendrebellen\/Mirco-von-Juterczenka\/Goldmann\/e539230.rhd\">978-3-442-15975-8<\/a><\/div><\/div><div class=\"book-review-block__meta-item book-review-block__meta-item-source\"><div class=\"book-review-block__meta-item-value\"><\/div><\/div><\/div>\n\n\n\n<div class=\"wp-block-book-review-block-description book-review-block__description\"><p>Jason ist zw\u00f6lf, er hasst Menschenmassen, liebt Routinen und interessiert sich f\u00fcr Chaostheorie. Seinen Alltag strukturieren feste Regeln, die nicht gebrochen werden d\u00fcrfen. Dar\u00fcber wacht er gnadenlos genau. Jason ist Autist. Seit seinem sechsten Lebensjahr reist der hochintelligente Junge mit Vater Mirco um die Welt, um seinen Lieblingsfu\u00dfballclub zu finden. Die Fu\u00dfballtouren entwickeln sich f\u00fcr die beiden zum Lebensprojekt, denn wie es ist, Fan zu sein, begreift man nur im Stadion. Dort gelten ausnahmsweise eigene Regeln. \u00bbWir Wochenendrebellen\u00ab erz\u00e4hlt ehrlich und mit viel Humor von einem ganz besonderen Team auf der Suche nach einem Gef\u00fchl. (Verlagsangabe)<br><br><strong>Anmerkungen dazu:<\/strong> <br>Zum Zeitpunkt des Erscheinens des Films ist das Buch relativ schwer im Buchhandel zu bekommen, zumindest bei den gro\u00dfen Ketten hatte ich kein Gl\u00fcck. Der Verlag wird da sicherlich aber dran arbeiten. <\/p><\/div>\n<\/div>\n","protected":false},"excerpt":{"rendered":"<p>Mirco (Florian David Fitz) ist beruflich bedingt viel unterwegs, w\u00e4hrend seine Frau Fatime (Aylin Tezel) das fordernde Familienleben organisiert. Ihr zehnj\u00e4hriger Sohn Jason (Cecilio Andresen) ist Autist und sein Alltag besteht aus t\u00e4glichen Routinen und festen Regeln. Als der Familie Jasons Wechsel auf eine F\u00f6rderschule nahegelegt wird, ist auch Mirco als Vater gefordert. Er schlie\u00dft [&hellip;]<\/p>\n","protected":false},"author":1,"featured_media":0,"comment_status":"open","ping_status":"open","sticky":false,"template":"","format":"standard","meta":{"_uag_custom_page_level_css":"","site-sidebar-layout":"default","site-content-layout":"","ast-site-content-layout":"default","site-content-style":"default","site-sidebar-style":"default","ast-global-header-display":"","ast-banner-title-visibility":"","ast-main-header-display":"","ast-hfb-above-header-display":"","ast-hfb-below-header-display":"","ast-hfb-mobile-header-display":"","site-post-title":"","ast-breadcrumbs-content":"","ast-featured-img":"","footer-sml-layout":"","ast-disable-related-posts":"","theme-transparent-header-meta":"","adv-header-id-meta":"","stick-header-meta":"","header-above-stick-meta":"","header-main-stick-meta":"","header-below-stick-meta":"","astra-migrate-meta-layouts":"set","ast-page-background-enabled":"default","ast-page-background-meta":{"desktop":{"background-color":"","background-image":"","background-repeat":"repeat","background-position":"center center","background-size":"auto","background-attachment":"scroll","background-type":"","background-media":"","overlay-type":"","overlay-color":"","overlay-opacity":"","overlay-gradient":""},"tablet":{"background-color":"","background-image":"","background-repeat":"repeat","background-position":"center center","background-size":"auto","background-attachment":"scroll","background-type":"","background-media":"","overlay-type":"","overlay-color":"","overlay-opacity":"","overlay-gradient":""},"mobile":{"background-color":"","background-image":"","background-repeat":"repeat","background-position":"center center","background-size":"auto","background-attachment":"scroll","background-type":"","background-media":"","overlay-type":"","overlay-color":"","overlay-opacity":"","overlay-gradient":""}},"ast-content-background-meta":{"desktop":{"background-color":"var(--ast-global-color-5)","background-image":"","background-repeat":"repeat","background-position":"center center","background-size":"auto","background-attachment":"scroll","background-type":"","background-media":"","overlay-type":"","overlay-color":"","overlay-opacity":"","overlay-gradient":""},"tablet":{"background-color":"var(--ast-global-color-5)","background-image":"","background-repeat":"repeat","background-position":"center center","background-size":"auto","background-attachment":"scroll","background-type":"","background-media":"","overlay-type":"","overlay-color":"","overlay-opacity":"","overlay-gradient":""},"mobile":{"background-color":"var(--ast-global-color-5)","background-image":"","background-repeat":"repeat","background-position":"center center","background-size":"auto","background-attachment":"scroll","background-type":"","background-media":"","overlay-type":"","overlay-color":"","overlay-opacity":"","overlay-gradient":""}},"book_review_cover_url":"","book_review_title":"","book_review_series":"","book_review_author":"","book_review_genre":"","book_review_isbn":"","book_review_publisher":"","book_review_release_date":"","book_review_format":"","book_review_pages":"","book_review_source":"","book_review_rating":"","book_review_summary":"","footnotes":""},"categories":[3561],"tags":[156,479,25,698,380,914,3959,3961,122,81,410,3960],"class_list":["post-7661","post","type-post","status-publish","format-standard","hentry","category-filmblick","tag-autismus","tag-autist","tag-biografie","tag-buch","tag-film","tag-fussball","tag-groundhopper","tag-neven-subotic","tag-reise","tag-reisen","tag-verfilmung","tag-wochenendrebellen"],"uagb_featured_image_src":{"full":false,"thumbnail":false,"medium":false,"medium_large":false,"large":false,"wps_thumbnail_size":false,"1536x1536":false,"2048x2048":false,"buchcover":false},"uagb_author_info":{"display_name":"findo","author_link":"https:\/\/findosbuecher.com\/?author=1"},"uagb_comment_info":0,"uagb_excerpt":"Mirco (Florian David Fitz) ist beruflich bedingt viel unterwegs, w\u00e4hrend seine Frau Fatime (Aylin Tezel) das fordernde Familienleben organisiert. Ihr zehnj\u00e4hriger Sohn Jason (Cecilio Andresen) ist Autist und sein Alltag besteht aus t\u00e4glichen Routinen und festen Regeln. Als der Familie Jasons Wechsel auf eine F\u00f6rderschule nahegelegt wird, ist auch Mirco als Vater gefordert. Er schlie\u00dft&hellip;","_links":{"self":[{"href":"https:\/\/findosbuecher.com\/index.php?rest_route=\/wp\/v2\/posts\/7661","targetHints":{"allow":["GET"]}}],"collection":[{"href":"https:\/\/findosbuecher.com\/index.php?rest_route=\/wp\/v2\/posts"}],"about":[{"href":"https:\/\/findosbuecher.com\/index.php?rest_route=\/wp\/v2\/types\/post"}],"author":[{"embeddable":true,"href":"https:\/\/findosbuecher.com\/index.php?rest_route=\/wp\/v2\/users\/1"}],"replies":[{"embeddable":true,"href":"https:\/\/findosbuecher.com\/index.php?rest_route=%2Fwp%2Fv2%2Fcomments&post=7661"}],"version-history":[{"count":3,"href":"https:\/\/findosbuecher.com\/index.php?rest_route=\/wp\/v2\/posts\/7661\/revisions"}],"predecessor-version":[{"id":7753,"href":"https:\/\/findosbuecher.com\/index.php?rest_route=\/wp\/v2\/posts\/7661\/revisions\/7753"}],"wp:attachment":[{"href":"https:\/\/findosbuecher.com\/index.php?rest_route=%2Fwp%2Fv2%2Fmedia&parent=7661"}],"wp:term":[{"taxonomy":"category","embeddable":true,"href":"https:\/\/findosbuecher.com\/index.php?rest_route=%2Fwp%2Fv2%2Fcategories&post=7661"},{"taxonomy":"post_tag","embeddable":true,"href":"https:\/\/findosbuecher.com\/index.php?rest_route=%2Fwp%2Fv2%2Ftags&post=7661"}],"curies":[{"name":"wp","href":"https:\/\/api.w.org\/{rel}","templated":true}]}}