{"id":7173,"date":"2023-05-09T17:54:42","date_gmt":"2023-05-09T17:54:42","guid":{"rendered":"https:\/\/findosbuecher.com\/?p=7173"},"modified":"2023-07-12T19:33:11","modified_gmt":"2023-07-12T19:33:11","slug":"valeria-shashenok-24-februar-und-der-himmel-war-nicht-mehr-blau","status":"publish","type":"post","link":"https:\/\/findosbuecher.com\/?p=7173","title":{"rendered":"Valeria Shashenok: 24. Februar und der Himmel war nicht mehr blau"},"content":{"rendered":"\n<div itemscope itemtype=\"https:\/\/schema.org\/Book\" class=\"wp-block-book-review-block-book-review book-review-block\">\n<figure class=\"wp-block-image aligncenter size-full\"><img loading=\"lazy\" decoding=\"async\" width=\"487\" height=\"776\" itemprop=\"image\" src=\"https:\/\/findosbuecher.com\/wp-content\/uploads\/2023\/05\/9783903715226_CoverHC___optimized_487_776.jpg\" alt=\"\" class=\"wp-image-7174\" srcset=\"https:\/\/findosbuecher.com\/wp-content\/uploads\/2023\/05\/9783903715226_CoverHC___optimized_487_776.jpg 487w, https:\/\/findosbuecher.com\/wp-content\/uploads\/2023\/05\/9783903715226_CoverHC___optimized_487_776-188x300.jpg 188w, https:\/\/findosbuecher.com\/wp-content\/uploads\/2023\/05\/9783903715226_CoverHC___optimized_487_776-306x487.jpg 306w\" sizes=\"auto, (max-width: 487px) 100vw, 487px\" \/><\/figure>\n\n\n\n<div class=\"wp-block-book-review-block-metadata book-review-block__meta\"><div class=\"book-review-block__meta-item book-review-block__meta-item-title\"><div itemprop=\"name\" class=\"book-review-block__meta-item-value\">24. Februar und der Himmel war nicht mehr blau<\/div><\/div><div class=\"book-review-block__meta-item book-review-block__meta-item-series\"><div class=\"book-review-block__meta-item-value\">Valeria Shashenok<\/div><\/div><div itemscope itemtype=\"https:\/\/schema.org\/Person\" itemprop=\"author\" class=\"book-review-block__meta-item book-review-block__meta-item-author\"><div itemprop=\"name\" class=\"book-review-block__meta-item-value\">Rezensionsexemplar\/Bericht<\/div><\/div><div class=\"book-review-block__meta-item book-review-block__meta-item-genre\"><div itemprop=\"genre\" class=\"book-review-block__meta-item-value\">story.one<\/div><\/div><div itemscope itemtype=\"https:\/\/schema.org\/Organization\" itemprop=\"publisher\" class=\"book-review-block__meta-item book-review-block__meta-item-publisher\"><div itemprop=\"name\" class=\"book-review-block__meta-item-value\">Erschienen am: 16.05.2022<\/div><\/div><div class=\"book-review-block__meta-item book-review-block__meta-item-release-date\"><div itemprop=\"datePublished\" class=\"book-review-block__meta-item-value\">Hardcover<\/div><\/div><div class=\"book-review-block__meta-item book-review-block__meta-item-format\"><div class=\"book-review-block__meta-item-value\">Seiten: 90<\/div><\/div><div class=\"book-review-block__meta-item book-review-block__meta-item-pages\"><div itemprop=\"numberOfPages\" class=\"book-review-block__meta-item-value\">ISBN: <a href=\"https:\/\/www.story.one\/de\/book\/things-that-just-make-sense-in-a-bomb-shelter\/\">978-3903715-22-6<\/a><\/div><\/div><div class=\"book-review-block__meta-item book-review-block__meta-item-source\"><div class=\"book-review-block__meta-item-value\"><\/div><\/div><\/div>\n\n\n\n<div itemscope itemtype=\"https:\/\/schema.org\/Review\" itemprop=\"review\" class=\"wp-block-book-review-block-rating\"><span itemscope itemtype=\"https:\/\/schema.org\/Person\" itemprop=\"author\"><meta itemprop=\"name\" content=\"findo\"\/><\/span><div itemscope itemtype=\"https:\/\/schema.org\/Rating\" itemprop=\"reviewRating\" class=\"book-review-block__rating book-review-block__review-rating\"><meta itemprop=\"ratingValue\" content=\"3\"\/><div class=\"book-review-block__rating-buttons\"><span class=\"book-review-block__rating-button\" role=\"button\" tabindex=\"0\"><span><svg xmlns=\"https:\/\/www.w3.org\/2000\/svg\" width=\"24\" height=\"24\" viewBox=\"0 0 24 24\"><path fill=\"#eba845\" stroke=\"#eba845\" d=\"M12,17.3l6.2,3.7l-1.6-7L22,9.2l-7.2-0.6L12,2L9.2,8.6L2,9.2L7.5,14l-1.6,7L12,17.3z\"><\/path><\/svg><\/span><span><svg xmlns=\"https:\/\/www.w3.org\/2000\/svg\" width=\"24\" height=\"24\" viewBox=\"0 0 24 24\"><path fill=\"#eba845\" stroke=\"#eba845\" d=\"M12,17.3l6.2,3.7l-1.6-7L22,9.2l-7.2-0.6L12,2L9.2,8.6L2,9.2L7.5,14l-1.6,7L12,17.3z\"><\/path><\/svg><\/span><\/span><span class=\"book-review-block__rating-button\" role=\"button\" tabindex=\"0\"><span><svg xmlns=\"https:\/\/www.w3.org\/2000\/svg\" width=\"24\" height=\"24\" viewBox=\"0 0 24 24\"><path fill=\"#eba845\" stroke=\"#eba845\" d=\"M12,17.3l6.2,3.7l-1.6-7L22,9.2l-7.2-0.6L12,2L9.2,8.6L2,9.2L7.5,14l-1.6,7L12,17.3z\"><\/path><\/svg><\/span><span><svg xmlns=\"https:\/\/www.w3.org\/2000\/svg\" width=\"24\" height=\"24\" viewBox=\"0 0 24 24\"><path fill=\"#eba845\" stroke=\"#eba845\" d=\"M12,17.3l6.2,3.7l-1.6-7L22,9.2l-7.2-0.6L12,2L9.2,8.6L2,9.2L7.5,14l-1.6,7L12,17.3z\"><\/path><\/svg><\/span><\/span><span class=\"book-review-block__rating-button\" role=\"button\" tabindex=\"0\"><span><svg xmlns=\"https:\/\/www.w3.org\/2000\/svg\" width=\"24\" height=\"24\" viewBox=\"0 0 24 24\"><path fill=\"#eba845\" stroke=\"#eba845\" d=\"M12,17.3l6.2,3.7l-1.6-7L22,9.2l-7.2-0.6L12,2L9.2,8.6L2,9.2L7.5,14l-1.6,7L12,17.3z\"><\/path><\/svg><\/span><span><svg xmlns=\"https:\/\/www.w3.org\/2000\/svg\" width=\"24\" height=\"24\" viewBox=\"0 0 24 24\"><path fill=\"#eba845\" stroke=\"#eba845\" d=\"M12,17.3l6.2,3.7l-1.6-7L22,9.2l-7.2-0.6L12,2L9.2,8.6L2,9.2L7.5,14l-1.6,7L12,17.3z\"><\/path><\/svg><\/span><\/span><span class=\"book-review-block__rating-button\" role=\"button\" tabindex=\"0\"><span><svg xmlns=\"https:\/\/www.w3.org\/2000\/svg\" width=\"24\" height=\"24\" viewBox=\"0 0 24 24\"><path class=\"is-rating-unfilled\" fill=\"#eba845\" stroke=\"#eba845\" d=\"M12,17.3l6.2,3.7l-1.6-7L22,9.2l-7.2-0.6L12,2L9.2,8.6L2,9.2L7.5,14l-1.6,7L12,17.3z\"><\/path><\/svg><\/span><span><svg xmlns=\"https:\/\/www.w3.org\/2000\/svg\" width=\"24\" height=\"24\" viewBox=\"0 0 24 24\"><path class=\"is-rating-unfilled\" fill=\"#eba845\" stroke=\"#eba845\" d=\"M12,17.3l6.2,3.7l-1.6-7L22,9.2l-7.2-0.6L12,2L9.2,8.6L2,9.2L7.5,14l-1.6,7L12,17.3z\"><\/path><\/svg><\/span><\/span><span class=\"book-review-block__rating-button\" role=\"button\" tabindex=\"0\"><span><svg xmlns=\"https:\/\/www.w3.org\/2000\/svg\" width=\"24\" height=\"24\" viewBox=\"0 0 24 24\"><path class=\"is-rating-unfilled\" fill=\"#eba845\" stroke=\"#eba845\" d=\"M12,17.3l6.2,3.7l-1.6-7L22,9.2l-7.2-0.6L12,2L9.2,8.6L2,9.2L7.5,14l-1.6,7L12,17.3z\"><\/path><\/svg><\/span><span><svg xmlns=\"https:\/\/www.w3.org\/2000\/svg\" width=\"24\" height=\"24\" viewBox=\"0 0 24 24\"><path class=\"is-rating-unfilled\" fill=\"#eba845\" stroke=\"#eba845\" d=\"M12,17.3l6.2,3.7l-1.6-7L22,9.2l-7.2-0.6L12,2L9.2,8.6L2,9.2L7.5,14l-1.6,7L12,17.3z\"><\/path><\/svg><\/span><\/span><\/div><\/div><\/div>\n\n\n\n<div class=\"wp-block-book-review-block-description book-review-block__description\"><p><\/p><\/div>\n<\/div>\n\n\n\n<p><strong>Inhalt:<\/strong><\/p>\n\n\n\n<blockquote class=\"wp-block-quote is-layout-flow wp-block-quote-is-layout-flow\">\n<p><em>&#8222;Als Russland mein Land, die Ukraine, \u00fcberfiel, fl\u00fcchteten meine Eltern, mein Hund und ich in einen mir mehr als skurril erscheinenen Bombenschutzkeller. Und weil es dort WLAN gab und die Tage verdammt lange und auch langweilig waren, postete ich Videos, die mein neues Zuhause vorstellen sollten &#8211; manche davon gingen dann sogar um die Welt.<\/em><\/p>\n\n\n\n<p><em>Aber meine Geschichte ist eigentlich eine ganz andere: Es ist die eines jungen M\u00e4dchens voll mit gro\u00dfen Tr\u00e4umen, das die Welt entdecken wollte und den Krieg f\u00fcr einen schlechten Scherz hielt- Bis zu dem Tag, an dem ich erkennen musste, dass ich mittendrin bin im gr\u00f6\u00dften Alptraum meines Lebens.&#8220;<\/em><\/p>\n<cite>Valeria Shashenok<\/cite><\/blockquote>\n\n\n\n<p>Valeria beschlie\u00dft, der Welt ihre Heimatstadt Tschernihiw zu zeigen und die wahren Geschichten zu erz\u00e4hlen. Es sind Bilder und Geschichten, die wir uns alle im 21. Jahrhundert mitten in Europa nicht vorstellen konnten und wollten.<br><br>Und das Grauen endet nicht einmal mit ihrer Flucht nach Mailand, denn dort angekommen, holen Putins Bomben sie ein und treffen sie mitten ins Herz. (Klappentext)<\/p>\n\n\n\n<p><strong>Rezension:<\/strong><\/p>\n\n\n\n<p>Wie macht man Au\u00dfenstehenden begreiflich, was man selbst kaum zu verstehen vermag? Lange Zeit hielt sie es ja selbst kaum f\u00fcr m\u00f6glich. Gesprochen wurde immer wieder dar\u00fcber, gedacht haben es viele. Doch irgendwo war da immer die Hoffnung, dass sich die schlimmsten Bef\u00fcrchtungen nicht bewahrheiten sollten. Dennoch, sie taten es. Am 24. Februar 2022 beginnt f\u00fcr die in der Ukraine lebenden Menschen ein wahrer Alptraum. Bomben fallen. Sch\u00fcsse sind zu h\u00f6ren. Russland versucht sich des Landes zu bem\u00e4chtigen. Und Valeria, Tochter, junge Frau, dokumentiert das Grauen, was ihren Geburtsort und ihre Heimatstadt Kiew \u00fcberkommt. Bis sie schlie\u00dflich sich selbst entschlie\u00dft, zu fliehen. Doch auch in der Ferne l\u00e4sst sie das Grauen nicht los.<\/p>\n\n\n\n<p>Gerade in unseren Zeiten ist es wichtig, dass solche Berichte eine gro\u00dfe \u00d6ffentlichkeit finden, gerade wenn in Zeiten von Fake News aus einem zweifelhaften Weltbild heraus, bestimmte Gruppen auf Propaganda-Z\u00fcge aufspringen und gar nicht so schnell schauen k\u00f6nnen, wie sie f\u00fcr sehr krude Zwecke eingespannt und nicht zuletzt gelenkt werden. Am Eindr\u00fccklichsten gelingt das, wenn man vom Unmittelbaren erz\u00e4hlt, die Auswirkungen auf einem selbst versucht zu verdeutlichen. Genau dies versucht Valeria Shashenok mit Videos und Bildern, die sie von Beginn des Kriegs gegen die Ukraine in den sozialen Netzwerken postet. Diese Schnipsel hat sie nun versucht, zusammenzusetzen. Entstanden ist dieser nahegehende Bericht.<\/p>\n\n\n\n<p>Es ist eine Art Tagebuch, welches hier vorgelegt wird. Nicht in gro\u00dfen Worten wird hier beschrieben, die Autorin, so hat man beim Lesen das Gef\u00fchl, hat noch w\u00e4hrend des Schreibens versucht, ihre Gedanken zu ordnen. Voller Emotionen, ersch\u00fcttert nat\u00fcrlich \u00fcber das Erlebte, schildert sie von der Zeit des Krieges und ihrer Flucht, aber auch von den Trag\u00f6dien, die sie einholen werden, als sie sich bereits im sicheren Italien befindet. Wir k\u00f6nnen hier die Zeilen einer jungen Frau voller Tr\u00e4ume lesen, die gerade noch zu Beginn eher irritiert beobachtet, versucht einzuordnen und eigentlich immer noch nicht fassen kann, was da gerade passiert. Mit ihr, ihrer Umgebung, den Menschen, die sie liebt. Allein auf dieser Ebene ist es gut, dass Shashenok dies dokumentiert, was man auch als Versuch einer Verarbeitung und Einordnung lesen kann.<\/p>\n\n\n\n<p>Sprachlich wirkt das leider wie ein besserer Schulaufsatz, mehr nicht, wie ich an anderer Stelle in einer Rezension lesen musste. Dem kann ich nicht widersprechen. Das ist zuweilen recht anstrengend, an anderer Stelle liest sich das fast belanglos, was schade ist. Schlie\u00dflich hat der Text seine Berechtigung und nat\u00fcrlich auch Relevanz, da ist dann dieser Abstrich, den man an der Stelle hinnehmen muss, unsch\u00f6n. Hier funktioniert es nicht Erwartungsmanagement und Relevanz in \u00dcbereinklang zu bringen. Vielleicht wirkt der Text noch mehr, wenn man die Instagram-Posts und Tiktoks dazu beachtet. Fotos zumindest gibt es ein paar. Doch reicht das leider nicht, um den Bericht, der hier in einer Art Tagebuchform vorliegt, vollst\u00e4ndig abzurunden.<\/p>\n\n\n\n<p>Eventuell liest sich das jedoch in ein paar Jahren anders. Das vermag ich nicht auszuschlie\u00dfen.<\/p>\n\n\n\n<p><strong>Autorin:<\/strong><\/p>\n\n\n\n<p>Valeria Shashenok wurde 2002 im Norden der Ukraine geboren und arbeitet als freiberufliche Fotografin. Den Angriff und ihre Flucht aus der Ukraine dokumentierte sie in den sozialen Netzwerken, worauf weltweit Medien auf sie aufmerksam wurden. Sie gab mehrere Interviews und damit den Menschen aus der Ukraine eine Stimme und ein Gesicht.<\/p>\n\n\n\n<div class=\"wp-block-uagb-info-box uagb-block-4fedb741 uagb-infobox__content-wrap  uagb-infobox-icon-above-title uagb-infobox-image-valign-top\"><div class=\"uagb-ifb-content\"><div class=\"uagb-ifb-title-wrap\"><h3 class=\"uagb-ifb-title\">Der virtuelle Spendenhut<\/h3><\/div><p class=\"uagb-ifb-desc\">Dir hat der Beitrag gefallen? Dann freue ich mich \u00fcber eine virtuelle <a href=\"https:\/\/www.paypal.com\/paypalme\/findosbuechercom\/\" target=\"_blank\" rel=\"noreferrer noopener\">Spende<\/a>. Vielen lieben Dank.<\/p><\/div><\/div>\n","protected":false},"excerpt":{"rendered":"<p>Inhalt: &#8222;Als Russland mein Land, die Ukraine, \u00fcberfiel, fl\u00fcchteten meine Eltern, mein Hund und ich in einen mir mehr als skurril erscheinenen Bombenschutzkeller. Und weil es dort WLAN gab und die Tage verdammt lange und auch langweilig waren, postete ich Videos, die mein neues Zuhause vorstellen sollten &#8211; manche davon gingen dann sogar um die [&hellip;]<\/p>\n","protected":false},"author":1,"featured_media":0,"comment_status":"open","ping_status":"open","sticky":false,"template":"","format":"standard","meta":{"_uag_custom_page_level_css":"","site-sidebar-layout":"default","site-content-layout":"","ast-site-content-layout":"default","site-content-style":"default","site-sidebar-style":"default","ast-global-header-display":"","ast-banner-title-visibility":"","ast-main-header-display":"","ast-hfb-above-header-display":"","ast-hfb-below-header-display":"","ast-hfb-mobile-header-display":"","site-post-title":"","ast-breadcrumbs-content":"","ast-featured-img":"","footer-sml-layout":"","ast-disable-related-posts":"","theme-transparent-header-meta":"","adv-header-id-meta":"","stick-header-meta":"","header-above-stick-meta":"","header-main-stick-meta":"","header-below-stick-meta":"","astra-migrate-meta-layouts":"default","ast-page-background-enabled":"default","ast-page-background-meta":{"desktop":{"background-color":"","background-image":"","background-repeat":"repeat","background-position":"center center","background-size":"auto","background-attachment":"scroll","background-type":"","background-media":"","overlay-type":"","overlay-color":"","overlay-opacity":"","overlay-gradient":""},"tablet":{"background-color":"","background-image":"","background-repeat":"repeat","background-position":"center center","background-size":"auto","background-attachment":"scroll","background-type":"","background-media":"","overlay-type":"","overlay-color":"","overlay-opacity":"","overlay-gradient":""},"mobile":{"background-color":"","background-image":"","background-repeat":"repeat","background-position":"center center","background-size":"auto","background-attachment":"scroll","background-type":"","background-media":"","overlay-type":"","overlay-color":"","overlay-opacity":"","overlay-gradient":""}},"ast-content-background-meta":{"desktop":{"background-color":"var(--ast-global-color-5)","background-image":"","background-repeat":"repeat","background-position":"center center","background-size":"auto","background-attachment":"scroll","background-type":"","background-media":"","overlay-type":"","overlay-color":"","overlay-opacity":"","overlay-gradient":""},"tablet":{"background-color":"var(--ast-global-color-5)","background-image":"","background-repeat":"repeat","background-position":"center center","background-size":"auto","background-attachment":"scroll","background-type":"","background-media":"","overlay-type":"","overlay-color":"","overlay-opacity":"","overlay-gradient":""},"mobile":{"background-color":"var(--ast-global-color-5)","background-image":"","background-repeat":"repeat","background-position":"center center","background-size":"auto","background-attachment":"scroll","background-type":"","background-media":"","overlay-type":"","overlay-color":"","overlay-opacity":"","overlay-gradient":""}},"book_review_cover_url":"","book_review_title":"","book_review_series":"","book_review_author":"","book_review_genre":"","book_review_isbn":"","book_review_publisher":"","book_review_release_date":"","book_review_format":"","book_review_pages":"","book_review_source":"","book_review_rating":"","book_review_summary":"","footnotes":""},"categories":[4],"tags":[151,218,80,17,16,21,30,121,26,3828,405,1301],"class_list":["post-7173","post","type-post","status-publish","format-standard","hentry","category-rezension","tag-bericht","tag-flucht","tag-geografie","tag-geschichte","tag-gesellschaft","tag-krieg","tag-politik","tag-russland","tag-sachbuch","tag-story-one","tag-traum","tag-ukraine"],"uagb_featured_image_src":{"full":false,"thumbnail":false,"medium":false,"medium_large":false,"large":false,"wps_thumbnail_size":false,"1536x1536":false,"2048x2048":false,"buchcover":false},"uagb_author_info":{"display_name":"findo","author_link":"https:\/\/findosbuecher.com\/?author=1"},"uagb_comment_info":0,"uagb_excerpt":"Inhalt: &#8222;Als Russland mein Land, die Ukraine, \u00fcberfiel, fl\u00fcchteten meine Eltern, mein Hund und ich in einen mir mehr als skurril erscheinenen Bombenschutzkeller. Und weil es dort WLAN gab und die Tage verdammt lange und auch langweilig waren, postete ich Videos, die mein neues Zuhause vorstellen sollten &#8211; manche davon gingen dann sogar um die&hellip;","_links":{"self":[{"href":"https:\/\/findosbuecher.com\/index.php?rest_route=\/wp\/v2\/posts\/7173","targetHints":{"allow":["GET"]}}],"collection":[{"href":"https:\/\/findosbuecher.com\/index.php?rest_route=\/wp\/v2\/posts"}],"about":[{"href":"https:\/\/findosbuecher.com\/index.php?rest_route=\/wp\/v2\/types\/post"}],"author":[{"embeddable":true,"href":"https:\/\/findosbuecher.com\/index.php?rest_route=\/wp\/v2\/users\/1"}],"replies":[{"embeddable":true,"href":"https:\/\/findosbuecher.com\/index.php?rest_route=%2Fwp%2Fv2%2Fcomments&post=7173"}],"version-history":[{"count":2,"href":"https:\/\/findosbuecher.com\/index.php?rest_route=\/wp\/v2\/posts\/7173\/revisions"}],"predecessor-version":[{"id":7316,"href":"https:\/\/findosbuecher.com\/index.php?rest_route=\/wp\/v2\/posts\/7173\/revisions\/7316"}],"wp:attachment":[{"href":"https:\/\/findosbuecher.com\/index.php?rest_route=%2Fwp%2Fv2%2Fmedia&parent=7173"}],"wp:term":[{"taxonomy":"category","embeddable":true,"href":"https:\/\/findosbuecher.com\/index.php?rest_route=%2Fwp%2Fv2%2Fcategories&post=7173"},{"taxonomy":"post_tag","embeddable":true,"href":"https:\/\/findosbuecher.com\/index.php?rest_route=%2Fwp%2Fv2%2Ftags&post=7173"}],"curies":[{"name":"wp","href":"https:\/\/api.w.org\/{rel}","templated":true}]}}