{"id":7147,"date":"2023-05-02T19:31:25","date_gmt":"2023-05-02T19:31:25","guid":{"rendered":"https:\/\/findosbuecher.com\/?p=7147"},"modified":"2023-07-12T19:33:53","modified_gmt":"2023-07-12T19:33:53","slug":"leipziger-buchmesse-2023-leipzig-liest-wieder","status":"publish","type":"post","link":"https:\/\/findosbuecher.com\/?p=7147","title":{"rendered":"Leipziger Buchmesse 2023: Leipzig liest wieder"},"content":{"rendered":"\n<p>Vor den pandemiebedingten Ausf\u00e4llen hat mich der Messe-Blues immer im Nachgang erwischt. Dieses Mal komme ich regelrecht euphorisch zur\u00fcck, nachdem ich viele sehr besondere und erfrischende Eindr\u00fccke gesammelt, viele Gesichter zum ersten Mal nach drei Jahre bedingtem Ausfall, zudem im etwas k\u00fcrzeren Ausfall, viele Mitglieder eines bestimmten Literaturforums (buechertreff.de) wieder treffen und zahlreiche Blog- und auch sonstigen Ideen sammeln konnte.&nbsp;&nbsp;So ging es vielen.<\/p>\n\n\n\n<p><\/p>\n\n\n\n<figure class=\"wp-block-image aligncenter size-large\"><img loading=\"lazy\" decoding=\"async\" width=\"1024\" height=\"768\" src=\"https:\/\/findosbuecher.com\/wp-content\/uploads\/2023\/05\/P1120423-1024x768.jpg\" alt=\"\" class=\"wp-image-7151\" srcset=\"https:\/\/findosbuecher.com\/wp-content\/uploads\/2023\/05\/P1120423-1024x768.jpg 1024w, https:\/\/findosbuecher.com\/wp-content\/uploads\/2023\/05\/P1120423-300x225.jpg 300w, https:\/\/findosbuecher.com\/wp-content\/uploads\/2023\/05\/P1120423-768x576.jpg 768w, https:\/\/findosbuecher.com\/wp-content\/uploads\/2023\/05\/P1120423-1536x1152.jpg 1536w, https:\/\/findosbuecher.com\/wp-content\/uploads\/2023\/05\/P1120423-2048x1536.jpg 2048w, https:\/\/findosbuecher.com\/wp-content\/uploads\/2023\/05\/P1120423-320x240.jpg 320w\" sizes=\"auto, (max-width: 1024px) 100vw, 1024px\" \/><figcaption class=\"wp-element-caption\"><em>Die rot verkleidete Treppe mit dem obligatorischen Buchmesse-Logo d\u00fcrfte ein beliebtes Fotomotiv diesmal gewesen sein. (Foto: Privat-Archiv)<\/em><\/figcaption><\/figure>\n\n\n\n<p>Einmal vorausgeschickt, die Verantwortlichen z\u00e4hlten <a href=\"https:\/\/www.tagesschau.de\/inland\/regional\/sachsen\/buchmesse-leipzig-bilanz-100.html\">274.000 Besucher<\/a>, was nur 12.000 Menschen weniger gewesen sind als im Jahr vor der Pandemie, dies bei nur etwas weniger Ausstellern und Lesungen, die sich nicht nur auf dem Gel\u00e4nde der Leipziger Messe, sondern auch wieder in der Innenstadt und auf der neu hinzugekommenen Klimabuchmesse verteilten, die im Studentenviertel Connewitz stattfand. Die Leipziger und alle anderen nat\u00fcrlich auch haben sich ihre Messe zur\u00fcckerobert. Das konnte man schon am Donnerstag sehen.<\/p>\n\n\n\n<p>Angereist bin ich einen Tag vorher. Gut vorbereitet, der Zug war p\u00fcnktlich, meine ersten Online-Termine, ich hatte diesmal viel Blogger-Zeug geplant, fielen aus, so dass ich die Zeit nutzen und mich mit den ersten ebenfalls an diesem Tag eingetroffenen Buechertrefflern, nun ja, treffen konnte. Es war wirklich sch\u00f6n, auch wenn das f\u00fcr mich nat\u00fcrlich an den Grundfesten meiner Planungen ger\u00fcttelt hatte. Aber man soll ja seine Chancen durchaus nutzen.&nbsp;<\/p>\n\n\n\n<p>In jedem Fall war es das Richtige, um sich gemeinsam auf die kommenden Tage einzustimmen, von denen wir uns nat\u00fcrlich vorab gefragt haben, wie werden sie sein? Werden wirklich viele Menschen kommen? Werden wir durch leere Halle schlendern oder wird doch etwas Betrieb die Messe beleben?&nbsp;<\/p>\n\n\n\n<p>Ja, der tat es. Gleich am ersten Messetag kam ich, der sich wieder ziemlich nah dran einquartiert hatte, nicht in die erste Tram, aber in die zweite, um ins Pressezentrum zu gehen und dort die Garderobe abzulegen, einen Kaffee zu trinken. So beginnt f\u00fcr mich immer die Leipziger Messe. Das Pressezentrum f\u00fcllte sich schnell, eine mir bekannte Literaturagentin habe ich auch getroffen und ich kam mit einem ZDF-Menschen ins Gespr\u00e4ch. Das ist das, was f\u00fcr mich Messe ausmacht, dass man eben auch von anderen Seiten Einblicke bekommt.<\/p>\n\n\n\n<p>Drau\u00dfen hat sich derweil der Vorplatz gef\u00fcllt, die Glashalle ebenso und dann endlich wurden auch schon die Messehallen ge\u00f6ffnet, die sich schnell belebten. Was war neu? G\u00e4nge von der Glashalle zu den eigentlichen Messehallen waren klarer aufgeteilt, die Hallen ebenso durch ein neues Konzept, welches man erst einmal verinnerlichen musste, genau so, wie zu realisieren, dass dies nun wieder eine regul\u00e4re Messe ist. Nur, wie macht man die?&nbsp;<\/p>\n\n\n\n<p><\/p>\n\n\n\n<figure class=\"wp-block-image aligncenter size-large\"><img loading=\"lazy\" decoding=\"async\" width=\"1024\" height=\"768\" src=\"https:\/\/findosbuecher.com\/wp-content\/uploads\/2023\/05\/P1120474-1024x768.jpg\" alt=\"\" class=\"wp-image-7152\" srcset=\"https:\/\/findosbuecher.com\/wp-content\/uploads\/2023\/05\/P1120474-1024x768.jpg 1024w, https:\/\/findosbuecher.com\/wp-content\/uploads\/2023\/05\/P1120474-300x225.jpg 300w, https:\/\/findosbuecher.com\/wp-content\/uploads\/2023\/05\/P1120474-768x576.jpg 768w, https:\/\/findosbuecher.com\/wp-content\/uploads\/2023\/05\/P1120474-1536x1152.jpg 1536w, https:\/\/findosbuecher.com\/wp-content\/uploads\/2023\/05\/P1120474-2048x1536.jpg 2048w, https:\/\/findosbuecher.com\/wp-content\/uploads\/2023\/05\/P1120474-320x240.jpg 320w\" sizes=\"auto, (max-width: 1024px) 100vw, 1024px\" \/><figcaption class=\"wp-element-caption\"><em>Volle Hallen nach drei Jahren Pause. (Foto: Privat-Archiv)<\/em><\/figcaption><\/figure>\n\n\n\n<p>Die ersten drei Stunden haben sich etwas merkw\u00fcrdig angef\u00fchlt. Wie wir abends festgestellt haben, ging es uns allen so. Eine Weile hat es also doch gebraucht, um wieder auf Betriebstemperatur zu kommen. Das ging aber dann wieder und f\u00fcr mich hie\u00df das einen ersten Messerundgang zu verschiedenen Verlagsst\u00e4nden. Diese hatte ich mir vorher nptiert, aber nat\u00fcrlich noch zahlreiche andere mehr im Laufe der Tage entdeckt. Daf\u00fcr ist eben Messe gut. Es gibt Verlage, von denen erf\u00e4hrt man eben nur so.<\/p>\n\n\n\n<p>Die Gespr\u00e4che an den St\u00e4nden empfand ich alle als freundlich, interessiert, was sich \u00fcber die Tage fortsetzen sollte. Die Trennung zwischen althergebrachten Feuilleton und Blogs\/Social Media\/Booktube gibt es so wie vor ein paar Jahren noch in diesem Sinne nicht mehr, zumal manch kleiner Verlag nur durch die Aufmerksamkeit letzterer in den vergangenen Jahren \u00fcberleben konnte. Das empfinde ich als angenehmen Wandel, mal so aus Bloggersicht heraus geschrieben. Am Ende k\u00f6nnen ja beide Seiten im Prinzip nur dabei gewinnen.<\/p>\n\n\n\n<p>Mein Autoren-Interview mit Frank Vorpahl (&#8222;<a href=\"https:\/\/findosbuecher.com\/?p=7128\" data-type=\"post\" data-id=\"7128\">Aufbruch im Licht der Sterne<\/a>&#8222;) fand als einer meiner ersten Termine gleich am Donnerstag statt. Ein sehr sympathischer und uinteressierter Mensch, der bei der Beantwortung meiner Fragen andere gleich vorweg genommen hat. Das hat es mir in der Interview-Situation durchaus leicht gemacht, aber ich f\u00fcrchte mich schon vor der Aufbereitung. Ihr und andere sollen ja nicht nur Blocktext zu lesen bekommen.&nbsp;<\/p>\n\n\n\n<p>Weiter ging es dann zu einer Lesung mit Uwe Neumahr, der mir sein Buch &#8222;<a href=\"https:\/\/findosbuecher.com\/?p=7102\" data-type=\"post\" data-id=\"7102\">N\u00fcrnberg 46 &#8211; Das Schloss der Schriftsteller<\/a>&#8220; im Anschluss signierte, sowie zu einer Bloggerveransdtaltung mit Sebastian Hotz (El Hotzo), der \u00fcber sein Buch &#8222;<a href=\"https:\/\/www.kiwi-verlag.de\/buch\/sebastian-hotz-mindset-9783462002843\">Mindset<\/a>&#8222;, viel mehr darum herum gesprochen hat. Ein sehr witziger Mensch ist das schon, nur wei\u00df ich eigentlich immer noch nicht so richtig, worum es in diesem Roman eigentlich geht. Nun ja, man kann nicht alles haben.<\/p>\n\n\n\n<p>Der Tag endete auf dem Messegel\u00e4nde mit einer Programm-Vorstellung bei Rowohlt, aus der ich sicher das eine oder andere euch k\u00fcnftig vorstellen werde. Nur ein Rezensionsexemplar habe ich mir gleich mitgenommen. Peter Urbans &#8222;<a href=\"https:\/\/www.rowohlt.de\/buch\/peter-urban-on-air-9783498002954\">On Air<\/a>&#8222;, ich bin in jedem Fall gespannt. Im Anschluss habe ich noch ein paar Fotos allgemein in den Hallen geschossen, wie am fr\u00fchen Morgen auch, z. B. von der Messetreppe, die dieses Jahr ein beliebtes Motiv gewesen sein d\u00fcrfte. Ohne konnte man es ja zumindest am ersten Tag kaum glauben, dass wirklich wieder Messe ist. Den Abend habe ich dann zusammen mit Freunden im Pinguin (hie\u00dfige Eisdiele, wo man aber auch wunderbar warm essen kann) und im Irish-Pub ausklingen lassen. Mein Kopf wusste davon jedenfalls im Anschluss zu erz\u00e4hlen.&nbsp;<\/p>\n\n\n\n<p>Am Freitag ging es weiter mit der Vorstellung des Gastlandes Slowenien der n\u00e4chsten Frankfurter Messe, wof\u00fcr ich mich bisher sehr ung\u00fcnstig einquartiert habe, wie ein Frankfurt-Kennner am Vorabend klar gemacht hatte. Das muss ich in jedem Fall nochmal \u00fcberdenken. Slowenien wird es auf der Frankfurter Buchmesse 2024 sein, wozu einige Reden gehalten wurden. In \u00e4hnlich vollen Hallen.<\/p>\n\n\n\n<p>Da war im Prinzip schon klar, dass sich die Leipziger Veranstalter ziemlich versch\u00e4tzt hatten. Man ist ja urspr\u00fcnglich von einer Anzahl von Besuchern ausgegangen, die 60 Prozent der Besucherzahl von 2019 entsprochen h\u00e4tte. Aus den Gespr\u00e4chen mit Verlagsmitarbeitern, durch die Bank weg, von gro\u00df bis klein, ergab sich ein derart positiver Vibe, auch der Buchverkauf an den St\u00e4nden verlief offenbar sehr gut in diesen Tagen.<\/p>\n\n\n\n<p>Danach traf ich eine Literaturagentin, die mich zu verschiedenen kleineren Verlagsst\u00e4nden f\u00fchrte. Dort hielt man sich eben darum mit Rezensionsexemplaren sehr zur\u00fcck. Nat\u00fcrlich, man wollte ja verkaufen, wenn es schon mal so gut l\u00e4uft. Das ist verst\u00e4ndlich gewesen. Im Nachhinein bin ich auch froh dar\u00fcber. Es wurden mit Rezensionsexemplaren und dazu gekauften B\u00fcchern am Ende \u00fcbrigens 21 B\u00fccher, die nun bei mir aufgestapelt liegen und dazu diverse Vorschauen und Messedevotionalien. Gelobt sei der zweite kleine Handkoffer.<\/p>\n\n\n\n<p>Darum ging es mir nicht haupts\u00e4chlich, wobei es nat\u00fcrlich die Blog-Planung vorwegnimmt, eher um solche Sachen wie um eine Signatur von Sasha Filipenko. Dessen Verlag <a href=\"https:\/\/www.diogenes.ch\/leser.html\">Diogenes<\/a> war nicht selbst mit einem eigenen Stand vertreten (Ob die sich jetzt \u00e4rgern?), sondern nur im Rahmen des Schweizer Gemeinschaftsstandes.<\/p>\n\n\n\n<p>Er selbst war aber da und hat nat\u00fcrlich die B\u00fccher signiert und sich ehrlich \u00fcber all die Interessierten gefreut, die sich um ihn herum getummelt haben. Danach ein Treffen mit dem Mitteldeutschen Verlag, die sich ebenso wie andere \u00fcber viel Andrang an ihrem Stand freuen konnte, zuletzt dann eine Lesung \u00fcber &#8222;Grenzschicksale &#8211; Als das gr\u00fcne Band noch grau war&#8220;. Auch das war durchaus interessant.<\/p>\n\n\n\n<p>Nach nur wenigen Stunden Schlaf, der Abend vorher im Pinguin, sp\u00e4ter Pub, endete, nun ja, sp\u00e4t, ging es am n\u00e4chsten Tag nach einem ausgiebigen Bloggerfr\u00fchst\u00fcck mit dem S. Fischer Verlag (Das klingt so, als w\u00fcrde ich die ganze Zeit nur essen und trinken, aber dem ist nicht so. Wirklich nicht.) mit integrierter Programmvorstellung und einer Spontanidee f\u00fcr Frankfurt ging es zum <a href=\"https:\/\/www.chbeck.de\/\">C. H. Beck Verlag<\/a>, wo ich ebenfalls zum ersten Mal das Gesicht hinter der E-Mail-Adresse sehen durfte.<\/p>\n\n\n\n<p>Im Anschluss zu kleineren Verlagen und schlie\u00dflich ins ARD-Forum zu einem Gespr\u00e4ch von Sebastian Fitzek. F\u00fcr sein neues Buch &#8222;Elternabend&#8220; hatte ich am Sonntag versucht, die Signierstunde zu besuchen, bei dem dortigen Andrang aber keine Chance gehabt.<\/p>\n\n\n\n<p><\/p>\n\n\n\n<figure class=\"wp-block-image aligncenter size-large\"><img loading=\"lazy\" decoding=\"async\" width=\"1024\" height=\"768\" src=\"https:\/\/findosbuecher.com\/wp-content\/uploads\/2023\/05\/P1120480-1024x768.jpg\" alt=\"\" class=\"wp-image-7153\" srcset=\"https:\/\/findosbuecher.com\/wp-content\/uploads\/2023\/05\/P1120480-1024x768.jpg 1024w, https:\/\/findosbuecher.com\/wp-content\/uploads\/2023\/05\/P1120480-300x225.jpg 300w, https:\/\/findosbuecher.com\/wp-content\/uploads\/2023\/05\/P1120480-768x576.jpg 768w, https:\/\/findosbuecher.com\/wp-content\/uploads\/2023\/05\/P1120480-1536x1152.jpg 1536w, https:\/\/findosbuecher.com\/wp-content\/uploads\/2023\/05\/P1120480-2048x1536.jpg 2048w, https:\/\/findosbuecher.com\/wp-content\/uploads\/2023\/05\/P1120480-320x240.jpg 320w\" sizes=\"auto, (max-width: 1024px) 100vw, 1024px\" \/><figcaption class=\"wp-element-caption\"><em>Sebastian Fitzek im Interview im ARD-Forum (Foto: Privat-Archiv)<\/em><\/figcaption><\/figure>\n\n\n\n<p>Danach habe ich meinen Messetag beendet, um auf dem Gespr\u00e4ch zwischen <a href=\"https:\/\/www.zeit.de\/politik\/deutschland\/2023-04\/angela-merkel-leipziger-buchmesse-giovanni-di-lorenzo?utm_referrer=https%3A%2F%2Fwww.google.de%2F\">Giovanni di Lorenzo und Angela Merkel<\/a> beizuwohnen. Daf\u00fcr hatte ich eines von zwei letzten Tickets damals noch im Online-Verkauf bekommen. Die Veranstaltung selbst muss innerhalb von zwei Tagen ausverkauft gewesen sein. Vor dem Schauspielhaus, wo das stattfand, stand dann auch schon eine lange Schlange Wartender, ebenso wie Leute mit Pappschild, die noch ein Ticket kaufen wollten. Wie auf einem Konzert war das. Ging nat\u00fcrlich nicht.<\/p>\n\n\n\n<p>Nach kurzer Sicherheitskontrolle und dem Einlass in den Saal ging es los. Man kann von Merkels Politik und Entscheidungen halten, was man will, aber sie kann ironisch, witzig sein und di Lorenzo ist jetzt aber auch kein Journalist, der bei Ausweichversuchen locker l\u00e4sst.<\/p>\n\n\n\n<p><\/p>\n\n\n\n<figure class=\"wp-block-image aligncenter size-large\"><img loading=\"lazy\" decoding=\"async\" width=\"768\" height=\"1024\" src=\"https:\/\/findosbuecher.com\/wp-content\/uploads\/2023\/05\/IMG_20230429_214449-768x1024.jpg\" alt=\"\" class=\"wp-image-7156\" srcset=\"https:\/\/findosbuecher.com\/wp-content\/uploads\/2023\/05\/IMG_20230429_214449-768x1024.jpg 768w, https:\/\/findosbuecher.com\/wp-content\/uploads\/2023\/05\/IMG_20230429_214449-225x300.jpg 225w, https:\/\/findosbuecher.com\/wp-content\/uploads\/2023\/05\/IMG_20230429_214449-1152x1536.jpg 1152w, https:\/\/findosbuecher.com\/wp-content\/uploads\/2023\/05\/IMG_20230429_214449-1536x2048.jpg 1536w, https:\/\/findosbuecher.com\/wp-content\/uploads\/2023\/05\/IMG_20230429_214449-320x427.jpg 320w, https:\/\/findosbuecher.com\/wp-content\/uploads\/2023\/05\/IMG_20230429_214449-scaled.jpg 1920w\" sizes=\"auto, (max-width: 768px) 100vw, 768px\" \/><figcaption class=\"wp-element-caption\"><em>Angela Merkel beim Signieren. (Foto: Privat-Archiv)<\/em><\/figcaption><\/figure>\n\n\n\n<p>In sofern habe ich eine interessante, wenn auch nat\u00fcrlich nicht alles beantwortende Diskussion erlebt. Die k\u00f6nnt ihr \u00fcbrigens auf der Seite der Zeit und sicher auch in den \u00d6R-Mediatheken nachverfolgen, wenn ihr m\u00f6gt. Signiert hat sie ihr Buch &#8222;<a href=\"https:\/\/www.aufbau-verlage.de\/aufbau\/was-also-ist-mein-land\/978-3-351-03974-5\">Was also ist mein Land?<\/a>&#8222;, in dem drei exemplarische Reden von ihr versammelt sind, danach auch.<\/p>\n\n\n\n<p>Der letzte Messetag begann wieder mit Rundg\u00e4ngen. So viel Schritte laufe ich sonst nicht, der Veranstaltung &#8222;<a href=\"https:\/\/www.daserste.de\/information\/wissen-kultur\/druckfrisch\/index.html\">Druckfrisch<\/a>&#8220; mit Denis Scheck und im Anschluss mit einem vereinbarten Treffen mit dtv. Auch hier gab es einen Einblick ins k\u00fcnftige Programm. So viel sei schon mal verraten, es werden wieder ganz tolle B\u00fccher erscheinen. Nach einem letzten Rundgang, habe ich meine erste regul\u00e4re Messe nach drei Jahren dann ausklingen lassen. Mit schweren Gep\u00e4ck. Mitgekommen sind:<\/p>\n\n\n\n<p>&#8211; unz\u00e4hlige B\u00fccher<\/p>\n\n\n\n<p>&#8211; diverse Vorschauen<\/p>\n\n\n\n<p>&#8211; interessante Gespr\u00e4che und Kontakte<\/p>\n\n\n\n<p>&#8211; die Erkenntnis, wie viel eigentlich in einem Koffer passt (und was danach nicht)<\/p>\n\n\n\n<p>Es hat mich gefreut, vor allem euch wieder einmal zu sehen und gemeinsam Messeluft aufzunehmen, dazu diverse Aperol (nicht nur, glaube ich). Ein paar tolle Tage waren es. Nat\u00fcrlich gab es auch im Nachgang wieder die Artikel von wegen der Relevanz zweier Messen oder aber die, die das Nebeneinander von Cosplay und Buchmesse kritisierten, aber auch das geh\u00f6rt ja irgendwie zum Messe-Feeling mit dazu. Ich freue mich aufs n\u00e4chste Jahr.<\/p>\n\n\n\n<div class=\"wp-block-uagb-info-box uagb-block-4fedb741 uagb-infobox__content-wrap  uagb-infobox-icon-above-title uagb-infobox-image-valign-top\"><div class=\"uagb-ifb-content\"><div class=\"uagb-ifb-title-wrap\"><h3 class=\"uagb-ifb-title\">Der virtuelle Spendenhut<\/h3><\/div><p class=\"uagb-ifb-desc\">Dir hat der Beitrag gefallen? Dann freue ich mich \u00fcber eine virtuelle <a href=\"https:\/\/www.paypal.com\/paypalme\/findosbuechercom\/\" target=\"_blank\" rel=\"noreferrer noopener\">Spende<\/a>. Vielen lieben Dank.<\/p><\/div><\/div>\n","protected":false},"excerpt":{"rendered":"<p>Vor den pandemiebedingten Ausf\u00e4llen hat mich der Messe-Blues immer im Nachgang erwischt. Dieses Mal komme ich regelrecht euphorisch zur\u00fcck, nachdem ich viele sehr besondere und erfrischende Eindr\u00fccke gesammelt, viele Gesichter zum ersten Mal nach drei Jahre bedingtem Ausfall, zudem im etwas k\u00fcrzeren Ausfall, viele Mitglieder eines bestimmten Literaturforums (buechertreff.de) wieder treffen und zahlreiche Blog- und [&hellip;]<\/p>\n","protected":false},"author":1,"featured_media":0,"comment_status":"open","ping_status":"open","sticky":false,"template":"","format":"standard","meta":{"_uag_custom_page_level_css":"","site-sidebar-layout":"default","site-content-layout":"","ast-site-content-layout":"default","site-content-style":"default","site-sidebar-style":"default","ast-global-header-display":"","ast-banner-title-visibility":"","ast-main-header-display":"","ast-hfb-above-header-display":"","ast-hfb-below-header-display":"","ast-hfb-mobile-header-display":"","site-post-title":"","ast-breadcrumbs-content":"","ast-featured-img":"","footer-sml-layout":"","ast-disable-related-posts":"","theme-transparent-header-meta":"","adv-header-id-meta":"","stick-header-meta":"","header-above-stick-meta":"","header-main-stick-meta":"","header-below-stick-meta":"","astra-migrate-meta-layouts":"default","ast-page-background-enabled":"default","ast-page-background-meta":{"desktop":{"background-color":"","background-image":"","background-repeat":"repeat","background-position":"center center","background-size":"auto","background-attachment":"scroll","background-type":"","background-media":"","overlay-type":"","overlay-color":"","overlay-opacity":"","overlay-gradient":""},"tablet":{"background-color":"","background-image":"","background-repeat":"repeat","background-position":"center center","background-size":"auto","background-attachment":"scroll","background-type":"","background-media":"","overlay-type":"","overlay-color":"","overlay-opacity":"","overlay-gradient":""},"mobile":{"background-color":"","background-image":"","background-repeat":"repeat","background-position":"center center","background-size":"auto","background-attachment":"scroll","background-type":"","background-media":"","overlay-type":"","overlay-color":"","overlay-opacity":"","overlay-gradient":""}},"ast-content-background-meta":{"desktop":{"background-color":"var(--ast-global-color-5)","background-image":"","background-repeat":"repeat","background-position":"center center","background-size":"auto","background-attachment":"scroll","background-type":"","background-media":"","overlay-type":"","overlay-color":"","overlay-opacity":"","overlay-gradient":""},"tablet":{"background-color":"var(--ast-global-color-5)","background-image":"","background-repeat":"repeat","background-position":"center center","background-size":"auto","background-attachment":"scroll","background-type":"","background-media":"","overlay-type":"","overlay-color":"","overlay-opacity":"","overlay-gradient":""},"mobile":{"background-color":"var(--ast-global-color-5)","background-image":"","background-repeat":"repeat","background-position":"center center","background-size":"auto","background-attachment":"scroll","background-type":"","background-media":"","overlay-type":"","overlay-color":"","overlay-opacity":"","overlay-gradient":""}},"book_review_cover_url":"","book_review_title":"","book_review_series":"","book_review_author":"","book_review_genre":"","book_review_isbn":"","book_review_publisher":"","book_review_release_date":"","book_review_format":"","book_review_pages":"","book_review_source":"","book_review_rating":"","book_review_summary":"","footnotes":""},"categories":[595],"tags":[3805,3382,653,3817,600,3033,1601,1690,1522,983,1080,3819,1058,3807,1179,3813,3806,93,599,596,3808,3814,1164,2665,3815,3818,359,3816,1559],"class_list":["post-7147","post","type-post","status-publish","format-standard","hentry","category-buchmessen-und-veranstaltungen","tag-3805","tag-angela-merkel","tag-autor","tag-besucher","tag-buchmesse","tag-denis-scheck","tag-diogenes","tag-diskussion","tag-droemer","tag-dtv","tag-galiani-berlin","tag-giovanni-di-lorenzo","tag-kiwi","tag-klimabuchmesse","tag-lbm","tag-lbm2023","tag-lbm23","tag-leipzig","tag-leipzig-liest","tag-leipziger-buchmesse","tag-neue-messe","tag-neues-messegelaende","tag-oesterreich","tag-s-fischer","tag-sasha-filipenko","tag-schauspielhaus","tag-sebastian-fitzek","tag-slowenien","tag-verlage"],"uagb_featured_image_src":{"full":false,"thumbnail":false,"medium":false,"medium_large":false,"large":false,"wps_thumbnail_size":false,"1536x1536":false,"2048x2048":false,"buchcover":false},"uagb_author_info":{"display_name":"findo","author_link":"https:\/\/findosbuecher.com\/?author=1"},"uagb_comment_info":0,"uagb_excerpt":"Vor den pandemiebedingten Ausf\u00e4llen hat mich der Messe-Blues immer im Nachgang erwischt. Dieses Mal komme ich regelrecht euphorisch zur\u00fcck, nachdem ich viele sehr besondere und erfrischende Eindr\u00fccke gesammelt, viele Gesichter zum ersten Mal nach drei Jahre bedingtem Ausfall, zudem im etwas k\u00fcrzeren Ausfall, viele Mitglieder eines bestimmten Literaturforums (buechertreff.de) wieder treffen und zahlreiche Blog- und&hellip;","_links":{"self":[{"href":"https:\/\/findosbuecher.com\/index.php?rest_route=\/wp\/v2\/posts\/7147","targetHints":{"allow":["GET"]}}],"collection":[{"href":"https:\/\/findosbuecher.com\/index.php?rest_route=\/wp\/v2\/posts"}],"about":[{"href":"https:\/\/findosbuecher.com\/index.php?rest_route=\/wp\/v2\/types\/post"}],"author":[{"embeddable":true,"href":"https:\/\/findosbuecher.com\/index.php?rest_route=\/wp\/v2\/users\/1"}],"replies":[{"embeddable":true,"href":"https:\/\/findosbuecher.com\/index.php?rest_route=%2Fwp%2Fv2%2Fcomments&post=7147"}],"version-history":[{"count":5,"href":"https:\/\/findosbuecher.com\/index.php?rest_route=\/wp\/v2\/posts\/7147\/revisions"}],"predecessor-version":[{"id":7322,"href":"https:\/\/findosbuecher.com\/index.php?rest_route=\/wp\/v2\/posts\/7147\/revisions\/7322"}],"wp:attachment":[{"href":"https:\/\/findosbuecher.com\/index.php?rest_route=%2Fwp%2Fv2%2Fmedia&parent=7147"}],"wp:term":[{"taxonomy":"category","embeddable":true,"href":"https:\/\/findosbuecher.com\/index.php?rest_route=%2Fwp%2Fv2%2Fcategories&post=7147"},{"taxonomy":"post_tag","embeddable":true,"href":"https:\/\/findosbuecher.com\/index.php?rest_route=%2Fwp%2Fv2%2Ftags&post=7147"}],"curies":[{"name":"wp","href":"https:\/\/api.w.org\/{rel}","templated":true}]}}