{"id":7117,"date":"2023-04-09T06:47:44","date_gmt":"2023-04-09T06:47:44","guid":{"rendered":"https:\/\/findosbuecher.com\/?p=7117"},"modified":"2023-04-09T06:47:51","modified_gmt":"2023-04-09T06:47:51","slug":"stefan-von-der-lahr-bariello-montebello-3-daemonen-im-vatikan","status":"publish","type":"post","link":"https:\/\/findosbuecher.com\/?p=7117","title":{"rendered":"Stefan von der Lahr: Bariello &#038; Montebello 3 &#8211; D\u00e4monen im Vatikan"},"content":{"rendered":"\n<div itemscope itemtype=\"https:\/\/schema.org\/Book\" class=\"wp-block-book-review-block-book-review book-review-block\">\n<figure class=\"wp-block-image aligncenter size-large\"><img loading=\"lazy\" decoding=\"async\" width=\"661\" height=\"1024\" itemprop=\"image\" src=\"https:\/\/findosbuecher.com\/wp-content\/uploads\/2023\/04\/getimage-661x1024.jpg\" alt=\"\" class=\"wp-image-7118\" srcset=\"https:\/\/findosbuecher.com\/wp-content\/uploads\/2023\/04\/getimage-661x1024.jpg 661w, https:\/\/findosbuecher.com\/wp-content\/uploads\/2023\/04\/getimage-194x300.jpg 194w, https:\/\/findosbuecher.com\/wp-content\/uploads\/2023\/04\/getimage-768x1190.jpg 768w, https:\/\/findosbuecher.com\/wp-content\/uploads\/2023\/04\/getimage-991x1536.jpg 991w, https:\/\/findosbuecher.com\/wp-content\/uploads\/2023\/04\/getimage-314x487.jpg 314w, https:\/\/findosbuecher.com\/wp-content\/uploads\/2023\/04\/getimage.jpg 1258w\" sizes=\"auto, (max-width: 661px) 100vw, 661px\" \/><\/figure>\n\n\n\n<div class=\"wp-block-book-review-block-metadata book-review-block__meta\"><div class=\"book-review-block__meta-item book-review-block__meta-item-title\"><div itemprop=\"name\" class=\"book-review-block__meta-item-value\">D\u00e4monen im Vatikan<\/div><\/div><div class=\"book-review-block__meta-item book-review-block__meta-item-series\"><div class=\"book-review-block__meta-item-value\">Bariello &amp; Montebello &#8211; 3<\/div><\/div><div itemscope itemtype=\"https:\/\/schema.org\/Person\" itemprop=\"author\" class=\"book-review-block__meta-item book-review-block__meta-item-author\"><div itemprop=\"name\" class=\"book-review-block__meta-item-value\">Stefan von der Lahr<\/div><\/div><div class=\"book-review-block__meta-item book-review-block__meta-item-genre\"><div itemprop=\"genre\" class=\"book-review-block__meta-item-value\">Rezensionsexemplar\/Kriminalroman<\/div><\/div><div itemscope itemtype=\"https:\/\/schema.org\/Organization\" itemprop=\"publisher\" class=\"book-review-block__meta-item book-review-block__meta-item-publisher\"><div itemprop=\"name\" class=\"book-review-block__meta-item-value\">C. H. Beck<\/div><\/div><div class=\"book-review-block__meta-item book-review-block__meta-item-release-date\"><div itemprop=\"datePublished\" class=\"book-review-block__meta-item-value\">Erschienen am: 16.02.2023<\/div><\/div><div class=\"book-review-block__meta-item book-review-block__meta-item-format\"><div class=\"book-review-block__meta-item-value\">Taschenbuch<\/div><\/div><div class=\"book-review-block__meta-item book-review-block__meta-item-pages\"><div itemprop=\"numberOfPages\" class=\"book-review-block__meta-item-value\">Seiten: 441<\/div><\/div><div class=\"book-review-block__meta-item book-review-block__meta-item-source\"><div class=\"book-review-block__meta-item-value\">ISBN: <a href=\"https:\/\/www.chbeck.de\/von-der-lahr-daemonen-vatikan\/product\/34659400\">978-3-406-80002-3<\/a><\/div><\/div><\/div>\n\n\n\n<div itemscope itemtype=\"https:\/\/schema.org\/Review\" itemprop=\"review\" class=\"wp-block-book-review-block-rating\"><span itemscope itemtype=\"https:\/\/schema.org\/Person\" itemprop=\"author\"><meta itemprop=\"name\" content=\"findo\"\/><\/span><div itemscope itemtype=\"https:\/\/schema.org\/Rating\" itemprop=\"reviewRating\" class=\"book-review-block__rating book-review-block__review-rating\"><meta itemprop=\"ratingValue\" content=\"4\"\/><div class=\"book-review-block__rating-buttons\"><span class=\"book-review-block__rating-button\" role=\"button\" tabindex=\"0\"><span><svg xmlns=\"https:\/\/www.w3.org\/2000\/svg\" width=\"24\" height=\"24\" viewBox=\"0 0 24 24\"><path fill=\"#eba845\" stroke=\"#eba845\" d=\"M12,17.3l6.2,3.7l-1.6-7L22,9.2l-7.2-0.6L12,2L9.2,8.6L2,9.2L7.5,14l-1.6,7L12,17.3z\"><\/path><\/svg><\/span><span><svg xmlns=\"https:\/\/www.w3.org\/2000\/svg\" width=\"24\" height=\"24\" viewBox=\"0 0 24 24\"><path fill=\"#eba845\" stroke=\"#eba845\" d=\"M12,17.3l6.2,3.7l-1.6-7L22,9.2l-7.2-0.6L12,2L9.2,8.6L2,9.2L7.5,14l-1.6,7L12,17.3z\"><\/path><\/svg><\/span><\/span><span class=\"book-review-block__rating-button\" role=\"button\" tabindex=\"0\"><span><svg xmlns=\"https:\/\/www.w3.org\/2000\/svg\" width=\"24\" height=\"24\" viewBox=\"0 0 24 24\"><path fill=\"#eba845\" stroke=\"#eba845\" d=\"M12,17.3l6.2,3.7l-1.6-7L22,9.2l-7.2-0.6L12,2L9.2,8.6L2,9.2L7.5,14l-1.6,7L12,17.3z\"><\/path><\/svg><\/span><span><svg xmlns=\"https:\/\/www.w3.org\/2000\/svg\" width=\"24\" height=\"24\" viewBox=\"0 0 24 24\"><path fill=\"#eba845\" stroke=\"#eba845\" d=\"M12,17.3l6.2,3.7l-1.6-7L22,9.2l-7.2-0.6L12,2L9.2,8.6L2,9.2L7.5,14l-1.6,7L12,17.3z\"><\/path><\/svg><\/span><\/span><span class=\"book-review-block__rating-button\" role=\"button\" tabindex=\"0\"><span><svg xmlns=\"https:\/\/www.w3.org\/2000\/svg\" width=\"24\" height=\"24\" viewBox=\"0 0 24 24\"><path fill=\"#eba845\" stroke=\"#eba845\" d=\"M12,17.3l6.2,3.7l-1.6-7L22,9.2l-7.2-0.6L12,2L9.2,8.6L2,9.2L7.5,14l-1.6,7L12,17.3z\"><\/path><\/svg><\/span><span><svg xmlns=\"https:\/\/www.w3.org\/2000\/svg\" width=\"24\" height=\"24\" viewBox=\"0 0 24 24\"><path fill=\"#eba845\" stroke=\"#eba845\" d=\"M12,17.3l6.2,3.7l-1.6-7L22,9.2l-7.2-0.6L12,2L9.2,8.6L2,9.2L7.5,14l-1.6,7L12,17.3z\"><\/path><\/svg><\/span><\/span><span class=\"book-review-block__rating-button\" role=\"button\" tabindex=\"0\"><span><svg xmlns=\"https:\/\/www.w3.org\/2000\/svg\" width=\"24\" height=\"24\" viewBox=\"0 0 24 24\"><path fill=\"#eba845\" stroke=\"#eba845\" d=\"M12,17.3l6.2,3.7l-1.6-7L22,9.2l-7.2-0.6L12,2L9.2,8.6L2,9.2L7.5,14l-1.6,7L12,17.3z\"><\/path><\/svg><\/span><span><svg xmlns=\"https:\/\/www.w3.org\/2000\/svg\" width=\"24\" height=\"24\" viewBox=\"0 0 24 24\"><path fill=\"#eba845\" stroke=\"#eba845\" d=\"M12,17.3l6.2,3.7l-1.6-7L22,9.2l-7.2-0.6L12,2L9.2,8.6L2,9.2L7.5,14l-1.6,7L12,17.3z\"><\/path><\/svg><\/span><\/span><span class=\"book-review-block__rating-button\" role=\"button\" tabindex=\"0\"><span><svg xmlns=\"https:\/\/www.w3.org\/2000\/svg\" width=\"24\" height=\"24\" viewBox=\"0 0 24 24\"><path class=\"is-rating-unfilled\" fill=\"#eba845\" stroke=\"#eba845\" d=\"M12,17.3l6.2,3.7l-1.6-7L22,9.2l-7.2-0.6L12,2L9.2,8.6L2,9.2L7.5,14l-1.6,7L12,17.3z\"><\/path><\/svg><\/span><span><svg xmlns=\"https:\/\/www.w3.org\/2000\/svg\" width=\"24\" height=\"24\" viewBox=\"0 0 24 24\"><path class=\"is-rating-unfilled\" fill=\"#eba845\" stroke=\"#eba845\" d=\"M12,17.3l6.2,3.7l-1.6-7L22,9.2l-7.2-0.6L12,2L9.2,8.6L2,9.2L7.5,14l-1.6,7L12,17.3z\"><\/path><\/svg><\/span><\/span><\/div><\/div><\/div>\n\n\n\n<div class=\"wp-block-book-review-block-description book-review-block__description\"><p><\/p><\/div>\n<\/div>\n\n\n\n<p><strong>Inhalt:<\/strong><\/p>\n\n\n\n<p>Mitunter ist man im Vatikan der himmlischen Ruhe n\u00e4her, als einem lieb ist. Diese Erfahrung macht auch das Ermittlerduo Commissario Bariello und Weihbischof Montebello in seinem dritten Fall: Als die Arch\u00e4ologie geheiligte Glaubensgrunds\u00e4tze zu ersch\u00fcttern droht, ruft sie Verteidiger auf den Plan, die vor nichts zur\u00fcckschrecken. In einem Nebel aus L\u00fcgen, Intrigen und r\u00e4tselhaften Todesf\u00e4llen scheint ein unseliges Machtkartell auf dem Weg zum ewigen Heil sehr irdische Interessen zu verfolgen. Hinter den Mauern des Vatikans ist bald schon niemand mehr sicher. (Klappentext)<\/p>\n\n\n\n\n<div class=\"sp-wrap sp-wrap-default\">\n<div class=\"sp-head\" title=\"Erweitern\">\nEinordnung in der Reihe:\n<\/div>\n<div class=\"sp-body folded\">\n<p>Stefan von der Lahr: Bariello &amp; Montebello 1 &#8211; Das Grab der Jungfrau<br \/>Stefan von der Lahr: Bariello &amp; Montebello 2 &#8211; Hochamt in Neapel <br \/>Stefan von der Lahr: Bariello &amp; Montebello 3 &#8211; D\u00e4monen im Vatikan<\/p>\n<div class=\"spdiv\">[Einklappen]<\/div>\n<\/div>\n<\/div>\n\n\n\n\n<p><strong>Rezension:<\/strong><\/p>\n\n\n\n<p>Selbst Rom kann sehr kalt sein. Dennoch ist Commissario Bariello \u00fcberrascht, als er zu einem Toten gerufen wird, der offenbar erfroren ist. Wie das im Hochsommer m\u00f6glich ist, ist zun\u00e4chst v\u00f6llig unklar, ebenso, was es mit den D\u00e4monen auf sich hat, die das Opfer, ein Priester und Redakteur des Osservatore Romano zuvor zu sehen geglaubt hatte.<\/p>\n\n\n\n<p>Vor einem ganz anderen R\u00e4tsel steht indes Montebello, der Weihbischof von Neapel, der in einer einzigartigen Ausgabe der Legenda Aurea, einst das meistgelesene Buch des Mittelalters, Zeichnungen entdeckt, die die Grundfeste der katholischen Kirche ersch\u00fcttern k\u00f6nnten. Beide Nachforschungen st\u00f6ren schnell offenbar gleicherma\u00dfen die Interessen von Wirtschaftspotentaten und Kirchenf\u00fcrsten. Sehr schnell h\u00e4ufen sich die Todesf\u00e4lle. Innerhalb der Mauern des Vatikans ist bald niemand mehr sicher.<\/p>\n\n\n\n<p>Dass das Machtzentrum der katholischen Welt sich f\u00fcr packende Geschichten f\u00f6rmlich anbietet, d\u00fcrfte sp\u00e4testens mit den Ver\u00f6ffentlichungen von dan Brown oder etwa Robert Harris jedem bewusst sein. Auch im Verlag C. H. Beck, der jetzt nicht gerade f\u00fcr packende Krimis bekannt ist, die geh\u00f6ren normalerweise nicht zum Verlagsprogramm, ist eine derart und doch sehr besonders angelegte Reihe zu finden, die es in sich hat. Vorausgeschickt, die vorangestellten B\u00e4nde sind mir noch unbekannt, und so habe ich den dritten sozusagen als Stand Alone ohne Vorwissen mir zu Gem\u00fcte gef\u00fchrt. Das funktioniert mit Kriminalromane recht gut und auch hier wurde ich nicht entt\u00e4uscht, konnte ohne Probleme in die Geschichte eintauchen.<\/p>\n\n\n\n<p>Stefan von der Lahr hat hier nur wenige Seiten ben\u00f6tigt, um die Vorgeschichte aufzubauen, die f\u00fcr einen Kriminalroman zun\u00e4chst relativ unscheinbar beginnt, gleichwohl man ahnt, dass mit wenigen S\u00e4tzen eine Dynamik angelegt wird, derer man sich lesend kaum entziehen wird k\u00f6nnen. Schnell gewinnt die Geschichte an Tempo. Vielleicht muss man, wer jetzt nicht h\u00e4ufig mit s\u00fcdl\u00e4ndischen Namen in Ber\u00fchrung und von kirchlichen Hierarchien keine Ahnung hat, das eine oder andere Mal innehalten, aber das gibt sich schnell. Genau so wie die Perspektivwechsel der sehr kompakt angelegten Kapitel, die ihren Anteil zur Dynamik beitragen.<\/p>\n\n\n\n<p>Interessant ist, das wird mit den vorangegangenen B\u00e4nden nicht anders sein, die Figurenkonstellation, durch die zun\u00e4chst getrennte Ans\u00e4tze in der Ermittlung durchgef\u00fchrt, jedoch sehr schnell zusammengef\u00fchrt werden m\u00fcssen. Diese unterschiedlichen Sichtweisen des Ermittler-Duos, diese Perspektiven werden spannend dargestellt, was jedoch dem Autoren nicht gen\u00fcgt. So hat von der Lahr auch die Sichtweisen der Gegenspieler eingewoben, ohne sich in der Vielzahl der Handlungsstr\u00e4nge zu verlieren. Der Autor beh\u00e4lt den \u00dcberblick bis zuletzt, den sich die Lesenden zusammen mit den beiden sympathischen Protagonisten Bariello und Montebello erst schaffen m\u00fcssen.<\/p>\n\n\n\n<p>Beide Charaktere sind gut ausgestaltet, wozu man jetzt keine Vorkenntnisse aus den vorherigen B\u00e4nden haben muss, wenn auch Anspielungen nat\u00fcrlich vorhanden sind. Die sind dann durch Fu\u00dfnoten gekennzeichnet. Nicht nur daran erkennt man \u00fcbrigens, die N\u00e4he des Autoren zum Verlagshaus. Das dem Roman zugrunde liegende Recherchematerial, welches zur Konstruktion des Szenarios verwendet wurde, wird ebenso aufgelistet, wie verschiedene Begriffe innerhalb eines Glossars und richtig gut, ein Personenverzeichnis. K\u00f6nnte dies bitte jeder Roman oder Krimi bekommen? Es erleichtert wirklich das Behalten des \u00dcberblicks ungemein.<\/p>\n\n\n\n<p>Mit diesen Aspekten versehen liegt hier eine sehr spannende und schl\u00fcssige Erz\u00e4hlung vor, in der penibel darauf geachtet wurde, keine sichtbaren Logikfehler aufkommen zu lassen. Um dies so auszugestalten braucht es die f\u00fcr das Genre doch im Vergleich zu anderen Werken relativ hohe Seitenzahl. Keine Zeile ist \u00fcberfl\u00fcssig, jedes Wort ist notwendig und keines zu viel. Auch das tr\u00e4gt zur Spannung bei, wie auch zahlreiche Wendungen, die vor allem in der Zahl der den Handlungsstr\u00e4ngen zu Opfer fallenden begr\u00fcndet liegen. Gef\u00fchlt zumindest stirbt st\u00e4ndig jemand. Ob das wirklich so ist, ist es wert, das selbst herauszufinden.<\/p>\n\n\n\n<p>Stefan von der Lahr schafft es damit, die Lesenden in diese sehr eigent\u00fcmliche Welt, in der nicht nur religi\u00f6se Interessen verfolgt werden, hinein zu ziehen. Fast meint man, die Abl\u00e4ufe hinter den Mauern des Vatikans sich genau so vorstellen zu k\u00f6nnen. Das ist dann auch irgendwie bezeichnend f\u00fcr die reale Instution. Den Weg der Aufl\u00f6sung des Falls und die Zusammenh\u00e4nge zu ergr\u00fcnden, ist ungeheuer spannend, nicht nur f\u00fcr Fans der an solch besonderen Orten spielenden Geschichten, die nat\u00fcrlich f\u00fcr eine sehr eigene Atmosph\u00e4re sorgen.<br><br>Auch Lesende klassischer Krimis mit einem einnehmenden Ermittler-Duo im Vordergrund kommen auf ihre Kosten. Wer dazu noch schon Gelegenheit hatte, einmal die italienische Hauptstadt und den Vatikan selbst zu besuchen, f\u00fcr dem ist das entstehende Kopfkino perfekt. Ob man wohl mit diesem Krimi in der Tasche eingelassen werden w\u00fcrde?<\/p>\n\n\n\n<p>Nochmal zu den Vorkenntnissen, weder religi\u00f6se noch zu den vorangegangenen B\u00e4nden muss man welche haben. Unklarheiten werden durch die Figuren selbst beseitigt. Die Lust, Buch 1 und 2 zu lesen, ergibt sich ohnehin durch die Lekt\u00fcre. Und das muss ein dritter Band auch erst mal schaffen. Es lohnt sich sicherlich und es bleibt zu hoffen, dass m\u00f6gliche Nachfolge-B\u00e4nde genau so packend sein werden. Der Spurensuche Bariellos und Montebellos folgt man n\u00e4mlich gern.<\/p>\n\n\n\n<p><strong>Autor:<\/strong><\/p>\n\n\n\n<p>Stefan von der Lahr ist promovierter Altertumswissenschaftler und arbeitet seit drei\u00dfig Jahren bei C. H. Beck.<\/p>\n","protected":false},"excerpt":{"rendered":"<p>Inhalt: Mitunter ist man im Vatikan der himmlischen Ruhe n\u00e4her, als einem lieb ist. Diese Erfahrung macht auch das Ermittlerduo Commissario Bariello und Weihbischof Montebello in seinem dritten Fall: Als die Arch\u00e4ologie geheiligte Glaubensgrunds\u00e4tze zu ersch\u00fcttern droht, ruft sie Verteidiger auf den Plan, die vor nichts zur\u00fcckschrecken. In einem Nebel aus L\u00fcgen, Intrigen und r\u00e4tselhaften [&hellip;]<\/p>\n","protected":false},"author":1,"featured_media":0,"comment_status":"open","ping_status":"open","sticky":false,"template":"","format":"standard","meta":{"_uag_custom_page_level_css":"","site-sidebar-layout":"default","site-content-layout":"","ast-site-content-layout":"default","site-content-style":"default","site-sidebar-style":"default","ast-global-header-display":"","ast-banner-title-visibility":"","ast-main-header-display":"","ast-hfb-above-header-display":"","ast-hfb-below-header-display":"","ast-hfb-mobile-header-display":"","site-post-title":"","ast-breadcrumbs-content":"","ast-featured-img":"","footer-sml-layout":"","ast-disable-related-posts":"","theme-transparent-header-meta":"","adv-header-id-meta":"","stick-header-meta":"","header-above-stick-meta":"","header-main-stick-meta":"","header-below-stick-meta":"","astra-migrate-meta-layouts":"default","ast-page-background-enabled":"default","ast-page-background-meta":{"desktop":{"background-color":"","background-image":"","background-repeat":"repeat","background-position":"center center","background-size":"auto","background-attachment":"scroll","background-type":"","background-media":"","overlay-type":"","overlay-color":"","overlay-opacity":"","overlay-gradient":""},"tablet":{"background-color":"","background-image":"","background-repeat":"repeat","background-position":"center center","background-size":"auto","background-attachment":"scroll","background-type":"","background-media":"","overlay-type":"","overlay-color":"","overlay-opacity":"","overlay-gradient":""},"mobile":{"background-color":"","background-image":"","background-repeat":"repeat","background-position":"center center","background-size":"auto","background-attachment":"scroll","background-type":"","background-media":"","overlay-type":"","overlay-color":"","overlay-opacity":"","overlay-gradient":""}},"ast-content-background-meta":{"desktop":{"background-color":"var(--ast-global-color-5)","background-image":"","background-repeat":"repeat","background-position":"center center","background-size":"auto","background-attachment":"scroll","background-type":"","background-media":"","overlay-type":"","overlay-color":"","overlay-opacity":"","overlay-gradient":""},"tablet":{"background-color":"var(--ast-global-color-5)","background-image":"","background-repeat":"repeat","background-position":"center center","background-size":"auto","background-attachment":"scroll","background-type":"","background-media":"","overlay-type":"","overlay-color":"","overlay-opacity":"","overlay-gradient":""},"mobile":{"background-color":"var(--ast-global-color-5)","background-image":"","background-repeat":"repeat","background-position":"center center","background-size":"auto","background-attachment":"scroll","background-type":"","background-media":"","overlay-type":"","overlay-color":"","overlay-opacity":"","overlay-gradient":""}},"book_review_cover_url":"","book_review_title":"","book_review_series":"","book_review_author":"","book_review_genre":"","book_review_isbn":"","book_review_publisher":"","book_review_release_date":"","book_review_format":"","book_review_pages":"","book_review_source":"","book_review_rating":"","book_review_summary":"","footnotes":""},"categories":[4],"tags":[3790,2259,104,123,16,279,842,221,318,58,43,1191,56,2271,379,458,11,3791,277,411,1506],"class_list":["post-7117","post","type-post","status-publish","format-standard","hentry","category-rezension","tag-bariello-montebello","tag-c-h-beck-2","tag-ermittlung","tag-erzaehlung","tag-gesellschaft","tag-glaube","tag-intrige","tag-italien","tag-kirche","tag-korruption","tag-krimi","tag-kriminalroman","tag-mord","tag-papst","tag-reihe","tag-rom","tag-roman","tag-stefan-von-der-lahr","tag-suche","tag-tod","tag-vatikan"],"uagb_featured_image_src":{"full":false,"thumbnail":false,"medium":false,"medium_large":false,"large":false,"wps_thumbnail_size":false,"1536x1536":false,"2048x2048":false,"buchcover":false},"uagb_author_info":{"display_name":"findo","author_link":"https:\/\/findosbuecher.com\/?author=1"},"uagb_comment_info":0,"uagb_excerpt":"Inhalt: Mitunter ist man im Vatikan der himmlischen Ruhe n\u00e4her, als einem lieb ist. Diese Erfahrung macht auch das Ermittlerduo Commissario Bariello und Weihbischof Montebello in seinem dritten Fall: Als die Arch\u00e4ologie geheiligte Glaubensgrunds\u00e4tze zu ersch\u00fcttern droht, ruft sie Verteidiger auf den Plan, die vor nichts zur\u00fcckschrecken. In einem Nebel aus L\u00fcgen, Intrigen und r\u00e4tselhaften&hellip;","_links":{"self":[{"href":"https:\/\/findosbuecher.com\/index.php?rest_route=\/wp\/v2\/posts\/7117","targetHints":{"allow":["GET"]}}],"collection":[{"href":"https:\/\/findosbuecher.com\/index.php?rest_route=\/wp\/v2\/posts"}],"about":[{"href":"https:\/\/findosbuecher.com\/index.php?rest_route=\/wp\/v2\/types\/post"}],"author":[{"embeddable":true,"href":"https:\/\/findosbuecher.com\/index.php?rest_route=\/wp\/v2\/users\/1"}],"replies":[{"embeddable":true,"href":"https:\/\/findosbuecher.com\/index.php?rest_route=%2Fwp%2Fv2%2Fcomments&post=7117"}],"version-history":[{"count":1,"href":"https:\/\/findosbuecher.com\/index.php?rest_route=\/wp\/v2\/posts\/7117\/revisions"}],"predecessor-version":[{"id":7119,"href":"https:\/\/findosbuecher.com\/index.php?rest_route=\/wp\/v2\/posts\/7117\/revisions\/7119"}],"wp:attachment":[{"href":"https:\/\/findosbuecher.com\/index.php?rest_route=%2Fwp%2Fv2%2Fmedia&parent=7117"}],"wp:term":[{"taxonomy":"category","embeddable":true,"href":"https:\/\/findosbuecher.com\/index.php?rest_route=%2Fwp%2Fv2%2Fcategories&post=7117"},{"taxonomy":"post_tag","embeddable":true,"href":"https:\/\/findosbuecher.com\/index.php?rest_route=%2Fwp%2Fv2%2Ftags&post=7117"}],"curies":[{"name":"wp","href":"https:\/\/api.w.org\/{rel}","templated":true}]}}