{"id":7093,"date":"2023-03-25T03:46:49","date_gmt":"2023-03-25T03:46:49","guid":{"rendered":"https:\/\/findosbuecher.com\/?p=7093"},"modified":"2023-03-25T03:46:57","modified_gmt":"2023-03-25T03:46:57","slug":"wolfgang-benz-allein-gegen-hitler","status":"publish","type":"post","link":"https:\/\/findosbuecher.com\/?p=7093","title":{"rendered":"Wolfgang Benz: Allein gegen Hitler"},"content":{"rendered":"\n<div itemscope itemtype=\"https:\/\/schema.org\/Book\" class=\"wp-block-book-review-block-book-review book-review-block\">\n<figure class=\"wp-block-image aligncenter size-large\"><img loading=\"lazy\" decoding=\"async\" width=\"658\" height=\"1024\" itemprop=\"image\" src=\"https:\/\/findosbuecher.com\/wp-content\/uploads\/2023\/03\/getimage-658x1024.jpg\" alt=\"\" class=\"wp-image-7094\" srcset=\"https:\/\/findosbuecher.com\/wp-content\/uploads\/2023\/03\/getimage-658x1024.jpg 658w, https:\/\/findosbuecher.com\/wp-content\/uploads\/2023\/03\/getimage-193x300.jpg 193w, https:\/\/findosbuecher.com\/wp-content\/uploads\/2023\/03\/getimage-768x1195.jpg 768w, https:\/\/findosbuecher.com\/wp-content\/uploads\/2023\/03\/getimage-987x1536.jpg 987w, https:\/\/findosbuecher.com\/wp-content\/uploads\/2023\/03\/getimage-313x487.jpg 313w, https:\/\/findosbuecher.com\/wp-content\/uploads\/2023\/03\/getimage.jpg 1253w\" sizes=\"auto, (max-width: 658px) 100vw, 658px\" \/><\/figure>\n\n\n\n<div class=\"wp-block-book-review-block-metadata book-review-block__meta\"><div class=\"book-review-block__meta-item book-review-block__meta-item-title\"><div itemprop=\"name\" class=\"book-review-block__meta-item-value\">Allein gegen Hitler &#8211; Leben und Tat des Johann Georg Elser<\/div><\/div><div class=\"book-review-block__meta-item book-review-block__meta-item-series\"><div class=\"book-review-block__meta-item-value\">Wolfgang Benz<\/div><\/div><div itemscope itemtype=\"https:\/\/schema.org\/Person\" itemprop=\"author\" class=\"book-review-block__meta-item book-review-block__meta-item-author\"><div itemprop=\"name\" class=\"book-review-block__meta-item-value\">Rezensionsexemplar\/Biografie<\/div><\/div><div class=\"book-review-block__meta-item book-review-block__meta-item-genre\"><div itemprop=\"genre\" class=\"book-review-block__meta-item-value\">C. H. Beck<\/div><\/div><div itemscope itemtype=\"https:\/\/schema.org\/Organization\" itemprop=\"publisher\" class=\"book-review-block__meta-item book-review-block__meta-item-publisher\"><div itemprop=\"name\" class=\"book-review-block__meta-item-value\">Erschienen am: 16.02.2023<\/div><\/div><div class=\"book-review-block__meta-item book-review-block__meta-item-release-date\"><div itemprop=\"datePublished\" class=\"book-review-block__meta-item-value\">Hardcover<\/div><\/div><div class=\"book-review-block__meta-item book-review-block__meta-item-format\"><div class=\"book-review-block__meta-item-value\">Seiten: 224<\/div><\/div><div class=\"book-review-block__meta-item book-review-block__meta-item-pages\"><div itemprop=\"numberOfPages\" class=\"book-review-block__meta-item-value\">ISBN: <a href=\"https:\/\/www.chbeck.de\/benz-allein-hitler\/product\/34659696\">978-3-406-80061-0<\/a><\/div><\/div><div class=\"book-review-block__meta-item book-review-block__meta-item-source\"><div class=\"book-review-block__meta-item-value\"><\/div><\/div><\/div>\n\n\n\n<div itemscope itemtype=\"https:\/\/schema.org\/Review\" itemprop=\"review\" class=\"wp-block-book-review-block-rating\"><span itemscope itemtype=\"https:\/\/schema.org\/Person\" itemprop=\"author\"><meta itemprop=\"name\" content=\"findo\"\/><\/span><div itemscope itemtype=\"https:\/\/schema.org\/Rating\" itemprop=\"reviewRating\" class=\"book-review-block__rating book-review-block__review-rating\"><meta itemprop=\"ratingValue\" content=\"5\"\/><div class=\"book-review-block__rating-buttons\"><span class=\"book-review-block__rating-button\" role=\"button\" tabindex=\"0\"><span><svg xmlns=\"https:\/\/www.w3.org\/2000\/svg\" width=\"24\" height=\"24\" viewBox=\"0 0 24 24\"><path fill=\"#eba845\" stroke=\"#eba845\" d=\"M12,17.3l6.2,3.7l-1.6-7L22,9.2l-7.2-0.6L12,2L9.2,8.6L2,9.2L7.5,14l-1.6,7L12,17.3z\"><\/path><\/svg><\/span><span><svg xmlns=\"https:\/\/www.w3.org\/2000\/svg\" width=\"24\" height=\"24\" viewBox=\"0 0 24 24\"><path fill=\"#eba845\" stroke=\"#eba845\" d=\"M12,17.3l6.2,3.7l-1.6-7L22,9.2l-7.2-0.6L12,2L9.2,8.6L2,9.2L7.5,14l-1.6,7L12,17.3z\"><\/path><\/svg><\/span><\/span><span class=\"book-review-block__rating-button\" role=\"button\" tabindex=\"0\"><span><svg xmlns=\"https:\/\/www.w3.org\/2000\/svg\" width=\"24\" height=\"24\" viewBox=\"0 0 24 24\"><path fill=\"#eba845\" stroke=\"#eba845\" d=\"M12,17.3l6.2,3.7l-1.6-7L22,9.2l-7.2-0.6L12,2L9.2,8.6L2,9.2L7.5,14l-1.6,7L12,17.3z\"><\/path><\/svg><\/span><span><svg xmlns=\"https:\/\/www.w3.org\/2000\/svg\" width=\"24\" height=\"24\" viewBox=\"0 0 24 24\"><path fill=\"#eba845\" stroke=\"#eba845\" d=\"M12,17.3l6.2,3.7l-1.6-7L22,9.2l-7.2-0.6L12,2L9.2,8.6L2,9.2L7.5,14l-1.6,7L12,17.3z\"><\/path><\/svg><\/span><\/span><span class=\"book-review-block__rating-button\" role=\"button\" tabindex=\"0\"><span><svg xmlns=\"https:\/\/www.w3.org\/2000\/svg\" width=\"24\" height=\"24\" viewBox=\"0 0 24 24\"><path fill=\"#eba845\" stroke=\"#eba845\" d=\"M12,17.3l6.2,3.7l-1.6-7L22,9.2l-7.2-0.6L12,2L9.2,8.6L2,9.2L7.5,14l-1.6,7L12,17.3z\"><\/path><\/svg><\/span><span><svg xmlns=\"https:\/\/www.w3.org\/2000\/svg\" width=\"24\" height=\"24\" viewBox=\"0 0 24 24\"><path fill=\"#eba845\" stroke=\"#eba845\" d=\"M12,17.3l6.2,3.7l-1.6-7L22,9.2l-7.2-0.6L12,2L9.2,8.6L2,9.2L7.5,14l-1.6,7L12,17.3z\"><\/path><\/svg><\/span><\/span><span class=\"book-review-block__rating-button\" role=\"button\" tabindex=\"0\"><span><svg xmlns=\"https:\/\/www.w3.org\/2000\/svg\" width=\"24\" height=\"24\" viewBox=\"0 0 24 24\"><path fill=\"#eba845\" stroke=\"#eba845\" d=\"M12,17.3l6.2,3.7l-1.6-7L22,9.2l-7.2-0.6L12,2L9.2,8.6L2,9.2L7.5,14l-1.6,7L12,17.3z\"><\/path><\/svg><\/span><span><svg xmlns=\"https:\/\/www.w3.org\/2000\/svg\" width=\"24\" height=\"24\" viewBox=\"0 0 24 24\"><path fill=\"#eba845\" stroke=\"#eba845\" d=\"M12,17.3l6.2,3.7l-1.6-7L22,9.2l-7.2-0.6L12,2L9.2,8.6L2,9.2L7.5,14l-1.6,7L12,17.3z\"><\/path><\/svg><\/span><\/span><span class=\"book-review-block__rating-button\" role=\"button\" tabindex=\"0\"><span><svg xmlns=\"https:\/\/www.w3.org\/2000\/svg\" width=\"24\" height=\"24\" viewBox=\"0 0 24 24\"><path fill=\"#eba845\" stroke=\"#eba845\" d=\"M12,17.3l6.2,3.7l-1.6-7L22,9.2l-7.2-0.6L12,2L9.2,8.6L2,9.2L7.5,14l-1.6,7L12,17.3z\"><\/path><\/svg><\/span><span><svg xmlns=\"https:\/\/www.w3.org\/2000\/svg\" width=\"24\" height=\"24\" viewBox=\"0 0 24 24\"><path fill=\"#eba845\" stroke=\"#eba845\" d=\"M12,17.3l6.2,3.7l-1.6-7L22,9.2l-7.2-0.6L12,2L9.2,8.6L2,9.2L7.5,14l-1.6,7L12,17.3z\"><\/path><\/svg><\/span><\/span><\/div><\/div><\/div>\n\n\n\n<div class=\"wp-block-book-review-block-description book-review-block__description\"><p><\/p><\/div>\n<\/div>\n\n\n\n<p><strong>Inhalt:<\/strong><\/p>\n\n\n\n<p>Am 8. November 1939 explodierte im M\u00fcnchner B\u00fcrgerbr\u00e4ukeller eine Bombe. Eigentlich h\u00e4tte sie Adolf Hitler t\u00f6ten sollen, w\u00e4hrend er gerade eine Rede hielt. Wenn dieser Plan aufgegangen w\u00e4re, h\u00e4tten der Zweite Weltkrieg und mit ihm die Weltgeschichte einen v\u00f6llig anderen Verlauf genommen. Doch der &#8222;F\u00fchrer&#8220; verlie\u00df vorzeitig den Saal und kam mit dem Leben davon. Dieses Buch erz\u00e4hlt die Geschichte des Mannes, der die Tat ganz allein plante und ausf\u00fchrte: Johann Georg Elser. (Klappentext)<\/p>\n\n\n\n<p><\/p>\n\n\n\n<p><strong>Rezension:<\/strong><\/p>\n\n\n\n<p>Die Rekonstruktion dieser Biografie ist schwierig. Schriftliche Zeugnisse liegen kaum vor. Nur von ihrem Endpunkt gibt es ein Protokoll, ausgerechnet von einem Verh\u00f6r durch Hitlers ber\u00fcchtigter Gestapo. Diese konzentrierte sich auf die Tat nat\u00fcrlich an sich, versuchte Hinterm\u00e4nner, Auftraggeber zu finden. Nur, die gab es nicht. Aus moralischem Empfinden und Selbstverst\u00e4ndnis heraus, handelte Johann Georg Elser, konstruierte eine Bombe samt Z\u00fcndmechanismus und platzierte sie im B\u00fcrgerbr\u00e4ukeller.<\/p>\n\n\n\n<p><\/p>\n\n\n\n<blockquote class=\"wp-block-quote is-layout-flow wp-block-quote-is-layout-flow\">\n<p><em>Um Georg Elsers Anschlag am 8. November 1939 beurteilen zu k\u00f6nnen, muss man die Anstrengungen betrachten, die andere mit dem gleichen Ziel [&#8230;] unternommen haben. Insbesondere m\u00fcssen die M\u00f6glichkeiten in den Blick gefasst werden, die den Angeh\u00f6rigen traditioneller, gesellschaftlicher Eliten Kraft ihrer Verbindungen, ihrer Position, ihrer Profession und Professionalit\u00e4t zur Verf\u00fcgung standen bzw. gestanden h\u00e4tten. Zur moralischen Dimension des Entschlusses, den Tyrannenmord zu wagen, kamen die technischen und logistischen Probleme der Ausf\u00fchrung &#8230;<\/em><\/p>\n<cite>Wolfgang Benz: Allein gegen Hitler &#8211; Leben und Tat des Johann Georg Elser<\/cite><\/blockquote>\n\n\n\n<p><\/p>\n\n\n\n<p>Ein Zufall verhinderte den Erfolg. Doch wer war der Mann, dessen Aktion im Gedenken an den Widerstand gegen Hitler heute so oft schm\u00e4hlich vernachl\u00e4ssigt wird? In wie weit lassen sich seine Lebensstationen nachvollziehen und was veranlasste ihm zu handeln, wo andere nichts taten? Zuletzt auch, wie gestaltete sich das Gedenken im Nachkriegsdeutschland, von 1945 bis heute.<\/p>\n\n\n\n<p><\/p>\n\n\n\n<p>Wolfgang Benz, Antisemitismusforscher, begab sich auf Spurensuche. Entstanden ist eine, der mageren Quellenlage geschuldete, kompakte aber beeindruckende Dokumentation der Biografie eines Menschen, der nicht wegschauen konnte. In der Reihe B\u00fccher gegen das Vergessen wird so eine wichtige L\u00fccke gef\u00fcllt, die mit dem Anschlag im M\u00fcnchner B\u00fcrgerb\u00e4ukeller selbst beginnt, um dann die einzelnen biografischen Stationen kapitelweise nachzuvollziehen.<\/p>\n\n\n\n<p><\/p>\n\n\n\n<p>Der Autor bel\u00e4sst es jedoch nicht dabei und ordnet den Lebensweg immer auch in den Kontext des gesellschaftlichen und politischen Gef\u00fcges ein, der jeweiligen Region, die den jeweiligen biografischen Abschnitt beeinflusst, zugleich die famili\u00e4re Situation Elsers. So entsteht aus mehren Facetten ein nachvollziehbares und sehr eindr\u00fcckliches Gesamtbild, welches vor allem die Nachbetrachtung und Bewertung kritisch beleuchtet, ansonsten jedoch sehr sachlich bleibt.<\/p>\n\n\n\n<p><\/p>\n\n\n\n<p>Die schwierige Recherche und darauf aufbauende Rekonstruktion ist beeindruckend zu lesen. Benz versteht es, dem Menschen Johann Georg Elser gerecht zu werden und hoffentlich die Aufmerksamkeit zu verschaffen, die dieser posthum verdient, auch \u00fcber die Region S\u00fcddeutschland hinaus. Nicht nur f\u00fcr geschichtlich Interessierte eine wichtige Lekt\u00fcre.<\/p>\n\n\n\n<p><\/p>\n\n\n\n<p><strong>Autor:<\/strong><\/p>\n\n\n\n<p>Wolfgang Benz wurde 1941 geboren und ist ein deutscher Historiker. Von 1990 bis 2011 lehrte er an der Technischen Universit\u00e4t Berlin und leitete das zugeh\u00f6rige Zentrum f\u00fcr Antisemitismusforschung. Vorher war er wissenschaftlicher Mitarbeiter beim Institut f\u00fcr Zeitgeschichte in M\u00fcnchen, nah eine Gastprofessor in Sydney war, lehrte jedoch auch u. a. in Wien.<\/p>\n\n\n\n<p><\/p>\n\n\n\n<p>1992 erhielt er den Geschwister-Scholl-Preis und en Preis Das politische Buch der Friedrich-Ebert-Stiftung. Benz geh\u00f6rt zu den Unterzeichnern der Jerusalemer Erkl\u00e4rung zum Antisemitismus, die eine Neudefinition und Pr\u00e4zisierung des Antisemitismusbegriffs vornimmt.<br><br>Er ist zudem Autor mehrerer wissenschaftlicher und popul\u00e4rwissenschaftlicher Publikationen.<\/p>\n","protected":false},"excerpt":{"rendered":"<p>Inhalt: Am 8. November 1939 explodierte im M\u00fcnchner B\u00fcrgerbr\u00e4ukeller eine Bombe. Eigentlich h\u00e4tte sie Adolf Hitler t\u00f6ten sollen, w\u00e4hrend er gerade eine Rede hielt. Wenn dieser Plan aufgegangen w\u00e4re, h\u00e4tten der Zweite Weltkrieg und mit ihm die Weltgeschichte einen v\u00f6llig anderen Verlauf genommen. Doch der &#8222;F\u00fchrer&#8220; verlie\u00df vorzeitig den Saal und kam mit dem Leben [&hellip;]<\/p>\n","protected":false},"author":1,"featured_media":0,"comment_status":"open","ping_status":"open","sticky":false,"template":"","format":"standard","meta":{"_uag_custom_page_level_css":"","site-sidebar-layout":"default","site-content-layout":"","ast-site-content-layout":"default","site-content-style":"default","site-sidebar-style":"default","ast-global-header-display":"","ast-banner-title-visibility":"","ast-main-header-display":"","ast-hfb-above-header-display":"","ast-hfb-below-header-display":"","ast-hfb-mobile-header-display":"","site-post-title":"","ast-breadcrumbs-content":"","ast-featured-img":"","footer-sml-layout":"","ast-disable-related-posts":"","theme-transparent-header-meta":"","adv-header-id-meta":"","stick-header-meta":"","header-above-stick-meta":"","header-main-stick-meta":"","header-below-stick-meta":"","astra-migrate-meta-layouts":"default","ast-page-background-enabled":"default","ast-page-background-meta":{"desktop":{"background-color":"","background-image":"","background-repeat":"repeat","background-position":"center center","background-size":"auto","background-attachment":"scroll","background-type":"","background-media":"","overlay-type":"","overlay-color":"","overlay-opacity":"","overlay-gradient":""},"tablet":{"background-color":"","background-image":"","background-repeat":"repeat","background-position":"center center","background-size":"auto","background-attachment":"scroll","background-type":"","background-media":"","overlay-type":"","overlay-color":"","overlay-opacity":"","overlay-gradient":""},"mobile":{"background-color":"","background-image":"","background-repeat":"repeat","background-position":"center center","background-size":"auto","background-attachment":"scroll","background-type":"","background-media":"","overlay-type":"","overlay-color":"","overlay-opacity":"","overlay-gradient":""}},"ast-content-background-meta":{"desktop":{"background-color":"var(--ast-global-color-5)","background-image":"","background-repeat":"repeat","background-position":"center center","background-size":"auto","background-attachment":"scroll","background-type":"","background-media":"","overlay-type":"","overlay-color":"","overlay-opacity":"","overlay-gradient":""},"tablet":{"background-color":"var(--ast-global-color-5)","background-image":"","background-repeat":"repeat","background-position":"center center","background-size":"auto","background-attachment":"scroll","background-type":"","background-media":"","overlay-type":"","overlay-color":"","overlay-opacity":"","overlay-gradient":""},"mobile":{"background-color":"var(--ast-global-color-5)","background-image":"","background-repeat":"repeat","background-position":"center center","background-size":"auto","background-attachment":"scroll","background-type":"","background-media":"","overlay-type":"","overlay-color":"","overlay-opacity":"","overlay-gradient":""}},"book_review_cover_url":"","book_review_title":"","book_review_series":"","book_review_author":"","book_review_genre":"","book_review_isbn":"","book_review_publisher":"","book_review_release_date":"","book_review_format":"","book_review_pages":"","book_review_source":"","book_review_rating":"","book_review_summary":"","footnotes":""},"categories":[4],"tags":[25,2259,1837,17,16,3775,3776,301,3236,193,26,663,3777,29,147],"class_list":["post-7093","post","type-post","status-publish","format-standard","hentry","category-rezension","tag-biografie","tag-c-h-beck-2","tag-deutschland-2","tag-geschichte","tag-gesellschaft","tag-johann-georg-elser","tag-koenigsbronn","tag-leben","tag-muenchen","tag-ns-regime","tag-sachbuch","tag-widerstand","tag-wolfgang-benz","tag-zeitgeschichte","tag-zweiter-weltkrieg"],"uagb_featured_image_src":{"full":false,"thumbnail":false,"medium":false,"medium_large":false,"large":false,"wps_thumbnail_size":false,"1536x1536":false,"2048x2048":false,"buchcover":false},"uagb_author_info":{"display_name":"findo","author_link":"https:\/\/findosbuecher.com\/?author=1"},"uagb_comment_info":0,"uagb_excerpt":"Inhalt: Am 8. November 1939 explodierte im M\u00fcnchner B\u00fcrgerbr\u00e4ukeller eine Bombe. Eigentlich h\u00e4tte sie Adolf Hitler t\u00f6ten sollen, w\u00e4hrend er gerade eine Rede hielt. Wenn dieser Plan aufgegangen w\u00e4re, h\u00e4tten der Zweite Weltkrieg und mit ihm die Weltgeschichte einen v\u00f6llig anderen Verlauf genommen. Doch der &#8222;F\u00fchrer&#8220; verlie\u00df vorzeitig den Saal und kam mit dem Leben&hellip;","_links":{"self":[{"href":"https:\/\/findosbuecher.com\/index.php?rest_route=\/wp\/v2\/posts\/7093","targetHints":{"allow":["GET"]}}],"collection":[{"href":"https:\/\/findosbuecher.com\/index.php?rest_route=\/wp\/v2\/posts"}],"about":[{"href":"https:\/\/findosbuecher.com\/index.php?rest_route=\/wp\/v2\/types\/post"}],"author":[{"embeddable":true,"href":"https:\/\/findosbuecher.com\/index.php?rest_route=\/wp\/v2\/users\/1"}],"replies":[{"embeddable":true,"href":"https:\/\/findosbuecher.com\/index.php?rest_route=%2Fwp%2Fv2%2Fcomments&post=7093"}],"version-history":[{"count":1,"href":"https:\/\/findosbuecher.com\/index.php?rest_route=\/wp\/v2\/posts\/7093\/revisions"}],"predecessor-version":[{"id":7095,"href":"https:\/\/findosbuecher.com\/index.php?rest_route=\/wp\/v2\/posts\/7093\/revisions\/7095"}],"wp:attachment":[{"href":"https:\/\/findosbuecher.com\/index.php?rest_route=%2Fwp%2Fv2%2Fmedia&parent=7093"}],"wp:term":[{"taxonomy":"category","embeddable":true,"href":"https:\/\/findosbuecher.com\/index.php?rest_route=%2Fwp%2Fv2%2Fcategories&post=7093"},{"taxonomy":"post_tag","embeddable":true,"href":"https:\/\/findosbuecher.com\/index.php?rest_route=%2Fwp%2Fv2%2Ftags&post=7093"}],"curies":[{"name":"wp","href":"https:\/\/api.w.org\/{rel}","templated":true}]}}