{"id":6941,"date":"2022-12-29T19:15:47","date_gmt":"2022-12-29T19:15:47","guid":{"rendered":"https:\/\/findosbuecher.com\/?p=6941"},"modified":"2022-12-29T19:15:54","modified_gmt":"2022-12-29T19:15:54","slug":"eric-vuillard-die-tagesordnung","status":"publish","type":"post","link":"https:\/\/findosbuecher.com\/?p=6941","title":{"rendered":"Eric Vuillard: Die Tagesordnung"},"content":{"rendered":"\n<div itemscope itemtype=\"https:\/\/schema.org\/Book\" class=\"wp-block-book-review-block-book-review book-review-block\">\n<figure class=\"wp-block-image aligncenter size-large\"><img loading=\"lazy\" decoding=\"async\" width=\"597\" height=\"1024\" itemprop=\"image\" src=\"https:\/\/findosbuecher.com\/wp-content\/uploads\/2022\/12\/cover-9783957579072-597x1024.jpg\" alt=\"\" class=\"wp-image-6942\" srcset=\"https:\/\/findosbuecher.com\/wp-content\/uploads\/2022\/12\/cover-9783957579072-597x1024.jpg 597w, https:\/\/findosbuecher.com\/wp-content\/uploads\/2022\/12\/cover-9783957579072-175x300.jpg 175w, https:\/\/findosbuecher.com\/wp-content\/uploads\/2022\/12\/cover-9783957579072-768x1316.jpg 768w, https:\/\/findosbuecher.com\/wp-content\/uploads\/2022\/12\/cover-9783957579072-896x1536.jpg 896w, https:\/\/findosbuecher.com\/wp-content\/uploads\/2022\/12\/cover-9783957579072-1195x2048.jpg 1195w, https:\/\/findosbuecher.com\/wp-content\/uploads\/2022\/12\/cover-9783957579072-284x487.jpg 284w, https:\/\/findosbuecher.com\/wp-content\/uploads\/2022\/12\/cover-9783957579072-scaled.jpg 1494w\" sizes=\"auto, (max-width: 597px) 100vw, 597px\" \/><\/figure>\n\n\n\n<div class=\"wp-block-book-review-block-metadata book-review-block__meta\"><div class=\"book-review-block__meta-item book-review-block__meta-item-title\"><div itemprop=\"name\" class=\"book-review-block__meta-item-value\">Die Tagesordnung<\/div><\/div><div class=\"book-review-block__meta-item book-review-block__meta-item-series\"><div class=\"book-review-block__meta-item-value\">Eric Vuillard<\/div><\/div><div itemscope itemtype=\"https:\/\/schema.org\/Person\" itemprop=\"author\" class=\"book-review-block__meta-item book-review-block__meta-item-author\"><div itemprop=\"name\" class=\"book-review-block__meta-item-value\">Novelle<\/div><\/div><div class=\"book-review-block__meta-item book-review-block__meta-item-genre\"><div itemprop=\"genre\" class=\"book-review-block__meta-item-value\">Matthes &amp; Seitz<\/div><\/div><div itemscope itemtype=\"https:\/\/schema.org\/Organization\" itemprop=\"publisher\" class=\"book-review-block__meta-item book-review-block__meta-item-publisher\"><div itemprop=\"name\" class=\"book-review-block__meta-item-value\">Erschienen am: 03.06.2020 (Taschenbuch)<\/div><\/div><div class=\"book-review-block__meta-item book-review-block__meta-item-release-date\"><div itemprop=\"datePublished\" class=\"book-review-block__meta-item-value\">Taschenbuch<\/div><\/div><div class=\"book-review-block__meta-item book-review-block__meta-item-format\"><div class=\"book-review-block__meta-item-value\">Seiten: 118<\/div><\/div><div class=\"book-review-block__meta-item book-review-block__meta-item-pages\"><div itemprop=\"numberOfPages\" class=\"book-review-block__meta-item-value\">ISBN: <a href=\"https:\/\/www.matthes-seitz-berlin.de\/buch\/die-tagesordnung-12779.html\">978-3-95757-907-2<\/a><\/div><\/div><div class=\"book-review-block__meta-item book-review-block__meta-item-source\"><div class=\"book-review-block__meta-item-value\">\u00dcbersetzung: Nicola Denis<\/div><\/div><\/div>\n\n\n\n<div itemscope itemtype=\"https:\/\/schema.org\/Review\" itemprop=\"review\" class=\"wp-block-book-review-block-rating\"><span itemscope itemtype=\"https:\/\/schema.org\/Person\" itemprop=\"author\"><meta itemprop=\"name\" content=\"findo\"\/><\/span><div itemscope itemtype=\"https:\/\/schema.org\/Rating\" itemprop=\"reviewRating\" class=\"book-review-block__rating book-review-block__review-rating\"><meta itemprop=\"ratingValue\" content=\"2.5\"\/><div class=\"book-review-block__rating-buttons\"><span class=\"book-review-block__rating-button\" role=\"button\" tabindex=\"0\"><span><svg xmlns=\"https:\/\/www.w3.org\/2000\/svg\" width=\"24\" height=\"24\" viewBox=\"0 0 24 24\"><path fill=\"#eba845\" stroke=\"#eba845\" d=\"M12,17.3l6.2,3.7l-1.6-7L22,9.2l-7.2-0.6L12,2L9.2,8.6L2,9.2L7.5,14l-1.6,7L12,17.3z\"><\/path><\/svg><\/span><span><svg xmlns=\"https:\/\/www.w3.org\/2000\/svg\" width=\"24\" height=\"24\" viewBox=\"0 0 24 24\"><path fill=\"#eba845\" stroke=\"#eba845\" d=\"M12,17.3l6.2,3.7l-1.6-7L22,9.2l-7.2-0.6L12,2L9.2,8.6L2,9.2L7.5,14l-1.6,7L12,17.3z\"><\/path><\/svg><\/span><\/span><span class=\"book-review-block__rating-button\" role=\"button\" tabindex=\"0\"><span><svg xmlns=\"https:\/\/www.w3.org\/2000\/svg\" width=\"24\" height=\"24\" viewBox=\"0 0 24 24\"><path fill=\"#eba845\" stroke=\"#eba845\" d=\"M12,17.3l6.2,3.7l-1.6-7L22,9.2l-7.2-0.6L12,2L9.2,8.6L2,9.2L7.5,14l-1.6,7L12,17.3z\"><\/path><\/svg><\/span><span><svg xmlns=\"https:\/\/www.w3.org\/2000\/svg\" width=\"24\" height=\"24\" viewBox=\"0 0 24 24\"><path fill=\"#eba845\" stroke=\"#eba845\" d=\"M12,17.3l6.2,3.7l-1.6-7L22,9.2l-7.2-0.6L12,2L9.2,8.6L2,9.2L7.5,14l-1.6,7L12,17.3z\"><\/path><\/svg><\/span><\/span><span class=\"book-review-block__rating-button\" role=\"button\" tabindex=\"0\"><span><svg xmlns=\"https:\/\/www.w3.org\/2000\/svg\" width=\"24\" height=\"24\" viewBox=\"0 0 24 24\"><path fill=\"#eba845\" stroke=\"#eba845\" d=\"M12,17.3l6.2,3.7l-1.6-7L22,9.2l-7.2-0.6L12,2L9.2,8.6L2,9.2L7.5,14l-1.6,7L12,17.3z\"><\/path><\/svg><\/span><span><svg xmlns=\"https:\/\/www.w3.org\/2000\/svg\" width=\"24\" height=\"24\" viewBox=\"0 0 24 24\"><path class=\"is-rating-unfilled\" fill=\"#eba845\" stroke=\"#eba845\" d=\"M12,17.3l6.2,3.7l-1.6-7L22,9.2l-7.2-0.6L12,2L9.2,8.6L2,9.2L7.5,14l-1.6,7L12,17.3z\"><\/path><\/svg><\/span><\/span><span class=\"book-review-block__rating-button\" role=\"button\" tabindex=\"0\"><span><svg xmlns=\"https:\/\/www.w3.org\/2000\/svg\" width=\"24\" height=\"24\" viewBox=\"0 0 24 24\"><path class=\"is-rating-unfilled\" fill=\"#eba845\" stroke=\"#eba845\" d=\"M12,17.3l6.2,3.7l-1.6-7L22,9.2l-7.2-0.6L12,2L9.2,8.6L2,9.2L7.5,14l-1.6,7L12,17.3z\"><\/path><\/svg><\/span><span><svg xmlns=\"https:\/\/www.w3.org\/2000\/svg\" width=\"24\" height=\"24\" viewBox=\"0 0 24 24\"><path class=\"is-rating-unfilled\" fill=\"#eba845\" stroke=\"#eba845\" d=\"M12,17.3l6.2,3.7l-1.6-7L22,9.2l-7.2-0.6L12,2L9.2,8.6L2,9.2L7.5,14l-1.6,7L12,17.3z\"><\/path><\/svg><\/span><\/span><span class=\"book-review-block__rating-button\" role=\"button\" tabindex=\"0\"><span><svg xmlns=\"https:\/\/www.w3.org\/2000\/svg\" width=\"24\" height=\"24\" viewBox=\"0 0 24 24\"><path class=\"is-rating-unfilled\" fill=\"#eba845\" stroke=\"#eba845\" d=\"M12,17.3l6.2,3.7l-1.6-7L22,9.2l-7.2-0.6L12,2L9.2,8.6L2,9.2L7.5,14l-1.6,7L12,17.3z\"><\/path><\/svg><\/span><span><svg xmlns=\"https:\/\/www.w3.org\/2000\/svg\" width=\"24\" height=\"24\" viewBox=\"0 0 24 24\"><path class=\"is-rating-unfilled\" fill=\"#eba845\" stroke=\"#eba845\" d=\"M12,17.3l6.2,3.7l-1.6-7L22,9.2l-7.2-0.6L12,2L9.2,8.6L2,9.2L7.5,14l-1.6,7L12,17.3z\"><\/path><\/svg><\/span><\/span><\/div><\/div><\/div>\n\n\n\n<div class=\"wp-block-book-review-block-description book-review-block__description\"><p><\/p><\/div>\n<\/div>\n\n\n\n<p><strong>Inhalt:<\/strong><\/p>\n\n\n\n<p>20. Februar 1933: Auf Einladung des Reichstagspr\u00e4sidenten Hermann G\u00f6ring finden sich 24 hochrangige Vertreter der Industrie zu einem Treffen mit Adolf Hitler ein, um \u00fcber m\u00f6gliche Unterst\u00fctzungen f\u00fcr die nationalsozialistische Politik zu beraten.<br><br>Mit virtuoser Eindringlichkeit und satirischem Biss seziert Vuillard die Mechanismen des Aufstiegs der Nationalsozialisten und macht deutlich: Die Deals, die an den runden Tischen der Welt geschlossen werden, sind faul, unser Verst\u00e4ndnis von Geschichte beruht auf Propagandabildern. (Klappentext)<\/p>\n\n\n\n<p><\/p>\n\n\n\n<p><strong>Rezension:<\/strong><\/p>\n\n\n\n<p>Nach Anh\u00f6ren oder Lesen einiger Rezensionen riet mir ein erster Impuls damals von der Lekt\u00fcre ab, doch fiel mir sp\u00e4ter die Taschenbuchausgabe in die H\u00e4nde. Meine Gedanken zu diesem Werk hatte ich dato l\u00e4ngst verdr\u00e4ngt. Manchmal ist das Vergessen von Sachverhalten ja etwas Wunderbares, kann man sich doch so, in diesem Falle dem Text, einmal unbefangen n\u00e4hern. Und so griff ich &#8222;Die Tagesordnung&#8220; aus meinem Regal heraus und begann zu lesen.<\/p>\n\n\n\n<p><\/p>\n\n\n\n<p>Schon mit dem Lesen der ersten Abschnitte stellt sich die Frage, was dieses Werk eigentlich sein will? Sein soll? Ein Roman ist das nicht, daf\u00fcr wirkt die Form zu starr. Die Kategorisierung Sachbuch trifft hier ebenso wenig zu. Vielleicht hat uns Eric Vuillard hier eine Mischform aufgetischt? Im Fernsehen w\u00fcrde man wohl Doku-Spiel dazu sagen. Tats\u00e4chliches Geschehen noch einmal nachgespielt. Hier eben in Textform. Bekannte Szenen aus der Anfangszeit des NS-Regimes als Postkartenmotiv in Hochglanzform.<\/p>\n\n\n\n<p>Und das ist ein Problem. Das Ausgangsmaterial hat beinahe Jeder bereits in aller Ausf\u00fchrlichkeit im Geschichtsunterricht serviert bekommen. Auch die Ergebnisse sind bekannt. Nichts Neues an Erkenntnissen gewinnt man, wenn das alles noch einmal umgeschrieben zu lesen ist.<br><br>Der rote Faden, der Lauf der Geschichte, den hat Vuillard hier ausgefranzt. Mal passen Szenen nicht zueinander, \u00dcberg\u00e4nge, die diese schleichende Machtergreifung noch mehr verdeutlichen k\u00f6nnten, wie sie die Nationalsozialisten fabrizierten, fehlen zu Teilen g\u00e4nzlich. Das ist handwerklich schlecht gemacht und tr\u00e4gt der Brisanz nicht unbedingt Rechnung.<\/p>\n\n\n\n<p>Zudem darf sich der Autor die Frage gefallen lassen, warum mitten im Geschehen der Text endet. Und der Verlag, warum man nicht nochmals \u00fcber den Klappentext geschaut hat. Letzterer beschreibt eine Szene von vielen, leider von zu wenigen, die in diesem Werk vorkommen k\u00f6nnten.<\/p>\n\n\n\n<p><\/p>\n\n\n\n<p>Bei Ersteren, ja, es wird die Vereinnahmung \u00d6sterreichs beschrieben, der Anklang der M\u00fcnchener Konferenz, der die Tschechoslowakei zum Opfer fallen sollte, aber mehr eben auch nicht. Warum nicht? Warum hat Vuillard nicht mehr aus den Stoff herausgeholt, dem ihn die Geschichte bietet? Keine Lust, weiterzuschreiben, wenn wir einmal bei dem Text an sich sind, sich wenigstens zu entscheiden, ob man einen Roman, eine Novelle vielleicht oder doch ein literarisches Sachbuch machen m\u00f6chte?<\/p>\n\n\n\n<p><\/p>\n\n\n\n<p>Nun liegt das Werk eben so vor. Es l\u00e4sst sich auch leicht lesen, zumal alles jedem darin bekannt sein d\u00fcrfte. Danach bleibt jedoch auch nichts mehr \u00fcbrig. Nicht mehr als ein Vergleich zumindest. Zu Pandemie-Zeiten haben einige von uns erfahren m\u00fcssen, wie es ist, zu essen und nichts zu schmecken. Man wird vielleicht satt, aber das war es dann halt auch.<\/p>\n\n\n\n<p>Vielleicht demn\u00e4chst wieder ein Sachbuch oder einen richtigen Roman.<\/p>\n\n\n\n<p><\/p>\n\n\n\n<p><strong>Autor:<\/strong><\/p>\n\n\n\n<p>Eric Vuillard wurde 1968 in Lyon geboren und ist ein franz\u00f6sischer Schriftsteller und Filmemacher. Er studierte Jura, Politikwissenschaften, Philosophie, Anthropologie und Geschichte an der Elitehochschule EHESSS und ver\u00f6ffentlichte 1999 erste Erz\u00e4hlungen. Dem folgten weitere Texte, die mehrfach ausgezeichnet wurden. Im Jahr 2017 erhielt er den Prix Goncourt f\u00fcr &#8222;Die Tagesordnung&#8220;.<\/p>\n\n\n\n<p><\/p>\n","protected":false},"excerpt":{"rendered":"<p>Inhalt: 20. Februar 1933: Auf Einladung des Reichstagspr\u00e4sidenten Hermann G\u00f6ring finden sich 24 hochrangige Vertreter der Industrie zu einem Treffen mit Adolf Hitler ein, um \u00fcber m\u00f6gliche Unterst\u00fctzungen f\u00fcr die nationalsozialistische Politik zu beraten. Mit virtuoser Eindringlichkeit und satirischem Biss seziert Vuillard die Mechanismen des Aufstiegs der Nationalsozialisten und macht deutlich: Die Deals, die an [&hellip;]<\/p>\n","protected":false},"author":1,"featured_media":0,"comment_status":"open","ping_status":"open","sticky":false,"template":"","format":"standard","meta":{"_uag_custom_page_level_css":"","site-sidebar-layout":"default","site-content-layout":"","ast-site-content-layout":"default","site-content-style":"default","site-sidebar-style":"default","ast-global-header-display":"","ast-banner-title-visibility":"","ast-main-header-display":"","ast-hfb-above-header-display":"","ast-hfb-below-header-display":"","ast-hfb-mobile-header-display":"","site-post-title":"","ast-breadcrumbs-content":"","ast-featured-img":"","footer-sml-layout":"","ast-disable-related-posts":"","theme-transparent-header-meta":"","adv-header-id-meta":"","stick-header-meta":"","header-above-stick-meta":"","header-main-stick-meta":"","header-below-stick-meta":"","astra-migrate-meta-layouts":"default","ast-page-background-enabled":"default","ast-page-background-meta":{"desktop":{"background-color":"","background-image":"","background-repeat":"repeat","background-position":"center center","background-size":"auto","background-attachment":"scroll","background-type":"","background-media":"","overlay-type":"","overlay-color":"","overlay-opacity":"","overlay-gradient":""},"tablet":{"background-color":"","background-image":"","background-repeat":"repeat","background-position":"center center","background-size":"auto","background-attachment":"scroll","background-type":"","background-media":"","overlay-type":"","overlay-color":"","overlay-opacity":"","overlay-gradient":""},"mobile":{"background-color":"","background-image":"","background-repeat":"repeat","background-position":"center center","background-size":"auto","background-attachment":"scroll","background-type":"","background-media":"","overlay-type":"","overlay-color":"","overlay-opacity":"","overlay-gradient":""}},"ast-content-background-meta":{"desktop":{"background-color":"var(--ast-global-color-5)","background-image":"","background-repeat":"repeat","background-position":"center center","background-size":"auto","background-attachment":"scroll","background-type":"","background-media":"","overlay-type":"","overlay-color":"","overlay-opacity":"","overlay-gradient":""},"tablet":{"background-color":"var(--ast-global-color-5)","background-image":"","background-repeat":"repeat","background-position":"center center","background-size":"auto","background-attachment":"scroll","background-type":"","background-media":"","overlay-type":"","overlay-color":"","overlay-opacity":"","overlay-gradient":""},"mobile":{"background-color":"var(--ast-global-color-5)","background-image":"","background-repeat":"repeat","background-position":"center center","background-size":"auto","background-attachment":"scroll","background-type":"","background-media":"","overlay-type":"","overlay-color":"","overlay-opacity":"","overlay-gradient":""}},"book_review_cover_url":"","book_review_title":"","book_review_series":"","book_review_author":"","book_review_genre":"","book_review_isbn":"","book_review_publisher":"","book_review_release_date":"","book_review_format":"","book_review_pages":"","book_review_source":"","book_review_rating":"","book_review_summary":"","footnotes":""},"categories":[4],"tags":[2516,1837,3684,123,188,17,16,3439,514,193,30,11,29],"class_list":["post-6941","post","type-post","status-publish","format-standard","hentry","category-rezension","tag-2516","tag-deutschland-2","tag-eric-vuillard","tag-erzaehlung","tag-frankreich","tag-geschichte","tag-gesellschaft","tag-matthes-seitz","tag-novelle","tag-ns-regime","tag-politik","tag-roman","tag-zeitgeschichte"],"uagb_featured_image_src":{"full":false,"thumbnail":false,"medium":false,"medium_large":false,"large":false,"wps_thumbnail_size":false,"1536x1536":false,"2048x2048":false,"buchcover":false},"uagb_author_info":{"display_name":"findo","author_link":"https:\/\/findosbuecher.com\/?author=1"},"uagb_comment_info":0,"uagb_excerpt":"Inhalt: 20. Februar 1933: Auf Einladung des Reichstagspr\u00e4sidenten Hermann G\u00f6ring finden sich 24 hochrangige Vertreter der Industrie zu einem Treffen mit Adolf Hitler ein, um \u00fcber m\u00f6gliche Unterst\u00fctzungen f\u00fcr die nationalsozialistische Politik zu beraten. Mit virtuoser Eindringlichkeit und satirischem Biss seziert Vuillard die Mechanismen des Aufstiegs der Nationalsozialisten und macht deutlich: Die Deals, die an&hellip;","_links":{"self":[{"href":"https:\/\/findosbuecher.com\/index.php?rest_route=\/wp\/v2\/posts\/6941","targetHints":{"allow":["GET"]}}],"collection":[{"href":"https:\/\/findosbuecher.com\/index.php?rest_route=\/wp\/v2\/posts"}],"about":[{"href":"https:\/\/findosbuecher.com\/index.php?rest_route=\/wp\/v2\/types\/post"}],"author":[{"embeddable":true,"href":"https:\/\/findosbuecher.com\/index.php?rest_route=\/wp\/v2\/users\/1"}],"replies":[{"embeddable":true,"href":"https:\/\/findosbuecher.com\/index.php?rest_route=%2Fwp%2Fv2%2Fcomments&post=6941"}],"version-history":[{"count":1,"href":"https:\/\/findosbuecher.com\/index.php?rest_route=\/wp\/v2\/posts\/6941\/revisions"}],"predecessor-version":[{"id":6943,"href":"https:\/\/findosbuecher.com\/index.php?rest_route=\/wp\/v2\/posts\/6941\/revisions\/6943"}],"wp:attachment":[{"href":"https:\/\/findosbuecher.com\/index.php?rest_route=%2Fwp%2Fv2%2Fmedia&parent=6941"}],"wp:term":[{"taxonomy":"category","embeddable":true,"href":"https:\/\/findosbuecher.com\/index.php?rest_route=%2Fwp%2Fv2%2Fcategories&post=6941"},{"taxonomy":"post_tag","embeddable":true,"href":"https:\/\/findosbuecher.com\/index.php?rest_route=%2Fwp%2Fv2%2Ftags&post=6941"}],"curies":[{"name":"wp","href":"https:\/\/api.w.org\/{rel}","templated":true}]}}