{"id":6761,"date":"2022-10-03T18:45:18","date_gmt":"2022-10-03T18:45:18","guid":{"rendered":"https:\/\/findosbuecher.com\/?p=6761"},"modified":"2022-10-03T18:45:23","modified_gmt":"2022-10-03T18:45:23","slug":"karine-tuil-diese-eine-entscheidung","status":"publish","type":"post","link":"https:\/\/findosbuecher.com\/?p=6761","title":{"rendered":"Karine Tuil: Diese eine Entscheidung"},"content":{"rendered":"\n<div itemscope itemtype=\"https:\/\/schema.org\/Book\" class=\"wp-block-book-review-block-book-review book-review-block\">\n<figure class=\"wp-block-image aligncenter size-large\"><img loading=\"lazy\" decoding=\"async\" width=\"627\" height=\"1024\" itemprop=\"image\" src=\"https:\/\/findosbuecher.com\/wp-content\/uploads\/2022\/10\/9783423290364__COVER_2D-627x1024.jpg\" alt=\"\" class=\"wp-image-6762\" srcset=\"https:\/\/findosbuecher.com\/wp-content\/uploads\/2022\/10\/9783423290364__COVER_2D-627x1024.jpg 627w, https:\/\/findosbuecher.com\/wp-content\/uploads\/2022\/10\/9783423290364__COVER_2D-184x300.jpg 184w, https:\/\/findosbuecher.com\/wp-content\/uploads\/2022\/10\/9783423290364__COVER_2D-768x1254.jpg 768w, https:\/\/findosbuecher.com\/wp-content\/uploads\/2022\/10\/9783423290364__COVER_2D-941x1536.jpg 941w, https:\/\/findosbuecher.com\/wp-content\/uploads\/2022\/10\/9783423290364__COVER_2D-1254x2048.jpg 1254w, https:\/\/findosbuecher.com\/wp-content\/uploads\/2022\/10\/9783423290364__COVER_2D-298x487.jpg 298w, https:\/\/findosbuecher.com\/wp-content\/uploads\/2022\/10\/9783423290364__COVER_2D.jpg 1511w\" sizes=\"auto, (max-width: 627px) 100vw, 627px\" \/><\/figure>\n\n\n\n<div class=\"wp-block-book-review-block-metadata book-review-block__meta\"><div class=\"book-review-block__meta-item book-review-block__meta-item-title\"><div itemprop=\"name\" class=\"book-review-block__meta-item-value\">Diese eine Entscheidung<\/div><\/div><div class=\"book-review-block__meta-item book-review-block__meta-item-series\"><div class=\"book-review-block__meta-item-value\">Karine Tuil<\/div><\/div><div itemscope itemtype=\"https:\/\/schema.org\/Person\" itemprop=\"author\" class=\"book-review-block__meta-item book-review-block__meta-item-author\"><div itemprop=\"name\" class=\"book-review-block__meta-item-value\">Rezensionsexemplar\/Roman<\/div><\/div><div class=\"book-review-block__meta-item book-review-block__meta-item-genre\"><div itemprop=\"genre\" class=\"book-review-block__meta-item-value\">dtv<\/div><\/div><div itemscope itemtype=\"https:\/\/schema.org\/Organization\" itemprop=\"publisher\" class=\"book-review-block__meta-item book-review-block__meta-item-publisher\"><div itemprop=\"name\" class=\"book-review-block__meta-item-value\">Erschienen am: 21.09.2022<\/div><\/div><div class=\"book-review-block__meta-item book-review-block__meta-item-release-date\"><div itemprop=\"datePublished\" class=\"book-review-block__meta-item-value\">Hardcover<\/div><\/div><div class=\"book-review-block__meta-item book-review-block__meta-item-format\"><div class=\"book-review-block__meta-item-value\">Seiten: 352<\/div><\/div><div class=\"book-review-block__meta-item book-review-block__meta-item-pages\"><div itemprop=\"numberOfPages\" class=\"book-review-block__meta-item-value\">ISBN: <a href=\"https:\/\/www.dtv.de\/buch\/diese-eine-entscheidung-29036\">978-3-423-29036-4<\/a><\/div><\/div><div class=\"book-review-block__meta-item book-review-block__meta-item-source\"><div class=\"book-review-block__meta-item-value\">\u00dcbersetzung: Maja Ueberle-Pfaff<\/div><\/div><\/div>\n\n\n\n<div itemscope itemtype=\"https:\/\/schema.org\/Review\" itemprop=\"review\" class=\"wp-block-book-review-block-rating\"><span itemscope itemtype=\"https:\/\/schema.org\/Person\" itemprop=\"author\"><meta itemprop=\"name\" content=\"findo\"\/><\/span><div itemscope itemtype=\"https:\/\/schema.org\/Rating\" itemprop=\"reviewRating\" class=\"book-review-block__rating book-review-block__review-rating\"><meta itemprop=\"ratingValue\" content=\"3.5\"\/><div class=\"book-review-block__rating-buttons\"><span class=\"book-review-block__rating-button\" role=\"button\" tabindex=\"0\"><span><svg xmlns=\"https:\/\/www.w3.org\/2000\/svg\" width=\"24\" height=\"24\" viewBox=\"0 0 24 24\"><path fill=\"#eba845\" stroke=\"#eba845\" d=\"M12,17.3l6.2,3.7l-1.6-7L22,9.2l-7.2-0.6L12,2L9.2,8.6L2,9.2L7.5,14l-1.6,7L12,17.3z\"><\/path><\/svg><\/span><span><svg xmlns=\"https:\/\/www.w3.org\/2000\/svg\" width=\"24\" height=\"24\" viewBox=\"0 0 24 24\"><path fill=\"#eba845\" stroke=\"#eba845\" d=\"M12,17.3l6.2,3.7l-1.6-7L22,9.2l-7.2-0.6L12,2L9.2,8.6L2,9.2L7.5,14l-1.6,7L12,17.3z\"><\/path><\/svg><\/span><\/span><span class=\"book-review-block__rating-button\" role=\"button\" tabindex=\"0\"><span><svg xmlns=\"https:\/\/www.w3.org\/2000\/svg\" width=\"24\" height=\"24\" viewBox=\"0 0 24 24\"><path fill=\"#eba845\" stroke=\"#eba845\" d=\"M12,17.3l6.2,3.7l-1.6-7L22,9.2l-7.2-0.6L12,2L9.2,8.6L2,9.2L7.5,14l-1.6,7L12,17.3z\"><\/path><\/svg><\/span><span><svg xmlns=\"https:\/\/www.w3.org\/2000\/svg\" width=\"24\" height=\"24\" viewBox=\"0 0 24 24\"><path fill=\"#eba845\" stroke=\"#eba845\" d=\"M12,17.3l6.2,3.7l-1.6-7L22,9.2l-7.2-0.6L12,2L9.2,8.6L2,9.2L7.5,14l-1.6,7L12,17.3z\"><\/path><\/svg><\/span><\/span><span class=\"book-review-block__rating-button\" role=\"button\" tabindex=\"0\"><span><svg xmlns=\"https:\/\/www.w3.org\/2000\/svg\" width=\"24\" height=\"24\" viewBox=\"0 0 24 24\"><path fill=\"#eba845\" stroke=\"#eba845\" d=\"M12,17.3l6.2,3.7l-1.6-7L22,9.2l-7.2-0.6L12,2L9.2,8.6L2,9.2L7.5,14l-1.6,7L12,17.3z\"><\/path><\/svg><\/span><span><svg xmlns=\"https:\/\/www.w3.org\/2000\/svg\" width=\"24\" height=\"24\" viewBox=\"0 0 24 24\"><path fill=\"#eba845\" stroke=\"#eba845\" d=\"M12,17.3l6.2,3.7l-1.6-7L22,9.2l-7.2-0.6L12,2L9.2,8.6L2,9.2L7.5,14l-1.6,7L12,17.3z\"><\/path><\/svg><\/span><\/span><span class=\"book-review-block__rating-button\" role=\"button\" tabindex=\"0\"><span><svg xmlns=\"https:\/\/www.w3.org\/2000\/svg\" width=\"24\" height=\"24\" viewBox=\"0 0 24 24\"><path fill=\"#eba845\" stroke=\"#eba845\" d=\"M12,17.3l6.2,3.7l-1.6-7L22,9.2l-7.2-0.6L12,2L9.2,8.6L2,9.2L7.5,14l-1.6,7L12,17.3z\"><\/path><\/svg><\/span><span><svg xmlns=\"https:\/\/www.w3.org\/2000\/svg\" width=\"24\" height=\"24\" viewBox=\"0 0 24 24\"><path class=\"is-rating-unfilled\" fill=\"#eba845\" stroke=\"#eba845\" d=\"M12,17.3l6.2,3.7l-1.6-7L22,9.2l-7.2-0.6L12,2L9.2,8.6L2,9.2L7.5,14l-1.6,7L12,17.3z\"><\/path><\/svg><\/span><\/span><span class=\"book-review-block__rating-button\" role=\"button\" tabindex=\"0\"><span><svg xmlns=\"https:\/\/www.w3.org\/2000\/svg\" width=\"24\" height=\"24\" viewBox=\"0 0 24 24\"><path class=\"is-rating-unfilled\" fill=\"#eba845\" stroke=\"#eba845\" d=\"M12,17.3l6.2,3.7l-1.6-7L22,9.2l-7.2-0.6L12,2L9.2,8.6L2,9.2L7.5,14l-1.6,7L12,17.3z\"><\/path><\/svg><\/span><span><svg xmlns=\"https:\/\/www.w3.org\/2000\/svg\" width=\"24\" height=\"24\" viewBox=\"0 0 24 24\"><path class=\"is-rating-unfilled\" fill=\"#eba845\" stroke=\"#eba845\" d=\"M12,17.3l6.2,3.7l-1.6-7L22,9.2l-7.2-0.6L12,2L9.2,8.6L2,9.2L7.5,14l-1.6,7L12,17.3z\"><\/path><\/svg><\/span><\/span><\/div><\/div><\/div>\n\n\n\n<div class=\"wp-block-book-review-block-description book-review-block__description\"><p><\/p><\/div>\n<\/div>\n\n\n\n<p><strong>Inhalt:<\/strong><\/p>\n\n\n\n<p>In einem Hochsicherheitstrakt des Pariser Justizpalastes muss die charismatische Untersuchungsrichterin Alma Revel \u00fcber die Festsetzung oder Freilassung eines blutjungen Mannes entscheiden, gegen den ein Terrorismusverdacht vorliegt. Doch nicht nur beruflich ist Alma extrem gefordert.<\/p>\n\n\n\n<p>Ihre Ehe ist am Ende und sie st\u00fcrzt sich Hals \u00fcber Kopf in eine Aff\u00e4re, ausgerechnet mit dem Anwalt, der nun den Terrorverd\u00e4chtigen verteidigt. Alma trifft eine folgenschwere Entscheidung, die ihr Leben und ihr Land auf den Kopf stellen wird. Was sind wir bereit aufzugeben, um unsere eigene Sicherheit zu gew\u00e4hrleisten? (Klappentext)<\/p>\n\n\n\n<p><\/p>\n\n\n\n<p><strong>Rezension:<\/strong><\/p>\n\n\n\n<p>Eine Erz\u00e4hlung wie ein franz\u00f6sischer Film m\u00f6chte man meinen, ganz so schlimm verh\u00e4lt sich der Roman der Schriftstellerin Karine Tuil jedoch nicht. Dennoch steht hier ebenso eine zentrale Frage \u00fcber die Geschichte, an deren Ende wir einsteigen, um dann dem eigentlichen Weg dorthin zu verfolgen. Ein Attent\u00e4ter hat in einem Pariser Nachtclub mehreren jungen Menschen das Leben genommen. Videoaufnahmen von der Tat sind das, was davon \u00fcbrig bleibt. Und die Frage nach der Schuld, die sich vor allem Alma Revel stellt. Hat ihre Entscheidung dazu gef\u00fchrt, dass dies geschehen konnte?<\/p>\n\n\n\n<p><\/p>\n\n\n\n<p>Verh\u00e4ltnism\u00e4\u00dfig ruhig wirkt der Roman schon zu Beginn, wenn er zwischen den Gegebenheiten, beinahe, eines Justizthrillers und der gesellschaftlichen Bestandsaufnahme schwankt, die die Autorin in ihrer Geschichte verpackt. wie weit m\u00fcssen wir gehen, um einer m\u00f6glichen zuk\u00fcnftigen Bedrohung schon im Vorfeld Herr zu werden, sie gar zu verhindern, wenn dies auch hei\u00dft, die Freiheit des Einzelnen einzuschr\u00e4nken? Wie weit sollten wir gehen, um uns und andere zu sch\u00fctzen und wie gehen wir mit den Konsequenzen eines ungewissen Ergebnisses um?<\/p>\n\n\n\n<p><\/p>\n\n\n\n<p>Karine Tuil l\u00e4sst diese Fragen allesamt auf ihre Hauptprotagonistin einst\u00fcrzen, deren zwei Seiten, wie Ecken und Kanten wir im Verlauf der Geschichte kennenlernen. Zum Einen, wenn es darum geht, wie diese, als Untersuchungsrichterin, den Angeklagten zu vernehmen, zum anderen, wenn die Konsequenzen des Beruflichen das eigene Privatleben grunds\u00e4tzlich in Frage stellen. In kompakter Erz\u00e4hlweise wird dabei ein Zeitraum von wenigen Wochen erz\u00e4hlt, der zwangsl\u00e4ufig in die vorweg genommene Katastrophe m\u00fcnden muss. Vielleicht interessant zu erw\u00e4hnen, dass in Europa vor allem die franz\u00f6sische Literatur sich gef\u00fchlsm\u00e4\u00dfig so mit diesen Fragen auseinandersetzt.<\/p>\n\n\n\n<p><\/p>\n\n\n\n<p>Im Fokus steht hier neben der Hauptprotagonistin die vernommene Person, die den gesamten Verlauf gewollt kaum fassbar sein wird, sowie als Gegen\u00fcber dessen charismatischer Anwalt, der die Gegenseite vertritt und damit das Prinzip der Rechtstaatlichkeit, dass alle vor Gericht gleich sein sollen. Es ist nat\u00fcrlich jedoch auch der Part, der die Prinzipien der Hauptfigur in Frage stellen muss und somit eine gewisse Dynamik ins Handlungsgeschehen hineinbringt.<\/p>\n\n\n\n<p><\/p>\n\n\n\n<p>Das beschr\u00e4nkte Figurenensemble, sowie die wenigen Handlungsorte lassen die Erz\u00e4hlung sehr konzentriert erscheinen, zumal die wenigen Perspektivwechsel klar erkennbar voneinander getrennt werden. Moralische Fragen werden immer wieder auf das Tableau gebracht. Die Handlung wirkt dabei in sich schl\u00fcssig. Gewollt lenkt Karine Tuil die Gedanken und Sympathien der Lesenden in eine ganz bestimmte Richtung, um nat\u00fcrlich eine gewisse Wirkung gen Ende zu erzielen.<\/p>\n\n\n\n<p><\/p>\n\n\n\n<p>Was den Anteil des Justizthrillers an dem Roman angeht, so ist hier kein Verst\u00e4ndnis des franz\u00f6sischen Rechtssystems von N\u00f6ten. Grundlegende Kenntnisse des Selbstverst\u00e4ndnisses des franz\u00f6sischen Wertesystems, welches man im Allgemeinen schon im Geschichtsunterricht mitbekommt, sollten die meisten ohnehin aufgrund von Allgemeinbildung besitzen. Alles andere ergibt sich. Die Autorin l\u00e4sst dabei nicht nur die Figuren und derer Denken lebendig werden, auch die Schaupl\u00e4tze sind fassbar. Das liegt vor allem in der Bezugnahme oder Assoziation zu realen Ereignissen. Jedem etwa d\u00fcrften die Anschl\u00e4ge auf die Zeitungsredaktion von Charlie Hebdo ein Begriff sein, ebenso wie die um das Bataclan-Theater, auch in anderen franz\u00f6sischen Romanen ein Thema der Verarbeitung.<\/p>\n\n\n\n<p><\/p>\n\n\n\n<p>In diesem Roman werden Grundsatzfragen einer Gesellschaft thematisiert, die st\u00e4ndig zwischen Sicherheit und Freiheit, Recht und Gerechtigkeit, Chancen und Schuld, sowie Verantwortung abw\u00e4gen muss. Bleibt nur zu sagen, dass es darauf keine eindeutige Antwort geben kann.<\/p>\n\n\n\n<p>Antworten darauf k\u00f6nnen nur teilweise gegeben werden und sind in Teilen immer unbefriedigend. Sowie das Ende der Erz\u00e4hlung. Muss man einer Trag\u00f6die noch Kitsch folgen lassen, der zwangsl\u00e4ufig etwas aufgesetzt wirken muss? Hier h\u00e4tte ein halb offenes Ende der Geschichte gut getan oder die Streichung der letzten Abschnitte, wenn dies auch nur Abzug in der B-Note bedeutet.<\/p>\n\n\n\n<p><\/p>\n\n\n\n<p>Ansonsten lohnt sich das zu lesen.<\/p>\n\n\n\n<p><\/p>\n\n\n\n<p><strong>Autorin:<\/strong><\/p>\n\n\n\n<p>Karine Tuil wurde 1972 in Paris geboren und ist eine franz\u00f6sische Schriftstellerin. Sie studierte Kommunikations- und Informationswissenschaften, sowie Recht. Sie gewann einen Kurzgeschichtenwettbewerb und ver\u00f6ffentlichte im Jahr 2000 ihren Deb\u00fctroman &#8222;Pour le pire&#8220;, dem weitere Werke folgten. Seit dem ver\u00f6ffentlichte sie weitere Romane, die vielfach nominiert und ausgezeichnet sowie in mehrere Sprachen \u00fcbersetzt wurden.<\/p>\n","protected":false},"excerpt":{"rendered":"<p>Inhalt: In einem Hochsicherheitstrakt des Pariser Justizpalastes muss die charismatische Untersuchungsrichterin Alma Revel \u00fcber die Festsetzung oder Freilassung eines blutjungen Mannes entscheiden, gegen den ein Terrorismusverdacht vorliegt. Doch nicht nur beruflich ist Alma extrem gefordert. Ihre Ehe ist am Ende und sie st\u00fcrzt sich Hals \u00fcber Kopf in eine Aff\u00e4re, ausgerechnet mit dem Anwalt, der [&hellip;]<\/p>\n","protected":false},"author":1,"featured_media":0,"comment_status":"open","ping_status":"open","sticky":false,"template":"","format":"standard","meta":{"_uag_custom_page_level_css":"","site-sidebar-layout":"default","site-content-layout":"","ast-site-content-layout":"default","site-content-style":"default","site-sidebar-style":"default","ast-global-header-display":"","ast-banner-title-visibility":"","ast-main-header-display":"","ast-hfb-above-header-display":"","ast-hfb-below-header-display":"","ast-hfb-mobile-header-display":"","site-post-title":"","ast-breadcrumbs-content":"","ast-featured-img":"","footer-sml-layout":"","ast-disable-related-posts":"","theme-transparent-header-meta":"","adv-header-id-meta":"","stick-header-meta":"","header-above-stick-meta":"","header-main-stick-meta":"","header-below-stick-meta":"","astra-migrate-meta-layouts":"default","ast-page-background-enabled":"default","ast-page-background-meta":{"desktop":{"background-color":"","background-image":"","background-repeat":"repeat","background-position":"center center","background-size":"auto","background-attachment":"scroll","background-type":"","background-media":"","overlay-type":"","overlay-color":"","overlay-opacity":"","overlay-gradient":""},"tablet":{"background-color":"","background-image":"","background-repeat":"repeat","background-position":"center center","background-size":"auto","background-attachment":"scroll","background-type":"","background-media":"","overlay-type":"","overlay-color":"","overlay-opacity":"","overlay-gradient":""},"mobile":{"background-color":"","background-image":"","background-repeat":"repeat","background-position":"center center","background-size":"auto","background-attachment":"scroll","background-type":"","background-media":"","overlay-type":"","overlay-color":"","overlay-opacity":"","overlay-gradient":""}},"ast-content-background-meta":{"desktop":{"background-color":"var(--ast-global-color-5)","background-image":"","background-repeat":"repeat","background-position":"center center","background-size":"auto","background-attachment":"scroll","background-type":"","background-media":"","overlay-type":"","overlay-color":"","overlay-opacity":"","overlay-gradient":""},"tablet":{"background-color":"var(--ast-global-color-5)","background-image":"","background-repeat":"repeat","background-position":"center center","background-size":"auto","background-attachment":"scroll","background-type":"","background-media":"","overlay-type":"","overlay-color":"","overlay-opacity":"","overlay-gradient":""},"mobile":{"background-color":"var(--ast-global-color-5)","background-image":"","background-repeat":"repeat","background-position":"center center","background-size":"auto","background-attachment":"scroll","background-type":"","background-media":"","overlay-type":"","overlay-color":"","overlay-opacity":"","overlay-gradient":""}},"book_review_cover_url":"","book_review_title":"","book_review_series":"","book_review_author":"","book_review_genre":"","book_review_isbn":"","book_review_publisher":"","book_review_release_date":"","book_review_format":"","book_review_pages":"","book_review_source":"","book_review_rating":"","book_review_summary":"","footnotes":""},"categories":[4],"tags":[658,983,3602,816,123,87,642,99,16,301,951,127,11,41],"class_list":["post-6761","post","type-post","status-publish","format-standard","hentry","category-rezension","tag-beziehung","tag-dtv","tag-ehe","tag-entscheidung","tag-erzaehlung","tag-familie","tag-gerechtigkeit","tag-gericht","tag-gesellschaft","tag-leben","tag-paris","tag-recht","tag-roman","tag-terror"],"uagb_featured_image_src":{"full":false,"thumbnail":false,"medium":false,"medium_large":false,"large":false,"wps_thumbnail_size":false,"1536x1536":false,"2048x2048":false,"buchcover":false},"uagb_author_info":{"display_name":"findo","author_link":"https:\/\/findosbuecher.com\/?author=1"},"uagb_comment_info":0,"uagb_excerpt":"Inhalt: In einem Hochsicherheitstrakt des Pariser Justizpalastes muss die charismatische Untersuchungsrichterin Alma Revel \u00fcber die Festsetzung oder Freilassung eines blutjungen Mannes entscheiden, gegen den ein Terrorismusverdacht vorliegt. Doch nicht nur beruflich ist Alma extrem gefordert. Ihre Ehe ist am Ende und sie st\u00fcrzt sich Hals \u00fcber Kopf in eine Aff\u00e4re, ausgerechnet mit dem Anwalt, der&hellip;","_links":{"self":[{"href":"https:\/\/findosbuecher.com\/index.php?rest_route=\/wp\/v2\/posts\/6761","targetHints":{"allow":["GET"]}}],"collection":[{"href":"https:\/\/findosbuecher.com\/index.php?rest_route=\/wp\/v2\/posts"}],"about":[{"href":"https:\/\/findosbuecher.com\/index.php?rest_route=\/wp\/v2\/types\/post"}],"author":[{"embeddable":true,"href":"https:\/\/findosbuecher.com\/index.php?rest_route=\/wp\/v2\/users\/1"}],"replies":[{"embeddable":true,"href":"https:\/\/findosbuecher.com\/index.php?rest_route=%2Fwp%2Fv2%2Fcomments&post=6761"}],"version-history":[{"count":1,"href":"https:\/\/findosbuecher.com\/index.php?rest_route=\/wp\/v2\/posts\/6761\/revisions"}],"predecessor-version":[{"id":6763,"href":"https:\/\/findosbuecher.com\/index.php?rest_route=\/wp\/v2\/posts\/6761\/revisions\/6763"}],"wp:attachment":[{"href":"https:\/\/findosbuecher.com\/index.php?rest_route=%2Fwp%2Fv2%2Fmedia&parent=6761"}],"wp:term":[{"taxonomy":"category","embeddable":true,"href":"https:\/\/findosbuecher.com\/index.php?rest_route=%2Fwp%2Fv2%2Fcategories&post=6761"},{"taxonomy":"post_tag","embeddable":true,"href":"https:\/\/findosbuecher.com\/index.php?rest_route=%2Fwp%2Fv2%2Ftags&post=6761"}],"curies":[{"name":"wp","href":"https:\/\/api.w.org\/{rel}","templated":true}]}}