{"id":6701,"date":"2022-09-02T14:57:41","date_gmt":"2022-09-02T14:57:41","guid":{"rendered":"https:\/\/findosbuecher.com\/?p=6701"},"modified":"2022-09-02T14:57:46","modified_gmt":"2022-09-02T14:57:46","slug":"charlotte-schallie-hrsg-aber-ich-lebe","status":"publish","type":"post","link":"https:\/\/findosbuecher.com\/?p=6701","title":{"rendered":"Charlotte Schallie (Hrsg.): Aber ich lebe"},"content":{"rendered":"\n<div itemscope itemtype=\"https:\/\/schema.org\/Book\" class=\"wp-block-book-review-block-book-review book-review-block\">\n<figure class=\"wp-block-image aligncenter size-large\"><img loading=\"lazy\" decoding=\"async\" width=\"790\" height=\"1024\" itemprop=\"image\" src=\"https:\/\/findosbuecher.com\/wp-content\/uploads\/2022\/09\/getimagejpg-790x1024.jpg\" alt=\"\" class=\"wp-image-6702\" srcset=\"https:\/\/findosbuecher.com\/wp-content\/uploads\/2022\/09\/getimagejpg-790x1024.jpg 790w, https:\/\/findosbuecher.com\/wp-content\/uploads\/2022\/09\/getimagejpg-232x300.jpg 232w, https:\/\/findosbuecher.com\/wp-content\/uploads\/2022\/09\/getimagejpg-768x995.jpg 768w, https:\/\/findosbuecher.com\/wp-content\/uploads\/2022\/09\/getimagejpg-1185x1536.jpg 1185w, https:\/\/findosbuecher.com\/wp-content\/uploads\/2022\/09\/getimagejpg-320x415.jpg 320w, https:\/\/findosbuecher.com\/wp-content\/uploads\/2022\/09\/getimagejpg.jpg 1505w\" sizes=\"auto, (max-width: 790px) 100vw, 790px\" \/><\/figure>\n\n\n\n<div class=\"wp-block-book-review-block-metadata book-review-block__meta\"><div class=\"book-review-block__meta-item book-review-block__meta-item-title\"><div itemprop=\"name\" class=\"book-review-block__meta-item-value\">Aber ich lebe &#8211; Vier Kinder \u00fcberleben den Holocaust<\/div><\/div><div class=\"book-review-block__meta-item book-review-block__meta-item-series\"><div class=\"book-review-block__meta-item-value\">Charlotte Schallie (Hrsg.), Barbara Yelin, Miriam Libicki, Gilad Seliktar (u. a.)<\/div><\/div><div itemscope itemtype=\"https:\/\/schema.org\/Person\" itemprop=\"author\" class=\"book-review-block__meta-item book-review-block__meta-item-author\"><div itemprop=\"name\" class=\"book-review-block__meta-item-value\">Rezensionsexemplar\/Graphic Novel &#8211; Sachbuch<\/div><\/div><div class=\"book-review-block__meta-item book-review-block__meta-item-genre\"><div itemprop=\"genre\" class=\"book-review-block__meta-item-value\">C. H. Beck<\/div><\/div><div itemscope itemtype=\"https:\/\/schema.org\/Organization\" itemprop=\"publisher\" class=\"book-review-block__meta-item book-review-block__meta-item-publisher\"><div itemprop=\"name\" class=\"book-review-block__meta-item-value\">Erschienen am: 21.07.2022<\/div><\/div><div class=\"book-review-block__meta-item book-review-block__meta-item-release-date\"><div itemprop=\"datePublished\" class=\"book-review-block__meta-item-value\">Hardcover<\/div><\/div><div class=\"book-review-block__meta-item book-review-block__meta-item-format\"><div class=\"book-review-block__meta-item-value\">Seiten: 176<\/div><\/div><div class=\"book-review-block__meta-item book-review-block__meta-item-pages\"><div itemprop=\"numberOfPages\" class=\"book-review-block__meta-item-value\">ISBN: <a href=\"https:\/\/www.chbeck.de\/yelin-schallie-libicki-lebe\/product\/34274015\">978-3-406-79045-4<\/a><\/div><\/div><div class=\"book-review-block__meta-item book-review-block__meta-item-source\"><div class=\"book-review-block__meta-item-value\">\u00dcbersetzung: Rita Deu\u00df<\/div><\/div><\/div>\n\n\n\n<div itemscope itemtype=\"https:\/\/schema.org\/Review\" itemprop=\"review\" class=\"wp-block-book-review-block-rating\"><span itemscope itemtype=\"https:\/\/schema.org\/Person\" itemprop=\"author\"><meta itemprop=\"name\" content=\"findo\"\/><\/span><div itemscope itemtype=\"https:\/\/schema.org\/Rating\" itemprop=\"reviewRating\" class=\"book-review-block__rating book-review-block__review-rating\"><meta itemprop=\"ratingValue\" content=\"5\"\/><div class=\"book-review-block__rating-buttons\"><span class=\"book-review-block__rating-button\" role=\"button\" tabindex=\"0\"><span><svg xmlns=\"https:\/\/www.w3.org\/2000\/svg\" width=\"24\" height=\"24\" viewBox=\"0 0 24 24\"><path fill=\"#eba845\" stroke=\"#eba845\" d=\"M12,17.3l6.2,3.7l-1.6-7L22,9.2l-7.2-0.6L12,2L9.2,8.6L2,9.2L7.5,14l-1.6,7L12,17.3z\"><\/path><\/svg><\/span><span><svg xmlns=\"https:\/\/www.w3.org\/2000\/svg\" width=\"24\" height=\"24\" viewBox=\"0 0 24 24\"><path fill=\"#eba845\" stroke=\"#eba845\" d=\"M12,17.3l6.2,3.7l-1.6-7L22,9.2l-7.2-0.6L12,2L9.2,8.6L2,9.2L7.5,14l-1.6,7L12,17.3z\"><\/path><\/svg><\/span><\/span><span class=\"book-review-block__rating-button\" role=\"button\" tabindex=\"0\"><span><svg xmlns=\"https:\/\/www.w3.org\/2000\/svg\" width=\"24\" height=\"24\" viewBox=\"0 0 24 24\"><path fill=\"#eba845\" stroke=\"#eba845\" d=\"M12,17.3l6.2,3.7l-1.6-7L22,9.2l-7.2-0.6L12,2L9.2,8.6L2,9.2L7.5,14l-1.6,7L12,17.3z\"><\/path><\/svg><\/span><span><svg xmlns=\"https:\/\/www.w3.org\/2000\/svg\" width=\"24\" height=\"24\" viewBox=\"0 0 24 24\"><path fill=\"#eba845\" stroke=\"#eba845\" d=\"M12,17.3l6.2,3.7l-1.6-7L22,9.2l-7.2-0.6L12,2L9.2,8.6L2,9.2L7.5,14l-1.6,7L12,17.3z\"><\/path><\/svg><\/span><\/span><span class=\"book-review-block__rating-button\" role=\"button\" tabindex=\"0\"><span><svg xmlns=\"https:\/\/www.w3.org\/2000\/svg\" width=\"24\" height=\"24\" viewBox=\"0 0 24 24\"><path fill=\"#eba845\" stroke=\"#eba845\" d=\"M12,17.3l6.2,3.7l-1.6-7L22,9.2l-7.2-0.6L12,2L9.2,8.6L2,9.2L7.5,14l-1.6,7L12,17.3z\"><\/path><\/svg><\/span><span><svg xmlns=\"https:\/\/www.w3.org\/2000\/svg\" width=\"24\" height=\"24\" viewBox=\"0 0 24 24\"><path fill=\"#eba845\" stroke=\"#eba845\" d=\"M12,17.3l6.2,3.7l-1.6-7L22,9.2l-7.2-0.6L12,2L9.2,8.6L2,9.2L7.5,14l-1.6,7L12,17.3z\"><\/path><\/svg><\/span><\/span><span class=\"book-review-block__rating-button\" role=\"button\" tabindex=\"0\"><span><svg xmlns=\"https:\/\/www.w3.org\/2000\/svg\" width=\"24\" height=\"24\" viewBox=\"0 0 24 24\"><path fill=\"#eba845\" stroke=\"#eba845\" d=\"M12,17.3l6.2,3.7l-1.6-7L22,9.2l-7.2-0.6L12,2L9.2,8.6L2,9.2L7.5,14l-1.6,7L12,17.3z\"><\/path><\/svg><\/span><span><svg xmlns=\"https:\/\/www.w3.org\/2000\/svg\" width=\"24\" height=\"24\" viewBox=\"0 0 24 24\"><path fill=\"#eba845\" stroke=\"#eba845\" d=\"M12,17.3l6.2,3.7l-1.6-7L22,9.2l-7.2-0.6L12,2L9.2,8.6L2,9.2L7.5,14l-1.6,7L12,17.3z\"><\/path><\/svg><\/span><\/span><span class=\"book-review-block__rating-button\" role=\"button\" tabindex=\"0\"><span><svg xmlns=\"https:\/\/www.w3.org\/2000\/svg\" width=\"24\" height=\"24\" viewBox=\"0 0 24 24\"><path fill=\"#eba845\" stroke=\"#eba845\" d=\"M12,17.3l6.2,3.7l-1.6-7L22,9.2l-7.2-0.6L12,2L9.2,8.6L2,9.2L7.5,14l-1.6,7L12,17.3z\"><\/path><\/svg><\/span><span><svg xmlns=\"https:\/\/www.w3.org\/2000\/svg\" width=\"24\" height=\"24\" viewBox=\"0 0 24 24\"><path fill=\"#eba845\" stroke=\"#eba845\" d=\"M12,17.3l6.2,3.7l-1.6-7L22,9.2l-7.2-0.6L12,2L9.2,8.6L2,9.2L7.5,14l-1.6,7L12,17.3z\"><\/path><\/svg><\/span><\/span><\/div><\/div><\/div>\n\n\n\n<div class=\"wp-block-book-review-block-description book-review-block__description\"><p><\/p><\/div>\n<\/div>\n\n\n\n<p><strong>Inhalt:<\/strong><\/p>\n\n\n\n<p>Emmie Abel \u00fcberlebte als kleines M\u00e4dchen die Konzentrationslager Ravensbr\u00fcck und Bergen-Belsen. David Schaffer entkam dem Genozid in Transnistrien, weil er sich nicht an die Regeln hielt. Die Br\u00fcder Nico und Rolf Kamp versteckten sich in den Niederlanden dreizehn Mal vor ihren M\u00f6rdern. Zusammen mit den \u00dcberlebenden haben drei international bekannte Zeichner:innen deren Geschichten in Graphic Novels erz\u00e4hlt, die unvergesslich vor Augen f\u00fchren, was der Holocaust f\u00fcr Kinder bedeutete &#8211; und nicht nur f\u00fcr sie. (Klappentext)<\/p>\n\n\n\n<p><\/p>\n\n\n\n<p><strong>Rezension:<\/strong><\/p>\n\n\n\n<p>Immer weniger Zeitzeugen gibt es, die uns und vor allem den nachfolgenden Generationen erz\u00e4hlen k\u00f6nnen, wie es war, aufzuwachsen, inmitten des Holocausts, einem unvorstellbaren Terror ausgeliefert zu sein, in dem ein winziger Moment des Z\u00f6gerns, eine falsche Entscheidung, ein unvorsichtiger Augenblick den Tod bedeuten konnte. Um so wichtiger ist es, deren Erinnerungen festzuhalten und sie so aufzubereiten, dass Interesse geweckt wird und die Geschichten der Erz\u00e4hlenden im Ged\u00e4chtnis bleiben.<\/p>\n\n\n\n<p>In einer Mischung aus Sachbuch und Graphic Novel versuchen dies mit &#8222;Aber ich lebe&#8220; drei Illustratoren, die zusammen mit ihren Interview-Partnern deren Kindheit nachsp\u00fcren und fangen mit unterschiedlichen Zeichenstilen sehr individuell deren und nicht zuletzt ihre eigenen Eindr\u00fccke ein, bevor am Ende der Streifz\u00fcge eine Nachbereitung in Textform eingef\u00fcgt ist.<\/p>\n\n\n\n<p><\/p>\n\n\n\n<p>Zun\u00e4chst Barbara Yelin, die die Geschichte von Emmie Arbel nachsp\u00fcrt. In d\u00fcsteren und dunklen Farben erz\u00e4hlt sie die Geschichte des kleinen M\u00e4dchens, welches kaum alt genug ist, um zu begreifen und doch schon gelernt hat, zu \u00fcberleben. Frohe Momente, sowie die heutige Zeit sind dagegen hell gehalten. Die Konturen verschwimmen, wenn Erinnerungen diffus werden, der Blick verliert sich in Details. Wie wirken Schrecken und Grauen der Kindheit bis ins hohe Erwachsenenalter hinein?<\/p>\n\n\n\n<p><\/p>\n\n\n\n<figure class=\"wp-block-embed is-type-video is-provider-youtube wp-block-embed-youtube wp-embed-aspect-16-9 wp-has-aspect-ratio\"><div class=\"wp-block-embed__wrapper\">\n<iframe loading=\"lazy\" title=\"Teaser: But I live\" width=\"500\" height=\"281\" src=\"https:\/\/www.youtube.com\/embed\/hj9cuiekNuU?feature=oembed\" frameborder=\"0\" allow=\"accelerometer; autoplay; clipboard-write; encrypted-media; gyroscope; picture-in-picture; web-share\" referrerpolicy=\"strict-origin-when-cross-origin\" allowfullscreen><\/iframe>\n<\/div><figcaption>But I live \/ Barbara Yelin \u00fcber Emmie Arbel<\/figcaption><\/figure>\n\n\n\n<p><\/p>\n\n\n\n<p>Eine andere Facette beleuchtet Miriam Libicki. Sie erz\u00e4hlt die Geschichte von David Schaffer, der am anderen Ende Europas den Folgen des Holocausts entkam. Die Zeichnerin setzt auf klare Konturen, im Gegensatz zu Yelin, auch die Farben sind leuchtender, heller gehalten. Hier ist es der Hintergrund der an detailsch\u00e4rfe verliert, w\u00e4hrend die Figuren immer fassbar und bestimmt bleiben. Manche Zeichnungen wirken beinahe holzschnittartig, als w\u00fcrde man mit Puppen das Erlebte lebendig werden lassen. Im Gegensatz zur ersten Geschichte bindet sich Libicki nicht ein, um Kontrast und Wirkung zu schaffen.<\/p>\n\n\n\n<p><\/p>\n\n\n\n<p>Zuletzt, die Erinnerungen von Rolf und Nico Kamp, erz\u00e4hlt von Gilad Seliktar. Die Zeichnungen sind in bl\u00e4ulichen und gelblichen T\u00f6nen gehalten und wirken beinahe wie \u00e4ltere Fotos. Auch dieser Stil wei\u00df eine, nein eigentlich zwei, Geschichte eindrucksvoll in Szene zu setzen, wobei nat\u00fcrlich alle drei Geschichten auf ihre Art in Erinnerung bleiben werden.<\/p>\n\n\n\n<p><\/p>\n\n\n\n<figure class=\"wp-block-gallery has-nested-images columns-default is-cropped wp-block-gallery-2 is-layout-flex wp-block-gallery-is-layout-flex\">\n<figure class=\"wp-block-image size-large\"><img loading=\"lazy\" decoding=\"async\" width=\"1024\" height=\"1024\" data-id=\"6706\" src=\"https:\/\/findosbuecher.com\/wp-content\/uploads\/2022\/09\/yelin_lebe_ausst_rgb_4-1024x1024.jpg\" alt=\"\" class=\"wp-image-6706\" srcset=\"https:\/\/findosbuecher.com\/wp-content\/uploads\/2022\/09\/yelin_lebe_ausst_rgb_4-1024x1024.jpg 1024w, https:\/\/findosbuecher.com\/wp-content\/uploads\/2022\/09\/yelin_lebe_ausst_rgb_4-300x300.jpg 300w, https:\/\/findosbuecher.com\/wp-content\/uploads\/2022\/09\/yelin_lebe_ausst_rgb_4-150x150.jpg 150w, https:\/\/findosbuecher.com\/wp-content\/uploads\/2022\/09\/yelin_lebe_ausst_rgb_4-768x768.jpg 768w, https:\/\/findosbuecher.com\/wp-content\/uploads\/2022\/09\/yelin_lebe_ausst_rgb_4-320x320.jpg 320w, https:\/\/findosbuecher.com\/wp-content\/uploads\/2022\/09\/yelin_lebe_ausst_rgb_4.jpg 1080w\" sizes=\"auto, (max-width: 1024px) 100vw, 1024px\" \/><\/figure>\n\n\n\n<figure class=\"wp-block-image size-large\"><img loading=\"lazy\" decoding=\"async\" width=\"220\" height=\"365\" data-id=\"6704\" src=\"https:\/\/findosbuecher.com\/wp-content\/uploads\/2022\/09\/yelin_lebe_ausst_rgb_5-1.jpg\" alt=\"\" class=\"wp-image-6704\" srcset=\"https:\/\/findosbuecher.com\/wp-content\/uploads\/2022\/09\/yelin_lebe_ausst_rgb_5-1.jpg 220w, https:\/\/findosbuecher.com\/wp-content\/uploads\/2022\/09\/yelin_lebe_ausst_rgb_5-1-181x300.jpg 181w\" sizes=\"auto, (max-width: 220px) 100vw, 220px\" \/><\/figure>\n\n\n\n<figure class=\"wp-block-image size-large\"><img loading=\"lazy\" decoding=\"async\" width=\"1024\" height=\"1024\" data-id=\"6705\" src=\"https:\/\/findosbuecher.com\/wp-content\/uploads\/2022\/09\/yelin_lebe_ausst_rgb_8-1024x1024.jpg\" alt=\"\" class=\"wp-image-6705\" srcset=\"https:\/\/findosbuecher.com\/wp-content\/uploads\/2022\/09\/yelin_lebe_ausst_rgb_8-1024x1024.jpg 1024w, https:\/\/findosbuecher.com\/wp-content\/uploads\/2022\/09\/yelin_lebe_ausst_rgb_8-300x300.jpg 300w, https:\/\/findosbuecher.com\/wp-content\/uploads\/2022\/09\/yelin_lebe_ausst_rgb_8-150x150.jpg 150w, https:\/\/findosbuecher.com\/wp-content\/uploads\/2022\/09\/yelin_lebe_ausst_rgb_8-768x768.jpg 768w, https:\/\/findosbuecher.com\/wp-content\/uploads\/2022\/09\/yelin_lebe_ausst_rgb_8-320x320.jpg 320w, https:\/\/findosbuecher.com\/wp-content\/uploads\/2022\/09\/yelin_lebe_ausst_rgb_8.jpg 1080w\" sizes=\"auto, (max-width: 1024px) 100vw, 1024px\" \/><\/figure>\n<\/figure>\n\n\n\n<p>&#8222;Aber ich lebe &#8211; Vier Kinder \u00fcberleben den Holocaust&#8220;, nach den Erinnerungen von Emmie Arbel, David Schaffer, Nico Kamp und Rolf Kamp (<a href=\"https:\/\/www.chbeck.de\/yelin-libicki-seliktar-aber-ich-lebe\/product\/33743734\">Quelle: C. H. Beck<\/a>)<\/p>\n\n\n\n<p><\/p>\n\n\n\n<p>Diese sind dann auch nicht zu werten. Erlebt ist erlebt, wobei die Konzentration auf einzelne Szenen liegt. Keine Geschichte ist mit der anderen zu vergleichen und doch haben sie alle etwas gemeinsam. Das Ziel der Mitwirkenden ist in jedem Fall erreicht, um so mehr noch als auch der Entstehungsprozess, das Zusammenfinden der Zeichnenden mit Machern und Zeitzeugen illustriert dargestellt wird und eine Nachbereitung in Textform die weitergehenden Biografien von David Schaffer, Nico und Rolf Kamp, sowie Emmie Arbel beleuchtet.<\/p>\n\n\n\n<p><\/p>\n\n\n\n<p>Hier ist das Kunstst\u00fcck gelungen, Geschichte f\u00fcr die Nachwelt modern aufzubereiten, nicht nur f\u00fcr Kinder und Jugendliche. Im Englischen gibt es wohl dazu auch begleitendes Unterrichtsmaterial. Mit der Konzentration der Illustrierenden auf einzelne Punkte der Erinnerungen der Zeitzeugen werden zudem bestimmte Aspekte herausgestellt, zudem ein schwieriges Thema niedrigschwellig und doch anspruchsvoll aufbereitet.<\/p>\n\n\n\n<p><\/p>\n\n\n\n<p>Diese Art, Geschichte zu erz\u00e4hlen, funktioniert wunderbar, wenn die Zeichnenden, wie hier, nicht den Menschen aus den Blick verlieren. So reiht sich &#8222;Aber ich lebe&#8220; gut ein, zu den B\u00fcchern gegen das Vergessen. W\u00fcnschenswert w\u00e4re es, noch mehr Werke dieser Art zu schaffen.<br><\/p>\n\n\n\n<p><strong>Leseprobe des Verlags:<\/strong> <a href=\"https:\/\/beckassets.blob.core.windows.net\/productattachment\/readingsample\/15011538\/33743734_leseprobe%20aber%20ich%20lebe.pdf\">hier klicken<\/a><\/p>\n\n\n\n<p><\/p>\n\n\n\n<p><strong>Verantwortliche:<\/strong><\/p>\n\n\n\n<p><em>Charlotte Schalli\u00e9<\/em>\u00a0ist Professorin an der University of Victoria in Kanada und unterrichtet sowohl Germanistik als auch Holocaust Studies. 1965 in Toronto, Kanada geboren, wuchs sie in der Schweiz auf und studierte zun\u00e4chst Geschichte und Germanistik in Vancouver. Sie ver\u00f6ffentlichte mehrere Werke u. a. zur Schweizerischen Geschichte im Zweiten Weltkrieg.<\/p>\n\n\n\n<p><\/p>\n\n\n\n<p><em>Barbara Yelin<\/em>\u00a0wurde 1977 in M\u00fcnchen geboren und ist eine deutsche Comic-K\u00fcnstlerin. Sie studierte zun\u00e4chst Illustration in Hamburg und zeichnete mehrere Comic-Geschichten, die in verschiedenen Zeitungen und Anthologien erschienen. 2012 erhielt sie eine Gastprofessor an der Hochschule der Bildenden K\u00fcnste Saar, 2013-2015 war sie Dozentin in Erlangen.<\/p>\n\n\n\n<p><\/p>\n\n\n\n<p><em>Miriam Libicki\u00a0<\/em>ist Autorin der Graphic Novel &#8222;Jobnik!&#8220; \u00fcber ihren Wehrdienst in Israel sowie zahlreicher Nonfiction Comics. Sie wurde 2017 mit dem Vine Award for Canadian Jewish Literature ausgezeichnet.<\/p>\n\n\n\n<p><\/p>\n\n\n\n<p><em>Gilad Seliktar\u00a0<\/em>illustriert Kinderb\u00fccher, zeichnet Comics und Illustrationen f\u00fcr verschiedene israelische Zeichnungen unnd wurde 2018 bei der Vergabe des Israel Museum Ben-Yitzhak Award ausgezeichnet. Er ist autor mehrerer Graphic Novels und lehrt in Jerusalem an der Bezalel Academy of Arts and Design.<\/p>\n\n\n\n<p><\/p>\n\n\n\n<p>Sie erz\u00e4hlen die Geschichten von\u00a0<em>Emmie Arbel<\/em>,\u00a0<em>Rolf und Nico Kamp<\/em>, sowie\u00a0<em>David Schaffer<\/em>.<\/p>\n\n\n\n<p><\/p>\n\n\n\n<p>F\u00fcr externe Inhalte wird keine Haftung \u00fcbernommen, diese geh\u00f6ren den Erstellern.<\/p>\n","protected":false},"excerpt":{"rendered":"<p>Inhalt: Emmie Abel \u00fcberlebte als kleines M\u00e4dchen die Konzentrationslager Ravensbr\u00fcck und Bergen-Belsen. David Schaffer entkam dem Genozid in Transnistrien, weil er sich nicht an die Regeln hielt. Die Br\u00fcder Nico und Rolf Kamp versteckten sich in den Niederlanden dreizehn Mal vor ihren M\u00f6rdern. Zusammen mit den \u00dcberlebenden haben drei international bekannte Zeichner:innen deren Geschichten in [&hellip;]<\/p>\n","protected":false},"author":1,"featured_media":0,"comment_status":"open","ping_status":"open","sticky":false,"template":"","format":"standard","meta":{"_uag_custom_page_level_css":"","site-sidebar-layout":"default","site-content-layout":"","ast-site-content-layout":"default","site-content-style":"default","site-sidebar-style":"default","ast-global-header-display":"","ast-banner-title-visibility":"","ast-main-header-display":"","ast-hfb-above-header-display":"","ast-hfb-below-header-display":"","ast-hfb-mobile-header-display":"","site-post-title":"","ast-breadcrumbs-content":"","ast-featured-img":"","footer-sml-layout":"","ast-disable-related-posts":"","theme-transparent-header-meta":"","adv-header-id-meta":"","stick-header-meta":"","header-above-stick-meta":"","header-main-stick-meta":"","header-below-stick-meta":"","astra-migrate-meta-layouts":"default","ast-page-background-enabled":"default","ast-page-background-meta":{"desktop":{"background-color":"","background-image":"","background-repeat":"repeat","background-position":"center center","background-size":"auto","background-attachment":"scroll","background-type":"","background-media":"","overlay-type":"","overlay-color":"","overlay-opacity":"","overlay-gradient":""},"tablet":{"background-color":"","background-image":"","background-repeat":"repeat","background-position":"center center","background-size":"auto","background-attachment":"scroll","background-type":"","background-media":"","overlay-type":"","overlay-color":"","overlay-opacity":"","overlay-gradient":""},"mobile":{"background-color":"","background-image":"","background-repeat":"repeat","background-position":"center center","background-size":"auto","background-attachment":"scroll","background-type":"","background-media":"","overlay-type":"","overlay-color":"","overlay-opacity":"","overlay-gradient":""}},"ast-content-background-meta":{"desktop":{"background-color":"var(--ast-global-color-5)","background-image":"","background-repeat":"repeat","background-position":"center center","background-size":"auto","background-attachment":"scroll","background-type":"","background-media":"","overlay-type":"","overlay-color":"","overlay-opacity":"","overlay-gradient":""},"tablet":{"background-color":"var(--ast-global-color-5)","background-image":"","background-repeat":"repeat","background-position":"center center","background-size":"auto","background-attachment":"scroll","background-type":"","background-media":"","overlay-type":"","overlay-color":"","overlay-opacity":"","overlay-gradient":""},"mobile":{"background-color":"var(--ast-global-color-5)","background-image":"","background-repeat":"repeat","background-position":"center center","background-size":"auto","background-attachment":"scroll","background-type":"","background-media":"","overlay-type":"","overlay-color":"","overlay-opacity":"","overlay-gradient":""}},"book_review_cover_url":"","book_review_title":"","book_review_series":"","book_review_author":"","book_review_genre":"","book_review_isbn":"","book_review_publisher":"","book_review_release_date":"","book_review_format":"","book_review_pages":"","book_review_source":"","book_review_rating":"","book_review_summary":"","footnotes":""},"categories":[4],"tags":[186,2259,182,892,17,821,302,1033,22,181,26,411,1263],"class_list":["post-6701","post","type-post","status-publish","format-standard","hentry","category-rezension","tag-aufwachsen","tag-c-h-beck-2","tag-erinnerung","tag-gegendasvergessen","tag-geschichte","tag-gewalt","tag-graphic-novel","tag-history","tag-holocaust","tag-kindheit","tag-sachbuch","tag-tod","tag-willkuer"],"uagb_featured_image_src":{"full":false,"thumbnail":false,"medium":false,"medium_large":false,"large":false,"wps_thumbnail_size":false,"1536x1536":false,"2048x2048":false,"buchcover":false},"uagb_author_info":{"display_name":"findo","author_link":"https:\/\/findosbuecher.com\/?author=1"},"uagb_comment_info":0,"uagb_excerpt":"Inhalt: Emmie Abel \u00fcberlebte als kleines M\u00e4dchen die Konzentrationslager Ravensbr\u00fcck und Bergen-Belsen. David Schaffer entkam dem Genozid in Transnistrien, weil er sich nicht an die Regeln hielt. Die Br\u00fcder Nico und Rolf Kamp versteckten sich in den Niederlanden dreizehn Mal vor ihren M\u00f6rdern. Zusammen mit den \u00dcberlebenden haben drei international bekannte Zeichner:innen deren Geschichten in&hellip;","_links":{"self":[{"href":"https:\/\/findosbuecher.com\/index.php?rest_route=\/wp\/v2\/posts\/6701","targetHints":{"allow":["GET"]}}],"collection":[{"href":"https:\/\/findosbuecher.com\/index.php?rest_route=\/wp\/v2\/posts"}],"about":[{"href":"https:\/\/findosbuecher.com\/index.php?rest_route=\/wp\/v2\/types\/post"}],"author":[{"embeddable":true,"href":"https:\/\/findosbuecher.com\/index.php?rest_route=\/wp\/v2\/users\/1"}],"replies":[{"embeddable":true,"href":"https:\/\/findosbuecher.com\/index.php?rest_route=%2Fwp%2Fv2%2Fcomments&post=6701"}],"version-history":[{"count":1,"href":"https:\/\/findosbuecher.com\/index.php?rest_route=\/wp\/v2\/posts\/6701\/revisions"}],"predecessor-version":[{"id":6707,"href":"https:\/\/findosbuecher.com\/index.php?rest_route=\/wp\/v2\/posts\/6701\/revisions\/6707"}],"wp:attachment":[{"href":"https:\/\/findosbuecher.com\/index.php?rest_route=%2Fwp%2Fv2%2Fmedia&parent=6701"}],"wp:term":[{"taxonomy":"category","embeddable":true,"href":"https:\/\/findosbuecher.com\/index.php?rest_route=%2Fwp%2Fv2%2Fcategories&post=6701"},{"taxonomy":"post_tag","embeddable":true,"href":"https:\/\/findosbuecher.com\/index.php?rest_route=%2Fwp%2Fv2%2Ftags&post=6701"}],"curies":[{"name":"wp","href":"https:\/\/api.w.org\/{rel}","templated":true}]}}