{"id":6620,"date":"2022-07-10T05:29:18","date_gmt":"2022-07-10T05:29:18","guid":{"rendered":"https:\/\/findosbuecher.com\/?p=6620"},"modified":"2022-07-10T05:29:24","modified_gmt":"2022-07-10T05:29:24","slug":"juergen-meier-woebkenbrot-und-pinselstrich","status":"publish","type":"post","link":"https:\/\/findosbuecher.com\/?p=6620","title":{"rendered":"J\u00fcrgen Meier: W\u00f6bkenbrot und Pinselstrich"},"content":{"rendered":"\n<div itemscope itemtype=\"https:\/\/schema.org\/Book\" class=\"wp-block-book-review-block-book-review book-review-block\">\n<figure class=\"wp-block-image aligncenter size-large\"><img loading=\"lazy\" decoding=\"async\" width=\"707\" height=\"1024\" itemprop=\"image\" src=\"https:\/\/findosbuecher.com\/wp-content\/uploads\/2022\/07\/woebkenbrot-cover-scaled-1-707x1024.jpg\" alt=\"\" class=\"wp-image-6621\" srcset=\"https:\/\/findosbuecher.com\/wp-content\/uploads\/2022\/07\/woebkenbrot-cover-scaled-1-707x1024.jpg 707w, https:\/\/findosbuecher.com\/wp-content\/uploads\/2022\/07\/woebkenbrot-cover-scaled-1-207x300.jpg 207w, https:\/\/findosbuecher.com\/wp-content\/uploads\/2022\/07\/woebkenbrot-cover-scaled-1-768x1112.jpg 768w, https:\/\/findosbuecher.com\/wp-content\/uploads\/2022\/07\/woebkenbrot-cover-scaled-1-320x463.jpg 320w, https:\/\/findosbuecher.com\/wp-content\/uploads\/2022\/07\/woebkenbrot-cover-scaled-1.jpg 1036w\" sizes=\"auto, (max-width: 707px) 100vw, 707px\" \/><\/figure>\n\n\n\n<div class=\"wp-block-book-review-block-metadata book-review-block__meta\"><div class=\"book-review-block__meta-item book-review-block__meta-item-title\"><div itemprop=\"name\" class=\"book-review-block__meta-item-value\">W\u00f6bkenbrot und Pinselstrich<\/div><\/div><div class=\"book-review-block__meta-item book-review-block__meta-item-series\"><div class=\"book-review-block__meta-item-value\">J\u00fcrgen Meier<\/div><\/div><div itemscope itemtype=\"https:\/\/schema.org\/Person\" itemprop=\"author\" class=\"book-review-block__meta-item book-review-block__meta-item-author\"><div itemprop=\"name\" class=\"book-review-block__meta-item-value\">Rezensionsexemplar\/Roman<\/div><\/div><div class=\"book-review-block__meta-item book-review-block__meta-item-genre\"><div itemprop=\"genre\" class=\"book-review-block__meta-item-value\">Mirabilis Verlag<\/div><\/div><div itemscope itemtype=\"https:\/\/schema.org\/Organization\" itemprop=\"publisher\" class=\"book-review-block__meta-item book-review-block__meta-item-publisher\"><div itemprop=\"name\" class=\"book-review-block__meta-item-value\">Erschienen am: 30.06.2021<\/div><\/div><div class=\"book-review-block__meta-item book-review-block__meta-item-release-date\"><div itemprop=\"datePublished\" class=\"book-review-block__meta-item-value\">Hardcover<\/div><\/div><div class=\"book-review-block__meta-item book-review-block__meta-item-format\"><div class=\"book-review-block__meta-item-value\">Seiten: 344<\/div><\/div><div class=\"book-review-block__meta-item book-review-block__meta-item-pages\"><div itemprop=\"numberOfPages\" class=\"book-review-block__meta-item-value\">ISBN: <a href=\"https:\/\/mirabilis-verlag.de\/produkt\/juergen-meier-woebkenbrot-und-pinselstrich\/\">978-3-947857-08-1<\/a><\/div><\/div><div class=\"book-review-block__meta-item book-review-block__meta-item-source\"><div class=\"book-review-block__meta-item-value\"><\/div><\/div><\/div>\n\n\n\n<div itemscope itemtype=\"https:\/\/schema.org\/Review\" itemprop=\"review\" class=\"wp-block-book-review-block-rating\"><span itemscope itemtype=\"https:\/\/schema.org\/Person\" itemprop=\"author\"><meta itemprop=\"name\" content=\"findo\"\/><\/span><div itemscope itemtype=\"https:\/\/schema.org\/Rating\" itemprop=\"reviewRating\" class=\"book-review-block__rating book-review-block__review-rating\"><meta itemprop=\"ratingValue\" content=\"4\"\/><div class=\"book-review-block__rating-buttons\"><span class=\"book-review-block__rating-button\" role=\"button\" tabindex=\"0\"><span><svg xmlns=\"https:\/\/www.w3.org\/2000\/svg\" width=\"24\" height=\"24\" viewBox=\"0 0 24 24\"><path fill=\"#eba845\" stroke=\"#eba845\" d=\"M12,17.3l6.2,3.7l-1.6-7L22,9.2l-7.2-0.6L12,2L9.2,8.6L2,9.2L7.5,14l-1.6,7L12,17.3z\"><\/path><\/svg><\/span><span><svg xmlns=\"https:\/\/www.w3.org\/2000\/svg\" width=\"24\" height=\"24\" viewBox=\"0 0 24 24\"><path fill=\"#eba845\" stroke=\"#eba845\" d=\"M12,17.3l6.2,3.7l-1.6-7L22,9.2l-7.2-0.6L12,2L9.2,8.6L2,9.2L7.5,14l-1.6,7L12,17.3z\"><\/path><\/svg><\/span><\/span><span class=\"book-review-block__rating-button\" role=\"button\" tabindex=\"0\"><span><svg xmlns=\"https:\/\/www.w3.org\/2000\/svg\" width=\"24\" height=\"24\" viewBox=\"0 0 24 24\"><path fill=\"#eba845\" stroke=\"#eba845\" d=\"M12,17.3l6.2,3.7l-1.6-7L22,9.2l-7.2-0.6L12,2L9.2,8.6L2,9.2L7.5,14l-1.6,7L12,17.3z\"><\/path><\/svg><\/span><span><svg xmlns=\"https:\/\/www.w3.org\/2000\/svg\" width=\"24\" height=\"24\" viewBox=\"0 0 24 24\"><path fill=\"#eba845\" stroke=\"#eba845\" d=\"M12,17.3l6.2,3.7l-1.6-7L22,9.2l-7.2-0.6L12,2L9.2,8.6L2,9.2L7.5,14l-1.6,7L12,17.3z\"><\/path><\/svg><\/span><\/span><span class=\"book-review-block__rating-button\" role=\"button\" tabindex=\"0\"><span><svg xmlns=\"https:\/\/www.w3.org\/2000\/svg\" width=\"24\" height=\"24\" viewBox=\"0 0 24 24\"><path fill=\"#eba845\" stroke=\"#eba845\" d=\"M12,17.3l6.2,3.7l-1.6-7L22,9.2l-7.2-0.6L12,2L9.2,8.6L2,9.2L7.5,14l-1.6,7L12,17.3z\"><\/path><\/svg><\/span><span><svg xmlns=\"https:\/\/www.w3.org\/2000\/svg\" width=\"24\" height=\"24\" viewBox=\"0 0 24 24\"><path fill=\"#eba845\" stroke=\"#eba845\" d=\"M12,17.3l6.2,3.7l-1.6-7L22,9.2l-7.2-0.6L12,2L9.2,8.6L2,9.2L7.5,14l-1.6,7L12,17.3z\"><\/path><\/svg><\/span><\/span><span class=\"book-review-block__rating-button\" role=\"button\" tabindex=\"0\"><span><svg xmlns=\"https:\/\/www.w3.org\/2000\/svg\" width=\"24\" height=\"24\" viewBox=\"0 0 24 24\"><path fill=\"#eba845\" stroke=\"#eba845\" d=\"M12,17.3l6.2,3.7l-1.6-7L22,9.2l-7.2-0.6L12,2L9.2,8.6L2,9.2L7.5,14l-1.6,7L12,17.3z\"><\/path><\/svg><\/span><span><svg xmlns=\"https:\/\/www.w3.org\/2000\/svg\" width=\"24\" height=\"24\" viewBox=\"0 0 24 24\"><path fill=\"#eba845\" stroke=\"#eba845\" d=\"M12,17.3l6.2,3.7l-1.6-7L22,9.2l-7.2-0.6L12,2L9.2,8.6L2,9.2L7.5,14l-1.6,7L12,17.3z\"><\/path><\/svg><\/span><\/span><span class=\"book-review-block__rating-button\" role=\"button\" tabindex=\"0\"><span><svg xmlns=\"https:\/\/www.w3.org\/2000\/svg\" width=\"24\" height=\"24\" viewBox=\"0 0 24 24\"><path class=\"is-rating-unfilled\" fill=\"#eba845\" stroke=\"#eba845\" d=\"M12,17.3l6.2,3.7l-1.6-7L22,9.2l-7.2-0.6L12,2L9.2,8.6L2,9.2L7.5,14l-1.6,7L12,17.3z\"><\/path><\/svg><\/span><span><svg xmlns=\"https:\/\/www.w3.org\/2000\/svg\" width=\"24\" height=\"24\" viewBox=\"0 0 24 24\"><path class=\"is-rating-unfilled\" fill=\"#eba845\" stroke=\"#eba845\" d=\"M12,17.3l6.2,3.7l-1.6-7L22,9.2l-7.2-0.6L12,2L9.2,8.6L2,9.2L7.5,14l-1.6,7L12,17.3z\"><\/path><\/svg><\/span><\/span><\/div><\/div><\/div>\n\n\n\n<div class=\"wp-block-book-review-block-description book-review-block__description\"><p><\/p><\/div>\n<\/div>\n\n\n\n<p><strong>Inhalt:<\/strong><\/p>\n\n\n\n<p>Johannes Becker beginnt 1910 ein Ingenieurstudium in Chemnitz und heiratet kurz darauf. Als er zunehmend der v\u00f6lkischen Ideologie der Nationalsozialisten verf\u00e4llt, wendet sich seine Frau von ihm ab. \u00c4hnlich zerrissen ist die Familie Meyer in Ostwestfalen. Der Vater Karl nutzt die Macht\u00fcbernahme der Nazis aus, um sich an j\u00fcdischem Eigentum zu berreichern. Sein Sohn Gottfried folgt ebenfalls seiner Begeisterung f\u00fcr die Nazis und zieht in den Krieg. Er lernt Ingeborg Becker kennen und heiratet sie. Aus Krieg und Hitlerzeit hat er nichts gelernt, sein Sohn Georg aber will es besser machen und schlie\u00dft sich 1970 der Studentenbewegung an. (abgewandelte Inhaltsangabe).<\/p>\n\n\n\n<p><strong>Rezension:<\/strong><\/p>\n\n\n\n<p>So ausufernd wie einstweilen Thomas Mann muss man gar nicht schreiben, wenn man eine fiktive Familiengeschichte mit all ihren h\u00f6hen und Tiefen, Wandlungen und innerer Zerissenheit zu Papier bringen m\u00f6chte, auch nicht, wenn man den Personenkreis erweitert. J\u00fcrgen Meier zeigt in seinem Roman &#8222;W\u00f6bkenbrot und Pinselstrich&#8220; dass das auch anders geht und beschreibt so ganz nebenbei die Herausforderungen, Schrecken und Wandlungen des vergangenen Jahrhunderts.<\/p>\n\n\n\n<p>Der leicht g\u00e4ngige Familienroman wechselt zwischen den Perspektiven und Generationen, beginnt 1910. Fortschrittsglaube manifestiert sich in den neuen Errungenschaften der Technik, Ingenieure werden gesucht. Hoffnungsvoll schaut der junge Johannes, ersterer einer interessanten Reihe von Protagonisten in die Zukunft, noch nicht ahnend, dass bereits dunkle Schatten \u00fcber Deutschland heraufziehen. Eingenommen von der Figur, deren Enthusiasmus aber auch Unsicherheiten der Autor fein herausgearbeitet hat, steigen wir in die Geschichte ein, die zu einem wahren Wechselbad der Gef\u00fchle verkommt. Das Erz\u00e4hltempo passt sich dem an. Spr\u00fcnge wechseln sich ab mit nachdenklichem Innehalten.<\/p>\n\n\n\n<p>Der Perspektivwechsel zwischen den Figuren aus den zwei Familien, deren Wege sich kreuzen werden, bringt die Dynamik einerseits, wie auch die beschriebenen Generationswechsel. J\u00fcrgen Meier versteht es, die Zeiten greifbar zu machen. Hervorzuheben sind besonders seine Beschreibungen des Konflikts und einzelner Abschnitte, wie etwa die unmittelbare Nachkriegszeit, das Nichtsehenwollen des geschehenen Unrechts, aber auch Anspielungen eben der im Klappentext anklingenden Bereicherung von deutschen Familien an j\u00fcdischem Besitz. Hier wirkt die Erz\u00e4hlung besonders bedr\u00fcckend.<\/p>\n\n\n\n<p>Dabei beschr\u00e4nkt sich der Autor nicht nur auf eine Sichtweise, sondern bringt mit einer Vielzahl an Figuren unterschiedliche Perspektiven hinein, die f\u00fcr eine gewisse Dynamik sorgen, nicht zuletzt f\u00fcr gewisse Exkurse in Kunst und Philosophie, die man vielleicht nicht unbedingt beim Aufschlagen des Romans erwartet. Hier kommt das k\u00fcnstlerische Schaffen des Schreibenden durch, der damit an den richtigen Stellen Ruhe einbringt.<\/p>\n\n\n\n<p>Das kann man als Einlassung nehmen, jedoch auch als Meta-Ebene f\u00fcr die jeweils beschriebene Zeitepoche, muss man jedoch m\u00f6gen. Hier wird wichtig, wie und als was man diesen Roman lesen m\u00f6chte. Konzentriert man sich auf die Familiengeschichte, setzt den Fokus eher auf die Beschreibungen gesellschaftlichen Wandels oder hat Freude an Kunst und Philosophie? F\u00fcr jeden ist etwas dabei. So klar habe ich das bisher jedoch nur selten gelesen.<\/p>\n\n\n\n<p>Das Werk orientiert sich am historischen Verlauf der j\u00fcngeren Geschichte, so dass Wendungen allein durch das Denken und Handeln der einzelnen Figuren entstehen. Sprachlich wird man zudem \u00fcber den Dialekt des \u00d6stwestf\u00e4lischen Platts stolpern, in dem einzelne S\u00e4tze und Passagen formuliert sind. Sicher eine besondere Herausforderung f\u00fcr das Lektorat, welches wahrscheinlich jedes Wort nachschlagen musste. F\u00fcr uns Lesende gibt es jedoch eine Art Glossar hintenan mit der \u00dcbersetzung ins Hochdeutsche.<\/p>\n\n\n\n<p>Die Protagonisten, mit all ihren Ecken und Kanten, sind nachvollziehbar. Niemand ist hier durchg\u00e4ngig Sympathietr\u00e4ger. Perfektionismus gibt es im realen Leben nicht. Entscheidungen und Handlungen, oft genug die falschen, sind es, die uns zudem machen, was wir sind. Wusste schon Dumbledore aus den Romanen um Harry Potter. Hier gilt das auch. Nicht nur das macht Lust auf mehr. Man darf auf Fortsetzungen gespannt sein.<\/p>\n\n\n\n<p>Ach so, was ist jetzt nun eigentlich W\u00f6bkenbrot? Vielleicht so viel, eine Spezialit\u00e4t, unter der vor allem Menschen aus Ostwestfalen zu leiden haben. Aber hat nicht jede Region, die an kulinarischer Abstrusit\u00e4t kaum zu \u00fcberbieten sind? Wer genie\u00dfen m\u00f6chte, bleibt vielleicht besser bei dieser Erz\u00e4hlung.<\/p>\n\n\n\n<p><strong>Autor:<\/strong><\/p>\n\n\n\n<p>J\u00fcrgen Meier lebt in Hildesheim und ist ein deutscher Schriftsteller und Dokumentarfilmer. Er schloss 1973 ein Studium &#8222;Intermedia&#8220; in Bielefeld ab und arbeitete anschlie\u00dfend als PR-Werbechef am Stadttheater Hildesheim. Er gr\u00fcndete die Werbeagentur Aickele &amp; Meier. Seit 1997 ist er selbstst\u00e4ndiger Autor und Journalist. Von ihm liegen Theaterst\u00fccke, Buchver\u00f6ffentlichungen und Theaterst\u00fccke vor.<\/p>\n","protected":false},"excerpt":{"rendered":"<p>Inhalt: Johannes Becker beginnt 1910 ein Ingenieurstudium in Chemnitz und heiratet kurz darauf. Als er zunehmend der v\u00f6lkischen Ideologie der Nationalsozialisten verf\u00e4llt, wendet sich seine Frau von ihm ab. \u00c4hnlich zerrissen ist die Familie Meyer in Ostwestfalen. Der Vater Karl nutzt die Macht\u00fcbernahme der Nazis aus, um sich an j\u00fcdischem Eigentum zu berreichern. Sein Sohn [&hellip;]<\/p>\n","protected":false},"author":1,"featured_media":0,"comment_status":"open","ping_status":"open","sticky":false,"template":"","format":"standard","meta":{"_uag_custom_page_level_css":"","site-sidebar-layout":"default","site-content-layout":"","ast-site-content-layout":"default","site-content-style":"default","site-sidebar-style":"default","ast-global-header-display":"","ast-banner-title-visibility":"","ast-main-header-display":"","ast-hfb-above-header-display":"","ast-hfb-below-header-display":"","ast-hfb-mobile-header-display":"","site-post-title":"","ast-breadcrumbs-content":"","ast-featured-img":"","footer-sml-layout":"","ast-disable-related-posts":"","theme-transparent-header-meta":"","adv-header-id-meta":"","stick-header-meta":"","header-above-stick-meta":"","header-main-stick-meta":"","header-below-stick-meta":"","astra-migrate-meta-layouts":"default","ast-page-background-enabled":"default","ast-page-background-meta":{"desktop":{"background-color":"","background-image":"","background-repeat":"repeat","background-position":"center center","background-size":"auto","background-attachment":"scroll","background-type":"","background-media":"","overlay-type":"","overlay-color":"","overlay-opacity":"","overlay-gradient":""},"tablet":{"background-color":"","background-image":"","background-repeat":"repeat","background-position":"center center","background-size":"auto","background-attachment":"scroll","background-type":"","background-media":"","overlay-type":"","overlay-color":"","overlay-opacity":"","overlay-gradient":""},"mobile":{"background-color":"","background-image":"","background-repeat":"repeat","background-position":"center center","background-size":"auto","background-attachment":"scroll","background-type":"","background-media":"","overlay-type":"","overlay-color":"","overlay-opacity":"","overlay-gradient":""}},"ast-content-background-meta":{"desktop":{"background-color":"var(--ast-global-color-5)","background-image":"","background-repeat":"repeat","background-position":"center center","background-size":"auto","background-attachment":"scroll","background-type":"","background-media":"","overlay-type":"","overlay-color":"","overlay-opacity":"","overlay-gradient":""},"tablet":{"background-color":"var(--ast-global-color-5)","background-image":"","background-repeat":"repeat","background-position":"center center","background-size":"auto","background-attachment":"scroll","background-type":"","background-media":"","overlay-type":"","overlay-color":"","overlay-opacity":"","overlay-gradient":""},"mobile":{"background-color":"var(--ast-global-color-5)","background-image":"","background-repeat":"repeat","background-position":"center center","background-size":"auto","background-attachment":"scroll","background-type":"","background-media":"","overlay-type":"","overlay-color":"","overlay-opacity":"","overlay-gradient":""}},"book_review_cover_url":"","book_review_title":"","book_review_series":"","book_review_author":"","book_review_genre":"","book_review_isbn":"","book_review_publisher":"","book_review_release_date":"","book_review_format":"","book_review_pages":"","book_review_source":"","book_review_rating":"","book_review_summary":"","footnotes":""},"categories":[4],"tags":[3525,123,87,1185,17,16,3414,21,1333,301,3526,3523,3524,724,11,3527],"class_list":["post-6620","post","type-post","status-publish","format-standard","hentry","category-rezension","tag-chemnitz","tag-erzaehlung","tag-familie","tag-generation","tag-geschichte","tag-gesellschaft","tag-juergen-meier","tag-krieg","tag-kunst","tag-leben","tag-mirabilis","tag-ns-zeit","tag-ostwestfalen","tag-philosophie","tag-roman","tag-woebkenbrot"],"uagb_featured_image_src":{"full":false,"thumbnail":false,"medium":false,"medium_large":false,"large":false,"wps_thumbnail_size":false,"1536x1536":false,"2048x2048":false,"buchcover":false},"uagb_author_info":{"display_name":"findo","author_link":"https:\/\/findosbuecher.com\/?author=1"},"uagb_comment_info":0,"uagb_excerpt":"Inhalt: Johannes Becker beginnt 1910 ein Ingenieurstudium in Chemnitz und heiratet kurz darauf. Als er zunehmend der v\u00f6lkischen Ideologie der Nationalsozialisten verf\u00e4llt, wendet sich seine Frau von ihm ab. \u00c4hnlich zerrissen ist die Familie Meyer in Ostwestfalen. Der Vater Karl nutzt die Macht\u00fcbernahme der Nazis aus, um sich an j\u00fcdischem Eigentum zu berreichern. Sein Sohn&hellip;","_links":{"self":[{"href":"https:\/\/findosbuecher.com\/index.php?rest_route=\/wp\/v2\/posts\/6620","targetHints":{"allow":["GET"]}}],"collection":[{"href":"https:\/\/findosbuecher.com\/index.php?rest_route=\/wp\/v2\/posts"}],"about":[{"href":"https:\/\/findosbuecher.com\/index.php?rest_route=\/wp\/v2\/types\/post"}],"author":[{"embeddable":true,"href":"https:\/\/findosbuecher.com\/index.php?rest_route=\/wp\/v2\/users\/1"}],"replies":[{"embeddable":true,"href":"https:\/\/findosbuecher.com\/index.php?rest_route=%2Fwp%2Fv2%2Fcomments&post=6620"}],"version-history":[{"count":1,"href":"https:\/\/findosbuecher.com\/index.php?rest_route=\/wp\/v2\/posts\/6620\/revisions"}],"predecessor-version":[{"id":6622,"href":"https:\/\/findosbuecher.com\/index.php?rest_route=\/wp\/v2\/posts\/6620\/revisions\/6622"}],"wp:attachment":[{"href":"https:\/\/findosbuecher.com\/index.php?rest_route=%2Fwp%2Fv2%2Fmedia&parent=6620"}],"wp:term":[{"taxonomy":"category","embeddable":true,"href":"https:\/\/findosbuecher.com\/index.php?rest_route=%2Fwp%2Fv2%2Fcategories&post=6620"},{"taxonomy":"post_tag","embeddable":true,"href":"https:\/\/findosbuecher.com\/index.php?rest_route=%2Fwp%2Fv2%2Ftags&post=6620"}],"curies":[{"name":"wp","href":"https:\/\/api.w.org\/{rel}","templated":true}]}}