{"id":6204,"date":"2021-12-30T23:37:49","date_gmt":"2021-12-30T23:37:49","guid":{"rendered":"https:\/\/findosbuecher.com\/?p=6204"},"modified":"2023-07-13T06:00:42","modified_gmt":"2023-07-13T06:00:42","slug":"mein-rueckblick-durchs-buecherjahr-2021","status":"publish","type":"post","link":"https:\/\/findosbuecher.com\/?p=6204","title":{"rendered":"Mein R\u00fcckblick durch&#8217;s B\u00fccherjahr 2021"},"content":{"rendered":"\n<p>Immer wieder stelle ich fest, dass gerade in, sagen wir, fordernden Zeiten, mir B\u00fccher einen besonderen Halt geben. Mit dem Lesen einiger Seiten auf den Weg zur Arbeit oder vor Hochfahren des B\u00fcro-Laptops im Home Office starte ich in den Tag, abends auf den Nachhauseweg in der U-Bahn schaufel ich mir mit B\u00fcchern den Kopf frei und komme auf andere Gedanken. So habe ich dieses Jahr viele B\u00fccher f\u00fcr mich entdecken k\u00f6nnen, mehr gelesen als etwa im Jahr 2020, erstaunlicherweise mit vergleichsweise wenigen Totalausf\u00e4llen. Nur einen Abbruch hatte ich auf den Z\u00e4hler. Darum soll es heute aber nicht gehen. 2021 war f\u00fcr uns alle anstrengend genug. daher habe ich mich dazu entschlossen, meinen R\u00fcckblick auf die Lese-Highlights des Jahres zu beschr\u00e4nken und die anderen Werke aus meinem Ged\u00e4chtnis zu verdr\u00e4ngen. Wer diese sich noch einmal zu Gem\u00fcte f\u00fchren m\u00f6chte, den bleibt nichts \u00fcbrig, als die Rezensionen zu durchst\u00f6bern. Hier soll es heute nur um die Highlights gehen. \u00dcber die Flops sprechen wir zu oft.<\/p>\n\n\n\n<p>Eine Top 10 auszuw\u00e4hlen, ist mir dabei nicht gelungen, so zeige ich ganze zwanzig B\u00fccher, die ich in positiver Erinnerung habe. Von der Belletristik bis zum Sachbuch, von der Neuerscheinung bis zur Backlistliteratur ist alles dabei. Nat\u00fcrlich k\u00f6nnte ich noch viel mehr Werke nennen, aber ihr kennt den Ausdruck: &#8222;Das sprengt den Rahmen!&#8220;. \ud83d\ude42<\/p>\n\n\n\n<figure class=\"wp-block-gallery has-nested-images columns-default is-cropped wp-block-gallery-2 is-layout-flex wp-block-gallery-is-layout-flex\">\n<figure class=\"wp-block-image size-large\"><img loading=\"lazy\" decoding=\"async\" width=\"384\" height=\"480\" data-id=\"5314\" src=\"https:\/\/findosbuecher.com\/wp-content\/uploads\/2021\/01\/expedition-arktis_2.jpg\" alt=\"\" class=\"wp-image-5314\" srcset=\"https:\/\/findosbuecher.com\/wp-content\/uploads\/2021\/01\/expedition-arktis_2.jpg 384w, https:\/\/findosbuecher.com\/wp-content\/uploads\/2021\/01\/expedition-arktis_2-240x300.jpg 240w, https:\/\/findosbuecher.com\/wp-content\/uploads\/2021\/01\/expedition-arktis_2-320x400.jpg 320w\" sizes=\"auto, (max-width: 384px) 100vw, 384px\" \/><figcaption class=\"wp-element-caption\">Esther Horvath: Expedition Arktis<\/figcaption><\/figure>\n\n\n\n<figure class=\"wp-block-image size-large\"><img loading=\"lazy\" decoding=\"async\" width=\"648\" height=\"1024\" data-id=\"5501\" src=\"https:\/\/findosbuecher.com\/wp-content\/uploads\/2021\/02\/produkt-10006794-648x1024.jpg\" alt=\"\" class=\"wp-image-5501\" srcset=\"https:\/\/findosbuecher.com\/wp-content\/uploads\/2021\/02\/produkt-10006794-648x1024.jpg 648w, https:\/\/findosbuecher.com\/wp-content\/uploads\/2021\/02\/produkt-10006794-190x300.jpg 190w, https:\/\/findosbuecher.com\/wp-content\/uploads\/2021\/02\/produkt-10006794-768x1214.jpg 768w, https:\/\/findosbuecher.com\/wp-content\/uploads\/2021\/02\/produkt-10006794-972x1536.jpg 972w, https:\/\/findosbuecher.com\/wp-content\/uploads\/2021\/02\/produkt-10006794-308x487.jpg 308w, https:\/\/findosbuecher.com\/wp-content\/uploads\/2021\/02\/produkt-10006794.jpg 1012w\" sizes=\"auto, (max-width: 648px) 100vw, 648px\" \/><figcaption class=\"wp-element-caption\">Stephan Orth: Couchsurfing in Saudi Arabien<\/figcaption><\/figure>\n\n\n\n<figure class=\"wp-block-image size-large\"><img loading=\"lazy\" decoding=\"async\" width=\"625\" height=\"1024\" data-id=\"5545\" src=\"https:\/\/findosbuecher.com\/wp-content\/uploads\/2021\/02\/9783869712291-625x1024.jpg\" alt=\"\" class=\"wp-image-5545\" srcset=\"https:\/\/findosbuecher.com\/wp-content\/uploads\/2021\/02\/9783869712291-625x1024.jpg 625w, https:\/\/findosbuecher.com\/wp-content\/uploads\/2021\/02\/9783869712291-183x300.jpg 183w, https:\/\/findosbuecher.com\/wp-content\/uploads\/2021\/02\/9783869712291-768x1258.jpg 768w, https:\/\/findosbuecher.com\/wp-content\/uploads\/2021\/02\/9783869712291-938x1536.jpg 938w, https:\/\/findosbuecher.com\/wp-content\/uploads\/2021\/02\/9783869712291-1250x2048.jpg 1250w, https:\/\/findosbuecher.com\/wp-content\/uploads\/2021\/02\/9783869712291-297x487.jpg 297w, https:\/\/findosbuecher.com\/wp-content\/uploads\/2021\/02\/9783869712291-scaled.jpg 1563w\" sizes=\"auto, (max-width: 625px) 100vw, 625px\" \/><figcaption class=\"wp-element-caption\">Bj\u00f6rn Stephan: Nur vom Weltraum aus ist die Erde blau<\/figcaption><\/figure>\n<\/figure>\n\n\n\n<p>W\u00e4hrend Bj\u00f6rn Stephan mich mit seinem Schreibdeb\u00fct, einem sensiblen Coming of Age Roman, \u00fcberraschen konnte, entf\u00fchrte mich Esther Horvath gleich zu Beginn des Jahres in die eisigen Gefilde der Arktis. Sie begleitete die bis dato gr\u00f6\u00dfte von den Forschern des deutschen Alfred-Wegner-Instituts angef\u00fchrte Polarexpedition, auf dem Eisbrecher &#8222;Polarstern&#8220; und brachte beeindruckende Fotos mit nach Hause, die sie in diesem Bildband versammelt hat. Stephan Orth nahm seine LeserInnen dagegen in ein nahezu noch unbekanntes Land. Saudi-Arabien. Immer, Auge und Auge mit Scheichs und Kamelen. Unvergessen nat\u00fcrlich, das Interview, welches ich mit ihm f\u00fchren durfte.<\/p>\n\n\n\n<figure class=\"wp-block-gallery has-nested-images columns-default is-cropped wp-block-gallery-3 is-layout-flex wp-block-gallery-is-layout-flex\">\n<figure class=\"wp-block-image size-large\"><img loading=\"lazy\" decoding=\"async\" width=\"471\" height=\"750\" data-id=\"5635\" src=\"https:\/\/findosbuecher.com\/wp-content\/uploads\/2021\/03\/tief-in-der-erde_0.jpg\" alt=\"\" class=\"wp-image-5635\" srcset=\"https:\/\/findosbuecher.com\/wp-content\/uploads\/2021\/03\/tief-in-der-erde_0.jpg 471w, https:\/\/findosbuecher.com\/wp-content\/uploads\/2021\/03\/tief-in-der-erde_0-188x300.jpg 188w, https:\/\/findosbuecher.com\/wp-content\/uploads\/2021\/03\/tief-in-der-erde_0-306x487.jpg 306w\" sizes=\"auto, (max-width: 471px) 100vw, 471px\" \/><figcaption class=\"wp-element-caption\">Christa von Bernuth: Tief in der Erde<\/figcaption><\/figure>\n\n\n\n<figure class=\"wp-block-image size-large\"><img loading=\"lazy\" decoding=\"async\" width=\"632\" height=\"1000\" data-id=\"5666\" src=\"https:\/\/findosbuecher.com\/wp-content\/uploads\/2021\/03\/der-ehemalige-sohn-9783257071566.jpg\" alt=\"\" class=\"wp-image-5666\" srcset=\"https:\/\/findosbuecher.com\/wp-content\/uploads\/2021\/03\/der-ehemalige-sohn-9783257071566.jpg 632w, https:\/\/findosbuecher.com\/wp-content\/uploads\/2021\/03\/der-ehemalige-sohn-9783257071566-190x300.jpg 190w, https:\/\/findosbuecher.com\/wp-content\/uploads\/2021\/03\/der-ehemalige-sohn-9783257071566-308x487.jpg 308w\" sizes=\"auto, (max-width: 632px) 100vw, 632px\" \/><figcaption class=\"wp-element-caption\">Sasha filipenko: Der ehemalige Sohn<\/figcaption><\/figure>\n\n\n\n<figure class=\"wp-block-image size-large\"><img loading=\"lazy\" decoding=\"async\" width=\"396\" height=\"599\" data-id=\"5683\" src=\"https:\/\/findosbuecher.com\/wp-content\/uploads\/2021\/04\/39958102_9783411756582_xl.jpg\" alt=\"\" class=\"wp-image-5683\" srcset=\"https:\/\/findosbuecher.com\/wp-content\/uploads\/2021\/04\/39958102_9783411756582_xl.jpg 396w, https:\/\/findosbuecher.com\/wp-content\/uploads\/2021\/04\/39958102_9783411756582_xl-198x300.jpg 198w, https:\/\/findosbuecher.com\/wp-content\/uploads\/2021\/04\/39958102_9783411756582_xl-320x484.jpg 320w\" sizes=\"auto, (max-width: 396px) 100vw, 396px\" \/><figcaption class=\"wp-element-caption\">Olga Grjasnowa: Die Macht der Mehrsprachigkeit, Duden-Verlag.<\/figcaption><\/figure>\n<\/figure>\n\n\n\n<p>Christa von Bernuths Kriminalroman &#8222;Tief in der Erde&#8220;, der auf wahre Begebenheiten eines spekatkul\u00e4ren Falls der bundesdeutschen Kriminalgeschichte beruht, geh\u00f6rt im Bereich True Crime zu meinen Highlights, wie auch Sasha Filipenko, der mit seinem Roman &#8222;Der ehemalige Sohn&#8220; tief in die belarussische Gesellschaft Einblick nehmen l\u00e4sst. Noch nie habe ich einen, \u00fcber weite Strecken, so deprimierenden Roman gelesen, der jedoch sehr eindrucksvoll zu lesen ist und deshalb definitiv zu meinen Highlights z\u00e4hlt. Olga Grjasnowas Essay \u00fcber den Nutzen von Mehrsprachigkeit war nichtminder aufschlussreich.<\/p>\n\n\n\n<figure class=\"wp-block-gallery has-nested-images columns-default is-cropped wp-block-gallery-4 is-layout-flex wp-block-gallery-is-layout-flex\">\n<figure class=\"wp-block-image size-large\"><img loading=\"lazy\" decoding=\"async\" width=\"620\" height=\"1024\" data-id=\"5723\" src=\"https:\/\/findosbuecher.com\/wp-content\/uploads\/2021\/04\/Cover_Kelly_Rassismus-620x1024.jpg\" alt=\"\" class=\"wp-image-5723\" srcset=\"https:\/\/findosbuecher.com\/wp-content\/uploads\/2021\/04\/Cover_Kelly_Rassismus-620x1024.jpg 620w, https:\/\/findosbuecher.com\/wp-content\/uploads\/2021\/04\/Cover_Kelly_Rassismus-182x300.jpg 182w, https:\/\/findosbuecher.com\/wp-content\/uploads\/2021\/04\/Cover_Kelly_Rassismus-768x1269.jpg 768w, https:\/\/findosbuecher.com\/wp-content\/uploads\/2021\/04\/Cover_Kelly_Rassismus-930x1536.jpg 930w, https:\/\/findosbuecher.com\/wp-content\/uploads\/2021\/04\/Cover_Kelly_Rassismus-1240x2048.jpg 1240w, https:\/\/findosbuecher.com\/wp-content\/uploads\/2021\/04\/Cover_Kelly_Rassismus-295x487.jpg 295w, https:\/\/findosbuecher.com\/wp-content\/uploads\/2021\/04\/Cover_Kelly_Rassismus.jpg 1359w\" sizes=\"auto, (max-width: 620px) 100vw, 620px\" \/><figcaption class=\"wp-element-caption\">Natasha A. Kelly: Rassismus &#8211; Strukturelle Probleme brauchen strukturelle L\u00f6sungen, Atrium Verlag.<\/figcaption><\/figure>\n\n\n\n<figure class=\"wp-block-image size-large\"><img loading=\"lazy\" decoding=\"async\" width=\"632\" height=\"1000\" data-id=\"5809\" src=\"https:\/\/findosbuecher.com\/wp-content\/uploads\/2021\/06\/junge-mit-schwarzem-hahn-9783257071665.jpg\" alt=\"\" class=\"wp-image-5809\" srcset=\"https:\/\/findosbuecher.com\/wp-content\/uploads\/2021\/06\/junge-mit-schwarzem-hahn-9783257071665.jpg 632w, https:\/\/findosbuecher.com\/wp-content\/uploads\/2021\/06\/junge-mit-schwarzem-hahn-9783257071665-190x300.jpg 190w, https:\/\/findosbuecher.com\/wp-content\/uploads\/2021\/06\/junge-mit-schwarzem-hahn-9783257071665-308x487.jpg 308w\" sizes=\"auto, (max-width: 632px) 100vw, 632px\" \/><figcaption class=\"wp-element-caption\">Stefanie vor Schulte: Junge mit schwarzem Hahn<\/figcaption><\/figure>\n\n\n\n<figure class=\"wp-block-image size-large\"><img loading=\"lazy\" decoding=\"async\" width=\"641\" height=\"1024\" data-id=\"5861\" src=\"https:\/\/findosbuecher.com\/wp-content\/uploads\/2021\/07\/Cover_Pham_Wo-auch-immer-ihr-seid-641x1024.jpg\" alt=\"\" class=\"wp-image-5861\" srcset=\"https:\/\/findosbuecher.com\/wp-content\/uploads\/2021\/07\/Cover_Pham_Wo-auch-immer-ihr-seid-641x1024.jpg 641w, https:\/\/findosbuecher.com\/wp-content\/uploads\/2021\/07\/Cover_Pham_Wo-auch-immer-ihr-seid-188x300.jpg 188w, https:\/\/findosbuecher.com\/wp-content\/uploads\/2021\/07\/Cover_Pham_Wo-auch-immer-ihr-seid-305x487.jpg 305w, https:\/\/findosbuecher.com\/wp-content\/uploads\/2021\/07\/Cover_Pham_Wo-auch-immer-ihr-seid.jpg 704w\" sizes=\"auto, (max-width: 641px) 100vw, 641px\" \/><figcaption class=\"wp-element-caption\">Khue Pham: Wo auch immer ihr seid<\/figcaption><\/figure>\n<\/figure>\n\n\n\n<p>Genau so wie ich Olga Grjasnowas Ausf\u00fchrungen zur Mehrsprachigkeit empfehlen kann, m\u00f6chte ich allen Natasha A. Kellys Essay \u00fcber Rassismus ans Herz legen. Hier beschreibt sie, woher Rassismus kommt, wie das wirkt und wie wir dieses strukturelle Problem l\u00f6sen k\u00f6nnen. Ihr Werk hatte in jedem Fall den Preis f\u00fcr die am schwersten zu schreibende Rezension gewonnen. So oft habe ich, glaube ich, selten, nach den richtigen Worten gesucht. Khue Pham beeindruckte mit ihrem halbbiografischen Roman einer \u00fcber die Welt verstreuten, urspr\u00fcnglich aus Vietnam stammenden Familie und Stefanie vor Schulte mit einer sprachlich so anspruchsvollen erz\u00e4hlung, die ihres Gleichen sucht.<\/p>\n\n\n\n<figure class=\"wp-block-gallery has-nested-images columns-default is-cropped wp-block-gallery-5 is-layout-flex wp-block-gallery-is-layout-flex\">\n<figure class=\"wp-block-image size-large\"><img loading=\"lazy\" decoding=\"async\" width=\"626\" height=\"1024\" data-id=\"5878\" src=\"https:\/\/findosbuecher.com\/wp-content\/uploads\/2021\/07\/9783462000917-626x1024.jpg\" alt=\"\" class=\"wp-image-5878\" srcset=\"https:\/\/findosbuecher.com\/wp-content\/uploads\/2021\/07\/9783462000917-626x1024.jpg 626w, https:\/\/findosbuecher.com\/wp-content\/uploads\/2021\/07\/9783462000917-183x300.jpg 183w, https:\/\/findosbuecher.com\/wp-content\/uploads\/2021\/07\/9783462000917-768x1256.jpg 768w, https:\/\/findosbuecher.com\/wp-content\/uploads\/2021\/07\/9783462000917-939x1536.jpg 939w, https:\/\/findosbuecher.com\/wp-content\/uploads\/2021\/07\/9783462000917-1253x2048.jpg 1253w, https:\/\/findosbuecher.com\/wp-content\/uploads\/2021\/07\/9783462000917-298x487.jpg 298w, https:\/\/findosbuecher.com\/wp-content\/uploads\/2021\/07\/9783462000917-scaled.jpg 1566w\" sizes=\"auto, (max-width: 626px) 100vw, 626px\" \/><figcaption class=\"wp-element-caption\">Ariel Magnus: Das zweite Leben des Adolf Eichmann<\/figcaption><\/figure>\n\n\n\n<figure class=\"wp-block-image size-large\"><img loading=\"lazy\" decoding=\"async\" width=\"615\" height=\"1024\" data-id=\"5955\" src=\"https:\/\/findosbuecher.com\/wp-content\/uploads\/2021\/08\/getimage-615x1024.jpg\" alt=\"\" class=\"wp-image-5955\" srcset=\"https:\/\/findosbuecher.com\/wp-content\/uploads\/2021\/08\/getimage-615x1024.jpg 615w, https:\/\/findosbuecher.com\/wp-content\/uploads\/2021\/08\/getimage-180x300.jpg 180w, https:\/\/findosbuecher.com\/wp-content\/uploads\/2021\/08\/getimage-768x1279.jpg 768w, https:\/\/findosbuecher.com\/wp-content\/uploads\/2021\/08\/getimage-922x1536.jpg 922w, https:\/\/findosbuecher.com\/wp-content\/uploads\/2021\/08\/getimage-292x487.jpg 292w, https:\/\/findosbuecher.com\/wp-content\/uploads\/2021\/08\/getimage.jpg 1171w\" sizes=\"auto, (max-width: 615px) 100vw, 615px\" \/><figcaption class=\"wp-element-caption\">Janina Hecht: In diesen Sommern<\/figcaption><\/figure>\n\n\n\n<figure class=\"wp-block-image size-large\"><img loading=\"lazy\" decoding=\"async\" width=\"450\" height=\"732\" data-id=\"5991\" src=\"https:\/\/findosbuecher.com\/wp-content\/uploads\/2021\/08\/9783423282932.jpg\" alt=\"\" class=\"wp-image-5991\" srcset=\"https:\/\/findosbuecher.com\/wp-content\/uploads\/2021\/08\/9783423282932.jpg 450w, https:\/\/findosbuecher.com\/wp-content\/uploads\/2021\/08\/9783423282932-184x300.jpg 184w, https:\/\/findosbuecher.com\/wp-content\/uploads\/2021\/08\/9783423282932-299x487.jpg 299w\" sizes=\"auto, (max-width: 450px) 100vw, 450px\" \/><figcaption class=\"wp-element-caption\">Alex Schulman: Die \u00dcberlebenden<\/figcaption><\/figure>\n<\/figure>\n\n\n\n<p>Familiengeschichten oder Coming of Age dominierten bei mir im Bereich der Belletristik und so kann ich auch Alex Schulman &#8222;Die \u00dcberlebenden&#8220;, wie auch das Deb\u00fct von janina Hecht &#8222;In diesen Sommern&#8220; zu meinen Highlights z\u00e4hlen. In beiden Romanen geht es um Kindheiten und den nicht ganz so einfachen Umgang damit, im Erwachsenenalter, w\u00e4hrend Ariel Magnus in seinem Roman &#8222;Das zweite Leben des Adolf Eichmanns&#8220;, den eben genannten wieder lebendig werden l\u00e4sst, bis zu seiner Entf\u00fchrung und Verhaftung durch Agenten des israelischen Geheimdiensts Mossad. Spannend und erschreckend zugleich , einmal diese Perspektive einzunehmen.<\/p>\n\n\n\n<figure class=\"wp-block-gallery has-nested-images columns-default is-cropped wp-block-gallery-6 is-layout-flex wp-block-gallery-is-layout-flex\">\n<figure class=\"wp-block-image size-large\"><img loading=\"lazy\" decoding=\"async\" width=\"620\" height=\"1024\" data-id=\"5998\" src=\"https:\/\/findosbuecher.com\/wp-content\/uploads\/2021\/08\/Cover_Gutensohn_Pflege-in-der-Krise_300dpi-620x1024.jpg\" alt=\"\" class=\"wp-image-5998\" srcset=\"https:\/\/findosbuecher.com\/wp-content\/uploads\/2021\/08\/Cover_Gutensohn_Pflege-in-der-Krise_300dpi-620x1024.jpg 620w, https:\/\/findosbuecher.com\/wp-content\/uploads\/2021\/08\/Cover_Gutensohn_Pflege-in-der-Krise_300dpi-182x300.jpg 182w, https:\/\/findosbuecher.com\/wp-content\/uploads\/2021\/08\/Cover_Gutensohn_Pflege-in-der-Krise_300dpi-768x1269.jpg 768w, https:\/\/findosbuecher.com\/wp-content\/uploads\/2021\/08\/Cover_Gutensohn_Pflege-in-der-Krise_300dpi-930x1536.jpg 930w, https:\/\/findosbuecher.com\/wp-content\/uploads\/2021\/08\/Cover_Gutensohn_Pflege-in-der-Krise_300dpi-1239x2048.jpg 1239w, https:\/\/findosbuecher.com\/wp-content\/uploads\/2021\/08\/Cover_Gutensohn_Pflege-in-der-Krise_300dpi-295x487.jpg 295w, https:\/\/findosbuecher.com\/wp-content\/uploads\/2021\/08\/Cover_Gutensohn_Pflege-in-der-Krise_300dpi.jpg 1358w\" sizes=\"auto, (max-width: 620px) 100vw, 620px\" \/><figcaption class=\"wp-element-caption\">David Gutensohn: Pflege in der Krise<\/figcaption><\/figure>\n\n\n\n<figure class=\"wp-block-image size-large\"><img loading=\"lazy\" decoding=\"async\" width=\"664\" height=\"1024\" data-id=\"6017\" src=\"https:\/\/findosbuecher.com\/wp-content\/uploads\/2021\/09\/9783869712451-664x1024.jpg\" alt=\"\" class=\"wp-image-6017\" srcset=\"https:\/\/findosbuecher.com\/wp-content\/uploads\/2021\/09\/9783869712451-664x1024.jpg 664w, https:\/\/findosbuecher.com\/wp-content\/uploads\/2021\/09\/9783869712451-195x300.jpg 195w, https:\/\/findosbuecher.com\/wp-content\/uploads\/2021\/09\/9783869712451-768x1184.jpg 768w, https:\/\/findosbuecher.com\/wp-content\/uploads\/2021\/09\/9783869712451-996x1536.jpg 996w, https:\/\/findosbuecher.com\/wp-content\/uploads\/2021\/09\/9783869712451-1328x2048.jpg 1328w, https:\/\/findosbuecher.com\/wp-content\/uploads\/2021\/09\/9783869712451-316x487.jpg 316w, https:\/\/findosbuecher.com\/wp-content\/uploads\/2021\/09\/9783869712451.jpg 1600w\" sizes=\"auto, (max-width: 664px) 100vw, 664px\" \/><figcaption class=\"wp-element-caption\">Frank Vorpahl: Schliemann und das Gold von Troja<\/figcaption><\/figure>\n\n\n\n<figure class=\"wp-block-image size-large\"><img loading=\"lazy\" decoding=\"async\" width=\"700\" height=\"1024\" data-id=\"6026\" src=\"https:\/\/findosbuecher.com\/wp-content\/uploads\/2021\/09\/9783945424698_front-700x1024.jpg\" alt=\"\" class=\"wp-image-6026\" srcset=\"https:\/\/findosbuecher.com\/wp-content\/uploads\/2021\/09\/9783945424698_front-700x1024.jpg 700w, https:\/\/findosbuecher.com\/wp-content\/uploads\/2021\/09\/9783945424698_front-205x300.jpg 205w, https:\/\/findosbuecher.com\/wp-content\/uploads\/2021\/09\/9783945424698_front-768x1123.jpg 768w, https:\/\/findosbuecher.com\/wp-content\/uploads\/2021\/09\/9783945424698_front-1051x1536.jpg 1051w, https:\/\/findosbuecher.com\/wp-content\/uploads\/2021\/09\/9783945424698_front-1401x2048.jpg 1401w, https:\/\/findosbuecher.com\/wp-content\/uploads\/2021\/09\/9783945424698_front-320x468.jpg 320w, https:\/\/findosbuecher.com\/wp-content\/uploads\/2021\/09\/9783945424698_front.jpg 1535w\" sizes=\"auto, (max-width: 700px) 100vw, 700px\" \/><figcaption class=\"wp-element-caption\">Xose Neira Vilas: Tagebuch einer Kindheit in Galicien<\/figcaption><\/figure>\n<\/figure>\n\n\n\n<p>Wie bekommen wir die Fragestellungen und Probleme, die sich gerade jetzt klar und deutlich zeigen, in den Griff? Wo liegen die Stellschrauben im Gesundheitssystem und unserer Gesellschaft? Was muss sich \u00e4ndern, da Applaus nicht genug ist? Diese Fragen stellt der Journalist David Gutensohn und zeigt, wie L\u00f6sungen aussehen k\u00f6nnen und was in winzigkleinen Schritten schon jetzt passiert oder, wo es noch viel zu tun gibt. Frank Vorpahl entwirrt derweil Mythos und Wirklichkeit um Heinrich Schliemann und Xose Neira Vilas&#8216; Novelle &#8222;Tagebuch einer Kindheit in Galicien&#8220; war genau so erschreckend, wie d\u00fcster, wie hoffnungsvoll.<\/p>\n\n\n\n<figure class=\"wp-block-gallery has-nested-images columns-default is-cropped wp-block-gallery-7 is-layout-flex wp-block-gallery-is-layout-flex\">\n<figure class=\"wp-block-image size-large\"><img loading=\"lazy\" decoding=\"async\" width=\"668\" height=\"1024\" data-id=\"6032\" src=\"https:\/\/findosbuecher.com\/wp-content\/uploads\/2021\/09\/ARTK_CT0_9783446271081_0001-668x1024.jpg\" alt=\"\" class=\"wp-image-6032\" srcset=\"https:\/\/findosbuecher.com\/wp-content\/uploads\/2021\/09\/ARTK_CT0_9783446271081_0001-668x1024.jpg 668w, https:\/\/findosbuecher.com\/wp-content\/uploads\/2021\/09\/ARTK_CT0_9783446271081_0001-196x300.jpg 196w, https:\/\/findosbuecher.com\/wp-content\/uploads\/2021\/09\/ARTK_CT0_9783446271081_0001-768x1176.jpg 768w, https:\/\/findosbuecher.com\/wp-content\/uploads\/2021\/09\/ARTK_CT0_9783446271081_0001-1003x1536.jpg 1003w, https:\/\/findosbuecher.com\/wp-content\/uploads\/2021\/09\/ARTK_CT0_9783446271081_0001-1337x2048.jpg 1337w, https:\/\/findosbuecher.com\/wp-content\/uploads\/2021\/09\/ARTK_CT0_9783446271081_0001-318x487.jpg 318w, https:\/\/findosbuecher.com\/wp-content\/uploads\/2021\/09\/ARTK_CT0_9783446271081_0001.jpg 1600w\" sizes=\"auto, (max-width: 668px) 100vw, 668px\" \/><figcaption class=\"wp-element-caption\">Douglas Stuart: Shuggie Bain<\/figcaption><\/figure>\n\n\n\n<figure class=\"wp-block-image size-large\"><img loading=\"lazy\" decoding=\"async\" width=\"665\" height=\"1024\" data-id=\"6041\" src=\"https:\/\/findosbuecher.com\/wp-content\/uploads\/2021\/09\/getimage-665x1024.jpg\" alt=\"\" class=\"wp-image-6041\" srcset=\"https:\/\/findosbuecher.com\/wp-content\/uploads\/2021\/09\/getimage-665x1024.jpg 665w, https:\/\/findosbuecher.com\/wp-content\/uploads\/2021\/09\/getimage-195x300.jpg 195w, https:\/\/findosbuecher.com\/wp-content\/uploads\/2021\/09\/getimage-768x1183.jpg 768w, https:\/\/findosbuecher.com\/wp-content\/uploads\/2021\/09\/getimage-997x1536.jpg 997w, https:\/\/findosbuecher.com\/wp-content\/uploads\/2021\/09\/getimage-316x487.jpg 316w, https:\/\/findosbuecher.com\/wp-content\/uploads\/2021\/09\/getimage.jpg 1266w\" sizes=\"auto, (max-width: 665px) 100vw, 665px\" \/><figcaption class=\"wp-element-caption\">Uwe Wittstock: Februar 33<\/figcaption><\/figure>\n<\/figure>\n\n\n\n<p>Der Historiker Uwe Wittstock zeigt in seinem romanhaft anmutenden Sachbuch &#8222;Februar 33 &#8211; Der Winter der Literatur&#8220;, wie schnell Kunst und Kultur von den Nationalsozialisten nach ihrer Macht\u00fcbernahme vereinnahmt wurden und Schriftsteller, wie K\u00fcnstler, ins Abseits gedr\u00e4ngt oder f\u00fcr ideologische Zwecke ausgenutzt wurden. Das Werk z\u00e4hlt wohl bei so Einigen zu den Highlights, wie vielleicht auch &#8222;Shuggie Bain&#8220; von Douglas Stuart, eine traurigere und trostlosere Version und Mischung aus &#8222;Billie Elliott&#8220; oder Frank McCourts &#8222;Die Asche meiner Mutter&#8220;. Fast m\u00f6chte man die Hauptfigur aus den Roman herausziehen, und sie vor allem \u00dcbel der Welt besch\u00fctzen.<\/p>\n\n\n\n<figure class=\"wp-block-gallery has-nested-images columns-default is-cropped wp-block-gallery-8 is-layout-flex wp-block-gallery-is-layout-flex\">\n<figure class=\"wp-block-image size-large\"><img loading=\"lazy\" decoding=\"async\" width=\"471\" height=\"750\" data-id=\"6069\" src=\"https:\/\/findosbuecher.com\/wp-content\/uploads\/2021\/10\/der-todespfleger.jpg\" alt=\"\" class=\"wp-image-6069\" srcset=\"https:\/\/findosbuecher.com\/wp-content\/uploads\/2021\/10\/der-todespfleger.jpg 471w, https:\/\/findosbuecher.com\/wp-content\/uploads\/2021\/10\/der-todespfleger-188x300.jpg 188w, https:\/\/findosbuecher.com\/wp-content\/uploads\/2021\/10\/der-todespfleger-306x487.jpg 306w\" sizes=\"auto, (max-width: 471px) 100vw, 471px\" \/><figcaption class=\"wp-element-caption\">Krogmann\/Seng: Der Todespfleger<\/figcaption><\/figure>\n\n\n\n<figure class=\"wp-block-image size-large\"><img loading=\"lazy\" decoding=\"async\" width=\"450\" height=\"678\" data-id=\"6155\" src=\"https:\/\/findosbuecher.com\/wp-content\/uploads\/2021\/12\/9783423283038.jpg\" alt=\"\" class=\"wp-image-6155\" srcset=\"https:\/\/findosbuecher.com\/wp-content\/uploads\/2021\/12\/9783423283038.jpg 450w, https:\/\/findosbuecher.com\/wp-content\/uploads\/2021\/12\/9783423283038-199x300.jpg 199w, https:\/\/findosbuecher.com\/wp-content\/uploads\/2021\/12\/9783423283038-320x482.jpg 320w\" sizes=\"auto, (max-width: 450px) 100vw, 450px\" \/><figcaption class=\"wp-element-caption\">Deininger\/Ritzer: Die spiele des Jahrhunderts<\/figcaption><\/figure>\n\n\n\n<figure class=\"wp-block-image size-large\"><img loading=\"lazy\" decoding=\"async\" width=\"517\" height=\"800\" data-id=\"6171\" src=\"https:\/\/findosbuecher.com\/wp-content\/uploads\/2021\/12\/csm_9783832183745_3ee6b4041b.jpg\" alt=\"\" class=\"wp-image-6171\" srcset=\"https:\/\/findosbuecher.com\/wp-content\/uploads\/2021\/12\/csm_9783832183745_3ee6b4041b.jpg 517w, https:\/\/findosbuecher.com\/wp-content\/uploads\/2021\/12\/csm_9783832183745_3ee6b4041b-194x300.jpg 194w, https:\/\/findosbuecher.com\/wp-content\/uploads\/2021\/12\/csm_9783832183745_3ee6b4041b-315x487.jpg 315w\" sizes=\"auto, (max-width: 517px) 100vw, 517px\" \/><figcaption class=\"wp-element-caption\">Mieko Kawakami: Heaven<\/figcaption><\/figure>\n<\/figure>\n\n\n\n<p>Last, but not least. Karsten Krogmann und Marco Seng konstruierten in ihrem Sachbuch &#8222;Der Todespfleger&#8220; die Geschichte des Krankenpflegers Niels H\u00f6gel, der zum gr\u00f6\u00dften Serienm\u00f6rder der deutschen Nachkriegsgeschichte avancieren sollte, zeigen die M\u00fchlen der Justiz auf, eben so wie deren Schlagkraft, w\u00e4hrend Roman Deininger und Uwe Ritzer noch einmal Olympia 1972 aufleben lassen, welches so anders werden sollte, als die Spiele der Nazis 1936, und dann doch durch einen Terroranschlag in ihren Grudnfesten ersch\u00fcttert wurden. Nach zwei Sachb\u00fcchern, zu guter Letzt ein wundersch\u00f6ner Roman, &#8222;Heaven&#8220;, von Mieko Kawakami, \u00fcber Mobbing und zarter Freundschaft.<\/p>\n\n\n\n<p>Das waren sie nun, meine zwanzig Highlights des Jahres, die ich um noch weitere Werke h\u00e4tte erg\u00e4nzen k\u00f6nnen, doch lade ich euch nat\u00fcrlich ein, im Rezensionsverzeichnis nach Herzenslust zu st\u00f6bern, nach diesen oder nach anderen Werken, nicht nur Highlights, aber eben auch. Es hat mir wieder gro\u00dfen Spa\u00df gemacht, so vielschichtig, auch f\u00fcr euch, zu lesen und ich freue mich auf das kommende Lesejahr, was hoffentlich genau so abwechslungsreich und spannend werden wird.<\/p>\n\n\n\n<p>Vielleicht ist ja das eine oder andere Werk, auch f\u00fcr euch, dabei?<\/p>\n\n\n\n<p>Bis zum n\u00e4chsten Jahr. Nicht vergessen, wir lesen uns.<\/p>\n\n\n\n<p>Viele Gr\u00fc\u00dfe,<\/p>\n\n\n\n<p>findo.<\/p>\n\n\n\n<div class=\"wp-block-uagb-info-box uagb-block-4fedb741 uagb-infobox__content-wrap  uagb-infobox-icon-above-title uagb-infobox-image-valign-top\"><div class=\"uagb-ifb-content\"><div class=\"uagb-ifb-title-wrap\"><h3 class=\"uagb-ifb-title\">Der virtuelle Spendenhut<\/h3><\/div><p class=\"uagb-ifb-desc\">Dir hat der Beitrag gefallen? Dann freue ich mich \u00fcber eine virtuelle <a href=\"https:\/\/www.paypal.com\/paypalme\/findosbuechercom\/\" target=\"_blank\" rel=\"noreferrer noopener\">Spende<\/a>. Vielen lieben Dank.<\/p><\/div><\/div>\n","protected":false},"excerpt":{"rendered":"<p>Immer wieder stelle ich fest, dass gerade in, sagen wir, fordernden Zeiten, mir B\u00fccher einen besonderen Halt geben. Mit dem Lesen einiger Seiten auf den Weg zur Arbeit oder vor Hochfahren des B\u00fcro-Laptops im Home Office starte ich in den Tag, abends auf den Nachhauseweg in der U-Bahn schaufel ich mir mit B\u00fcchern den Kopf [&hellip;]<\/p>\n","protected":false},"author":1,"featured_media":0,"comment_status":"open","ping_status":"open","sticky":false,"template":"","format":"standard","meta":{"_uag_custom_page_level_css":"","site-sidebar-layout":"default","site-content-layout":"","ast-site-content-layout":"default","site-content-style":"default","site-sidebar-style":"default","ast-global-header-display":"","ast-banner-title-visibility":"","ast-main-header-display":"","ast-hfb-above-header-display":"","ast-hfb-below-header-display":"","ast-hfb-mobile-header-display":"","site-post-title":"","ast-breadcrumbs-content":"","ast-featured-img":"","footer-sml-layout":"","ast-disable-related-posts":"","theme-transparent-header-meta":"","adv-header-id-meta":"","stick-header-meta":"","header-above-stick-meta":"","header-main-stick-meta":"","header-below-stick-meta":"","astra-migrate-meta-layouts":"default","ast-page-background-enabled":"default","ast-page-background-meta":{"desktop":{"background-color":"","background-image":"","background-repeat":"repeat","background-position":"center center","background-size":"auto","background-attachment":"scroll","background-type":"","background-media":"","overlay-type":"","overlay-color":"","overlay-opacity":"","overlay-gradient":""},"tablet":{"background-color":"","background-image":"","background-repeat":"repeat","background-position":"center center","background-size":"auto","background-attachment":"scroll","background-type":"","background-media":"","overlay-type":"","overlay-color":"","overlay-opacity":"","overlay-gradient":""},"mobile":{"background-color":"","background-image":"","background-repeat":"repeat","background-position":"center center","background-size":"auto","background-attachment":"scroll","background-type":"","background-media":"","overlay-type":"","overlay-color":"","overlay-opacity":"","overlay-gradient":""}},"ast-content-background-meta":{"desktop":{"background-color":"var(--ast-global-color-5)","background-image":"","background-repeat":"repeat","background-position":"center center","background-size":"auto","background-attachment":"scroll","background-type":"","background-media":"","overlay-type":"","overlay-color":"","overlay-opacity":"","overlay-gradient":""},"tablet":{"background-color":"var(--ast-global-color-5)","background-image":"","background-repeat":"repeat","background-position":"center center","background-size":"auto","background-attachment":"scroll","background-type":"","background-media":"","overlay-type":"","overlay-color":"","overlay-opacity":"","overlay-gradient":""},"mobile":{"background-color":"var(--ast-global-color-5)","background-image":"","background-repeat":"repeat","background-position":"center center","background-size":"auto","background-attachment":"scroll","background-type":"","background-media":"","overlay-type":"","overlay-color":"","overlay-opacity":"","overlay-gradient":""}},"book_review_cover_url":"","book_review_title":"","book_review_series":"","book_review_author":"","book_review_genre":"","book_review_isbn":"","book_review_publisher":"","book_review_release_date":"","book_review_format":"","book_review_pages":"","book_review_source":"","book_review_rating":"","book_review_summary":"","footnotes":""},"categories":[2709],"tags":[2779,3286,151,25,89,1278,87,2868,3284,2033,3285,1333,257,71,514,620,11,1257,26,44,610,756,108],"class_list":["post-6204","post","type-post","status-publish","format-standard","hentry","category-rueckblick","tag-2779","tag-aufsatz","tag-bericht","tag-biografie","tag-coming-of-age","tag-crime","tag-familie","tag-highlight","tag-highliths","tag-jahr","tag-jahresrueckblick","tag-kunst","tag-literatur","tag-natur","tag-novelle","tag-reisebericht","tag-roman","tag-rueckblick","tag-sachbuch","tag-thriller","tag-true-crime","tag-werk","tag-wissenschaft"],"uagb_featured_image_src":{"full":false,"thumbnail":false,"medium":false,"medium_large":false,"large":false,"wps_thumbnail_size":false,"1536x1536":false,"2048x2048":false,"buchcover":false},"uagb_author_info":{"display_name":"findo","author_link":"https:\/\/findosbuecher.com\/?author=1"},"uagb_comment_info":0,"uagb_excerpt":"Immer wieder stelle ich fest, dass gerade in, sagen wir, fordernden Zeiten, mir B\u00fccher einen besonderen Halt geben. Mit dem Lesen einiger Seiten auf den Weg zur Arbeit oder vor Hochfahren des B\u00fcro-Laptops im Home Office starte ich in den Tag, abends auf den Nachhauseweg in der U-Bahn schaufel ich mir mit B\u00fcchern den Kopf&hellip;","_links":{"self":[{"href":"https:\/\/findosbuecher.com\/index.php?rest_route=\/wp\/v2\/posts\/6204","targetHints":{"allow":["GET"]}}],"collection":[{"href":"https:\/\/findosbuecher.com\/index.php?rest_route=\/wp\/v2\/posts"}],"about":[{"href":"https:\/\/findosbuecher.com\/index.php?rest_route=\/wp\/v2\/types\/post"}],"author":[{"embeddable":true,"href":"https:\/\/findosbuecher.com\/index.php?rest_route=\/wp\/v2\/users\/1"}],"replies":[{"embeddable":true,"href":"https:\/\/findosbuecher.com\/index.php?rest_route=%2Fwp%2Fv2%2Fcomments&post=6204"}],"version-history":[{"count":2,"href":"https:\/\/findosbuecher.com\/index.php?rest_route=\/wp\/v2\/posts\/6204\/revisions"}],"predecessor-version":[{"id":7424,"href":"https:\/\/findosbuecher.com\/index.php?rest_route=\/wp\/v2\/posts\/6204\/revisions\/7424"}],"wp:attachment":[{"href":"https:\/\/findosbuecher.com\/index.php?rest_route=%2Fwp%2Fv2%2Fmedia&parent=6204"}],"wp:term":[{"taxonomy":"category","embeddable":true,"href":"https:\/\/findosbuecher.com\/index.php?rest_route=%2Fwp%2Fv2%2Fcategories&post=6204"},{"taxonomy":"post_tag","embeddable":true,"href":"https:\/\/findosbuecher.com\/index.php?rest_route=%2Fwp%2Fv2%2Ftags&post=6204"}],"curies":[{"name":"wp","href":"https:\/\/api.w.org\/{rel}","templated":true}]}}