{"id":6178,"date":"2021-12-15T08:23:13","date_gmt":"2021-12-15T08:23:13","guid":{"rendered":"https:\/\/findosbuecher.com\/?p=6178"},"modified":"2021-12-15T08:23:21","modified_gmt":"2021-12-15T08:23:21","slug":"vanessa-nakate-unser-haus-steht-laengst-in-flammen","status":"publish","type":"post","link":"https:\/\/findosbuecher.com\/?p=6178","title":{"rendered":"Vanessa Nakate: Unser Haus steht l\u00e4ngst in Flammen"},"content":{"rendered":"\n<div itemscope itemtype=\"https:\/\/schema.org\/Book\" class=\"wp-block-book-review-block-book-review book-review-block\">\n<div class=\"wp-block-image\"><figure class=\"aligncenter size-large\"><img loading=\"lazy\" decoding=\"async\" width=\"658\" height=\"1024\" itemprop=\"image\" src=\"https:\/\/findosbuecher.com\/wp-content\/uploads\/2021\/12\/9783499007637-658x1024.jpg\" alt=\"\" class=\"wp-image-6179\" srcset=\"https:\/\/findosbuecher.com\/wp-content\/uploads\/2021\/12\/9783499007637-658x1024.jpg 658w, https:\/\/findosbuecher.com\/wp-content\/uploads\/2021\/12\/9783499007637-193x300.jpg 193w, https:\/\/findosbuecher.com\/wp-content\/uploads\/2021\/12\/9783499007637-768x1195.jpg 768w, https:\/\/findosbuecher.com\/wp-content\/uploads\/2021\/12\/9783499007637-987x1536.jpg 987w, https:\/\/findosbuecher.com\/wp-content\/uploads\/2021\/12\/9783499007637-1317x2048.jpg 1317w, https:\/\/findosbuecher.com\/wp-content\/uploads\/2021\/12\/9783499007637-313x487.jpg 313w, https:\/\/findosbuecher.com\/wp-content\/uploads\/2021\/12\/9783499007637.jpg 1600w\" sizes=\"auto, (max-width: 658px) 100vw, 658px\" \/><\/figure><\/div>\n\n\n\n<div class=\"wp-block-book-review-block-metadata book-review-block__meta\"><div class=\"book-review-block__meta-item book-review-block__meta-item-title\"><div itemprop=\"name\" class=\"book-review-block__meta-item-value\">Unser Haus steht l\u00e4ngst in Flammen<\/div><\/div><div class=\"book-review-block__meta-item book-review-block__meta-item-series\"><div class=\"book-review-block__meta-item-value\">Vanessa Nakate<\/div><\/div><div itemscope itemtype=\"https:\/\/schema.org\/Person\" itemprop=\"author\" class=\"book-review-block__meta-item book-review-block__meta-item-author\"><div itemprop=\"name\" class=\"book-review-block__meta-item-value\">Rezensionsexemplar\/Sachbuch<\/div><\/div><div class=\"book-review-block__meta-item book-review-block__meta-item-genre\"><div itemprop=\"genre\" class=\"book-review-block__meta-item-value\">Rowohlt Polaris<\/div><\/div><div itemscope itemtype=\"https:\/\/schema.org\/Organization\" itemprop=\"publisher\" class=\"book-review-block__meta-item book-review-block__meta-item-publisher\"><div itemprop=\"name\" class=\"book-review-block__meta-item-value\">Erschienen am: 28.10.2021<\/div><\/div><div class=\"book-review-block__meta-item book-review-block__meta-item-release-date\"><div itemprop=\"datePublished\" class=\"book-review-block__meta-item-value\">Taschenbuch<\/div><\/div><div class=\"book-review-block__meta-item book-review-block__meta-item-format\"><div class=\"book-review-block__meta-item-value\">Seiten: 238<\/div><\/div><div class=\"book-review-block__meta-item book-review-block__meta-item-pages\"><div itemprop=\"numberOfPages\" class=\"book-review-block__meta-item-value\">ISBN: <a href=\"https:\/\/www.rowohlt.de\/buch\/vanessa-nakate-unser-haus-steht-laengst-in-flammen-9783499007637\">978-3-499-00763-7<\/a><\/div><\/div><div class=\"book-review-block__meta-item book-review-block__meta-item-source\"><div class=\"book-review-block__meta-item-value\">\u00dcbersetzung: Sabine L\u00e4ngsfeld<\/div><\/div><\/div>\n\n\n\n<div itemscope itemtype=\"https:\/\/schema.org\/Review\" itemprop=\"review\" class=\"wp-block-book-review-block-rating\"><span itemscope itemtype=\"https:\/\/schema.org\/Person\" itemprop=\"author\"><meta itemprop=\"name\" content=\"findo\"\/><\/span><div itemscope itemtype=\"https:\/\/schema.org\/Rating\" itemprop=\"reviewRating\" class=\"book-review-block__rating book-review-block__review-rating\"><meta itemprop=\"ratingValue\" content=\"3.5\"\/><div class=\"book-review-block__rating-buttons\"><span class=\"book-review-block__rating-button\" role=\"button\" tabindex=\"0\"><span><svg xmlns=\"https:\/\/www.w3.org\/2000\/svg\" width=\"24\" height=\"24\" viewbox=\"0 0 24 24\"><path fill=\"#eba845\" stroke=\"#eba845\" d=\"M12,17.3l6.2,3.7l-1.6-7L22,9.2l-7.2-0.6L12,2L9.2,8.6L2,9.2L7.5,14l-1.6,7L12,17.3z\"><\/path><\/svg><\/span><span><svg xmlns=\"https:\/\/www.w3.org\/2000\/svg\" width=\"24\" height=\"24\" viewbox=\"0 0 24 24\"><path fill=\"#eba845\" stroke=\"#eba845\" d=\"M12,17.3l6.2,3.7l-1.6-7L22,9.2l-7.2-0.6L12,2L9.2,8.6L2,9.2L7.5,14l-1.6,7L12,17.3z\"><\/path><\/svg><\/span><\/span><span class=\"book-review-block__rating-button\" role=\"button\" tabindex=\"0\"><span><svg xmlns=\"https:\/\/www.w3.org\/2000\/svg\" width=\"24\" height=\"24\" viewbox=\"0 0 24 24\"><path fill=\"#eba845\" stroke=\"#eba845\" d=\"M12,17.3l6.2,3.7l-1.6-7L22,9.2l-7.2-0.6L12,2L9.2,8.6L2,9.2L7.5,14l-1.6,7L12,17.3z\"><\/path><\/svg><\/span><span><svg xmlns=\"https:\/\/www.w3.org\/2000\/svg\" width=\"24\" height=\"24\" viewbox=\"0 0 24 24\"><path fill=\"#eba845\" stroke=\"#eba845\" d=\"M12,17.3l6.2,3.7l-1.6-7L22,9.2l-7.2-0.6L12,2L9.2,8.6L2,9.2L7.5,14l-1.6,7L12,17.3z\"><\/path><\/svg><\/span><\/span><span class=\"book-review-block__rating-button\" role=\"button\" tabindex=\"0\"><span><svg xmlns=\"https:\/\/www.w3.org\/2000\/svg\" width=\"24\" height=\"24\" viewbox=\"0 0 24 24\"><path fill=\"#eba845\" stroke=\"#eba845\" d=\"M12,17.3l6.2,3.7l-1.6-7L22,9.2l-7.2-0.6L12,2L9.2,8.6L2,9.2L7.5,14l-1.6,7L12,17.3z\"><\/path><\/svg><\/span><span><svg xmlns=\"https:\/\/www.w3.org\/2000\/svg\" width=\"24\" height=\"24\" viewbox=\"0 0 24 24\"><path fill=\"#eba845\" stroke=\"#eba845\" d=\"M12,17.3l6.2,3.7l-1.6-7L22,9.2l-7.2-0.6L12,2L9.2,8.6L2,9.2L7.5,14l-1.6,7L12,17.3z\"><\/path><\/svg><\/span><\/span><span class=\"book-review-block__rating-button\" role=\"button\" tabindex=\"0\"><span><svg xmlns=\"https:\/\/www.w3.org\/2000\/svg\" width=\"24\" height=\"24\" viewbox=\"0 0 24 24\"><path fill=\"#eba845\" stroke=\"#eba845\" d=\"M12,17.3l6.2,3.7l-1.6-7L22,9.2l-7.2-0.6L12,2L9.2,8.6L2,9.2L7.5,14l-1.6,7L12,17.3z\"><\/path><\/svg><\/span><span><svg xmlns=\"https:\/\/www.w3.org\/2000\/svg\" width=\"24\" height=\"24\" viewbox=\"0 0 24 24\"><path class=\"is-rating-unfilled\" fill=\"#eba845\" stroke=\"#eba845\" d=\"M12,17.3l6.2,3.7l-1.6-7L22,9.2l-7.2-0.6L12,2L9.2,8.6L2,9.2L7.5,14l-1.6,7L12,17.3z\"><\/path><\/svg><\/span><\/span><span class=\"book-review-block__rating-button\" role=\"button\" tabindex=\"0\"><span><svg xmlns=\"https:\/\/www.w3.org\/2000\/svg\" width=\"24\" height=\"24\" viewbox=\"0 0 24 24\"><path class=\"is-rating-unfilled\" fill=\"#eba845\" stroke=\"#eba845\" d=\"M12,17.3l6.2,3.7l-1.6-7L22,9.2l-7.2-0.6L12,2L9.2,8.6L2,9.2L7.5,14l-1.6,7L12,17.3z\"><\/path><\/svg><\/span><span><svg xmlns=\"https:\/\/www.w3.org\/2000\/svg\" width=\"24\" height=\"24\" viewbox=\"0 0 24 24\"><path class=\"is-rating-unfilled\" fill=\"#eba845\" stroke=\"#eba845\" d=\"M12,17.3l6.2,3.7l-1.6-7L22,9.2l-7.2-0.6L12,2L9.2,8.6L2,9.2L7.5,14l-1.6,7L12,17.3z\"><\/path><\/svg><\/span><\/span><\/div><\/div><\/div>\n\n\n\n<div class=\"wp-block-book-review-block-description book-review-block__description\"><p><\/p><\/div>\n<\/div>\n\n\n\n<p><strong>Inhalt:<\/strong><\/p>\n\n\n\n<p>Vanessa Nakate w\u00e4chst in Uganda auf und erlebt, wie es Jahr f\u00fcr Jahr hei\u00dfer wird, die Ernten immer kleiner werden, Armut und Hunger zunehmen. Als sie sich 2019 mit dem Klimawandel auseinandersetzt, wird ihr klar: Wenn sie nicht handelt, wer dann?<\/p>\n\n\n\n<p>Doch w\u00e4hrend die Schulstreiks von Fridays for Future in Europa einem farbenfrohen Happening gleichkommen, droht Streikenden in Uganda Gef\u00e4ngnisstrafe. Vanessa schweigt nicht! Entgegen aller Widerst\u00e4nde nimmt sie den Kampf gegen die Klimaerhitzung auf.<\/p>\n\n\n\n<p>(Inhaltsangabe Kurzform)<\/p>\n\n\n\n<p><strong>Rezension:<\/strong><\/p>\n\n\n\n<p>Als Vanessa Nakate die Berichte \u00fcber die Klima-Proteste vor dem Weltwirtschaftsforum in Davos 2020 zu Gesicht bekommt, traut sie ihren Augen kaum. Neben all den Aktivist*innen, die sich mit ihr f\u00fcr Klimagerechtigkeit und -schutz einsetzen, h\u00e4tte sie auf den Bildern einer gro\u00dfen weltweit t\u00e4tigen Presseagentur zu sehen sein m\u00fcssen, doch wurde sie aus dem Bild getilgt, eine Praxis, wie man sie nur mehr von Diktaturen kennt. Wieder einmal ist Afrikas Stimme unter den Klimaprotesten damit unh\u00f6r- und unsichtbar gemacht wurden.<\/p>\n\n\n\n<p>Ein Jahr zuvor hat die Uganderin zum ersten Mal von den Protesten in der westlichen Welt erfahren, um sich daraufhin selbst \u00fcber den Klimawandel zu informieren, und im Rahmen ihrer M\u00f6glichkeiten, in ihrer Heimat sich f\u00fcr den Klimaschutz einzusetzen und die Menschen darauf aufmerksam zu machen. In Uganda ist dies mit vielen H\u00fcrden verbunden. Die Meinungsfreiheit ist eingeschr\u00e4nkt, Proteste nur bedingt m\u00f6glich und der Willk\u00fcr des Regimes ausgeliefert. Die traditionelle Rolle, die Frauen zugestanden wird, lassen kaum Entfaltungsm\u00f6glichkeiten zu. Dennoch wagt es die Autorin, zun\u00e4chst nur mit Unterst\u00fctzung einiger Familienmitglieder, auch in Uganda auf den Klimawandel aufmerksam zu machen und ahnt dabei nicht, welche Steine sie ins Rollen bringt.<\/p>\n\n\n\n<p>Inzwischen gibt es ganze B\u00fccher und reihen \u00fcber den Klimawandel und Portr\u00e4ts der bekanntesten Gesichter der Klimabewegung, was ungemein wichtig ist und den Regierungen allerorts immer wieder ins Ged\u00e4chtnis gerufen werden muss. Doch Stimmen aus anderen als den westlichen regionen der Erde, sind kaum h\u00f6rbar. Woran liegt das?<\/p>\n\n\n\n<p>Die Autorin berichtet von ihrem eigenen Weg hin zu den Protesten selbst, \u00fcber die Situation der Menschen in ihrem Land und die Auswirkungen, die der Klimawandel schon jetzt in Uganda hat. Nakate ist dabei durchaus kritisch mit sich selbst, stellt jedoch auch dar, was selbst vermeindlich kleine Schritte bewegen k\u00f6nnen und wie vielgestaltig Aktivismus eben auch sein kann, in Gegenden, in denen man vorsichtig mit der eigenen Meinung hausieren gehen muss.<\/p>\n\n\n\n<p>Nun in Buchform ist diese Stimme sichtbar und damit im Fokus der westlichen Welt, , was sich manchmal spannend wie ein Krimi liest, jedoch immer wieder vor Augen f\u00fchrt, dass es eben auch in Afrika Menschen gibt, die sich f\u00fcr den Klimawandel interessieren und dagegen k\u00e4mpfen wollen, dass dies jedoch teilweise anders aussehen muss, als wir dies zuweilen auf den Schirm haben, jedoch nicht aus unserem Blickfeld geraten darf.<\/p>\n\n\n\n<p>So ist dieses Werk teils Biografie, Handreichung daf\u00fcr, wie man selbst sich f\u00fcr Klima- und Umweltschutz einsetzen kann, egal, wie vermeintlich klein Mittel und Wege sind, aber auch Bericht der Entwicklung einer jungen Frau, die man f\u00fcr ihren Mut und Zielstrebigkeit nur bewundern kann. An mancher Stelle rutscht dies sehr ins Emotionale ab, was vielleicht nicht falsch ist, mich aber aus dem Lesefluss herausgebracht hat. Ich h\u00e4tte mir zudem noch eine ausf\u00fchrlichere Erl\u00e4uterung von Beispielen des Einsetzens von Klimaaktivist*innen in Afrika gew\u00fcnscht, als sie die Autorin in ihrem Buch ausf\u00fchrt.<\/p>\n\n\n\n<p>Dennoch ist es gut und richtig, jetzt auch diese Perspektive f\u00fcr alle sichtbar zu haben.<\/p>\n\n\n\n<p><strong>Autorin:<\/strong><\/p>\n\n\n\n<p>Vanessa Nakate wurde 1996 in Uganda geboren und ist eine ugandische Klimaschutzaktivistin, die sich u. a. f\u00fcr Fridays for Future engagiert. Sie wuchs in der ugandischen Hauptstadt Kampala auf und studierte Betriebswirtschaftslehre an der Makerere-Universit\u00e4t, seit 2019 setzt sie sich f\u00fcr Klimaschutz ein und nahm an mehreren Aktionen der Klimaschutzbewegung teil, zudem initierte sie eigene Projekte, wie dem Ausstatten von Schulen in Uganda mit Solarzellen, sie h\u00e4lt zudem Vortr\u00e4ge und hilft anderen sich f\u00fcr den Klimaschutz vernetzen.<\/p>\n","protected":false},"excerpt":{"rendered":"<p>Inhalt: Vanessa Nakate w\u00e4chst in Uganda auf und erlebt, wie es Jahr f\u00fcr Jahr hei\u00dfer wird, die Ernten immer kleiner werden, Armut und Hunger zunehmen. Als sie sich 2019 mit dem Klimawandel auseinandersetzt, wird ihr klar: Wenn sie nicht handelt, wer dann? Doch w\u00e4hrend die Schulstreiks von Fridays for Future in Europa einem farbenfrohen Happening [&hellip;]<\/p>\n","protected":false},"author":1,"featured_media":0,"comment_status":"open","ping_status":"open","sticky":false,"template":"","format":"standard","meta":{"_uag_custom_page_level_css":"","site-sidebar-layout":"default","site-content-layout":"","ast-site-content-layout":"default","site-content-style":"default","site-sidebar-style":"default","ast-global-header-display":"","ast-banner-title-visibility":"","ast-main-header-display":"","ast-hfb-above-header-display":"","ast-hfb-below-header-display":"","ast-hfb-mobile-header-display":"","site-post-title":"","ast-breadcrumbs-content":"","ast-featured-img":"","footer-sml-layout":"","ast-disable-related-posts":"","theme-transparent-header-meta":"","adv-header-id-meta":"","stick-header-meta":"","header-above-stick-meta":"","header-main-stick-meta":"","header-below-stick-meta":"","astra-migrate-meta-layouts":"default","ast-page-background-enabled":"default","ast-page-background-meta":{"desktop":{"background-color":"","background-image":"","background-repeat":"repeat","background-position":"center center","background-size":"auto","background-attachment":"scroll","background-type":"","background-media":"","overlay-type":"","overlay-color":"","overlay-opacity":"","overlay-gradient":""},"tablet":{"background-color":"","background-image":"","background-repeat":"repeat","background-position":"center center","background-size":"auto","background-attachment":"scroll","background-type":"","background-media":"","overlay-type":"","overlay-color":"","overlay-opacity":"","overlay-gradient":""},"mobile":{"background-color":"","background-image":"","background-repeat":"repeat","background-position":"center center","background-size":"auto","background-attachment":"scroll","background-type":"","background-media":"","overlay-type":"","overlay-color":"","overlay-opacity":"","overlay-gradient":""}},"ast-content-background-meta":{"desktop":{"background-color":"var(--ast-global-color-5)","background-image":"","background-repeat":"repeat","background-position":"center center","background-size":"auto","background-attachment":"scroll","background-type":"","background-media":"","overlay-type":"","overlay-color":"","overlay-opacity":"","overlay-gradient":""},"tablet":{"background-color":"var(--ast-global-color-5)","background-image":"","background-repeat":"repeat","background-position":"center center","background-size":"auto","background-attachment":"scroll","background-type":"","background-media":"","overlay-type":"","overlay-color":"","overlay-opacity":"","overlay-gradient":""},"mobile":{"background-color":"var(--ast-global-color-5)","background-image":"","background-repeat":"repeat","background-position":"center center","background-size":"auto","background-attachment":"scroll","background-type":"","background-media":"","overlay-type":"","overlay-color":"","overlay-opacity":"","overlay-gradient":""}},"book_review_cover_url":"","book_review_title":"","book_review_series":"","book_review_author":"","book_review_genre":"","book_review_isbn":"","book_review_publisher":"","book_review_release_date":"","book_review_format":"","book_review_pages":"","book_review_source":"","book_review_rating":"","book_review_summary":"","footnotes":""},"categories":[4],"tags":[3262,708,505,80,16,417,2944,301,3263,1296,1226,3261,72,70],"class_list":["post-6178","post","type-post","status-publish","format-standard","hentry","category-rezension","tag-aktivismus","tag-einsatz","tag-europa","tag-geografie","tag-gesellschaft","tag-klima","tag-klimawandel","tag-leben","tag-nakate","tag-protest","tag-rowohlt","tag-uganda","tag-umwelt","tag-umweltschutz"],"uagb_featured_image_src":{"full":false,"thumbnail":false,"medium":false,"medium_large":false,"large":false,"wps_thumbnail_size":false,"1536x1536":false,"2048x2048":false,"buchcover":false},"uagb_author_info":{"display_name":"findo","author_link":"https:\/\/findosbuecher.com\/?author=1"},"uagb_comment_info":0,"uagb_excerpt":"Inhalt: Vanessa Nakate w\u00e4chst in Uganda auf und erlebt, wie es Jahr f\u00fcr Jahr hei\u00dfer wird, die Ernten immer kleiner werden, Armut und Hunger zunehmen. Als sie sich 2019 mit dem Klimawandel auseinandersetzt, wird ihr klar: Wenn sie nicht handelt, wer dann? Doch w\u00e4hrend die Schulstreiks von Fridays for Future in Europa einem farbenfrohen Happening&hellip;","_links":{"self":[{"href":"https:\/\/findosbuecher.com\/index.php?rest_route=\/wp\/v2\/posts\/6178","targetHints":{"allow":["GET"]}}],"collection":[{"href":"https:\/\/findosbuecher.com\/index.php?rest_route=\/wp\/v2\/posts"}],"about":[{"href":"https:\/\/findosbuecher.com\/index.php?rest_route=\/wp\/v2\/types\/post"}],"author":[{"embeddable":true,"href":"https:\/\/findosbuecher.com\/index.php?rest_route=\/wp\/v2\/users\/1"}],"replies":[{"embeddable":true,"href":"https:\/\/findosbuecher.com\/index.php?rest_route=%2Fwp%2Fv2%2Fcomments&post=6178"}],"version-history":[{"count":1,"href":"https:\/\/findosbuecher.com\/index.php?rest_route=\/wp\/v2\/posts\/6178\/revisions"}],"predecessor-version":[{"id":6180,"href":"https:\/\/findosbuecher.com\/index.php?rest_route=\/wp\/v2\/posts\/6178\/revisions\/6180"}],"wp:attachment":[{"href":"https:\/\/findosbuecher.com\/index.php?rest_route=%2Fwp%2Fv2%2Fmedia&parent=6178"}],"wp:term":[{"taxonomy":"category","embeddable":true,"href":"https:\/\/findosbuecher.com\/index.php?rest_route=%2Fwp%2Fv2%2Fcategories&post=6178"},{"taxonomy":"post_tag","embeddable":true,"href":"https:\/\/findosbuecher.com\/index.php?rest_route=%2Fwp%2Fv2%2Ftags&post=6178"}],"curies":[{"name":"wp","href":"https:\/\/api.w.org\/{rel}","templated":true}]}}