{"id":613,"date":"2016-12-19T03:57:19","date_gmt":"2016-12-19T03:57:19","guid":{"rendered":"http:\/\/findosbuecher.com\/?p=613"},"modified":"2019-06-09T18:06:20","modified_gmt":"2019-06-09T18:06:20","slug":"federico-axat-die-verwandlung-des-schmetterlings","status":"publish","type":"post","link":"https:\/\/findosbuecher.com\/?p=613","title":{"rendered":"Federico Axat: Die Verwandlung des Schmetterlings"},"content":{"rendered":"","protected":false},"excerpt":{"rendered":"","protected":false},"author":1,"featured_media":614,"comment_status":"open","ping_status":"open","sticky":false,"template":"","format":"image","meta":{"_uag_custom_page_level_css":"","site-sidebar-layout":"default","site-content-layout":"","ast-site-content-layout":"default","site-content-style":"default","site-sidebar-style":"default","ast-global-header-display":"","ast-banner-title-visibility":"","ast-main-header-display":"","ast-hfb-above-header-display":"","ast-hfb-below-header-display":"","ast-hfb-mobile-header-display":"","site-post-title":"","ast-breadcrumbs-content":"","ast-featured-img":"","footer-sml-layout":"","ast-disable-related-posts":"","theme-transparent-header-meta":"","adv-header-id-meta":"","stick-header-meta":"","header-above-stick-meta":"","header-main-stick-meta":"","header-below-stick-meta":"","astra-migrate-meta-layouts":"default","ast-page-background-enabled":"default","ast-page-background-meta":{"desktop":{"background-color":"","background-image":"","background-repeat":"repeat","background-position":"center center","background-size":"auto","background-attachment":"scroll","background-type":"","background-media":"","overlay-type":"","overlay-color":"","overlay-opacity":"","overlay-gradient":""},"tablet":{"background-color":"","background-image":"","background-repeat":"repeat","background-position":"center center","background-size":"auto","background-attachment":"scroll","background-type":"","background-media":"","overlay-type":"","overlay-color":"","overlay-opacity":"","overlay-gradient":""},"mobile":{"background-color":"","background-image":"","background-repeat":"repeat","background-position":"center center","background-size":"auto","background-attachment":"scroll","background-type":"","background-media":"","overlay-type":"","overlay-color":"","overlay-opacity":"","overlay-gradient":""}},"ast-content-background-meta":{"desktop":{"background-color":"var(--ast-global-color-5)","background-image":"","background-repeat":"repeat","background-position":"center center","background-size":"auto","background-attachment":"scroll","background-type":"","background-media":"","overlay-type":"","overlay-color":"","overlay-opacity":"","overlay-gradient":""},"tablet":{"background-color":"var(--ast-global-color-5)","background-image":"","background-repeat":"repeat","background-position":"center center","background-size":"auto","background-attachment":"scroll","background-type":"","background-media":"","overlay-type":"","overlay-color":"","overlay-opacity":"","overlay-gradient":""},"mobile":{"background-color":"var(--ast-global-color-5)","background-image":"","background-repeat":"repeat","background-position":"center center","background-size":"auto","background-attachment":"scroll","background-type":"","background-media":"","overlay-type":"","overlay-color":"","overlay-opacity":"","overlay-gradient":""}},"book_review_cover_url":"http:\/\/findosbuecher.com\/wp-content\/uploads\/2016\/12\/8403f245ff.jpg","book_review_title":"Die Verwandlung des Schmetterlings","book_review_series":"Federico Axat","book_review_author":"\u00dcbersetzerin: Karolin Viseneber","book_review_genre":"Rezensionsexemplar\/Roman","book_review_isbn":"","book_review_publisher":"Verlag LangenM\u00fcller","book_review_release_date":"Erschienen am: 20.06.2016","book_review_format":"Hardcover","book_review_pages":"Seiten: 480","book_review_source":"ISBN: <a href=\"https:\/\/www.herbig.net\/seiten\/produktdetails-buch\/product\/12\/Die%20Verwandlung%20des%20Schmetterlings\/\">978-3-7844-3399-8<\/a>","book_review_rating":"3","book_review_summary":"<p><strong>Handlung:<\/strong><br>Sam und Billy freune sich auf den langen Sommer: Der Bau ihres Baumhauses und ausgedehnte Fahrradtouren stehen auf den Plan. Doch pl\u00f6tzlich zieht ein neues M\u00e4dchen in die Nachbarschaft und mischt ihre Freundschaft geh\u00f6rig auf - aus dem Duo wird ein Trio.<br> <br>Gemeinsam wollen sie nicht nur die Ferien genie\u00dfen, sondern auch Abenteuer erleben und ein gro\u00dfes Geheimnis aufdecken: Was geschah vor \u00fcber zehn Jahren, als Sams Mutter nach einem Autounfall spurlos verschwand? F\u00fcr Sam, Miranda und Billy ist es der Sommer ihres Lebens und das Ende ihrer Kindheit. (Klappentext) <\/p><p><strong>Rezension:<\/strong><br>Geschichten \u00fcber die Sommer einer Kindheit funktionieren, da sie immer nachvollzieh- und greifbar sind. Jeder erinnert sich an bestimmte Zeiten gern oder zumindest klar und deutlich zur\u00fcck, besonders wenn diese voller scheinbarer Abenteuer und interessanten Entdeckungen, spannenden Ereignissen verbunden sind.<\/p><p>Und gerade Sam ist es, der jedes Jahr in das Dorf zur\u00fcckkehrt, in dem er aufgewachsen ist uind gedanklich diese Zeit durchlebt. Gedanklich geht der Leser mit dem zw\u00f6lfj\u00e4hrigen Ich des Protagonisten auf diese Reise und erlebt dieses Spannende, Unerkl\u00e4rliche, Faszinierende und Gef\u00e4hrliche. Danach ist f\u00fcr Sam nichts mehr wie zuvor.<\/p><p>Federico Axat zeichnet eine zu Beginn sehr spannende Geschichte mit bekannten Elementen, die auch schon bei Filmen wie \"Stand by me\" zum Erfolg f\u00fchrten. Alleine, es passiert nicht viel, muss es auch nicht. Der Stein der Handlung kommt trotzdem schnell ins Rollen.<\/p><p>Auch an die Zeitspr\u00fcnge gew\u00f6hnt man sich nach einigen Hin und Her, vorausgesetzt nat\u00fcrlich einer gewissen Konzentration. Die ben\u00f6tigt der Leser auch.<\/p><p>Zu sprunghaft agieren die Protagonisten, die sich charakterlich klar in Schwarz und Weiss einteilen lassen, soweit man das von Kindern schon behaupten kann und damit auch klar als Sympathietr\u00e4ger wirken oder eben auch nicht.<br>Doch, der Leser stolpert immer wieder und kann sich nur schwer daran festhalten. Zu stark die Schnitte, die Wechsel zwischen den Abschnitten und Kapiteln, von Logikfehlern einmal ganz abgesehen.<\/p><p>Dennoch f\u00e4llt dieses Buch keineswegs in die Abgr\u00fcnde der nicht lesenswerten B\u00fccher, da es der Autor immer wieder schafft, spannungsgeladene Elemente aus der Sicht sams immer dann einzusetzen, wenn beim Leser die Stimmung zu kippen droht.<\/p><p>Besonders im letzten Drittel klappt das ganz gut, wobei man sich unwillk\u00fcrlich fragt, wie sich der Roman wohl im Original lesen l\u00e4sst? Wie viel Schuld tr\u00e4gt die \u00dcbersetzung an die Mittelm\u00e4\u00dfigkeit des Buches oder kaschiert sie vielleicht auch noch schlimmeres?<\/p><p>Fragen, die einem Sprachunkundigen bleiben werden<\/p><p>Trotzdem hat die Geschichte es geschafft, mich bei Stange zu halten und Sams Abenteuer bis zum Ende zu verfolgen. Kein gro\u00dfer literarischer Wurf, wie schon geschrieben aber als Kindheitserinnerungsgverarbeitungsgeschichte (Was f\u00fcr ein Wort? Wie viele Punkte gibt das bei Scrabble?) taugt es allemal, was aber am Aufbau und der Thematik allgemein liegt. Wem das aber nicht ausreichend ist, wird wohl entt\u00e4uscht werden. <\/p><p><strong>Autor:<\/strong><br>Federico Axat wurde 1975 in Buenos Aires geboren. Seine B\u00fccher wurden in mehr als 20 Sprachen \u00fcbersetzt. \"Die Verwandlung des Schmetterlings\" ist sein erstes Werk, das in Deutschland erscheint. Seine Romane spielen vor allem in den USA, die f\u00fcr einige Jahre seine Wahlheimat waren. Heute lebt er wieder in Argentinien. <\/p>","footnotes":""},"categories":[4],"tags":[114,177,187,11,409,324],"class_list":["post-613","post","type-post","status-publish","format-image","has-post-thumbnail","hentry","category-rezension","tag-abenteuer","tag-heimkinder","tag-jugend","tag-roman","tag-stand-by-me","tag-usa","post_format-post-format-image"],"uagb_featured_image_src":{"full":["https:\/\/findosbuecher.com\/wp-content\/uploads\/2016\/12\/8403f245ff.jpg",299,487,false],"thumbnail":["https:\/\/findosbuecher.com\/wp-content\/uploads\/2016\/12\/8403f245ff-150x150.jpg",150,150,true],"medium":["https:\/\/findosbuecher.com\/wp-content\/uploads\/2016\/12\/8403f245ff-184x300.jpg",184,300,true],"medium_large":["https:\/\/findosbuecher.com\/wp-content\/uploads\/2016\/12\/8403f245ff.jpg",299,487,false],"large":["https:\/\/findosbuecher.com\/wp-content\/uploads\/2016\/12\/8403f245ff.jpg",299,487,false],"wps_thumbnail_size":["https:\/\/findosbuecher.com\/wp-content\/uploads\/2016\/12\/8403f245ff.jpg",153,250,false],"1536x1536":["https:\/\/findosbuecher.com\/wp-content\/uploads\/2016\/12\/8403f245ff.jpg",299,487,false],"2048x2048":["https:\/\/findosbuecher.com\/wp-content\/uploads\/2016\/12\/8403f245ff.jpg",299,487,false],"buchcover":["https:\/\/findosbuecher.com\/wp-content\/uploads\/2016\/12\/8403f245ff.jpg",299,487,false]},"uagb_author_info":{"display_name":"findo","author_link":"https:\/\/findosbuecher.com\/?author=1"},"uagb_comment_info":0,"uagb_excerpt":null,"_links":{"self":[{"href":"https:\/\/findosbuecher.com\/index.php?rest_route=\/wp\/v2\/posts\/613","targetHints":{"allow":["GET"]}}],"collection":[{"href":"https:\/\/findosbuecher.com\/index.php?rest_route=\/wp\/v2\/posts"}],"about":[{"href":"https:\/\/findosbuecher.com\/index.php?rest_route=\/wp\/v2\/types\/post"}],"author":[{"embeddable":true,"href":"https:\/\/findosbuecher.com\/index.php?rest_route=\/wp\/v2\/users\/1"}],"replies":[{"embeddable":true,"href":"https:\/\/findosbuecher.com\/index.php?rest_route=%2Fwp%2Fv2%2Fcomments&post=613"}],"version-history":[{"count":2,"href":"https:\/\/findosbuecher.com\/index.php?rest_route=\/wp\/v2\/posts\/613\/revisions"}],"predecessor-version":[{"id":3320,"href":"https:\/\/findosbuecher.com\/index.php?rest_route=\/wp\/v2\/posts\/613\/revisions\/3320"}],"wp:featuredmedia":[{"embeddable":true,"href":"https:\/\/findosbuecher.com\/index.php?rest_route=\/wp\/v2\/media\/614"}],"wp:attachment":[{"href":"https:\/\/findosbuecher.com\/index.php?rest_route=%2Fwp%2Fv2%2Fmedia&parent=613"}],"wp:term":[{"taxonomy":"category","embeddable":true,"href":"https:\/\/findosbuecher.com\/index.php?rest_route=%2Fwp%2Fv2%2Fcategories&post=613"},{"taxonomy":"post_tag","embeddable":true,"href":"https:\/\/findosbuecher.com\/index.php?rest_route=%2Fwp%2Fv2%2Ftags&post=613"}],"curies":[{"name":"wp","href":"https:\/\/api.w.org\/{rel}","templated":true}]}}