{"id":6025,"date":"2021-09-19T15:18:20","date_gmt":"2021-09-19T15:18:20","guid":{"rendered":"https:\/\/findosbuecher.com\/?p=6025"},"modified":"2021-09-19T15:18:26","modified_gmt":"2021-09-19T15:18:26","slug":"xose-neira-vilas-tagebuch-einer-kindheit-in-galicien","status":"publish","type":"post","link":"https:\/\/findosbuecher.com\/?p=6025","title":{"rendered":"Xose Neira Vilas: Tagebuch einer Kindheit in Galicien"},"content":{"rendered":"\n<div itemscope itemtype=\"https:\/\/schema.org\/Book\" class=\"wp-block-book-review-block-book-review book-review-block\">\n<div class=\"wp-block-image\"><figure class=\"aligncenter size-large\"><img loading=\"lazy\" decoding=\"async\" width=\"700\" height=\"1024\" itemprop=\"image\" src=\"https:\/\/findosbuecher.com\/wp-content\/uploads\/2021\/09\/9783945424698_front-700x1024.jpg\" alt=\"\" class=\"wp-image-6026\" srcset=\"https:\/\/findosbuecher.com\/wp-content\/uploads\/2021\/09\/9783945424698_front-700x1024.jpg 700w, https:\/\/findosbuecher.com\/wp-content\/uploads\/2021\/09\/9783945424698_front-205x300.jpg 205w, https:\/\/findosbuecher.com\/wp-content\/uploads\/2021\/09\/9783945424698_front-768x1123.jpg 768w, https:\/\/findosbuecher.com\/wp-content\/uploads\/2021\/09\/9783945424698_front-1051x1536.jpg 1051w, https:\/\/findosbuecher.com\/wp-content\/uploads\/2021\/09\/9783945424698_front-1401x2048.jpg 1401w, https:\/\/findosbuecher.com\/wp-content\/uploads\/2021\/09\/9783945424698_front-320x468.jpg 320w, https:\/\/findosbuecher.com\/wp-content\/uploads\/2021\/09\/9783945424698_front.jpg 1535w\" sizes=\"auto, (max-width: 700px) 100vw, 700px\" \/><\/figure><\/div>\n\n\n\n<div class=\"wp-block-book-review-block-metadata book-review-block__meta\"><div class=\"book-review-block__meta-item book-review-block__meta-item-title\"><div itemprop=\"name\" class=\"book-review-block__meta-item-value\">Tagebuch einer Kindheit in Galicien<\/div><\/div><div class=\"book-review-block__meta-item book-review-block__meta-item-series\"><div class=\"book-review-block__meta-item-value\">Xose Neira Vilas<\/div><\/div><div itemscope itemtype=\"https:\/\/schema.org\/Person\" itemprop=\"author\" class=\"book-review-block__meta-item book-review-block__meta-item-author\"><div itemprop=\"name\" class=\"book-review-block__meta-item-value\">Rezensionsexemplar\/Roman<\/div><\/div><div class=\"book-review-block__meta-item book-review-block__meta-item-genre\"><div itemprop=\"genre\" class=\"book-review-block__meta-item-value\">Morio-Verlag<\/div><\/div><div itemscope itemtype=\"https:\/\/schema.org\/Organization\" itemprop=\"publisher\" class=\"book-review-block__meta-item book-review-block__meta-item-publisher\"><div itemprop=\"name\" class=\"book-review-block__meta-item-value\">Erschienen am: 06.09.2021 (Neuauflage)<\/div><\/div><div class=\"book-review-block__meta-item book-review-block__meta-item-release-date\"><div itemprop=\"datePublished\" class=\"book-review-block__meta-item-value\">Taschenbuch<\/div><\/div><div class=\"book-review-block__meta-item book-review-block__meta-item-format\"><div class=\"book-review-block__meta-item-value\">Seiten: 160<\/div><\/div><div class=\"book-review-block__meta-item book-review-block__meta-item-pages\"><div itemprop=\"numberOfPages\" class=\"book-review-block__meta-item-value\">ISBN:<a href=\"https:\/\/www.morio-verlag.de\/index.php\/buecher\/literatur\/vilas,-xos%C3%A9-neira-tagebuch-einer-kindheit-in-galicien-detail\"> 978-3-945424-88-9<\/a><\/div><\/div><div class=\"book-review-block__meta-item book-review-block__meta-item-source\"><div class=\"book-review-block__meta-item-value\">\u00dcbersetzung: Gudron Hohl, Klaus Bochmann<\/div><\/div><\/div>\n\n\n\n<div itemscope itemtype=\"https:\/\/schema.org\/Review\" itemprop=\"review\" class=\"wp-block-book-review-block-rating\"><span itemscope itemtype=\"https:\/\/schema.org\/Person\" itemprop=\"author\"><meta itemprop=\"name\" content=\"findo\"\/><\/span><div itemscope itemtype=\"https:\/\/schema.org\/Rating\" itemprop=\"reviewRating\" class=\"book-review-block__rating book-review-block__review-rating\"><meta itemprop=\"ratingValue\" content=\"4\"\/><div class=\"book-review-block__rating-buttons\"><span class=\"book-review-block__rating-button\" role=\"button\" tabindex=\"0\"><span><svg xmlns=\"https:\/\/www.w3.org\/2000\/svg\" width=\"24\" height=\"24\" viewbox=\"0 0 24 24\"><path fill=\"#eba845\" stroke=\"#eba845\" d=\"M12,17.3l6.2,3.7l-1.6-7L22,9.2l-7.2-0.6L12,2L9.2,8.6L2,9.2L7.5,14l-1.6,7L12,17.3z\"><\/path><\/svg><\/span><span><svg xmlns=\"https:\/\/www.w3.org\/2000\/svg\" width=\"24\" height=\"24\" viewbox=\"0 0 24 24\"><path fill=\"#eba845\" stroke=\"#eba845\" d=\"M12,17.3l6.2,3.7l-1.6-7L22,9.2l-7.2-0.6L12,2L9.2,8.6L2,9.2L7.5,14l-1.6,7L12,17.3z\"><\/path><\/svg><\/span><\/span><span class=\"book-review-block__rating-button\" role=\"button\" tabindex=\"0\"><span><svg xmlns=\"https:\/\/www.w3.org\/2000\/svg\" width=\"24\" height=\"24\" viewbox=\"0 0 24 24\"><path fill=\"#eba845\" stroke=\"#eba845\" d=\"M12,17.3l6.2,3.7l-1.6-7L22,9.2l-7.2-0.6L12,2L9.2,8.6L2,9.2L7.5,14l-1.6,7L12,17.3z\"><\/path><\/svg><\/span><span><svg xmlns=\"https:\/\/www.w3.org\/2000\/svg\" width=\"24\" height=\"24\" viewbox=\"0 0 24 24\"><path fill=\"#eba845\" stroke=\"#eba845\" d=\"M12,17.3l6.2,3.7l-1.6-7L22,9.2l-7.2-0.6L12,2L9.2,8.6L2,9.2L7.5,14l-1.6,7L12,17.3z\"><\/path><\/svg><\/span><\/span><span class=\"book-review-block__rating-button\" role=\"button\" tabindex=\"0\"><span><svg xmlns=\"https:\/\/www.w3.org\/2000\/svg\" width=\"24\" height=\"24\" viewbox=\"0 0 24 24\"><path fill=\"#eba845\" stroke=\"#eba845\" d=\"M12,17.3l6.2,3.7l-1.6-7L22,9.2l-7.2-0.6L12,2L9.2,8.6L2,9.2L7.5,14l-1.6,7L12,17.3z\"><\/path><\/svg><\/span><span><svg xmlns=\"https:\/\/www.w3.org\/2000\/svg\" width=\"24\" height=\"24\" viewbox=\"0 0 24 24\"><path fill=\"#eba845\" stroke=\"#eba845\" d=\"M12,17.3l6.2,3.7l-1.6-7L22,9.2l-7.2-0.6L12,2L9.2,8.6L2,9.2L7.5,14l-1.6,7L12,17.3z\"><\/path><\/svg><\/span><\/span><span class=\"book-review-block__rating-button\" role=\"button\" tabindex=\"0\"><span><svg xmlns=\"https:\/\/www.w3.org\/2000\/svg\" width=\"24\" height=\"24\" viewbox=\"0 0 24 24\"><path fill=\"#eba845\" stroke=\"#eba845\" d=\"M12,17.3l6.2,3.7l-1.6-7L22,9.2l-7.2-0.6L12,2L9.2,8.6L2,9.2L7.5,14l-1.6,7L12,17.3z\"><\/path><\/svg><\/span><span><svg xmlns=\"https:\/\/www.w3.org\/2000\/svg\" width=\"24\" height=\"24\" viewbox=\"0 0 24 24\"><path fill=\"#eba845\" stroke=\"#eba845\" d=\"M12,17.3l6.2,3.7l-1.6-7L22,9.2l-7.2-0.6L12,2L9.2,8.6L2,9.2L7.5,14l-1.6,7L12,17.3z\"><\/path><\/svg><\/span><\/span><span class=\"book-review-block__rating-button\" role=\"button\" tabindex=\"0\"><span><svg xmlns=\"https:\/\/www.w3.org\/2000\/svg\" width=\"24\" height=\"24\" viewbox=\"0 0 24 24\"><path class=\"is-rating-unfilled\" fill=\"#eba845\" stroke=\"#eba845\" d=\"M12,17.3l6.2,3.7l-1.6-7L22,9.2l-7.2-0.6L12,2L9.2,8.6L2,9.2L7.5,14l-1.6,7L12,17.3z\"><\/path><\/svg><\/span><span><svg xmlns=\"https:\/\/www.w3.org\/2000\/svg\" width=\"24\" height=\"24\" viewbox=\"0 0 24 24\"><path class=\"is-rating-unfilled\" fill=\"#eba845\" stroke=\"#eba845\" d=\"M12,17.3l6.2,3.7l-1.6-7L22,9.2l-7.2-0.6L12,2L9.2,8.6L2,9.2L7.5,14l-1.6,7L12,17.3z\"><\/path><\/svg><\/span><\/span><\/div><\/div><\/div>\n\n\n\n<div class=\"wp-block-book-review-block-description book-review-block__description\"><p><\/p><\/div>\n<\/div>\n\n\n\n<p><strong>Inhalt:<\/strong><\/p>\n\n\n\n<p>Erz\u00e4hlt wird die Geschichte des kleinen Balbino, ein Bauernkind aus einem kleinen Dorf in Galicien, das gegen die Ungerechtigkeiten der galegischen Gesellschaft jener Zeit ank\u00e4mpfen muss: Armut, harte k\u00f6rperliche Arbeit von Kindesbeinen an, fehlende Bildung und Dem\u00fctigungen durch die Machthaber im Dorf, dabei stets erf\u00fcllt von der Sehnsucht nach Erwachsensein, um m\u00f6glichst bald diesem Ort zu entfliehen. (am Klappentext angelehnt)<\/p>\n\n\n\n<p><strong>Rezension:<\/strong><\/p>\n\n\n\n<p>Archaisch ist die Welt, in der der kleine Balbino aufw\u00e4chst. Der Horizont ist nicht weit. Er reicht von der H\u00fctte bis zum Fluss, \u00fcber die Felder bis zum Dorf. Begrenzt ist der Blick und doch, zumindest bei dem Jungen nicht seinem Schicksal ergebend. Gro\u00df m\u00f6chte er werden, erwachsen, wie seine Eltern, seine Tante, dem Herren, von dem seine Familie Land gepachtet hat, dessen Felder sie bestellen und Vieh sie h\u00fcten m\u00fcssen.<\/p>\n\n\n\n<p>Nur so wird es ihm m\u00f6glich sein, diesem Leben zu entfliehen, wie es sein Bruder einst tat. Der Armut, der eint\u00f6nigen Arbeit, den Schl\u00e4gen der Eltern und der H\u00e4nseleien vom Sohn des Herren. Balbino beobachtet seine Umgebung sehr genau. Er notiert sie in ein Heft und nimmt uns dabei mit.<\/p>\n\n\n\n<p>So beginnt die Geschichte, die als einziges von Xose Neira Vilas&#8216; Werken ins Deutsche \u00fcbersetzt vorliegt. Sie erz\u00e4hlt von einer l\u00e4ngst vergangenen Leben, wie es das in Zeiten, in der die kleine Novelle hierzulande erschien, l\u00e4ngst nicht mehr gab. Zumindest in Europa. Der Autor setzte seiner Kindheit und der vieler anderer ein Denkmal. der Junge unbestimmten Alters, kaum im Schulalter, beobachtet mit uneingeschr\u00e4nkten Blick die Welt der Erwachsenen, die aus Kinderaugen heraus eigentlich gro\u00df und \u00fcberw\u00e4ltigend erscheinen m\u00fcssen. Doch schon in jungen Jahren sieht Balbino die Enge.<\/p>\n\n\n\n<blockquote class=\"wp-block-quote is-layout-flow wp-block-quote-is-layout-flow\"><p>&#8222;Ein Freund, wenn er wirklich einer ist, ist das Beste, was es auf der Welt gibt.&#8220; &#8211; &#8222;Freunde zu haben ist mehr wert, als Geld zu besitzen.&#8220; &#8211; &#8222;Ein Freund gibt dir alles und verlangt nichts; und wenn es sein muss, stirbt er f\u00fcr dich.&#8220; Da merkte ich, dass mir ein Freund fehlte.<\/p><cite>Xose Neira Vilas: Tagebuch einer Kindheit in Galicien<\/cite><\/blockquote>\n\n\n\n<p>Episodenhaft wird die Geschichte aus der Sicht des Kindes beschrieben. Ruhige T\u00f6ne, kurze pr\u00e4gnante und immer wieder sehr poetische S\u00e4tze durchziehen den Text. Kurze Momente des Gl\u00fccks wechseln mit langen der Melancholie Detailreiche Beschreibungen, da wird ein kleines K\u00e4stchen zum Dreh- und Angelpunkt der Sehnsucht des Jungen, welche im n\u00e4chsten Moment wieder zerst\u00f6rt wird. Balbino aber will sich nicht f\u00fcgen in sein vorbestimmtes Schicksal, wie das die Erwachsenen tun, und so nimmt die Geschichte ihren Lauf. das Erz\u00e4hltempo beschleunigt sich mit Zunahme der Kapitelzahl.<\/p>\n\n\n\n<blockquote class=\"wp-block-quote is-layout-flow wp-block-quote-is-layout-flow\"><p>Unsere H\u00e4nde sind klein und schaden niemandem; ihre aber sind kr\u00e4ftig, sie tun weh. Wenn sie bereit w\u00e4ren, von uns zu lernen, gingen sie nicht in den Krieg. Im Krieg t\u00f6ten sie einander, meist, ohne \u00fcberhaupt zu wissen, warum.<\/p><cite>Xose Neira Vilas: Tagebuch einer Kindheit in Galicien<\/cite><\/blockquote>\n\n\n\n<p>Trotz der feinsinnigen Beobachtungen, die ausf\u00fchrlich geschildert werden, bleiben die anderen Protagonisten gleichsam blass und unscheinbar, sowie der Staub der Feldarbeit in ihren Gesichtern. Was sonst passiert, ist auch egal. Das Kind lebt, hofft und bangt, zittert und weint, schl\u00e4gt sich durch. Der kleine Hauptprotagonist sticht heraus. Urpl\u00f6tzlich, nach einem Dahinpl\u00e4tschern der Handlung steht man vor einem Wendepunkt, den Abrgund, an dem Balbino sich entscheidet. Halboffen ist das Ende, der Konflikt kaum gel\u00f6st. Lesen sollte man das nur, wenn man in der richtigen Stimmung ist, \u00fcber weite Strecken Hoffnung und Hoffnungslosigkeit zu ertragen.<\/p>\n\n\n\n<blockquote class=\"wp-block-quote is-layout-flow wp-block-quote-is-layout-flow\"><p>Ich habe gelesen, dass die Fl\u00fcsse ins Meer str\u00f6men und dass wir uns ebenso und mit derselben Eile auf den Tod zubewegen. Wenn man dar\u00fcber nachdenkt, m\u00f6chte man am liebsten weinen.<\/p><cite>Xose Neira Vilas: Tagebuch einer Kindheit in Galicien<\/cite><\/blockquote>\n\n\n\n<p>Trotzdem, lesenswert ist es allemal. Nicht nur um daran erinnert zu werden, dass es auch in unserer Zeit, vielleicht nicht in Europa aber anderswo, immer noch Kinder gibt, die dergleichen erdulden m\u00fcssen. Armut sowie so, ein Leben ohne Chance auf Bildung und wenn sie diese sehen, sie diese selbst ergreifen m\u00fcssen, ohne liebevolle Erwachsene, abh\u00e4ngig von anderen. Auch ist es die Geschichte von Xose Neira Vilas selbst, wie gro\u00df der biografische Anteil des Autoren daran ist, wie viel selbst Erlebtes er hat einflie\u00dfen lassen, ist nicht unbedingt klar. Die &#8222;Memorias&#8220; sind ein Denkmal f\u00fcr eine ganze Generation, einer ganzen Region, eingordnet in einem ausf\u00fchrlichen Nachwort.<\/p>\n\n\n\n<p>Wer sie sich zu Gem\u00fcte f\u00fchrt, wird Stoff zum Nachdenken haben. In sofern straft sich der erz\u00e4hlende Protagonist am Ende des Einf\u00fchrungskapitels selbst L\u00fcgen. Diese Novelle ist schon etwas Besonderes.<\/p>\n\n\n\n<p><strong>Autor:<\/strong><\/p>\n\n\n\n<p>Xose Neira Vilas wurde 1928 geboren und war ein galegischer Schriftsteller. Nachdem er nach Argentinien auswanderte kam er in Kontakt mit anderen Schriftstellern Galiciens, emigrierte sp\u00e4ter nach Kuba und gr\u00fcndete dort ein Institut zur Aufbewahrung und Erforschung galegischer Schriften. Er selbst schrieb zahlreiche poetische, und Prosawerke, Essays. Sein Roman &#8222;Memorias&#8220; ist bis heute sein einziges Werk, welches ins Deutsche \u00fcbersetzt wurde. Er starb 2015, nachdem er in seinen Heimatort zur\u00fcckgekehrt war.<\/p>\n","protected":false},"excerpt":{"rendered":"<p>Inhalt: Erz\u00e4hlt wird die Geschichte des kleinen Balbino, ein Bauernkind aus einem kleinen Dorf in Galicien, das gegen die Ungerechtigkeiten der galegischen Gesellschaft jener Zeit ank\u00e4mpfen muss: Armut, harte k\u00f6rperliche Arbeit von Kindesbeinen an, fehlende Bildung und Dem\u00fctigungen durch die Machthaber im Dorf, dabei stets erf\u00fcllt von der Sehnsucht nach Erwachsensein, um m\u00f6glichst bald diesem [&hellip;]<\/p>\n","protected":false},"author":1,"featured_media":0,"comment_status":"open","ping_status":"open","sticky":false,"template":"","format":"standard","meta":{"_uag_custom_page_level_css":"","site-sidebar-layout":"default","site-content-layout":"default","ast-site-content-layout":"default","site-content-style":"default","site-sidebar-style":"default","ast-global-header-display":"","ast-banner-title-visibility":"","ast-main-header-display":"","ast-hfb-above-header-display":"","ast-hfb-below-header-display":"","ast-hfb-mobile-header-display":"","site-post-title":"","ast-breadcrumbs-content":"","ast-featured-img":"","footer-sml-layout":"","ast-disable-related-posts":"","theme-transparent-header-meta":"default","adv-header-id-meta":"","stick-header-meta":"","header-above-stick-meta":"","header-main-stick-meta":"","header-below-stick-meta":"","astra-migrate-meta-layouts":"default","ast-page-background-enabled":"default","ast-page-background-meta":{"desktop":{"background-color":"","background-image":"","background-repeat":"repeat","background-position":"center center","background-size":"auto","background-attachment":"scroll","background-type":"","background-media":"","overlay-type":"","overlay-color":"","overlay-opacity":"","overlay-gradient":""},"tablet":{"background-color":"","background-image":"","background-repeat":"repeat","background-position":"center center","background-size":"auto","background-attachment":"scroll","background-type":"","background-media":"","overlay-type":"","overlay-color":"","overlay-opacity":"","overlay-gradient":""},"mobile":{"background-color":"","background-image":"","background-repeat":"repeat","background-position":"center center","background-size":"auto","background-attachment":"scroll","background-type":"","background-media":"","overlay-type":"","overlay-color":"","overlay-opacity":"","overlay-gradient":""}},"ast-content-background-meta":{"desktop":{"background-color":"var(--ast-global-color-5)","background-image":"","background-repeat":"repeat","background-position":"center center","background-size":"auto","background-attachment":"scroll","background-type":"","background-media":"","overlay-type":"","overlay-color":"","overlay-opacity":"","overlay-gradient":""},"tablet":{"background-color":"var(--ast-global-color-5)","background-image":"","background-repeat":"repeat","background-position":"center center","background-size":"auto","background-attachment":"scroll","background-type":"","background-media":"","overlay-type":"","overlay-color":"","overlay-opacity":"","overlay-gradient":""},"mobile":{"background-color":"var(--ast-global-color-5)","background-image":"","background-repeat":"repeat","background-position":"center center","background-size":"auto","background-attachment":"scroll","background-type":"","background-media":"","overlay-type":"","overlay-color":"","overlay-opacity":"","overlay-gradient":""}},"book_review_cover_url":"","book_review_title":"","book_review_series":"","book_review_author":"","book_review_genre":"","book_review_isbn":"","book_review_publisher":"","book_review_release_date":"","book_review_format":"","book_review_pages":"","book_review_source":"","book_review_rating":"","book_review_summary":"","footnotes":""},"categories":[4],"tags":[186,89,814,123,87,3164,382,181,2115,3163,514,11,705,249,405],"class_list":["post-6025","post","type-post","status-publish","format-standard","hentry","category-rezension","tag-aufwachsen","tag-coming-of-age","tag-dorf","tag-erzaehlung","tag-familie","tag-galicien","tag-kampf","tag-kindheit","tag-morio","tag-neira-vilas","tag-novelle","tag-roman","tag-sehnsucht","tag-spanien","tag-traum"],"uagb_featured_image_src":{"full":false,"thumbnail":false,"medium":false,"medium_large":false,"large":false,"wps_thumbnail_size":false,"1536x1536":false,"2048x2048":false,"buchcover":false},"uagb_author_info":{"display_name":"findo","author_link":"https:\/\/findosbuecher.com\/?author=1"},"uagb_comment_info":0,"uagb_excerpt":"Inhalt: Erz\u00e4hlt wird die Geschichte des kleinen Balbino, ein Bauernkind aus einem kleinen Dorf in Galicien, das gegen die Ungerechtigkeiten der galegischen Gesellschaft jener Zeit ank\u00e4mpfen muss: Armut, harte k\u00f6rperliche Arbeit von Kindesbeinen an, fehlende Bildung und Dem\u00fctigungen durch die Machthaber im Dorf, dabei stets erf\u00fcllt von der Sehnsucht nach Erwachsensein, um m\u00f6glichst bald diesem&hellip;","_links":{"self":[{"href":"https:\/\/findosbuecher.com\/index.php?rest_route=\/wp\/v2\/posts\/6025","targetHints":{"allow":["GET"]}}],"collection":[{"href":"https:\/\/findosbuecher.com\/index.php?rest_route=\/wp\/v2\/posts"}],"about":[{"href":"https:\/\/findosbuecher.com\/index.php?rest_route=\/wp\/v2\/types\/post"}],"author":[{"embeddable":true,"href":"https:\/\/findosbuecher.com\/index.php?rest_route=\/wp\/v2\/users\/1"}],"replies":[{"embeddable":true,"href":"https:\/\/findosbuecher.com\/index.php?rest_route=%2Fwp%2Fv2%2Fcomments&post=6025"}],"version-history":[{"count":1,"href":"https:\/\/findosbuecher.com\/index.php?rest_route=\/wp\/v2\/posts\/6025\/revisions"}],"predecessor-version":[{"id":6027,"href":"https:\/\/findosbuecher.com\/index.php?rest_route=\/wp\/v2\/posts\/6025\/revisions\/6027"}],"wp:attachment":[{"href":"https:\/\/findosbuecher.com\/index.php?rest_route=%2Fwp%2Fv2%2Fmedia&parent=6025"}],"wp:term":[{"taxonomy":"category","embeddable":true,"href":"https:\/\/findosbuecher.com\/index.php?rest_route=%2Fwp%2Fv2%2Fcategories&post=6025"},{"taxonomy":"post_tag","embeddable":true,"href":"https:\/\/findosbuecher.com\/index.php?rest_route=%2Fwp%2Fv2%2Ftags&post=6025"}],"curies":[{"name":"wp","href":"https:\/\/api.w.org\/{rel}","templated":true}]}}