{"id":6003,"date":"2021-08-29T17:15:36","date_gmt":"2021-08-29T17:15:36","guid":{"rendered":"https:\/\/findosbuecher.com\/?p=6003"},"modified":"2021-08-29T17:15:42","modified_gmt":"2021-08-29T17:15:42","slug":"hans-peter-schuetz-wolfgang-schaeuble-zwei-leben","status":"publish","type":"post","link":"https:\/\/findosbuecher.com\/?p=6003","title":{"rendered":"Hans Peter Sch\u00fctz: Wolfgang Sch\u00e4uble &#8211; Zwei Leben"},"content":{"rendered":"\n<div itemscope itemtype=\"https:\/\/schema.org\/Book\" class=\"wp-block-book-review-block-book-review book-review-block\">\n<div class=\"wp-block-image\"><figure class=\"aligncenter size-large\"><img loading=\"lazy\" decoding=\"async\" width=\"672\" height=\"1024\" itemprop=\"image\" src=\"https:\/\/findosbuecher.com\/wp-content\/uploads\/2021\/08\/9783426302668-672x1024.jpg\" alt=\"\" class=\"wp-image-6004\" srcset=\"https:\/\/findosbuecher.com\/wp-content\/uploads\/2021\/08\/9783426302668-672x1024.jpg 672w, https:\/\/findosbuecher.com\/wp-content\/uploads\/2021\/08\/9783426302668-197x300.jpg 197w, https:\/\/findosbuecher.com\/wp-content\/uploads\/2021\/08\/9783426302668-768x1170.jpg 768w, https:\/\/findosbuecher.com\/wp-content\/uploads\/2021\/08\/9783426302668-1008x1536.jpg 1008w, https:\/\/findosbuecher.com\/wp-content\/uploads\/2021\/08\/9783426302668-1344x2048.jpg 1344w, https:\/\/findosbuecher.com\/wp-content\/uploads\/2021\/08\/9783426302668-320x487.jpg 320w, https:\/\/findosbuecher.com\/wp-content\/uploads\/2021\/08\/9783426302668.jpg 1600w\" sizes=\"auto, (max-width: 672px) 100vw, 672px\" \/><\/figure><\/div>\n\n\n\n<div class=\"wp-block-book-review-block-metadata book-review-block__meta\"><div class=\"book-review-block__meta-item book-review-block__meta-item-title\"><div itemprop=\"name\" class=\"book-review-block__meta-item-value\">Wolfgang  Sch\u00e4uble &#8211; Zwei Leben<\/div><\/div><div class=\"book-review-block__meta-item book-review-block__meta-item-series\"><div class=\"book-review-block__meta-item-value\">Hans Peter Sch\u00fctz<\/div><\/div><div itemscope itemtype=\"https:\/\/schema.org\/Person\" itemprop=\"author\" class=\"book-review-block__meta-item book-review-block__meta-item-author\"><div itemprop=\"name\" class=\"book-review-block__meta-item-value\">Rezensionsexemplar\/Biografie<\/div><\/div><div class=\"book-review-block__meta-item book-review-block__meta-item-genre\"><div itemprop=\"genre\" class=\"book-review-block__meta-item-value\">Droemer Knaur<\/div><\/div><div itemscope itemtype=\"https:\/\/schema.org\/Organization\" itemprop=\"publisher\" class=\"book-review-block__meta-item book-review-block__meta-item-publisher\"><div itemprop=\"name\" class=\"book-review-block__meta-item-value\">Erschienen am: 02.08.2021 (TB)<\/div><\/div><div class=\"book-review-block__meta-item book-review-block__meta-item-release-date\"><div itemprop=\"datePublished\" class=\"book-review-block__meta-item-value\">Taschenbuch<\/div><\/div><div class=\"book-review-block__meta-item book-review-block__meta-item-format\"><div class=\"book-review-block__meta-item-value\">Seiten: 336<\/div><\/div><div class=\"book-review-block__meta-item book-review-block__meta-item-pages\"><div itemprop=\"numberOfPages\" class=\"book-review-block__meta-item-value\">ISBN: <a href=\"https:\/\/www.droemer-knaur.de\/buch\/hans-peter-schuetz-wolfgang-schaeuble-9783426302668\">978-3-426-30266-8<\/a><\/div><\/div><div class=\"book-review-block__meta-item book-review-block__meta-item-source\"><div class=\"book-review-block__meta-item-value\"><\/div><\/div><\/div>\n\n\n\n<div itemscope itemtype=\"https:\/\/schema.org\/Review\" itemprop=\"review\" class=\"wp-block-book-review-block-rating\"><span itemscope itemtype=\"https:\/\/schema.org\/Person\" itemprop=\"author\"><meta itemprop=\"name\" content=\"findo\"\/><\/span><div itemscope itemtype=\"https:\/\/schema.org\/Rating\" itemprop=\"reviewRating\" class=\"book-review-block__rating book-review-block__review-rating\"><meta itemprop=\"ratingValue\" content=\"4\"\/><div class=\"book-review-block__rating-buttons\"><span class=\"book-review-block__rating-button\" role=\"button\" tabindex=\"0\"><span><svg xmlns=\"https:\/\/www.w3.org\/2000\/svg\" width=\"24\" height=\"24\" viewbox=\"0 0 24 24\"><path fill=\"#eba845\" stroke=\"#eba845\" d=\"M12,17.3l6.2,3.7l-1.6-7L22,9.2l-7.2-0.6L12,2L9.2,8.6L2,9.2L7.5,14l-1.6,7L12,17.3z\"><\/path><\/svg><\/span><span><svg xmlns=\"https:\/\/www.w3.org\/2000\/svg\" width=\"24\" height=\"24\" viewbox=\"0 0 24 24\"><path fill=\"#eba845\" stroke=\"#eba845\" d=\"M12,17.3l6.2,3.7l-1.6-7L22,9.2l-7.2-0.6L12,2L9.2,8.6L2,9.2L7.5,14l-1.6,7L12,17.3z\"><\/path><\/svg><\/span><\/span><span class=\"book-review-block__rating-button\" role=\"button\" tabindex=\"0\"><span><svg xmlns=\"https:\/\/www.w3.org\/2000\/svg\" width=\"24\" height=\"24\" viewbox=\"0 0 24 24\"><path fill=\"#eba845\" stroke=\"#eba845\" d=\"M12,17.3l6.2,3.7l-1.6-7L22,9.2l-7.2-0.6L12,2L9.2,8.6L2,9.2L7.5,14l-1.6,7L12,17.3z\"><\/path><\/svg><\/span><span><svg xmlns=\"https:\/\/www.w3.org\/2000\/svg\" width=\"24\" height=\"24\" viewbox=\"0 0 24 24\"><path fill=\"#eba845\" stroke=\"#eba845\" d=\"M12,17.3l6.2,3.7l-1.6-7L22,9.2l-7.2-0.6L12,2L9.2,8.6L2,9.2L7.5,14l-1.6,7L12,17.3z\"><\/path><\/svg><\/span><\/span><span class=\"book-review-block__rating-button\" role=\"button\" tabindex=\"0\"><span><svg xmlns=\"https:\/\/www.w3.org\/2000\/svg\" width=\"24\" height=\"24\" viewbox=\"0 0 24 24\"><path fill=\"#eba845\" stroke=\"#eba845\" d=\"M12,17.3l6.2,3.7l-1.6-7L22,9.2l-7.2-0.6L12,2L9.2,8.6L2,9.2L7.5,14l-1.6,7L12,17.3z\"><\/path><\/svg><\/span><span><svg xmlns=\"https:\/\/www.w3.org\/2000\/svg\" width=\"24\" height=\"24\" viewbox=\"0 0 24 24\"><path fill=\"#eba845\" stroke=\"#eba845\" d=\"M12,17.3l6.2,3.7l-1.6-7L22,9.2l-7.2-0.6L12,2L9.2,8.6L2,9.2L7.5,14l-1.6,7L12,17.3z\"><\/path><\/svg><\/span><\/span><span class=\"book-review-block__rating-button\" role=\"button\" tabindex=\"0\"><span><svg xmlns=\"https:\/\/www.w3.org\/2000\/svg\" width=\"24\" height=\"24\" viewbox=\"0 0 24 24\"><path fill=\"#eba845\" stroke=\"#eba845\" d=\"M12,17.3l6.2,3.7l-1.6-7L22,9.2l-7.2-0.6L12,2L9.2,8.6L2,9.2L7.5,14l-1.6,7L12,17.3z\"><\/path><\/svg><\/span><span><svg xmlns=\"https:\/\/www.w3.org\/2000\/svg\" width=\"24\" height=\"24\" viewbox=\"0 0 24 24\"><path fill=\"#eba845\" stroke=\"#eba845\" d=\"M12,17.3l6.2,3.7l-1.6-7L22,9.2l-7.2-0.6L12,2L9.2,8.6L2,9.2L7.5,14l-1.6,7L12,17.3z\"><\/path><\/svg><\/span><\/span><span class=\"book-review-block__rating-button\" role=\"button\" tabindex=\"0\"><span><svg xmlns=\"https:\/\/www.w3.org\/2000\/svg\" width=\"24\" height=\"24\" viewbox=\"0 0 24 24\"><path class=\"is-rating-unfilled\" fill=\"#eba845\" stroke=\"#eba845\" d=\"M12,17.3l6.2,3.7l-1.6-7L22,9.2l-7.2-0.6L12,2L9.2,8.6L2,9.2L7.5,14l-1.6,7L12,17.3z\"><\/path><\/svg><\/span><span><svg xmlns=\"https:\/\/www.w3.org\/2000\/svg\" width=\"24\" height=\"24\" viewbox=\"0 0 24 24\"><path class=\"is-rating-unfilled\" fill=\"#eba845\" stroke=\"#eba845\" d=\"M12,17.3l6.2,3.7l-1.6-7L22,9.2l-7.2-0.6L12,2L9.2,8.6L2,9.2L7.5,14l-1.6,7L12,17.3z\"><\/path><\/svg><\/span><\/span><\/div><\/div><\/div>\n\n\n\n<div class=\"wp-block-book-review-block-description book-review-block__description\"><p><\/p><\/div>\n<\/div>\n\n\n\n<p><strong>Inhalt:<\/strong><\/p>\n\n\n\n<p>Wolfgang Sch\u00e4uble pr\u00e4gt seit einem halben Jahrhundert die deutsche Politik: Bundestagsabgeordneter der CDU, sp\u00e4ter Innenminister, Finanzminister und jetzt Bundestagspr\u00e4sident. Sein Intellekt, seine Disziplin und Loyalit\u00e4t sind auch beim politischen Gegner anerkannt. Hans Peter Sch\u00fctz hat f\u00fcr seine umfassend aktualisierte und erweiterte Biografie mit Sch\u00e4uble und dessen Familie gesprochen, Weggef\u00e4hrten und politische Gegner befragt. So schildert er nicht nur den Weg eines Ausnahmepolitikers, sonder auch die weniger bekannte Seite des Menschen sch\u00e4uble. (Klappentext)<\/p>\n\n\n\n<p><strong>Rezension:<\/strong><\/p>\n\n\n\n<p>Als die Sch\u00fcsse fielen, ver\u00e4nderte sich sein Leben von einem Moment auf den anderen komplett. Seit dem 12. Oktober 1990 ist der heute dienst\u00e4lteste Politiker des deutschen Bundestags gel\u00e4hmt und an den Rollstuhl gefesselt. Seit dem gibt es f\u00fcr Wolfgang Sch\u00e4uble ein Leben vor dem Attentat und eines danach. Wer ist der Mann aus dem baden-w\u00fcrttembergischen Offenburg, der hart gegen sich selbst, beinahe ohne R\u00fccksicht auf seine Gesundheit, Politik gemacht und dessen Genauigkeit, Durchhalteverm\u00f6gen und Detailversessenheit bei politischen Gegnern und Freunden ber\u00fchmt, zu weilen auch ber\u00fcchtigt ist?<\/p>\n\n\n\n<p>Warum scheiterte Sch\u00e4uble daran, Bundeskanzler oder -pr\u00e4sident zu werden, gleichwohl er f\u00fcr seine politische Arbeit geachtet und manchmal auch gef\u00fcrchtet wurde. Der Journalist Hans Peter Sch\u00fctz hat \u00fcber Jahre den Politiker begleitet, Freunde, Weggef\u00e4hrten, Familie und Gegner gesprochen. Herausgekommen dabei ist 2012 ein vielschichtiges Portr\u00e4t. Nun liegt seine Aktualisierung vor.<\/p>\n\n\n\n<p>Politische Biografen begehen h\u00e4ufig einen kaum zu gelingenden Balanceakt. Bindet man die zu portr\u00e4tierende Person sehr stark mit ein, besteht die Gefahr, den objektiven Blick zu verlieren und wenig Kritik zu zulassen. H\u00e4lt man sich dagegen nur an externe Quellen entfernt man sich von dem Menschen, dessen Vielschichtigkeit dann gar nicht gut genug herausgearbeitet werden kann.<\/p>\n\n\n\n<p>Der Versuch Hans Peter Sch\u00fctz&#8216; gelingt zu gro\u00dfen Teilen, dies einmal vorab, da beide Seiten des vor allem politischen Leben Wolfgang Sch\u00e4ubles herausgearbeitet werden. Der Blick des Journalisten richtet sich dennoch an die Wegmarken des Ausnahmetalents, dessen Loyalit\u00e4t h\u00e4ufig missbraucht wurde, dennoch dieser einstweilen wie Sisyphos immerzu neue Herausforderungen in der Politik suchte. Oft genug fanden sie ihn.<\/p>\n\n\n\n<p>Der Autor und Journalist schildert, wie das Attentat das politische Leben und Arbeiten YSch\u00e4uble ver\u00e4nderten, welche Rolle dieser einnahm in der Neuregelung der Hauptstadtfrage und wie zu den Architekten der Einheit von bundesdeutscher Seite aus nicht nur Kohl oder Genscher, sondern auch Sch\u00e4uble gez\u00e4hlt werden m\u00fcssen und worin heute seine politischen Leitlinien bestehen.<\/p>\n\n\n\n<p>Kritik wird da ge\u00e4u\u00dfert, wo der Politiker seinen selbstgestellten Anforderungen nicht gerecht wurde oder Sch\u00e4ubles Ungeduld und H\u00e4rte in die falsche Richtung wirkte. Dabei spannt Sch\u00fctz einen gro\u00dfen Bogen von den politischen Anf\u00e4ngen in den 1960er Jahren bis heute, erz\u00e4hlt detail- und kenntnisreich von den kleinen und gro\u00dfen Anekdoten Sch\u00e4ubles, ohne wichtiges aus den Augen zu verlieren. Unterst\u00fctzt wird dies durch die zahlreichen Interviews und Befragungen von Wegbegleitern und politischen Gegnern.<\/p>\n\n\n\n<p>Nat\u00fcrlich orientiert sich die Biografie kapitelm\u00e4\u00dfig an einer Art Zeitstrahl, dennoch hat man nicht unbedingt das Gef\u00fchl ein starres Konstrukt sich zu gem\u00fcte zu f\u00fchren. So ist dieser Text, der weder Schm\u00e4hschrift noch Huldigung ist, leicht zug\u00e4nglich. Es stellt sich die Frage, wie die Politik aussehe, wenn es mehr Politiker vom Format Sch\u00e4ubles geben w\u00fcrde? Diese Frage muss man nach dem Leben sich selbst beantworten.<\/p>\n\n\n\n<p><strong>Autor:<\/strong><\/p>\n\n\n\n<p>Hans Peter Sch\u00fctz wurde 1939 in Donaueschingen geboren und war ein deutscher Politikjournalist und Autor. Zun\u00e4chst studierte er Soziologie an der Freien Universit\u00e4t Berlin und begann ein Volontariat beim Schw\u00e4bischen Tagblatt in T\u00fcbingen, bevor er als Politikredakteur der Ulmer S\u00fcdwest Presse arbeitete.<\/p>\n\n\n\n<p>F\u00fcr diese und die Stuttgarter Nachrichten war er 1974 bis 1988 Korrespondent in Bonn. 1988 wurde er Leiter des Bonner B\u00fcros des Nachrichtenmagazins Stern, ab 1992 stellvertretender Chefredaktuer bei der S\u00fcdwest presse. 1996 \u00fcbernahm er die Ressortleitung Politik beim Stern. seit 2007 arbeitete er als freier Autor. 2012 ver\u00f6ffentlichte er eine Biografie zu Wolfgang Sch\u00e4uble, die 2021 nochmals aktualisiert wurde. Sch\u00fctz starb am 17. Mai 2021 bei Berlin.<\/p>\n","protected":false},"excerpt":{"rendered":"<p>Inhalt: Wolfgang Sch\u00e4uble pr\u00e4gt seit einem halben Jahrhundert die deutsche Politik: Bundestagsabgeordneter der CDU, sp\u00e4ter Innenminister, Finanzminister und jetzt Bundestagspr\u00e4sident. Sein Intellekt, seine Disziplin und Loyalit\u00e4t sind auch beim politischen Gegner anerkannt. Hans Peter Sch\u00fctz hat f\u00fcr seine umfassend aktualisierte und erweiterte Biografie mit Sch\u00e4uble und dessen Familie gesprochen, Weggef\u00e4hrten und politische Gegner befragt. So [&hellip;]<\/p>\n","protected":false},"author":1,"featured_media":0,"comment_status":"open","ping_status":"open","sticky":false,"template":"","format":"standard","meta":{"_uag_custom_page_level_css":"","site-sidebar-layout":"default","site-content-layout":"default","ast-site-content-layout":"default","site-content-style":"default","site-sidebar-style":"default","ast-global-header-display":"","ast-banner-title-visibility":"","ast-main-header-display":"","ast-hfb-above-header-display":"","ast-hfb-below-header-display":"","ast-hfb-mobile-header-display":"","site-post-title":"","ast-breadcrumbs-content":"","ast-featured-img":"","footer-sml-layout":"","ast-disable-related-posts":"","theme-transparent-header-meta":"default","adv-header-id-meta":"","stick-header-meta":"","header-above-stick-meta":"","header-main-stick-meta":"","header-below-stick-meta":"","astra-migrate-meta-layouts":"default","ast-page-background-enabled":"default","ast-page-background-meta":{"desktop":{"background-color":"","background-image":"","background-repeat":"repeat","background-position":"center center","background-size":"auto","background-attachment":"scroll","background-type":"","background-media":"","overlay-type":"","overlay-color":"","overlay-opacity":"","overlay-gradient":""},"tablet":{"background-color":"","background-image":"","background-repeat":"repeat","background-position":"center center","background-size":"auto","background-attachment":"scroll","background-type":"","background-media":"","overlay-type":"","overlay-color":"","overlay-opacity":"","overlay-gradient":""},"mobile":{"background-color":"","background-image":"","background-repeat":"repeat","background-position":"center center","background-size":"auto","background-attachment":"scroll","background-type":"","background-media":"","overlay-type":"","overlay-color":"","overlay-opacity":"","overlay-gradient":""}},"ast-content-background-meta":{"desktop":{"background-color":"var(--ast-global-color-5)","background-image":"","background-repeat":"repeat","background-position":"center center","background-size":"auto","background-attachment":"scroll","background-type":"","background-media":"","overlay-type":"","overlay-color":"","overlay-opacity":"","overlay-gradient":""},"tablet":{"background-color":"var(--ast-global-color-5)","background-image":"","background-repeat":"repeat","background-position":"center center","background-size":"auto","background-attachment":"scroll","background-type":"","background-media":"","overlay-type":"","overlay-color":"","overlay-opacity":"","overlay-gradient":""},"mobile":{"background-color":"var(--ast-global-color-5)","background-image":"","background-repeat":"repeat","background-position":"center center","background-size":"auto","background-attachment":"scroll","background-type":"","background-media":"","overlay-type":"","overlay-color":"","overlay-opacity":"","overlay-gradient":""}},"book_review_cover_url":"","book_review_title":"","book_review_series":"","book_review_author":"","book_review_genre":"","book_review_isbn":"","book_review_publisher":"","book_review_release_date":"","book_review_format":"","book_review_pages":"","book_review_source":"","book_review_rating":"","book_review_summary":"","footnotes":""},"categories":[4],"tags":[2261,27,887,3138,3137,3141,506,87,3143,631,3144,3146,3142,3139,3140,654,301,30,3136,26,3135,3134],"class_list":["post-6003","post","type-post","status-publish","format-standard","hentry","category-rezension","tag-attentat","tag-berlin","tag-bundestag","tag-bundestagspraesident","tag-cdu","tag-einheit","tag-euro","tag-familie","tag-finanzminister","tag-freunde","tag-gegner","tag-hauptsatdt","tag-innenminister","tag-kanzler","tag-kanzlerin","tag-knaur","tag-leben","tag-politik","tag-politiker","tag-sachbuch","tag-schaeuble","tag-wolfgang-schaeuble"],"uagb_featured_image_src":{"full":false,"thumbnail":false,"medium":false,"medium_large":false,"large":false,"wps_thumbnail_size":false,"1536x1536":false,"2048x2048":false,"buchcover":false},"uagb_author_info":{"display_name":"findo","author_link":"https:\/\/findosbuecher.com\/?author=1"},"uagb_comment_info":0,"uagb_excerpt":"Inhalt: Wolfgang Sch\u00e4uble pr\u00e4gt seit einem halben Jahrhundert die deutsche Politik: Bundestagsabgeordneter der CDU, sp\u00e4ter Innenminister, Finanzminister und jetzt Bundestagspr\u00e4sident. Sein Intellekt, seine Disziplin und Loyalit\u00e4t sind auch beim politischen Gegner anerkannt. Hans Peter Sch\u00fctz hat f\u00fcr seine umfassend aktualisierte und erweiterte Biografie mit Sch\u00e4uble und dessen Familie gesprochen, Weggef\u00e4hrten und politische Gegner befragt. So&hellip;","_links":{"self":[{"href":"https:\/\/findosbuecher.com\/index.php?rest_route=\/wp\/v2\/posts\/6003","targetHints":{"allow":["GET"]}}],"collection":[{"href":"https:\/\/findosbuecher.com\/index.php?rest_route=\/wp\/v2\/posts"}],"about":[{"href":"https:\/\/findosbuecher.com\/index.php?rest_route=\/wp\/v2\/types\/post"}],"author":[{"embeddable":true,"href":"https:\/\/findosbuecher.com\/index.php?rest_route=\/wp\/v2\/users\/1"}],"replies":[{"embeddable":true,"href":"https:\/\/findosbuecher.com\/index.php?rest_route=%2Fwp%2Fv2%2Fcomments&post=6003"}],"version-history":[{"count":1,"href":"https:\/\/findosbuecher.com\/index.php?rest_route=\/wp\/v2\/posts\/6003\/revisions"}],"predecessor-version":[{"id":6005,"href":"https:\/\/findosbuecher.com\/index.php?rest_route=\/wp\/v2\/posts\/6003\/revisions\/6005"}],"wp:attachment":[{"href":"https:\/\/findosbuecher.com\/index.php?rest_route=%2Fwp%2Fv2%2Fmedia&parent=6003"}],"wp:term":[{"taxonomy":"category","embeddable":true,"href":"https:\/\/findosbuecher.com\/index.php?rest_route=%2Fwp%2Fv2%2Fcategories&post=6003"},{"taxonomy":"post_tag","embeddable":true,"href":"https:\/\/findosbuecher.com\/index.php?rest_route=%2Fwp%2Fv2%2Ftags&post=6003"}],"curies":[{"name":"wp","href":"https:\/\/api.w.org\/{rel}","templated":true}]}}