{"id":5954,"date":"2021-08-06T17:16:49","date_gmt":"2021-08-06T17:16:49","guid":{"rendered":"https:\/\/findosbuecher.com\/?p=5954"},"modified":"2021-08-06T17:16:58","modified_gmt":"2021-08-06T17:16:58","slug":"janina-hecht-in-diesen-sommern","status":"publish","type":"post","link":"https:\/\/findosbuecher.com\/?p=5954","title":{"rendered":"Janina Hecht: In diesen Sommern"},"content":{"rendered":"\n<div itemscope itemtype=\"https:\/\/schema.org\/Book\" class=\"wp-block-book-review-block-book-review book-review-block\">\n<div class=\"wp-block-image\"><figure class=\"aligncenter size-large\"><img loading=\"lazy\" decoding=\"async\" width=\"615\" height=\"1024\" itemprop=\"image\" src=\"https:\/\/findosbuecher.com\/wp-content\/uploads\/2021\/08\/getimage-615x1024.jpg\" alt=\"\" class=\"wp-image-5955\" srcset=\"https:\/\/findosbuecher.com\/wp-content\/uploads\/2021\/08\/getimage-615x1024.jpg 615w, https:\/\/findosbuecher.com\/wp-content\/uploads\/2021\/08\/getimage-180x300.jpg 180w, https:\/\/findosbuecher.com\/wp-content\/uploads\/2021\/08\/getimage-768x1279.jpg 768w, https:\/\/findosbuecher.com\/wp-content\/uploads\/2021\/08\/getimage-922x1536.jpg 922w, https:\/\/findosbuecher.com\/wp-content\/uploads\/2021\/08\/getimage-292x487.jpg 292w, https:\/\/findosbuecher.com\/wp-content\/uploads\/2021\/08\/getimage.jpg 1171w\" sizes=\"auto, (max-width: 615px) 100vw, 615px\" \/><\/figure><\/div>\n\n\n\n<div class=\"wp-block-book-review-block-metadata book-review-block__meta\"><div class=\"book-review-block__meta-item book-review-block__meta-item-title\"><div itemprop=\"name\" class=\"book-review-block__meta-item-value\">In diesen Sommern<\/div><\/div><div class=\"book-review-block__meta-item book-review-block__meta-item-series\"><div class=\"book-review-block__meta-item-value\">Janina Hecht<\/div><\/div><div itemscope itemtype=\"https:\/\/schema.org\/Person\" itemprop=\"author\" class=\"book-review-block__meta-item book-review-block__meta-item-author\"><div itemprop=\"name\" class=\"book-review-block__meta-item-value\">Rezensionsexemplar\/Roman<\/div><\/div><div class=\"book-review-block__meta-item book-review-block__meta-item-genre\"><div itemprop=\"genre\" class=\"book-review-block__meta-item-value\">C.H. Beck<\/div><\/div><div itemscope itemtype=\"https:\/\/schema.org\/Organization\" itemprop=\"publisher\" class=\"book-review-block__meta-item book-review-block__meta-item-publisher\"><div itemprop=\"name\" class=\"book-review-block__meta-item-value\">Erschienen am: 15.07.2021<\/div><\/div><div class=\"book-review-block__meta-item book-review-block__meta-item-release-date\"><div itemprop=\"datePublished\" class=\"book-review-block__meta-item-value\">Hardcover<\/div><\/div><div class=\"book-review-block__meta-item book-review-block__meta-item-format\"><div class=\"book-review-block__meta-item-value\">Seiten: 175<\/div><\/div><div class=\"book-review-block__meta-item book-review-block__meta-item-pages\"><div itemprop=\"numberOfPages\" class=\"book-review-block__meta-item-value\">ISBN: <a href=\"https:\/\/www.chbeck.de\/hecht-sommern\/product\/32390713\">978-3-406-77449-2<\/a><\/div><\/div><div class=\"book-review-block__meta-item book-review-block__meta-item-source\"><div class=\"book-review-block__meta-item-value\"><\/div><\/div><\/div>\n\n\n\n<div itemscope itemtype=\"https:\/\/schema.org\/Review\" itemprop=\"review\" class=\"wp-block-book-review-block-rating\"><span itemscope itemtype=\"https:\/\/schema.org\/Person\" itemprop=\"author\"><meta itemprop=\"name\" content=\"findo\"\/><\/span><div itemscope itemtype=\"https:\/\/schema.org\/Rating\" itemprop=\"reviewRating\" class=\"book-review-block__rating book-review-block__review-rating\"><meta itemprop=\"ratingValue\" content=\"5\"\/><div class=\"book-review-block__rating-buttons\"><span class=\"book-review-block__rating-button\" role=\"button\" tabindex=\"0\"><span><svg xmlns=\"https:\/\/www.w3.org\/2000\/svg\" width=\"24\" height=\"24\" viewbox=\"0 0 24 24\"><path fill=\"#eba845\" stroke=\"#eba845\" d=\"M12,17.3l6.2,3.7l-1.6-7L22,9.2l-7.2-0.6L12,2L9.2,8.6L2,9.2L7.5,14l-1.6,7L12,17.3z\"><\/path><\/svg><\/span><span><svg xmlns=\"https:\/\/www.w3.org\/2000\/svg\" width=\"24\" height=\"24\" viewbox=\"0 0 24 24\"><path fill=\"#eba845\" stroke=\"#eba845\" d=\"M12,17.3l6.2,3.7l-1.6-7L22,9.2l-7.2-0.6L12,2L9.2,8.6L2,9.2L7.5,14l-1.6,7L12,17.3z\"><\/path><\/svg><\/span><\/span><span class=\"book-review-block__rating-button\" role=\"button\" tabindex=\"0\"><span><svg xmlns=\"https:\/\/www.w3.org\/2000\/svg\" width=\"24\" height=\"24\" viewbox=\"0 0 24 24\"><path fill=\"#eba845\" stroke=\"#eba845\" d=\"M12,17.3l6.2,3.7l-1.6-7L22,9.2l-7.2-0.6L12,2L9.2,8.6L2,9.2L7.5,14l-1.6,7L12,17.3z\"><\/path><\/svg><\/span><span><svg xmlns=\"https:\/\/www.w3.org\/2000\/svg\" width=\"24\" height=\"24\" viewbox=\"0 0 24 24\"><path fill=\"#eba845\" stroke=\"#eba845\" d=\"M12,17.3l6.2,3.7l-1.6-7L22,9.2l-7.2-0.6L12,2L9.2,8.6L2,9.2L7.5,14l-1.6,7L12,17.3z\"><\/path><\/svg><\/span><\/span><span class=\"book-review-block__rating-button\" role=\"button\" tabindex=\"0\"><span><svg xmlns=\"https:\/\/www.w3.org\/2000\/svg\" width=\"24\" height=\"24\" viewbox=\"0 0 24 24\"><path fill=\"#eba845\" stroke=\"#eba845\" d=\"M12,17.3l6.2,3.7l-1.6-7L22,9.2l-7.2-0.6L12,2L9.2,8.6L2,9.2L7.5,14l-1.6,7L12,17.3z\"><\/path><\/svg><\/span><span><svg xmlns=\"https:\/\/www.w3.org\/2000\/svg\" width=\"24\" height=\"24\" viewbox=\"0 0 24 24\"><path fill=\"#eba845\" stroke=\"#eba845\" d=\"M12,17.3l6.2,3.7l-1.6-7L22,9.2l-7.2-0.6L12,2L9.2,8.6L2,9.2L7.5,14l-1.6,7L12,17.3z\"><\/path><\/svg><\/span><\/span><span class=\"book-review-block__rating-button\" role=\"button\" tabindex=\"0\"><span><svg xmlns=\"https:\/\/www.w3.org\/2000\/svg\" width=\"24\" height=\"24\" viewbox=\"0 0 24 24\"><path fill=\"#eba845\" stroke=\"#eba845\" d=\"M12,17.3l6.2,3.7l-1.6-7L22,9.2l-7.2-0.6L12,2L9.2,8.6L2,9.2L7.5,14l-1.6,7L12,17.3z\"><\/path><\/svg><\/span><span><svg xmlns=\"https:\/\/www.w3.org\/2000\/svg\" width=\"24\" height=\"24\" viewbox=\"0 0 24 24\"><path fill=\"#eba845\" stroke=\"#eba845\" d=\"M12,17.3l6.2,3.7l-1.6-7L22,9.2l-7.2-0.6L12,2L9.2,8.6L2,9.2L7.5,14l-1.6,7L12,17.3z\"><\/path><\/svg><\/span><\/span><span class=\"book-review-block__rating-button\" role=\"button\" tabindex=\"0\"><span><svg xmlns=\"https:\/\/www.w3.org\/2000\/svg\" width=\"24\" height=\"24\" viewbox=\"0 0 24 24\"><path fill=\"#eba845\" stroke=\"#eba845\" d=\"M12,17.3l6.2,3.7l-1.6-7L22,9.2l-7.2-0.6L12,2L9.2,8.6L2,9.2L7.5,14l-1.6,7L12,17.3z\"><\/path><\/svg><\/span><span><svg xmlns=\"https:\/\/www.w3.org\/2000\/svg\" width=\"24\" height=\"24\" viewbox=\"0 0 24 24\"><path fill=\"#eba845\" stroke=\"#eba845\" d=\"M12,17.3l6.2,3.7l-1.6-7L22,9.2l-7.2-0.6L12,2L9.2,8.6L2,9.2L7.5,14l-1.6,7L12,17.3z\"><\/path><\/svg><\/span><\/span><\/div><\/div><\/div>\n\n\n\n<div class=\"wp-block-book-review-block-description book-review-block__description\"><p><\/p><\/div>\n<\/div>\n\n\n\n<p><strong>Inhalt:<\/strong><\/p>\n\n\n\n<p>Behutsam tastet sich Teresa an ihre Kindheit und Jugend heran, ihr Blick in die Vergangenheit ist vorsichtig geworden. erste unsichere Versuche auf dem Fahrrad an der Seite des Vaters, lange Urlaubstage im Pool mit dem Bruder, Blumenk\u00e4sten bepflanzen mit der Mutter in der hei\u00dfen sommersonne.<br><br>Doch die unbeschwerten Momente werden immer wieder eingetr\u00fcbt von Augenblicken der Zerr\u00fcttung, von Gef\u00fchlen der Hilflosigkeit und Angst. Da schwelt etwas Unausgesprochenes in dieser Familie &#8211; alle scheinen machtlos den Launen des Vaters ausgeliefert zu sein, Situationen beginnen gef\u00e4hrlich zu entgleisen. (Inhaltsangabe des Verlags)<\/p>\n\n\n\n<p><strong>Rezension:<\/strong><\/p>\n\n\n\n<p>Warum sich Erinnerungen vermischen, gute die weniger sch\u00f6nen manchmal \u00fcberdecken, doch schlechte nicht ganz vergessen werden k\u00f6nnen, kann sich Teresa nicht erkl\u00e4ren. Spielt dies \u00fcberhaupt eine Rolle, wenn man den Ausgang einer Geschichte kennt? Wie wichtig ist es, nicht nur die gegenteiligen Seiten zu betrachten, sondern auch die Zwischent\u00f6ne? Janina Hecht beschreibt in ihrem Deb\u00fct die Geschichte einer Familie, der sich diese Fragen stellen.<\/p>\n\n\n\n<blockquote class=\"wp-block-quote is-layout-flow wp-block-quote-is-layout-flow\"><p>&#8222;Manchmal w\u00fcrde ich gerne einer Version meines Vaters vertrauen. Eine Antwort haben auf die Frage, wer er war. Ich lege die Ereignisse wie Schichten aus Transparentpapier und versuche zu erkennen, was durchscheint.<\/p><cite>Janina Hecht: In diesen Sommern<\/cite><\/blockquote>\n\n\n\n<p><em>Das Zitat beschreibt \u00fcbrigens sehr gut den Aufbau des Romans.<\/em><\/p>\n\n\n\n<p>Die ersten Gedanken an die Kindheit werden beherrscht von sch\u00f6nen Gedanken. Das gemeinsame Bepflanzen von Blumenk\u00e4sten mit der Mutter, der Vater, der der Tochter das Fahrradfahren lehrt. Das Kind saugt dies alles auf und beobachtet ihre Umgebung, die Eltern und den zwei Jahr j\u00fcngeren Bruder. Doch schon zu Beginn mischen sich ernstere Momente unter, die das Schulkind zun\u00e4chst nicht einordnen kann, doch mit den Jahren werden die Ausf\u00e4lle des Vaters h\u00e4ufiger. Die Angst verhindert da noch das Auseinanderbrechen.<\/p>\n\n\n\n<blockquote class=\"wp-block-quote is-layout-flow wp-block-quote-is-layout-flow\"><p>&#8222;Ich merke, wie ich manchmal Momente gegeneinander abw\u00e4ge. Und mich frage, ob man das \u00fcberhaupt tun darf. Ob man Szenen ausstreichen kann, die nicht ins Bild passen und f\u00fcr Unruhe sorgen.&#8220;<\/p><cite>Janina Hecht: In diesen Sommern<\/cite><\/blockquote>\n\n\n\n<p>Aus Sicht von Teresa wird sehr leise eine Geschichte erz\u00e4hlt, die unscheinbar daherkommt und zun\u00e4chst nur Andeutungen macht, die \u00e4hnlich den beschriebenen Ereignissen immer mehr an Konturen gewinnt, je n\u00e4her diese der erz\u00e4hlenden jungen Erwachsenen liegen. Nur langsam sch\u00e4lt sich das Problem des Vaters heraus und r\u00fcckt in den Vordergrund. Ein jeder der Anderen muss damit umgehen und tut dies auf eigene Weise. Schnell wird klar, so wie es nicht f\u00fcr alles eine Erkl\u00e4rung gibt, ist die L\u00f6sung niemals einfach.<\/p>\n\n\n\n<p>Kompakt erz\u00e4hlt Janina Hecht eine Geschichte, wie sie in \u00e4hnlicher Form wohl in vielen Familien vorkommt. Dicht folgen die Kapitel aufeinander. Zwischent\u00f6ne werden nach und nach durch klare Schilderungen ersetzt. Wer das dann liest, sollte das passende Nervenkost\u00fcm besitzen. Es ist ein Roman, bei dem ernsthaft \u00fcber den Sinn einer Spoilerwarnung diskutiert werden kann.<\/p>\n\n\n\n<p>Der Textauszug, den der Verlag in der Erstauflage statt des Klappentextes druckt, d\u00fcrfte dies verdeutlichen, gibt jedoch auch einen guten Eindruck vom Erz\u00e4hlstil wieder, der nicht viele Worte ben\u00f6tigt, Geschehen unausgesprochen lassen kann. Trotzdem entstehen sofort Bilder, die nicht so schnell loslassen.<\/p>\n\n\n\n<blockquote class=\"wp-block-quote is-layout-flow wp-block-quote-is-layout-flow\"><p>&#8222;Mein Vater, wie er ganz ruhig den Tag beginnt, nicht ausgeglichen, aber stabil. Nie schrie er am Beginn des Tages, er ging mit vorsichtigen Schritten, manchmal etwas Weiches in seinem Gesicht. Als h\u00e4tte sich erst danach etwas ver\u00e4ndert, als f\u00fchrten erst der Mittag und der Nachmittag in eine andere Richtung, und an jedem Morgen h\u00e4tte es die M\u00f6glichkeit zu einem anderen Verlauf der Geschichte gegeben, die ich schreibe.&#8220;<\/p><cite>Janina Hecht: In diesen Sommern<\/cite><\/blockquote>\n\n\n\n<p><strong>Autorin:<\/strong><\/p>\n\n\n\n<p>Janina Hecht wurde 1983 geboren und ist eine deutsche Lektorin und Schriftstellerin. Sie studierte zun\u00e4chst Psychologie, sp\u00e4ter Neuere deutsche Literatur und Linguistik, arbeitete in verschiedenen Positionen bei Verlagen. Im Goethe-Institut in Tunis absolvierte sie ein Praktikum. &#8222;In diesen Sommern&#8220; ist ihr Deb\u00fctroman.<\/p>\n","protected":false},"excerpt":{"rendered":"<p>Inhalt: Behutsam tastet sich Teresa an ihre Kindheit und Jugend heran, ihr Blick in die Vergangenheit ist vorsichtig geworden. erste unsichere Versuche auf dem Fahrrad an der Seite des Vaters, lange Urlaubstage im Pool mit dem Bruder, Blumenk\u00e4sten bepflanzen mit der Mutter in der hei\u00dfen sommersonne. Doch die unbeschwerten Momente werden immer wieder eingetr\u00fcbt von [&hellip;]<\/p>\n","protected":false},"author":1,"featured_media":0,"comment_status":"open","ping_status":"open","sticky":false,"template":"","format":"standard","meta":{"_uag_custom_page_level_css":"","site-sidebar-layout":"default","site-content-layout":"default","ast-site-content-layout":"default","site-content-style":"default","site-sidebar-style":"default","ast-global-header-display":"","ast-banner-title-visibility":"","ast-main-header-display":"","ast-hfb-above-header-display":"","ast-hfb-below-header-display":"","ast-hfb-mobile-header-display":"","site-post-title":"","ast-breadcrumbs-content":"","ast-featured-img":"","footer-sml-layout":"","ast-disable-related-posts":"","theme-transparent-header-meta":"default","adv-header-id-meta":"","stick-header-meta":"","header-above-stick-meta":"","header-main-stick-meta":"","header-below-stick-meta":"","astra-migrate-meta-layouts":"default","ast-page-background-enabled":"default","ast-page-background-meta":{"desktop":{"background-color":"","background-image":"","background-repeat":"repeat","background-position":"center center","background-size":"auto","background-attachment":"scroll","background-type":"","background-media":"","overlay-type":"","overlay-color":"","overlay-opacity":"","overlay-gradient":""},"tablet":{"background-color":"","background-image":"","background-repeat":"repeat","background-position":"center center","background-size":"auto","background-attachment":"scroll","background-type":"","background-media":"","overlay-type":"","overlay-color":"","overlay-opacity":"","overlay-gradient":""},"mobile":{"background-color":"","background-image":"","background-repeat":"repeat","background-position":"center center","background-size":"auto","background-attachment":"scroll","background-type":"","background-media":"","overlay-type":"","overlay-color":"","overlay-opacity":"","overlay-gradient":""}},"ast-content-background-meta":{"desktop":{"background-color":"var(--ast-global-color-5)","background-image":"","background-repeat":"repeat","background-position":"center center","background-size":"auto","background-attachment":"scroll","background-type":"","background-media":"","overlay-type":"","overlay-color":"","overlay-opacity":"","overlay-gradient":""},"tablet":{"background-color":"var(--ast-global-color-5)","background-image":"","background-repeat":"repeat","background-position":"center center","background-size":"auto","background-attachment":"scroll","background-type":"","background-media":"","overlay-type":"","overlay-color":"","overlay-opacity":"","overlay-gradient":""},"mobile":{"background-color":"var(--ast-global-color-5)","background-image":"","background-repeat":"repeat","background-position":"center center","background-size":"auto","background-attachment":"scroll","background-type":"","background-media":"","overlay-type":"","overlay-color":"","overlay-opacity":"","overlay-gradient":""}},"book_review_cover_url":"","book_review_title":"","book_review_series":"","book_review_author":"","book_review_genre":"","book_review_isbn":"","book_review_publisher":"","book_review_release_date":"","book_review_format":"","book_review_pages":"","book_review_source":"","book_review_rating":"","book_review_summary":"","footnotes":""},"categories":[4],"tags":[3093,2259,89,1839,1157,2998,182,123,87,455,821,2868,3092,187,301,1330,11],"class_list":["post-5954","post","type-post","status-publish","format-standard","hentry","category-rezension","tag-alkoholsucht","tag-c-h-beck-2","tag-coming-of-age","tag-debuet","tag-eltern","tag-erinnern","tag-erinnerung","tag-erzaehlung","tag-familie","tag-familienroman","tag-gewalt","tag-highlight","tag-janina-hecht","tag-jugend","tag-leben","tag-mutter","tag-roman"],"uagb_featured_image_src":{"full":false,"thumbnail":false,"medium":false,"medium_large":false,"large":false,"wps_thumbnail_size":false,"1536x1536":false,"2048x2048":false,"buchcover":false},"uagb_author_info":{"display_name":"findo","author_link":"https:\/\/findosbuecher.com\/?author=1"},"uagb_comment_info":0,"uagb_excerpt":"Inhalt: Behutsam tastet sich Teresa an ihre Kindheit und Jugend heran, ihr Blick in die Vergangenheit ist vorsichtig geworden. erste unsichere Versuche auf dem Fahrrad an der Seite des Vaters, lange Urlaubstage im Pool mit dem Bruder, Blumenk\u00e4sten bepflanzen mit der Mutter in der hei\u00dfen sommersonne. Doch die unbeschwerten Momente werden immer wieder eingetr\u00fcbt von&hellip;","_links":{"self":[{"href":"https:\/\/findosbuecher.com\/index.php?rest_route=\/wp\/v2\/posts\/5954","targetHints":{"allow":["GET"]}}],"collection":[{"href":"https:\/\/findosbuecher.com\/index.php?rest_route=\/wp\/v2\/posts"}],"about":[{"href":"https:\/\/findosbuecher.com\/index.php?rest_route=\/wp\/v2\/types\/post"}],"author":[{"embeddable":true,"href":"https:\/\/findosbuecher.com\/index.php?rest_route=\/wp\/v2\/users\/1"}],"replies":[{"embeddable":true,"href":"https:\/\/findosbuecher.com\/index.php?rest_route=%2Fwp%2Fv2%2Fcomments&post=5954"}],"version-history":[{"count":1,"href":"https:\/\/findosbuecher.com\/index.php?rest_route=\/wp\/v2\/posts\/5954\/revisions"}],"predecessor-version":[{"id":5956,"href":"https:\/\/findosbuecher.com\/index.php?rest_route=\/wp\/v2\/posts\/5954\/revisions\/5956"}],"wp:attachment":[{"href":"https:\/\/findosbuecher.com\/index.php?rest_route=%2Fwp%2Fv2%2Fmedia&parent=5954"}],"wp:term":[{"taxonomy":"category","embeddable":true,"href":"https:\/\/findosbuecher.com\/index.php?rest_route=%2Fwp%2Fv2%2Fcategories&post=5954"},{"taxonomy":"post_tag","embeddable":true,"href":"https:\/\/findosbuecher.com\/index.php?rest_route=%2Fwp%2Fv2%2Ftags&post=5954"}],"curies":[{"name":"wp","href":"https:\/\/api.w.org\/{rel}","templated":true}]}}