{"id":5872,"date":"2021-07-18T09:25:42","date_gmt":"2021-07-18T09:25:42","guid":{"rendered":"https:\/\/findosbuecher.com\/?p=5872"},"modified":"2023-07-13T05:41:28","modified_gmt":"2023-07-13T05:41:28","slug":"kurzblick-fall-eines-kritikers","status":"publish","type":"post","link":"https:\/\/findosbuecher.com\/?p=5872","title":{"rendered":"Kurzblick: Fall eines Kritikers"},"content":{"rendered":"\n<p>In den Fluten der Berichterstattung geht derzeit zurecht eine Diskussion unter, die zun\u00e4chst hintenan gestellt werden musste. Zu ersch\u00fctternd sind gerade die Bilder aus dem Westen der Republik, zu erschreckend die Nachrichtenlage, in der es um verlorenes Hab und Gut, zerst\u00f6rte Existenzen, tote und vermisste Personen geht und einer Gro\u00dfwetterlage, in der mehr denn je die Unf\u00e4higkeit eines Kanzlerkandidaten zu Tage tritt. Damit muss und sollte man sich besch\u00e4ftigen. <br><br>Nichts desto trotz ist ein anderer Aufreger aktuell auch ersch\u00fctternd. Der Kritiker Denis Scheck stellt in mehreren Videos eine Art Anti-Kanon der Literatur vor und emp\u00f6rt damit einmal mehr.<\/p>\n\n\n\n<p>Am Anfang stand ein Video zum wohl gr\u00f6\u00dften Machwerk der Geschichte. Denis Scheck spricht \u00fcber \u201e<a href=\"https:\/\/www.swr.de\/swr2\/literatur\/adolf-hitler-mein-kampf-100.html\">Mein Kampf<\/a>\u201c, dem Buch, in dem Adolf Hitler seine Gedanken und kruden Theorien formulierte, dem sp\u00e4ter grausamste Taten folgten, die Millionen von Menschen das Leben kosteten. Das Video selbst wurde inzwischen vom verantwortlichen Fernsehsender offline genommen, doch die anderen Beitr\u00e4ge sind weiterhin zu sehen.<\/p>\n\n\n\n<p><a href=\"https:\/\/www.swr.de\/swr2\/literatur\/schecks-anti-kanon-102.html\">Denis Scheck<\/a> spricht da z. B. \u00fcber ein Buch von Christa Wolf, \u00fcber Johannes R. Becher, Stefan Fitzek und Stefan George. Andere Videos werden sicher folgen, \u00fcber AutorInnen, deren Werk der Literaturkritiker quasi gottgleich per Blitze vernichtet, die Scheck aus den H\u00e4nden schie\u00dfen und mit denen er seines Erachtens Unlesbares eliminiert.<\/p>\n\n\n\n<p>Nun darf Literatur genau so augenzwinkernd ironisch sein, wie auch b\u00f6sartigen Spott enthalten, auch muss niemand die B\u00fccher eines Thriller-Bestsellerautoren m\u00f6gen, aber hier passiert dem SWR, nein, Denis Scheck genau das, was noch vor einigen Jahren Booktubern von den etablierten Medien vorgeworfen wurde. Der Kritiker spricht hier nicht vern\u00fcnftig gegen B\u00fccher, untermauert nicht, sondern bleibt oberfl\u00e4chlich, erhebt sich gottgleich (Keine andere Assoziation l\u00e4sst der wei\u00dfe Anzug Schecks zu.) \u00fcber AutorIn und Werk. Ein Literaturpapst ben\u00f6tigt kein Argument, so die folgerichtige Aussage. Ein Blitz gen\u00fcgt.<\/p>\n\n\n\n<figure class=\"wp-block-image size-large\"><img loading=\"lazy\" decoding=\"async\" width=\"1024\" height=\"768\" src=\"https:\/\/findosbuecher.com\/wp-content\/uploads\/2018\/03\/P1070307-1024x768.jpg\" alt=\"\" class=\"wp-image-1919\" srcset=\"https:\/\/findosbuecher.com\/wp-content\/uploads\/2018\/03\/P1070307-1024x768.jpg 1024w, https:\/\/findosbuecher.com\/wp-content\/uploads\/2018\/03\/P1070307-300x225.jpg 300w, https:\/\/findosbuecher.com\/wp-content\/uploads\/2018\/03\/P1070307-768x576.jpg 768w, https:\/\/findosbuecher.com\/wp-content\/uploads\/2018\/03\/P1070307-1200x900.jpg 1200w, https:\/\/findosbuecher.com\/wp-content\/uploads\/2018\/03\/P1070307.jpg 320w\" sizes=\"auto, (max-width: 1024px) 100vw, 1024px\" \/><figcaption class=\"wp-element-caption\">Noch nicht im wei\u00dfen Anzug, auf der Buchmesse Leipzig 2018 fotografiert. (privates Foto)<\/figcaption><\/figure>\n\n\n\n<p>Was das ZDF mit dem Format \u201e<a href=\"https:\/\/www.zdf.de\/kultur\/filmgorillas\">Filmgorillas<\/a>\u201c im Bereich Filmkritik gelingt, in dem sich vier Film-Liebhaber kritisch mit cineastischen Werken auseinandersetzen, gelingt dem SWR hier im Bereich Literatur ganz und gar nicht. Dabei gibt es sie noch, Literaturformate im Fernsehen, die sich wohltuend abheben und in denen es um B\u00fccher geht, nicht prim\u00e4r den Kritiker in Szene setzen. So ist in 3sat etwa vier Mal pro Jahr das Format \u201e<a href=\"https:\/\/www.3sat.de\/kultur\/buchzeit\">Buchzeit<\/a>\u201c zu sehen, das Schweizer Fernsehen SRF geht monatlich mit seinem <a href=\"https:\/\/www.srf.ch\/play\/tv\/sendung\/literaturclub?id=7d4e63a6-9e39-454e-a3b4-9a74f7dc7e50\">Literaturclub<\/a> auf Sendung, f\u00fcr Deutsche in der Mediathek des Senders abrufbar.<\/p>\n\n\n\n<p>In beiden Formaten stehen die besprochenen Werke im Vordergrund. Es wird verh\u00e4ltnism\u00e4\u00dfig ruhig miteinander diskutiert, sich ausgetauscht, f\u00fcr oder gegen ein Werk argumentiert. So funktioniert Kritik und so niveauvoll gibt es das bei vielen Booktubern und Bloggern, die mitnichten nur die Cover in die Kamera halten, sondern sich auch mit Sprache und Wirkung, literarischen Stilmitteln und eben all den Dingen auseinandersetzen, die zu guter Literaturkritik geh\u00f6ren. Dabei sind viele kreative Ideen und Formate zu sehen. Inzwischen t\u00e4te es Sendern wie dem SWR gut, sich das einmal genauer anzuschauen.<\/p>\n\n\n\n<p>Es reicht eben nicht, Werke per Blitz zu eliminieren, zumal die Assoziation zur B\u00fccherverbrennung trotzdem steht, auch wenn sich der Sender inzwischen zumindest f\u00fcr das \u201eMein Kampf\u201c-Video entschuldigt hat. <a href=\"https:\/\/www.nd-aktuell.de\/artikel\/1154563.christa-wolf-der-subtext-dieser-erzaehlung-bleibt-ihm-verborgen.html\">Simone Barrientos<\/a> setzte sich mit Schecks Kritik zu Christa Wolfs Werk \u201eKassandra\u201c auseinander, bei <a href=\"https:\/\/www.deutschlandfunkkultur.de\/denis-schecks-anti-kanon-die-entwuerdigung-der.996.de.html?dram:article_id=500422\">DeutschlandFunkKultur<\/a> ist vom \u201eKritik-Clown\u201c (nicht Gott) zu lesen, der Literaturkritiker J\u00f6rg Magenau findet <a href=\"https:\/\/www.rbb-online.de\/rbbkultur\/radio\/programm\/schema\/sendungen\/der_tag\/archiv\/20210716_1600\/kultur_aktuell_1830.html\">deutliche Worte<\/a>, sowie das Magazin <a href=\"https:\/\/www.spiegel.de\/kultur\/literatur\/fernsehkritiker-dennis-scheck-ist-es-okay-ein-buch-von-christa-wolf-anzuzuenden-a-48fb361c-c8f3-437f-a797-086d6e52b824\">Der Spiegel<\/a> und ich sehe einmal mehr, dass echte Literaturkritik, die sich wirklich argumentativ mit dem Werk auseinandersetzt, inzwischen woanders stattfindet. Beim SWR kann es nur um blo\u00dfe Aufmerksamkeit gegangen sein. Substantielle Literaturkritik ist das zumindest nicht.<\/p>\n\n\n\n<p>Zu G\u00f6ttern in Wei\u00df hatte ich bisher jedoch eine andere Assoziation.<\/p>\n\n\n\n<p><strong>Anmerkungen:<\/strong> Links wurden zum Stand des Ver\u00f6ffentlichungszeitpunktes des Textes gepr\u00fcft. Der Autor \u00fcbernimmt daf\u00fcr keine Haftung und betont \u00fcberdies, dass dieser Beitrag die eigene sehr subjektive Meinung darstellt und nichts anderes.<br><\/p>\n\n\n\n<div class=\"wp-block-uagb-info-box uagb-block-4fedb741 uagb-infobox__content-wrap  uagb-infobox-icon-above-title uagb-infobox-image-valign-top\"><div class=\"uagb-ifb-content\"><div class=\"uagb-ifb-title-wrap\"><h3 class=\"uagb-ifb-title\">Der virtuelle Spendenhut<\/h3><\/div><p class=\"uagb-ifb-desc\">Dir hat der Beitrag gefallen? Dann freue ich mich \u00fcber eine virtuelle <a href=\"https:\/\/www.paypal.com\/paypalme\/findosbuechercom\/\" target=\"_blank\" rel=\"noreferrer noopener\">Spende<\/a>. Vielen lieben Dank.<\/p><\/div><\/div>\n","protected":false},"excerpt":{"rendered":"<p>In den Fluten der Berichterstattung geht derzeit zurecht eine Diskussion unter, die zun\u00e4chst hintenan gestellt werden musste. Zu ersch\u00fctternd sind gerade die Bilder aus dem Westen der Republik, zu erschreckend die Nachrichtenlage, in der es um verlorenes Hab und Gut, zerst\u00f6rte Existenzen, tote und vermisste Personen geht und einer Gro\u00dfwetterlage, in der mehr denn je [&hellip;]<\/p>\n","protected":false},"author":1,"featured_media":0,"comment_status":"open","ping_status":"open","sticky":false,"template":"","format":"standard","meta":{"_uag_custom_page_level_css":"","site-sidebar-layout":"default","site-content-layout":"default","ast-site-content-layout":"default","site-content-style":"default","site-sidebar-style":"default","ast-global-header-display":"","ast-banner-title-visibility":"","ast-main-header-display":"","ast-hfb-above-header-display":"","ast-hfb-below-header-display":"","ast-hfb-mobile-header-display":"","site-post-title":"","ast-breadcrumbs-content":"","ast-featured-img":"","footer-sml-layout":"","ast-disable-related-posts":"","theme-transparent-header-meta":"default","adv-header-id-meta":"","stick-header-meta":"","header-above-stick-meta":"","header-main-stick-meta":"","header-below-stick-meta":"","astra-migrate-meta-layouts":"default","ast-page-background-enabled":"default","ast-page-background-meta":{"desktop":{"background-color":"","background-image":"","background-repeat":"repeat","background-position":"center center","background-size":"auto","background-attachment":"scroll","background-type":"","background-media":"","overlay-type":"","overlay-color":"","overlay-opacity":"","overlay-gradient":""},"tablet":{"background-color":"","background-image":"","background-repeat":"repeat","background-position":"center center","background-size":"auto","background-attachment":"scroll","background-type":"","background-media":"","overlay-type":"","overlay-color":"","overlay-opacity":"","overlay-gradient":""},"mobile":{"background-color":"","background-image":"","background-repeat":"repeat","background-position":"center center","background-size":"auto","background-attachment":"scroll","background-type":"","background-media":"","overlay-type":"","overlay-color":"","overlay-opacity":"","overlay-gradient":""}},"ast-content-background-meta":{"desktop":{"background-color":"var(--ast-global-color-5)","background-image":"","background-repeat":"repeat","background-position":"center center","background-size":"auto","background-attachment":"scroll","background-type":"","background-media":"","overlay-type":"","overlay-color":"","overlay-opacity":"","overlay-gradient":""},"tablet":{"background-color":"var(--ast-global-color-5)","background-image":"","background-repeat":"repeat","background-position":"center center","background-size":"auto","background-attachment":"scroll","background-type":"","background-media":"","overlay-type":"","overlay-color":"","overlay-opacity":"","overlay-gradient":""},"mobile":{"background-color":"var(--ast-global-color-5)","background-image":"","background-repeat":"repeat","background-position":"center center","background-size":"auto","background-attachment":"scroll","background-type":"","background-media":"","overlay-type":"","overlay-color":"","overlay-opacity":"","overlay-gradient":""}},"book_review_cover_url":"","book_review_title":"","book_review_series":"","book_review_author":"","book_review_genre":"","book_review_isbn":"","book_review_publisher":"","book_review_release_date":"","book_review_format":"","book_review_pages":"","book_review_source":"","book_review_rating":"","book_review_summary":"","footnotes":""},"categories":[6],"tags":[1652,3040,3047,3033,1655,3041,3035,3044,3037,685,478,3036,257,3045,3038,3043,3034,3042,3046,3039,1032],"class_list":["post-5872","post","type-post","status-publish","format-standard","hentry","category-kurzblick","tag-3sat","tag-anti-kanon","tag-buchzeit","tag-denis-scheck","tag-deutschlandfunk","tag-dlfkultur","tag-druckfrisch","tag-filmgorillas","tag-kanon","tag-kritik","tag-kurzblick","tag-lesenswert","tag-literatur","tag-literaturclub","tag-literaturkritik","tag-rbb","tag-scheck","tag-spiegel","tag-srf","tag-swr","tag-zdf"],"uagb_featured_image_src":{"full":false,"thumbnail":false,"medium":false,"medium_large":false,"large":false,"wps_thumbnail_size":false,"1536x1536":false,"2048x2048":false,"buchcover":false},"uagb_author_info":{"display_name":"findo","author_link":"https:\/\/findosbuecher.com\/?author=1"},"uagb_comment_info":1,"uagb_excerpt":"In den Fluten der Berichterstattung geht derzeit zurecht eine Diskussion unter, die zun\u00e4chst hintenan gestellt werden musste. Zu ersch\u00fctternd sind gerade die Bilder aus dem Westen der Republik, zu erschreckend die Nachrichtenlage, in der es um verlorenes Hab und Gut, zerst\u00f6rte Existenzen, tote und vermisste Personen geht und einer Gro\u00dfwetterlage, in der mehr denn je&hellip;","_links":{"self":[{"href":"https:\/\/findosbuecher.com\/index.php?rest_route=\/wp\/v2\/posts\/5872","targetHints":{"allow":["GET"]}}],"collection":[{"href":"https:\/\/findosbuecher.com\/index.php?rest_route=\/wp\/v2\/posts"}],"about":[{"href":"https:\/\/findosbuecher.com\/index.php?rest_route=\/wp\/v2\/types\/post"}],"author":[{"embeddable":true,"href":"https:\/\/findosbuecher.com\/index.php?rest_route=\/wp\/v2\/users\/1"}],"replies":[{"embeddable":true,"href":"https:\/\/findosbuecher.com\/index.php?rest_route=%2Fwp%2Fv2%2Fcomments&post=5872"}],"version-history":[{"count":4,"href":"https:\/\/findosbuecher.com\/index.php?rest_route=\/wp\/v2\/posts\/5872\/revisions"}],"predecessor-version":[{"id":7368,"href":"https:\/\/findosbuecher.com\/index.php?rest_route=\/wp\/v2\/posts\/5872\/revisions\/7368"}],"wp:attachment":[{"href":"https:\/\/findosbuecher.com\/index.php?rest_route=%2Fwp%2Fv2%2Fmedia&parent=5872"}],"wp:term":[{"taxonomy":"category","embeddable":true,"href":"https:\/\/findosbuecher.com\/index.php?rest_route=%2Fwp%2Fv2%2Fcategories&post=5872"},{"taxonomy":"post_tag","embeddable":true,"href":"https:\/\/findosbuecher.com\/index.php?rest_route=%2Fwp%2Fv2%2Ftags&post=5872"}],"curies":[{"name":"wp","href":"https:\/\/api.w.org\/{rel}","templated":true}]}}