{"id":5817,"date":"2021-07-29T10:00:00","date_gmt":"2021-07-29T10:00:00","guid":{"rendered":"https:\/\/findosbuecher.com\/?p=5817"},"modified":"2021-07-31T05:40:41","modified_gmt":"2021-07-31T05:40:41","slug":"edgar-rai-ascona","status":"publish","type":"post","link":"https:\/\/findosbuecher.com\/?p=5817","title":{"rendered":"Edgar Rai: Ascona"},"content":{"rendered":"\n<div itemscope itemtype=\"https:\/\/schema.org\/Book\" class=\"wp-block-book-review-block-book-review book-review-block\">\n<div class=\"wp-block-image\"><figure class=\"aligncenter size-large\"><img loading=\"lazy\" decoding=\"async\" width=\"624\" height=\"1024\" itemprop=\"image\" src=\"https:\/\/findosbuecher.com\/wp-content\/uploads\/2021\/06\/produkt-10006825-print-624x1024.jpg\" alt=\"\" class=\"wp-image-5818\" srcset=\"https:\/\/findosbuecher.com\/wp-content\/uploads\/2021\/06\/produkt-10006825-print-624x1024.jpg 624w, https:\/\/findosbuecher.com\/wp-content\/uploads\/2021\/06\/produkt-10006825-print-183x300.jpg 183w, https:\/\/findosbuecher.com\/wp-content\/uploads\/2021\/06\/produkt-10006825-print-768x1260.jpg 768w, https:\/\/findosbuecher.com\/wp-content\/uploads\/2021\/06\/produkt-10006825-print-936x1536.jpg 936w, https:\/\/findosbuecher.com\/wp-content\/uploads\/2021\/06\/produkt-10006825-print-1248x2048.jpg 1248w, https:\/\/findosbuecher.com\/wp-content\/uploads\/2021\/06\/produkt-10006825-print-297x487.jpg 297w, https:\/\/findosbuecher.com\/wp-content\/uploads\/2021\/06\/produkt-10006825-print-scaled.jpg 1560w\" sizes=\"auto, (max-width: 624px) 100vw, 624px\" \/><\/figure><\/div>\n\n\n\n<div class=\"wp-block-book-review-block-metadata book-review-block__meta\"><div class=\"book-review-block__meta-item book-review-block__meta-item-title\"><div itemprop=\"name\" class=\"book-review-block__meta-item-value\">Ascona<\/div><\/div><div class=\"book-review-block__meta-item book-review-block__meta-item-series\"><div class=\"book-review-block__meta-item-value\">Edgar Rai<\/div><\/div><div itemscope itemtype=\"https:\/\/schema.org\/Person\" itemprop=\"author\" class=\"book-review-block__meta-item book-review-block__meta-item-author\"><div itemprop=\"name\" class=\"book-review-block__meta-item-value\">Rezensionsexemplar\/Roman<\/div><\/div><div class=\"book-review-block__meta-item book-review-block__meta-item-genre\"><div itemprop=\"genre\" class=\"book-review-block__meta-item-value\">Piper<\/div><\/div><div itemscope itemtype=\"https:\/\/schema.org\/Organization\" itemprop=\"publisher\" class=\"book-review-block__meta-item book-review-block__meta-item-publisher\"><div itemprop=\"name\" class=\"book-review-block__meta-item-value\">Erschienen am: 29.07.2021<\/div><\/div><div class=\"book-review-block__meta-item book-review-block__meta-item-release-date\"><div itemprop=\"datePublished\" class=\"book-review-block__meta-item-value\">Hardcover<\/div><\/div><div class=\"book-review-block__meta-item book-review-block__meta-item-format\"><div class=\"book-review-block__meta-item-value\">Seiten: 256<\/div><\/div><div class=\"book-review-block__meta-item book-review-block__meta-item-pages\"><div itemprop=\"numberOfPages\" class=\"book-review-block__meta-item-value\">ISBN: <a href=\"https:\/\/www.piper.de\/buecher\/ascona-isbn-978-3-492-07068-3\">978-3-492-07068-3<\/a><\/div><\/div><div class=\"book-review-block__meta-item book-review-block__meta-item-source\"><div class=\"book-review-block__meta-item-value\"><\/div><\/div><\/div>\n\n\n\n<div itemscope itemtype=\"https:\/\/schema.org\/Review\" itemprop=\"review\" class=\"wp-block-book-review-block-rating\"><span itemscope itemtype=\"https:\/\/schema.org\/Person\" itemprop=\"author\"><meta itemprop=\"name\" content=\"findo\"\/><\/span><div itemscope itemtype=\"https:\/\/schema.org\/Rating\" itemprop=\"reviewRating\" class=\"book-review-block__rating book-review-block__review-rating\"><meta itemprop=\"ratingValue\" content=\"4\"\/><div class=\"book-review-block__rating-buttons\"><span class=\"book-review-block__rating-button\" role=\"button\" tabindex=\"0\"><span><svg xmlns=\"https:\/\/www.w3.org\/2000\/svg\" width=\"24\" height=\"24\" viewbox=\"0 0 24 24\"><path fill=\"#eba845\" stroke=\"#eba845\" d=\"M12,17.3l6.2,3.7l-1.6-7L22,9.2l-7.2-0.6L12,2L9.2,8.6L2,9.2L7.5,14l-1.6,7L12,17.3z\"><\/path><\/svg><\/span><span><svg xmlns=\"https:\/\/www.w3.org\/2000\/svg\" width=\"24\" height=\"24\" viewbox=\"0 0 24 24\"><path fill=\"#eba845\" stroke=\"#eba845\" d=\"M12,17.3l6.2,3.7l-1.6-7L22,9.2l-7.2-0.6L12,2L9.2,8.6L2,9.2L7.5,14l-1.6,7L12,17.3z\"><\/path><\/svg><\/span><\/span><span class=\"book-review-block__rating-button\" role=\"button\" tabindex=\"0\"><span><svg xmlns=\"https:\/\/www.w3.org\/2000\/svg\" width=\"24\" height=\"24\" viewbox=\"0 0 24 24\"><path fill=\"#eba845\" stroke=\"#eba845\" d=\"M12,17.3l6.2,3.7l-1.6-7L22,9.2l-7.2-0.6L12,2L9.2,8.6L2,9.2L7.5,14l-1.6,7L12,17.3z\"><\/path><\/svg><\/span><span><svg xmlns=\"https:\/\/www.w3.org\/2000\/svg\" width=\"24\" height=\"24\" viewbox=\"0 0 24 24\"><path fill=\"#eba845\" stroke=\"#eba845\" d=\"M12,17.3l6.2,3.7l-1.6-7L22,9.2l-7.2-0.6L12,2L9.2,8.6L2,9.2L7.5,14l-1.6,7L12,17.3z\"><\/path><\/svg><\/span><\/span><span class=\"book-review-block__rating-button\" role=\"button\" tabindex=\"0\"><span><svg xmlns=\"https:\/\/www.w3.org\/2000\/svg\" width=\"24\" height=\"24\" viewbox=\"0 0 24 24\"><path fill=\"#eba845\" stroke=\"#eba845\" d=\"M12,17.3l6.2,3.7l-1.6-7L22,9.2l-7.2-0.6L12,2L9.2,8.6L2,9.2L7.5,14l-1.6,7L12,17.3z\"><\/path><\/svg><\/span><span><svg xmlns=\"https:\/\/www.w3.org\/2000\/svg\" width=\"24\" height=\"24\" viewbox=\"0 0 24 24\"><path fill=\"#eba845\" stroke=\"#eba845\" d=\"M12,17.3l6.2,3.7l-1.6-7L22,9.2l-7.2-0.6L12,2L9.2,8.6L2,9.2L7.5,14l-1.6,7L12,17.3z\"><\/path><\/svg><\/span><\/span><span class=\"book-review-block__rating-button\" role=\"button\" tabindex=\"0\"><span><svg xmlns=\"https:\/\/www.w3.org\/2000\/svg\" width=\"24\" height=\"24\" viewbox=\"0 0 24 24\"><path fill=\"#eba845\" stroke=\"#eba845\" d=\"M12,17.3l6.2,3.7l-1.6-7L22,9.2l-7.2-0.6L12,2L9.2,8.6L2,9.2L7.5,14l-1.6,7L12,17.3z\"><\/path><\/svg><\/span><span><svg xmlns=\"https:\/\/www.w3.org\/2000\/svg\" width=\"24\" height=\"24\" viewbox=\"0 0 24 24\"><path fill=\"#eba845\" stroke=\"#eba845\" d=\"M12,17.3l6.2,3.7l-1.6-7L22,9.2l-7.2-0.6L12,2L9.2,8.6L2,9.2L7.5,14l-1.6,7L12,17.3z\"><\/path><\/svg><\/span><\/span><span class=\"book-review-block__rating-button\" role=\"button\" tabindex=\"0\"><span><svg xmlns=\"https:\/\/www.w3.org\/2000\/svg\" width=\"24\" height=\"24\" viewbox=\"0 0 24 24\"><path class=\"is-rating-unfilled\" fill=\"#eba845\" stroke=\"#eba845\" d=\"M12,17.3l6.2,3.7l-1.6-7L22,9.2l-7.2-0.6L12,2L9.2,8.6L2,9.2L7.5,14l-1.6,7L12,17.3z\"><\/path><\/svg><\/span><span><svg xmlns=\"https:\/\/www.w3.org\/2000\/svg\" width=\"24\" height=\"24\" viewbox=\"0 0 24 24\"><path class=\"is-rating-unfilled\" fill=\"#eba845\" stroke=\"#eba845\" d=\"M12,17.3l6.2,3.7l-1.6-7L22,9.2l-7.2-0.6L12,2L9.2,8.6L2,9.2L7.5,14l-1.6,7L12,17.3z\"><\/path><\/svg><\/span><\/span><\/div><\/div><\/div>\n\n\n\n<div class=\"wp-block-book-review-block-description book-review-block__description\"><p><\/p><\/div>\n<\/div>\n\n\n\n<p><strong>Inhalt:<\/strong><br>Zu Beginn der Drei\u00dfiger Jahre steht Erich Maria Remarque im Zenit seines Erfolgs. Doch als der von allen gefeierte Schriftsteller vor den Nationalsozialisten ins Exil am Lago Maggiore fliehen muss, st\u00fcrzen ihn die politischen Ereignisse in tiefe Ratlosigkeit. Auch mit seinem neuen Roman ger\u00e4t er in eine Sackgasse. Auf einer Odyssee durch Europa sucht er nach Auswegen \u2013 und w\u00e4hlt den riskantesten. (Klappentext)<\/p>\n\n\n\n<p><strong>Rezension:<\/strong><br>Ein verschlafenes Nest an der Grenze zu Italien wird f\u00fcr eine lose Gruppe von K\u00fcnstlern zum Zufluchtsort vor den H\u00e4schern in ihrer eigentlichen Heimat. Ernst Toller fl\u00fcchtete sich an den Lago Maggiore, ebenso die Dichterin Else Lasker-Sch\u00fcler und viele andere.<br><br>Der Ber\u00fchmteste unter ihnen, der dort Schutz vor den Nationalsozialisten suchte, war der Schriftsteller Erich Maria Remarque, dessen Roman \u201eIm Westen nichts Neues\u201c, ihm 1929 ber\u00fchmt machte und von den neuen Machthabern bald darauf verbrannt wurde. Er ist der Hauptprotagonist von Edgar Rais&#8216; historischen Roman \u201eAscona\u201c, der die flirrende Atmosph\u00e4re zwischen den ins Exil getriebenen sp\u00fcren l\u00e4sst und die Spuren Remarques in seiner Lebens- und Schaffenskrise verfolgt.<br><br>Bildgewaltig beginnt der Roman mit einem Knall und einem Erz\u00e4hltempo, welches einen schnellen Ortswechsel f\u00fcr den Hauptprotagonisten zu folge hat. Dies beh\u00e4lt Rai die gesamte Erz\u00e4hlung \u00fcber durch und zeigt einen K\u00fcnstler, der es, im Gegensatz zu vielen anderen K\u00fcnstlern vergleichsweise gut getroffen hat.<br><br>Abgesehen von seiner Heimat verkauften sich seine B\u00fccher weiter im Ausland, auch hatte er dort ein Anwesen zur Verf\u00fcgung und Verbindungen, die ihm halt gaben. So liegt der Fokus des Autoren hier auf den Schaffensprozess zu einem Roman, den der gefeierte Schriftsteller von den Ereignissen der Zeit \u00fcberholt sah. Dieses Ringen um den Erz\u00e4hlstoff und auf einer anderen Ebene Remarques mit sich selbst, setzt Rai sprachlich wunderbar in Szene.<\/p>\n\n\n\n<blockquote class=\"wp-block-quote is-layout-flow wp-block-quote-is-layout-flow\"><p>\u201e<em>Der Roman lag vor ihm wie ein ausgenommener Hecht, die Eingeweide \u00fcber den Tisch verteilt. Jetzt galt es festzustellen, welche von ihnen noch brauchbar und welche bereits verdorben waren, die Filets von den Flossen zu trennen, den Schwanz wegzuwerfen, den Kopf auszukochen und sorgsam die Gr\u00e4ten zu entfernen.\u201c<\/em><\/p><cite>Edgar Rai: Ascona<\/cite><\/blockquote>\n\n\n\n<p>Gleichnisse, wie diese, durchziehen die Handlung und verdeutlichen die Perspektive des Protagonisten, sowie seine genaue Beobachtungsgabe. Beim Lesen f\u00fchlt man sich indes als danebenstehend, als w\u00fcrde man bei Remarque pers\u00f6nlich zu Gast sein und eingenommen von den Figuren, die Rai einen versuchten Alltag leben l\u00e4sst. Wie ist das m\u00f6glich, wird man unweigerlich fragen, wenn von einem auf den anderen Tag alle Gewissheiten gekippt werden?<br><br>Dies schafft der Autor zu verdeutlichen, ebenso wie die Protagonisten mit Ecken und Kanten versehen sind. Selbst der Hauptprotagonist hat Schattenseiten, die diesen ehrlicher wirken lassen und greifbar machen.<br><br>Man muss kein Kenner der Materie sein, sich zuvor weder mit Remarque noch seinen Werken oder die Biografien der anderen Exilanten besch\u00e4ftigt haben, um der Erz\u00e4hlung folgen zu k\u00f6nnen. Wer liest, taucht ein und verfolgt diese tragischen Schicksale, die jede ihren eigenen Weg suchen, um mit den Ereignissen fertig zu werden. Das funktioniert, da auch hinter diesem Roman eine Rechercheleistung steckt, die man jeder Zeile ansieht.<br><br>Der Ausgang der Geschichte ist bekannt. Die letzten Kapitel zeigen den Beginn eines neuen Lebens, wobei der eigentliche Roman beendet ist. Gef\u00fchlt ist dies Stoff f\u00fcr ein eigenst\u00e4ndiges Werk und f\u00fcgt sich nicht ganz so organisch an, wie die vorherigen Abschnitte. Das soll jedoch nicht schwer ins Gewicht fallen und ist \u00fcberdies eigenes Empfinden. Was bleibt ist ein in Romanform geschriebenes zeithistorisches Portr\u00e4t, mit dem Rai einer weiteren fast vergessenen Episode ein kleines Denkmal geschaffen hat. Und das ist doch auch ganz sch\u00f6n, oder?<\/p>\n\n\n\n<p><strong>Autor:<\/strong><br>Edgar Rai wurde 1967 geboren und ist ein deutscher \u00dcbersetzer und Schriftsteller. Zun\u00e4chst studierte er Musikwissenschaften und Anglistik, bevor er seit 2012 Mitarbeiter einer literarischen Buchhandlung in Berlin wurde. Unter Pseudonym und unter eigenem namen schrieb er verschiedene Romane, lehrte von 2003-2008 an der FU Berlin Kreatives Schreiben. Er lebt mit seiner Familie in Berlin.<\/p>\n","protected":false},"excerpt":{"rendered":"<p>Inhalt:Zu Beginn der Drei\u00dfiger Jahre steht Erich Maria Remarque im Zenit seines Erfolgs. Doch als der von allen gefeierte Schriftsteller vor den Nationalsozialisten ins Exil am Lago Maggiore fliehen muss, st\u00fcrzen ihn die politischen Ereignisse in tiefe Ratlosigkeit. Auch mit seinem neuen Roman ger\u00e4t er in eine Sackgasse. Auf einer Odyssee durch Europa sucht er [&hellip;]<\/p>\n","protected":false},"author":1,"featured_media":0,"comment_status":"open","ping_status":"open","sticky":false,"template":"","format":"standard","meta":{"_uag_custom_page_level_css":"","site-sidebar-layout":"default","site-content-layout":"default","ast-site-content-layout":"default","site-content-style":"default","site-sidebar-style":"default","ast-global-header-display":"","ast-banner-title-visibility":"","ast-main-header-display":"","ast-hfb-above-header-display":"","ast-hfb-below-header-display":"","ast-hfb-mobile-header-display":"","site-post-title":"","ast-breadcrumbs-content":"","ast-featured-img":"","footer-sml-layout":"","ast-disable-related-posts":"","theme-transparent-header-meta":"default","adv-header-id-meta":"","stick-header-meta":"","header-above-stick-meta":"","header-main-stick-meta":"","header-below-stick-meta":"","astra-migrate-meta-layouts":"default","ast-page-background-enabled":"default","ast-page-background-meta":{"desktop":{"background-color":"","background-image":"","background-repeat":"repeat","background-position":"center center","background-size":"auto","background-attachment":"scroll","background-type":"","background-media":"","overlay-type":"","overlay-color":"","overlay-opacity":"","overlay-gradient":""},"tablet":{"background-color":"","background-image":"","background-repeat":"repeat","background-position":"center center","background-size":"auto","background-attachment":"scroll","background-type":"","background-media":"","overlay-type":"","overlay-color":"","overlay-opacity":"","overlay-gradient":""},"mobile":{"background-color":"","background-image":"","background-repeat":"repeat","background-position":"center center","background-size":"auto","background-attachment":"scroll","background-type":"","background-media":"","overlay-type":"","overlay-color":"","overlay-opacity":"","overlay-gradient":""}},"ast-content-background-meta":{"desktop":{"background-color":"var(--ast-global-color-5)","background-image":"","background-repeat":"repeat","background-position":"center center","background-size":"auto","background-attachment":"scroll","background-type":"","background-media":"","overlay-type":"","overlay-color":"","overlay-opacity":"","overlay-gradient":""},"tablet":{"background-color":"var(--ast-global-color-5)","background-image":"","background-repeat":"repeat","background-position":"center center","background-size":"auto","background-attachment":"scroll","background-type":"","background-media":"","overlay-type":"","overlay-color":"","overlay-opacity":"","overlay-gradient":""},"mobile":{"background-color":"var(--ast-global-color-5)","background-image":"","background-repeat":"repeat","background-position":"center center","background-size":"auto","background-attachment":"scroll","background-type":"","background-media":"","overlay-type":"","overlay-color":"","overlay-opacity":"","overlay-gradient":""}},"book_review_cover_url":"","book_review_title":"","book_review_series":"","book_review_author":"","book_review_genre":"","book_review_isbn":"","book_review_publisher":"","book_review_release_date":"","book_review_format":"","book_review_pages":"","book_review_source":"","book_review_rating":"","book_review_summary":"","footnotes":""},"categories":[4],"tags":[2989,2986,1679,1857,123,1700,218,2988,1861,2990,193,1482,2987,11,2991,460],"class_list":["post-5817","post","type-post","status-publish","format-standard","hentry","category-rezension","tag-190er","tag-ascona","tag-buecherverbrennung","tag-edgar-rai","tag-erzaehlung","tag-exil","tag-flucht","tag-im-westen-nichts-neues","tag-marlene-dietrich","tag-nationalsozialisten","tag-ns-regime","tag-piper","tag-remarque","tag-roman","tag-schaffensprozess","tag-schweiz"],"uagb_featured_image_src":{"full":false,"thumbnail":false,"medium":false,"medium_large":false,"large":false,"wps_thumbnail_size":false,"1536x1536":false,"2048x2048":false,"buchcover":false},"uagb_author_info":{"display_name":"findo","author_link":"https:\/\/findosbuecher.com\/?author=1"},"uagb_comment_info":2,"uagb_excerpt":"Inhalt:Zu Beginn der Drei\u00dfiger Jahre steht Erich Maria Remarque im Zenit seines Erfolgs. Doch als der von allen gefeierte Schriftsteller vor den Nationalsozialisten ins Exil am Lago Maggiore fliehen muss, st\u00fcrzen ihn die politischen Ereignisse in tiefe Ratlosigkeit. Auch mit seinem neuen Roman ger\u00e4t er in eine Sackgasse. Auf einer Odyssee durch Europa sucht er&hellip;","_links":{"self":[{"href":"https:\/\/findosbuecher.com\/index.php?rest_route=\/wp\/v2\/posts\/5817","targetHints":{"allow":["GET"]}}],"collection":[{"href":"https:\/\/findosbuecher.com\/index.php?rest_route=\/wp\/v2\/posts"}],"about":[{"href":"https:\/\/findosbuecher.com\/index.php?rest_route=\/wp\/v2\/types\/post"}],"author":[{"embeddable":true,"href":"https:\/\/findosbuecher.com\/index.php?rest_route=\/wp\/v2\/users\/1"}],"replies":[{"embeddable":true,"href":"https:\/\/findosbuecher.com\/index.php?rest_route=%2Fwp%2Fv2%2Fcomments&post=5817"}],"version-history":[{"count":4,"href":"https:\/\/findosbuecher.com\/index.php?rest_route=\/wp\/v2\/posts\/5817\/revisions"}],"predecessor-version":[{"id":5946,"href":"https:\/\/findosbuecher.com\/index.php?rest_route=\/wp\/v2\/posts\/5817\/revisions\/5946"}],"wp:attachment":[{"href":"https:\/\/findosbuecher.com\/index.php?rest_route=%2Fwp%2Fv2%2Fmedia&parent=5817"}],"wp:term":[{"taxonomy":"category","embeddable":true,"href":"https:\/\/findosbuecher.com\/index.php?rest_route=%2Fwp%2Fv2%2Fcategories&post=5817"},{"taxonomy":"post_tag","embeddable":true,"href":"https:\/\/findosbuecher.com\/index.php?rest_route=%2Fwp%2Fv2%2Ftags&post=5817"}],"curies":[{"name":"wp","href":"https:\/\/api.w.org\/{rel}","templated":true}]}}