{"id":5722,"date":"2021-04-23T20:46:13","date_gmt":"2021-04-23T20:46:13","guid":{"rendered":"https:\/\/findosbuecher.com\/?p=5722"},"modified":"2021-04-23T21:31:44","modified_gmt":"2021-04-23T21:31:44","slug":"natasha-a-kelly-rassismus-strukturelle-probleme-brauchen-strukturelle-loesungen","status":"publish","type":"post","link":"https:\/\/findosbuecher.com\/?p=5722","title":{"rendered":"Natasha A. Kelly: Rassismus &#8211; Strukturelle Probleme brauchen strukturelle L\u00f6sungen!"},"content":{"rendered":"\n<div itemscope itemtype=\"https:\/\/schema.org\/Book\" class=\"wp-block-book-review-block-book-review book-review-block\">\n<div class=\"wp-block-image\"><figure class=\"aligncenter size-large\"><img loading=\"lazy\" decoding=\"async\" width=\"620\" height=\"1024\" itemprop=\"image\" src=\"https:\/\/findosbuecher.com\/wp-content\/uploads\/2021\/04\/Cover_Kelly_Rassismus-620x1024.jpg\" alt=\"\" class=\"wp-image-5723\" srcset=\"https:\/\/findosbuecher.com\/wp-content\/uploads\/2021\/04\/Cover_Kelly_Rassismus-620x1024.jpg 620w, https:\/\/findosbuecher.com\/wp-content\/uploads\/2021\/04\/Cover_Kelly_Rassismus-182x300.jpg 182w, https:\/\/findosbuecher.com\/wp-content\/uploads\/2021\/04\/Cover_Kelly_Rassismus-768x1269.jpg 768w, https:\/\/findosbuecher.com\/wp-content\/uploads\/2021\/04\/Cover_Kelly_Rassismus-930x1536.jpg 930w, https:\/\/findosbuecher.com\/wp-content\/uploads\/2021\/04\/Cover_Kelly_Rassismus-1240x2048.jpg 1240w, https:\/\/findosbuecher.com\/wp-content\/uploads\/2021\/04\/Cover_Kelly_Rassismus-295x487.jpg 295w, https:\/\/findosbuecher.com\/wp-content\/uploads\/2021\/04\/Cover_Kelly_Rassismus.jpg 1359w\" sizes=\"auto, (max-width: 620px) 100vw, 620px\" \/><\/figure><\/div>\n\n\n\n<div class=\"wp-block-book-review-block-metadata book-review-block__meta\"><div class=\"book-review-block__meta-item book-review-block__meta-item-title\"><div itemprop=\"name\" class=\"book-review-block__meta-item-value\">Rassismus &#8211; Strukturelle Probleme brauchen strukturelle L\u00f6sungen!<\/div><\/div><div class=\"book-review-block__meta-item book-review-block__meta-item-series\"><div class=\"book-review-block__meta-item-value\">Natasha A. Kelly<\/div><\/div><div itemscope itemtype=\"https:\/\/schema.org\/Person\" itemprop=\"author\" class=\"book-review-block__meta-item book-review-block__meta-item-author\"><div itemprop=\"name\" class=\"book-review-block__meta-item-value\">Rezensionsexemplar\/Essay<\/div><\/div><div class=\"book-review-block__meta-item book-review-block__meta-item-genre\"><div itemprop=\"genre\" class=\"book-review-block__meta-item-value\">Atrium Verlag<\/div><\/div><div itemscope itemtype=\"https:\/\/schema.org\/Organization\" itemprop=\"publisher\" class=\"book-review-block__meta-item book-review-block__meta-item-publisher\"><div itemprop=\"name\" class=\"book-review-block__meta-item-value\">Erschienen am: 23.04.2021<\/div><\/div><div class=\"book-review-block__meta-item book-review-block__meta-item-release-date\"><div itemprop=\"datePublished\" class=\"book-review-block__meta-item-value\">Taschenbuch<\/div><\/div><div class=\"book-review-block__meta-item book-review-block__meta-item-format\"><div class=\"book-review-block__meta-item-value\">Seiten: 127<\/div><\/div><div class=\"book-review-block__meta-item book-review-block__meta-item-pages\"><div itemprop=\"numberOfPages\" class=\"book-review-block__meta-item-value\">ISBN: <a href=\"https:\/\/www.politycki-partner.de\/projekt\/rassismus\/\">978-3-85535-114-5<\/a><\/div><\/div><div class=\"book-review-block__meta-item book-review-block__meta-item-source\"><div class=\"book-review-block__meta-item-value\"><\/div><\/div><\/div>\n\n\n\n<div itemscope itemtype=\"https:\/\/schema.org\/Review\" itemprop=\"review\" class=\"wp-block-book-review-block-rating\"><span itemscope itemtype=\"https:\/\/schema.org\/Person\" itemprop=\"author\"><meta itemprop=\"name\" content=\"findo\"\/><\/span><div itemscope itemtype=\"https:\/\/schema.org\/Rating\" itemprop=\"reviewRating\" class=\"book-review-block__rating book-review-block__review-rating\"><meta itemprop=\"ratingValue\" content=\"5\"\/><div class=\"book-review-block__rating-buttons\"><span class=\"book-review-block__rating-button\" role=\"button\" tabindex=\"0\"><span><svg xmlns=\"https:\/\/www.w3.org\/2000\/svg\" width=\"24\" height=\"24\" viewbox=\"0 0 24 24\"><path fill=\"#eba845\" stroke=\"#eba845\" d=\"M12,17.3l6.2,3.7l-1.6-7L22,9.2l-7.2-0.6L12,2L9.2,8.6L2,9.2L7.5,14l-1.6,7L12,17.3z\"><\/path><\/svg><\/span><span><svg xmlns=\"https:\/\/www.w3.org\/2000\/svg\" width=\"24\" height=\"24\" viewbox=\"0 0 24 24\"><path fill=\"#eba845\" stroke=\"#eba845\" d=\"M12,17.3l6.2,3.7l-1.6-7L22,9.2l-7.2-0.6L12,2L9.2,8.6L2,9.2L7.5,14l-1.6,7L12,17.3z\"><\/path><\/svg><\/span><\/span><span class=\"book-review-block__rating-button\" role=\"button\" tabindex=\"0\"><span><svg xmlns=\"https:\/\/www.w3.org\/2000\/svg\" width=\"24\" height=\"24\" viewbox=\"0 0 24 24\"><path fill=\"#eba845\" stroke=\"#eba845\" d=\"M12,17.3l6.2,3.7l-1.6-7L22,9.2l-7.2-0.6L12,2L9.2,8.6L2,9.2L7.5,14l-1.6,7L12,17.3z\"><\/path><\/svg><\/span><span><svg xmlns=\"https:\/\/www.w3.org\/2000\/svg\" width=\"24\" height=\"24\" viewbox=\"0 0 24 24\"><path fill=\"#eba845\" stroke=\"#eba845\" d=\"M12,17.3l6.2,3.7l-1.6-7L22,9.2l-7.2-0.6L12,2L9.2,8.6L2,9.2L7.5,14l-1.6,7L12,17.3z\"><\/path><\/svg><\/span><\/span><span class=\"book-review-block__rating-button\" role=\"button\" tabindex=\"0\"><span><svg xmlns=\"https:\/\/www.w3.org\/2000\/svg\" width=\"24\" height=\"24\" viewbox=\"0 0 24 24\"><path fill=\"#eba845\" stroke=\"#eba845\" d=\"M12,17.3l6.2,3.7l-1.6-7L22,9.2l-7.2-0.6L12,2L9.2,8.6L2,9.2L7.5,14l-1.6,7L12,17.3z\"><\/path><\/svg><\/span><span><svg xmlns=\"https:\/\/www.w3.org\/2000\/svg\" width=\"24\" height=\"24\" viewbox=\"0 0 24 24\"><path fill=\"#eba845\" stroke=\"#eba845\" d=\"M12,17.3l6.2,3.7l-1.6-7L22,9.2l-7.2-0.6L12,2L9.2,8.6L2,9.2L7.5,14l-1.6,7L12,17.3z\"><\/path><\/svg><\/span><\/span><span class=\"book-review-block__rating-button\" role=\"button\" tabindex=\"0\"><span><svg xmlns=\"https:\/\/www.w3.org\/2000\/svg\" width=\"24\" height=\"24\" viewbox=\"0 0 24 24\"><path fill=\"#eba845\" stroke=\"#eba845\" d=\"M12,17.3l6.2,3.7l-1.6-7L22,9.2l-7.2-0.6L12,2L9.2,8.6L2,9.2L7.5,14l-1.6,7L12,17.3z\"><\/path><\/svg><\/span><span><svg xmlns=\"https:\/\/www.w3.org\/2000\/svg\" width=\"24\" height=\"24\" viewbox=\"0 0 24 24\"><path fill=\"#eba845\" stroke=\"#eba845\" d=\"M12,17.3l6.2,3.7l-1.6-7L22,9.2l-7.2-0.6L12,2L9.2,8.6L2,9.2L7.5,14l-1.6,7L12,17.3z\"><\/path><\/svg><\/span><\/span><span class=\"book-review-block__rating-button\" role=\"button\" tabindex=\"0\"><span><svg xmlns=\"https:\/\/www.w3.org\/2000\/svg\" width=\"24\" height=\"24\" viewbox=\"0 0 24 24\"><path fill=\"#eba845\" stroke=\"#eba845\" d=\"M12,17.3l6.2,3.7l-1.6-7L22,9.2l-7.2-0.6L12,2L9.2,8.6L2,9.2L7.5,14l-1.6,7L12,17.3z\"><\/path><\/svg><\/span><span><svg xmlns=\"https:\/\/www.w3.org\/2000\/svg\" width=\"24\" height=\"24\" viewbox=\"0 0 24 24\"><path fill=\"#eba845\" stroke=\"#eba845\" d=\"M12,17.3l6.2,3.7l-1.6-7L22,9.2l-7.2-0.6L12,2L9.2,8.6L2,9.2L7.5,14l-1.6,7L12,17.3z\"><\/path><\/svg><\/span><\/span><\/div><\/div><\/div>\n\n\n\n<div class=\"wp-block-book-review-block-description book-review-block__description\"><p><strong>Inhalt:<\/strong><\/p><p>Es ist an der Zeit, die Antirassismusdebatte endlich voranzubringen! Rassismus ist eine Ideologie, die seit Langem unsere gesamte Gesellschaft durchzieht und ihre Strukturen pr\u00e4gt &#8211; in der \u00f6ffentlichen Debatte wird jedoch meist allein auf der individuellen Ebene nach L\u00f6sungen gesucht. Wir m\u00fcssen aber die strukturelle Dimension des Rassismus verstehen, um erfolgsversprechende Ma\u00dfnahmen dagegen entwickeln zu k\u00f6nnen. Natasha A. Kelly setzt mit ihrem grundlegenden Buch nun elementare Impulse f\u00fcr eine l\u00e4ngst \u00fcberf\u00e4llige Diskussion. (Klappentext)<\/p><\/div>\n<\/div>\n\n\n\n<p><strong>Rezension:<\/strong><\/p>\n\n\n\n<p>Nur die spektakul\u00e4rsten und grausamsten F\u00e4lle rassistisch motivierter Gewalttaten schaffen es in unserer Nachrichtenlage. Von allem anderen bleiben nur mehr Zahlen f\u00fcr die Statistiken. Doch, Rassismus ist in unserer Gesellschaft seit Jahrhunderten fest verankert und beginnt im Kleinen, oft unterbewusst, im Alltag.<\/p>\n\n\n\n<blockquote class=\"wp-block-quote is-layout-flow wp-block-quote-is-layout-flow\"><p>Erst dann, wenn wir also verstanden haben, dass Rassismus strukturell ist, das Rassedenken ungebrochen fortwirkt, Kolonialismus noch andauert [\u2026], k\u00f6nnen wir diese Debatten zusammenf\u00fchren und nicht nur soziale Gerechtigkeit, sondern intersektionale Gerichtigkeit einfordern. Wenn wir aber die politischen Themen und gesellschaftlichen Teilbereiche voeneinander isolieren, kommen wir nicht an die verwobenen Strukturen des Rassismus heran und k\u00f6nnen auch keine nachhaltigen L\u00f6sungen finden.<\/p><cite>Natasha A. Kelly: Rassismus &#8211; Strukturelle Probleme brauchen strukturelle L\u00f6sungen!<\/cite><\/blockquote>\n\n\n\n<p>Zu oft konzentrieren wir uns auf die einzelnen Geschehnisse, die Beh\u00f6rden sowie so, zu wenig werden die Strukturen betrachtet, die in unserem Denken, unseren Institutionen fest verankert sind und Grundlage der Problematik sind. Die Kommunikationssoziologin Natasha A. Kelly stellt dies zur Diskussion.<\/p>\n\n\n\n<p>In ihrem Essay definiert die Autorin zun\u00e4chst, was genau Rassismus bedeutet, wie sich dieser \u00e4u\u00dfert und wie sich dieses Denken in unserer Gesellschaft verankern konnte. Ausf\u00fchrlich wird dabei auf die Geschichte eingegangen, den Beitrag etwa, den das Streben nach Kolonien geleistet haben oder auch ansonsten gefragte Philosophen, darauf aufbauend der Bogen vom biologischen zum soziologischen Rassebegriff.<\/p>\n\n\n\n<p>Natasha A. Kelly verdeutlicht schon hier komplexe Zusammenh\u00e4nge, immer wieder mit Beispielen aus ihrer Forschung und Arbeit, die das Grundproblem verdeutlichen, um dann die Rolle von Wissenschaft und Bildung hervorzuheben, die bei der Bek\u00e4mpfung von Rassismus eine wesentliche Rolle spielen m\u00fcssen.<\/p>\n\n\n\n<p>Das kommt alles unaufgeregt daher, dennoch eindr\u00fccklich, wobei sich die Autorin nat\u00fcrlich nicht scheut, auch unsere Sprache zu beleuchten, nicht zuletzt die unsere Gesellschaft tragenden und sichernden Institutionen. Das kann man alles sehr hochtrabend und ausf\u00fchrlich gestalten, oder kompakt und klar, wie es Kelly tut, die mit ihrem Essay einen wertvollen Debattenbeitrag liefert.<\/p>\n\n\n\n<p>Ihre Argumentation ist in sich geschlossen, baut logisch aufeinander auf und ist nachvollziehbar, zeigt die Schw\u00e4chen in der aktuell laufenden Diskussion, aber auch, zu wenige, gut funktionierende Ans\u00e4tze, die von den staatlichen Institutionen zu wenig mitgetragen werden oder in die falsche Richtung zeigen, was z. B. Die Debatte um die Streichung des Begriffs \u201eRasse\u201c im Grundgesetz verdeutlicht.<\/p>\n\n\n\n<blockquote class=\"wp-block-quote is-layout-flow wp-block-quote-is-layout-flow\"><p>Zu diesem Zeitpunkt muss es darum gehen, die Voraussetzungen daf\u00fcr zu schaffen, die tradierten rassistischen Vorstellungen, die mit &#8222;Rasse&#8220; einhergehen, aufzul\u00f6sen. Dazu muss der begonnene Protzess gesamtgesellschaftlich sichtbar gemacht und weitergetragen werden, was meines Erachtens nur durch Wissenschaft, Forschung und Bildung erzielt werden kann. Eine &#8222;rassistische Wende&#8220; kann nur dann gelingen, wenn Black Studies institutionalisiert werden.<\/p><cite>Natasha A. Kelly: Rassismus &#8211; Strukturelle Probleme brauchen strukturelle L\u00f6sungen!<\/cite><\/blockquote>\n\n\n\n<p>Es ist ein wichtiger Text, der hier vorgelegt wird und sp\u00e4testens jetzt Ansto\u00df f\u00fcr ein gr\u00f6\u00dferes Umdenken und Aufbrechen der Strukturen sein sollte, die Rassismus in unserer Gesellschaft bef\u00f6rdern. Der darauf basierende Prozess wird schwieriger sein und l\u00e4nger dauern.<\/p>\n\n\n\n<p><strong>Weiterf\u00fchrende Links:<\/strong><\/p>\n\n\n\n<p><a href=\"https:\/\/www.youtube.com\/watch?v=HICFyJH3Ap4\">&#8222;Andere Hautfarbe, anderer Name \u2013 Sind in Deutschland alle gleich?&#8220; &#8211; phoenix runde vom 09.06.20<\/a><\/p>\n\n\n\n<p><a href=\"https:\/\/www.youtube.com\/watch?v=Y-T8YVJ5Z3Y\">Natasha A. Kelly \u00fcber Kolonialismus, Rassismus &amp; Afrodeutsche &#8211; Jung &amp; Naiv: Folge 494<\/a><\/p>\n\n\n\n<p>Natasha A. Kelly <a href=\"https:\/\/twitter.com\/natashaakelly?ref_src=twsrc%5Egoogle%7Ctwcamp%5Eserp%7Ctwgr%5Eauthor\">Twitter<\/a> \/ <a href=\"https:\/\/www.instagram.com\/natasha.a.kelly\/?hl=de\">Instagram<\/a> \/ <a href=\"https:\/\/www.natashaakelly.com\/\">Homepage<\/a><\/p>\n\n\n\n<p><strong>Autorin:<\/strong><\/p>\n\n\n\n<p>Natasha A. Kelly wurde 1973 in London geboren und ist eine promovierte Kommunikations-soziologin mit den Forschungsschwerpunkten Kolonialismus und Feminismus, zudem wirkt sie auch als Kuratorin und Dozentin. Von 2010 an arbeitete sie mehrere Jahre als wissenschaftliche Mitarbeiterin am Zentrum f\u00fcr transdisziplin\u00e4re Geschlechterstudien der Humboldt-Universit\u00e4t zu Berlin.<\/p>\n\n\n\n<p>2018 feierte sie ihr Filmdeb\u00fct mit der Dokumentation &#8222;Millis Erwachen&#8220;. Kelly ist u. a. Gr\u00fcndungsmitglied des Black European Academic Network (BEAN), einer Plattform zur F\u00f6rderung der Vernetzung und Verbreitung Schwarzer Europ\u00e4ischer Geschichte f\u00fcr Wissenschaftler. Mit ihrer Familie lebt sie in Berlin.<\/p>\n","protected":false},"excerpt":{"rendered":"<p>Rezension: Nur die spektakul\u00e4rsten und grausamsten F\u00e4lle rassistisch motivierter Gewalttaten schaffen es in unserer Nachrichtenlage. Von allem anderen bleiben nur mehr Zahlen f\u00fcr die Statistiken. Doch, Rassismus ist in unserer Gesellschaft seit Jahrhunderten fest verankert und beginnt im Kleinen, oft unterbewusst, im Alltag. Erst dann, wenn wir also verstanden haben, dass Rassismus strukturell ist, das [&hellip;]<\/p>\n","protected":false},"author":1,"featured_media":0,"comment_status":"open","ping_status":"open","sticky":false,"template":"","format":"standard","meta":{"_uag_custom_page_level_css":"","site-sidebar-layout":"default","site-content-layout":"default","ast-site-content-layout":"default","site-content-style":"default","site-sidebar-style":"default","ast-global-header-display":"","ast-banner-title-visibility":"","ast-main-header-display":"","ast-hfb-above-header-display":"","ast-hfb-below-header-display":"","ast-hfb-mobile-header-display":"","site-post-title":"","ast-breadcrumbs-content":"","ast-featured-img":"","footer-sml-layout":"","ast-disable-related-posts":"","theme-transparent-header-meta":"default","adv-header-id-meta":"","stick-header-meta":"","header-above-stick-meta":"","header-main-stick-meta":"","header-below-stick-meta":"","astra-migrate-meta-layouts":"default","ast-page-background-enabled":"default","ast-page-background-meta":{"desktop":{"background-color":"","background-image":"","background-repeat":"repeat","background-position":"center center","background-size":"auto","background-attachment":"scroll","background-type":"","background-media":"","overlay-type":"","overlay-color":"","overlay-opacity":"","overlay-gradient":""},"tablet":{"background-color":"","background-image":"","background-repeat":"repeat","background-position":"center center","background-size":"auto","background-attachment":"scroll","background-type":"","background-media":"","overlay-type":"","overlay-color":"","overlay-opacity":"","overlay-gradient":""},"mobile":{"background-color":"","background-image":"","background-repeat":"repeat","background-position":"center center","background-size":"auto","background-attachment":"scroll","background-type":"","background-media":"","overlay-type":"","overlay-color":"","overlay-opacity":"","overlay-gradient":""}},"ast-content-background-meta":{"desktop":{"background-color":"var(--ast-global-color-5)","background-image":"","background-repeat":"repeat","background-position":"center center","background-size":"auto","background-attachment":"scroll","background-type":"","background-media":"","overlay-type":"","overlay-color":"","overlay-opacity":"","overlay-gradient":""},"tablet":{"background-color":"var(--ast-global-color-5)","background-image":"","background-repeat":"repeat","background-position":"center center","background-size":"auto","background-attachment":"scroll","background-type":"","background-media":"","overlay-type":"","overlay-color":"","overlay-opacity":"","overlay-gradient":""},"mobile":{"background-color":"var(--ast-global-color-5)","background-image":"","background-repeat":"repeat","background-position":"center center","background-size":"auto","background-attachment":"scroll","background-type":"","background-media":"","overlay-type":"","overlay-color":"","overlay-opacity":"","overlay-gradient":""}},"book_review_cover_url":"","book_review_title":"","book_review_series":"","book_review_author":"","book_review_genre":"","book_review_isbn":"","book_review_publisher":"","book_review_release_date":"","book_review_format":"","book_review_pages":"","book_review_source":"","book_review_rating":"","book_review_summary":"","footnotes":""},"categories":[4],"tags":[86,1961,673,2902,1454,2905,2906,2473,1690,2474,203,17,16,1149,301,2903,2900,2904,2899,30,1457,26,287,2901,2645,108],"class_list":["post-5722","post","type-post","status-publish","format-standard","hentry","category-rezension","tag-alltag","tag-atrium","tag-autorin","tag-beitrag","tag-bildung","tag-black-studies","tag-blm","tag-debatte","tag-diskussion","tag-essay","tag-forschung","tag-geschichte","tag-gesellschaft","tag-kolonialismus","tag-leben","tag-loesung","tag-natasha-a-kelly","tag-oeffentlichkeit","tag-politickypartner","tag-politik","tag-rassismus","tag-sachbuch","tag-staat","tag-struktur","tag-wirlesenfrauen","tag-wissenschaft"],"uagb_featured_image_src":{"full":false,"thumbnail":false,"medium":false,"medium_large":false,"large":false,"wps_thumbnail_size":false,"1536x1536":false,"2048x2048":false,"buchcover":false},"uagb_author_info":{"display_name":"findo","author_link":"https:\/\/findosbuecher.com\/?author=1"},"uagb_comment_info":1,"uagb_excerpt":"Rezension: Nur die spektakul\u00e4rsten und grausamsten F\u00e4lle rassistisch motivierter Gewalttaten schaffen es in unserer Nachrichtenlage. Von allem anderen bleiben nur mehr Zahlen f\u00fcr die Statistiken. Doch, Rassismus ist in unserer Gesellschaft seit Jahrhunderten fest verankert und beginnt im Kleinen, oft unterbewusst, im Alltag. Erst dann, wenn wir also verstanden haben, dass Rassismus strukturell ist, das&hellip;","_links":{"self":[{"href":"https:\/\/findosbuecher.com\/index.php?rest_route=\/wp\/v2\/posts\/5722","targetHints":{"allow":["GET"]}}],"collection":[{"href":"https:\/\/findosbuecher.com\/index.php?rest_route=\/wp\/v2\/posts"}],"about":[{"href":"https:\/\/findosbuecher.com\/index.php?rest_route=\/wp\/v2\/types\/post"}],"author":[{"embeddable":true,"href":"https:\/\/findosbuecher.com\/index.php?rest_route=\/wp\/v2\/users\/1"}],"replies":[{"embeddable":true,"href":"https:\/\/findosbuecher.com\/index.php?rest_route=%2Fwp%2Fv2%2Fcomments&post=5722"}],"version-history":[{"count":2,"href":"https:\/\/findosbuecher.com\/index.php?rest_route=\/wp\/v2\/posts\/5722\/revisions"}],"predecessor-version":[{"id":5727,"href":"https:\/\/findosbuecher.com\/index.php?rest_route=\/wp\/v2\/posts\/5722\/revisions\/5727"}],"wp:attachment":[{"href":"https:\/\/findosbuecher.com\/index.php?rest_route=%2Fwp%2Fv2%2Fmedia&parent=5722"}],"wp:term":[{"taxonomy":"category","embeddable":true,"href":"https:\/\/findosbuecher.com\/index.php?rest_route=%2Fwp%2Fv2%2Fcategories&post=5722"},{"taxonomy":"post_tag","embeddable":true,"href":"https:\/\/findosbuecher.com\/index.php?rest_route=%2Fwp%2Fv2%2Ftags&post=5722"}],"curies":[{"name":"wp","href":"https:\/\/api.w.org\/{rel}","templated":true}]}}