{"id":5652,"date":"2021-03-23T07:30:03","date_gmt":"2021-03-23T07:30:03","guid":{"rendered":"https:\/\/findosbuecher.com\/?p=5652"},"modified":"2021-03-26T07:29:25","modified_gmt":"2021-03-26T07:29:25","slug":"francois-conrad-warum-deutsch-bellt-und-franzoesisch-schnurrt","status":"publish","type":"post","link":"https:\/\/findosbuecher.com\/?p=5652","title":{"rendered":"Francois Conrad: Warum Deutsch bellt und Franz\u00f6sisch schnurrt"},"content":{"rendered":"\n<div itemscope itemtype=\"https:\/\/schema.org\/Book\" class=\"wp-block-book-review-block-book-review book-review-block\">\n<div class=\"wp-block-image\"><figure class=\"aligncenter size-large\"><img loading=\"lazy\" decoding=\"async\" width=\"600\" height=\"905\" itemprop=\"image\" src=\"https:\/\/findosbuecher.com\/wp-content\/uploads\/2021\/03\/9783411719983.jpg\" alt=\"\" class=\"wp-image-5653\" srcset=\"https:\/\/findosbuecher.com\/wp-content\/uploads\/2021\/03\/9783411719983.jpg 600w, https:\/\/findosbuecher.com\/wp-content\/uploads\/2021\/03\/9783411719983-199x300.jpg 199w, https:\/\/findosbuecher.com\/wp-content\/uploads\/2021\/03\/9783411719983-320x483.jpg 320w\" sizes=\"auto, (max-width: 600px) 100vw, 600px\" \/><\/figure><\/div>\n\n\n\n<div class=\"wp-block-book-review-block-metadata book-review-block__meta\"><div class=\"book-review-block__meta-item book-review-block__meta-item-title\"><div itemprop=\"name\" class=\"book-review-block__meta-item-value\">Warum Deutsch bellt und Franz\u00f6sisch schnurrt<\/div><\/div><div class=\"book-review-block__meta-item book-review-block__meta-item-series\"><div class=\"book-review-block__meta-item-value\">Francois Conrad<\/div><\/div><div itemscope itemtype=\"https:\/\/schema.org\/Person\" itemprop=\"author\" class=\"book-review-block__meta-item book-review-block__meta-item-author\"><div itemprop=\"name\" class=\"book-review-block__meta-item-value\">Rezensionsexemplar\/Sachbuch<\/div><\/div><div class=\"book-review-block__meta-item book-review-block__meta-item-genre\"><div itemprop=\"genre\" class=\"book-review-block__meta-item-value\">Dudenverlag<\/div><\/div><div itemscope itemtype=\"https:\/\/schema.org\/Organization\" itemprop=\"publisher\" class=\"book-review-block__meta-item book-review-block__meta-item-publisher\"><div itemprop=\"name\" class=\"book-review-block__meta-item-value\">Erschienen am: 08.03.2021<\/div><\/div><div class=\"book-review-block__meta-item book-review-block__meta-item-release-date\"><div itemprop=\"datePublished\" class=\"book-review-block__meta-item-value\">Taschenbuch<\/div><\/div><div class=\"book-review-block__meta-item book-review-block__meta-item-format\"><div class=\"book-review-block__meta-item-value\">Seiten: 144<\/div><\/div><div class=\"book-review-block__meta-item book-review-block__meta-item-pages\"><div itemprop=\"numberOfPages\" class=\"book-review-block__meta-item-value\">ISBN: <a href=\"https:\/\/shop.duden.de\/products\/warum-deutsch-bellt-und-franzosisch-schnurrt\">978-3-411-71998-3<\/a><\/div><\/div><div class=\"book-review-block__meta-item book-review-block__meta-item-source\"><div class=\"book-review-block__meta-item-value\"><\/div><\/div><\/div>\n\n\n\n<div itemscope itemtype=\"https:\/\/schema.org\/Review\" itemprop=\"review\" class=\"wp-block-book-review-block-rating\"><span itemscope itemtype=\"https:\/\/schema.org\/Person\" itemprop=\"author\"><meta itemprop=\"name\" content=\"findo\"\/><\/span><div itemscope itemtype=\"https:\/\/schema.org\/Rating\" itemprop=\"reviewRating\" class=\"book-review-block__rating book-review-block__review-rating\"><meta itemprop=\"ratingValue\" content=\"3.5\"\/><div class=\"book-review-block__rating-buttons\"><span class=\"book-review-block__rating-button\" role=\"button\" tabindex=\"0\"><span><svg xmlns=\"https:\/\/www.w3.org\/2000\/svg\" width=\"24\" height=\"24\" viewbox=\"0 0 24 24\"><path fill=\"#eba845\" stroke=\"#eba845\" d=\"M12,17.3l6.2,3.7l-1.6-7L22,9.2l-7.2-0.6L12,2L9.2,8.6L2,9.2L7.5,14l-1.6,7L12,17.3z\"><\/path><\/svg><\/span><span><svg xmlns=\"https:\/\/www.w3.org\/2000\/svg\" width=\"24\" height=\"24\" viewbox=\"0 0 24 24\"><path fill=\"#eba845\" stroke=\"#eba845\" d=\"M12,17.3l6.2,3.7l-1.6-7L22,9.2l-7.2-0.6L12,2L9.2,8.6L2,9.2L7.5,14l-1.6,7L12,17.3z\"><\/path><\/svg><\/span><\/span><span class=\"book-review-block__rating-button\" role=\"button\" tabindex=\"0\"><span><svg xmlns=\"https:\/\/www.w3.org\/2000\/svg\" width=\"24\" height=\"24\" viewbox=\"0 0 24 24\"><path fill=\"#eba845\" stroke=\"#eba845\" d=\"M12,17.3l6.2,3.7l-1.6-7L22,9.2l-7.2-0.6L12,2L9.2,8.6L2,9.2L7.5,14l-1.6,7L12,17.3z\"><\/path><\/svg><\/span><span><svg xmlns=\"https:\/\/www.w3.org\/2000\/svg\" width=\"24\" height=\"24\" viewbox=\"0 0 24 24\"><path fill=\"#eba845\" stroke=\"#eba845\" d=\"M12,17.3l6.2,3.7l-1.6-7L22,9.2l-7.2-0.6L12,2L9.2,8.6L2,9.2L7.5,14l-1.6,7L12,17.3z\"><\/path><\/svg><\/span><\/span><span class=\"book-review-block__rating-button\" role=\"button\" tabindex=\"0\"><span><svg xmlns=\"https:\/\/www.w3.org\/2000\/svg\" width=\"24\" height=\"24\" viewbox=\"0 0 24 24\"><path fill=\"#eba845\" stroke=\"#eba845\" d=\"M12,17.3l6.2,3.7l-1.6-7L22,9.2l-7.2-0.6L12,2L9.2,8.6L2,9.2L7.5,14l-1.6,7L12,17.3z\"><\/path><\/svg><\/span><span><svg xmlns=\"https:\/\/www.w3.org\/2000\/svg\" width=\"24\" height=\"24\" viewbox=\"0 0 24 24\"><path fill=\"#eba845\" stroke=\"#eba845\" d=\"M12,17.3l6.2,3.7l-1.6-7L22,9.2l-7.2-0.6L12,2L9.2,8.6L2,9.2L7.5,14l-1.6,7L12,17.3z\"><\/path><\/svg><\/span><\/span><span class=\"book-review-block__rating-button\" role=\"button\" tabindex=\"0\"><span><svg xmlns=\"https:\/\/www.w3.org\/2000\/svg\" width=\"24\" height=\"24\" viewbox=\"0 0 24 24\"><path fill=\"#eba845\" stroke=\"#eba845\" d=\"M12,17.3l6.2,3.7l-1.6-7L22,9.2l-7.2-0.6L12,2L9.2,8.6L2,9.2L7.5,14l-1.6,7L12,17.3z\"><\/path><\/svg><\/span><span><svg xmlns=\"https:\/\/www.w3.org\/2000\/svg\" width=\"24\" height=\"24\" viewbox=\"0 0 24 24\"><path class=\"is-rating-unfilled\" fill=\"#eba845\" stroke=\"#eba845\" d=\"M12,17.3l6.2,3.7l-1.6-7L22,9.2l-7.2-0.6L12,2L9.2,8.6L2,9.2L7.5,14l-1.6,7L12,17.3z\"><\/path><\/svg><\/span><\/span><span class=\"book-review-block__rating-button\" role=\"button\" tabindex=\"0\"><span><svg xmlns=\"https:\/\/www.w3.org\/2000\/svg\" width=\"24\" height=\"24\" viewbox=\"0 0 24 24\"><path class=\"is-rating-unfilled\" fill=\"#eba845\" stroke=\"#eba845\" d=\"M12,17.3l6.2,3.7l-1.6-7L22,9.2l-7.2-0.6L12,2L9.2,8.6L2,9.2L7.5,14l-1.6,7L12,17.3z\"><\/path><\/svg><\/span><span><svg xmlns=\"https:\/\/www.w3.org\/2000\/svg\" width=\"24\" height=\"24\" viewbox=\"0 0 24 24\"><path class=\"is-rating-unfilled\" fill=\"#eba845\" stroke=\"#eba845\" d=\"M12,17.3l6.2,3.7l-1.6-7L22,9.2l-7.2-0.6L12,2L9.2,8.6L2,9.2L7.5,14l-1.6,7L12,17.3z\"><\/path><\/svg><\/span><\/span><\/div><\/div><\/div>\n\n\n\n<div class=\"wp-block-book-review-block-description book-review-block__description\"><p><strong>Inhalt:<\/strong><\/p><p>Warum klingt Deutsch so (sch\u00f6n) hart, Englisch vornehm und Franz\u00f6sisch so wahnsinnig charmant? Alle, die gern auf Reisen sind, haben sich diese Fragen bestimmt schon einmal gestellt. Begleiten Sie unsere Protagonisten Horst und Strumpf auf ihrer gro\u00dfen Europareise und entdecken Sie Unterhaltsames zur deutschen Aussprache im europ\u00e4ischen (Sprach-)Vergleich. Woran liegt es, dass &#8222;Banane&#8220; leichter auszusprechen ist als &#8222;Schnaps&#8220;? Und was hat es mit dem Knacklaut im Deutschen auf sich? Gehen Sie mit uns auf eine spannende Sprach- und Erkenntnisreise! (Klappentext)<\/p><p><strong>Rezension:<\/strong><\/p><p>Schon Mark Twain philosophierte \u00fcber die schwere Erlernbarkeit der deutschen Sprache. Auch heute gilt sie als Herausforderung f\u00fcr die jenigen, die die Geheimnisse dieser ergr\u00fcnden wollen. Andere Sprachen, so scheint es, sind dabei einfacher zu lernen, zu sprechen sowie so und h\u00f6ren sich auch angenehmer an? Doch, woran liegt das? Weshalb wird Deutsch oftmals mit dem Bellen eines Sch\u00e4ferhundes verglichen, wogegen man dem Italienischen einen besonders melodischen Klang nachsagt? Der Sprachwissenschaftler Francois Conrad unternimmt einen Erkl\u00e4rungsversuch in Form einer fiktiven Sprachreise, quer durch Europa.<\/p><p>Sprachen unterliegen einem stetigen Wandel, haben gemeinsame Familien und grenzen sich im Laufe der Geschichte sehr schnell voneinander ab. Merkmale bilden sich heraus, verschwinden. Zudem bedienen sich Sprachen Begriffen aus anderen und machen sich diese zu Eigen. Wie funktioniert das genau? Worin liegen Vor- und Nachteile f\u00fcr H\u00f6rende und Sprechende? Weshalb etwa gelingt es Franzosen auf Biegen und Brechen nicht, ein H auszusprechen? Weshalb versuchen wir im deutschen Namen so auszusprechen, wie sie im Original lauten, w\u00e4hrend in anderen L\u00e4ndern ein Name konsequent der Sprachgewohnheit untergeordnet wird?<\/p><p>In kurzen verst\u00e4ndlichen, doch st\u00e4ndige Konzentration fordernde Kapitel, stellt der autor hier dar, weshalb dies so ist und warum das vermeintlich hart klingende Urteil \u00fcber unsere Sprache nichts unbedingt mit unserer j\u00fcngeren Geschichte zu tun hat. Er zeigt Unterschiede und Gemeinsamkeiten zu anderen Sprachen auf, l\u00e4sst seine Protagonisten diese anhand einfacher Beispiele erl\u00e4utern und l\u00e4dt zum Mitsprechen ein. Weshalb gehen im Franz\u00f6sischen W\u00f6rter nahtlos ineinander \u00fcber und was hat das luxemburgische Eichh\u00f6rnchen f\u00fcr Vorteile, wenn es sich aus zwei Sprachen bedient?<\/p><p>Hintereinander weglesen empfiehlt sich nicht, da trotz des geringen Umfangs viel Information untergebracht wurde. Zwar hilft die Form einer fiktiven Geschichte die Thematik nicht ganz so trocken erscheinen zu lassen, doch muss man alle Konzentration aufbieten, um nicht durcheinander zu komemn und steht damit fast vor dem gleichen Problem, wie ein Sprachlernender. Trotzdem, wer sich f\u00fcr Linguistik, f\u00fcr Phonetik interessiert, sei dieses Buch zum Einstieg einmal empfohlen. Unsere Sprache und auch, dass andere Sprachen vielleicht sch\u00f6ner klingen, jedoch auch ihre Vor- und Nachteile haben, sieht man dann vielleicht mit anderen Augen.<\/p><p><strong>Autor:<\/strong><\/p><p>Francois Conrad ist Sprachwissenschaftler an der Leibniz Universit\u00e4t Hannover. In Luxemburg aufgewachsen, studierte er ebendort, sowie in Bamberg und Prag Sprachwissenschaften. Im Jahr 2019 wurde er Norddeutscher Science Slam Meister und Deutscher Vize-Meister. Aktuell besch\u00e4ftigt er sich mit dem Mythos um das &#8222;beste&#8220; Hochdeutsch in Hannover<\/p><\/div>\n<\/div>\n","protected":false},"excerpt":{"rendered":"","protected":false},"author":1,"featured_media":0,"comment_status":"open","ping_status":"open","sticky":false,"template":"","format":"standard","meta":{"_uag_custom_page_level_css":"","site-sidebar-layout":"default","site-content-layout":"default","ast-site-content-layout":"default","site-content-style":"default","site-sidebar-style":"default","ast-global-header-display":"","ast-banner-title-visibility":"","ast-main-header-display":"","ast-hfb-above-header-display":"","ast-hfb-below-header-display":"","ast-hfb-mobile-header-display":"","site-post-title":"","ast-breadcrumbs-content":"","ast-featured-img":"","footer-sml-layout":"","ast-disable-related-posts":"","theme-transparent-header-meta":"default","adv-header-id-meta":"","stick-header-meta":"","header-above-stick-meta":"","header-main-stick-meta":"","header-below-stick-meta":"","astra-migrate-meta-layouts":"default","ast-page-background-enabled":"default","ast-page-background-meta":{"desktop":{"background-color":"","background-image":"","background-repeat":"repeat","background-position":"center center","background-size":"auto","background-attachment":"scroll","background-type":"","background-media":"","overlay-type":"","overlay-color":"","overlay-opacity":"","overlay-gradient":""},"tablet":{"background-color":"","background-image":"","background-repeat":"repeat","background-position":"center center","background-size":"auto","background-attachment":"scroll","background-type":"","background-media":"","overlay-type":"","overlay-color":"","overlay-opacity":"","overlay-gradient":""},"mobile":{"background-color":"","background-image":"","background-repeat":"repeat","background-position":"center center","background-size":"auto","background-attachment":"scroll","background-type":"","background-media":"","overlay-type":"","overlay-color":"","overlay-opacity":"","overlay-gradient":""}},"ast-content-background-meta":{"desktop":{"background-color":"var(--ast-global-color-5)","background-image":"","background-repeat":"repeat","background-position":"center center","background-size":"auto","background-attachment":"scroll","background-type":"","background-media":"","overlay-type":"","overlay-color":"","overlay-opacity":"","overlay-gradient":""},"tablet":{"background-color":"var(--ast-global-color-5)","background-image":"","background-repeat":"repeat","background-position":"center center","background-size":"auto","background-attachment":"scroll","background-type":"","background-media":"","overlay-type":"","overlay-color":"","overlay-opacity":"","overlay-gradient":""},"mobile":{"background-color":"var(--ast-global-color-5)","background-image":"","background-repeat":"repeat","background-position":"center center","background-size":"auto","background-attachment":"scroll","background-type":"","background-media":"","overlay-type":"","overlay-color":"","overlay-opacity":"","overlay-gradient":""}},"book_review_cover_url":"","book_review_title":"","book_review_series":"","book_review_author":"","book_review_genre":"","book_review_isbn":"","book_review_publisher":"","book_review_release_date":"","book_review_format":"","book_review_pages":"","book_review_source":"","book_review_rating":"","book_review_summary":"","footnotes":""},"categories":[4],"tags":[2038,2509,2846,2851,2847,2512,2849,2854,2845,153,2848,2852,2850,985,2853,352],"class_list":["post-5652","post","type-post","status-publish","format-standard","hentry","category-rezension","tag-deutsch","tag-duden","tag-franzoesisch","tag-gemeinsamkeiten","tag-italienisch","tag-linguistik","tag-merkmale","tag-nachteile","tag-phonetik","tag-sprache","tag-sprachfamilie","tag-sprachreise","tag-sprachwissenschaft","tag-unterschied","tag-vorteile","tag-vorurteile"],"uagb_featured_image_src":{"full":false,"thumbnail":false,"medium":false,"medium_large":false,"large":false,"wps_thumbnail_size":false,"1536x1536":false,"2048x2048":false,"buchcover":false},"uagb_author_info":{"display_name":"findo","author_link":"https:\/\/findosbuecher.com\/?author=1"},"uagb_comment_info":1,"uagb_excerpt":null,"_links":{"self":[{"href":"https:\/\/findosbuecher.com\/index.php?rest_route=\/wp\/v2\/posts\/5652","targetHints":{"allow":["GET"]}}],"collection":[{"href":"https:\/\/findosbuecher.com\/index.php?rest_route=\/wp\/v2\/posts"}],"about":[{"href":"https:\/\/findosbuecher.com\/index.php?rest_route=\/wp\/v2\/types\/post"}],"author":[{"embeddable":true,"href":"https:\/\/findosbuecher.com\/index.php?rest_route=\/wp\/v2\/users\/1"}],"replies":[{"embeddable":true,"href":"https:\/\/findosbuecher.com\/index.php?rest_route=%2Fwp%2Fv2%2Fcomments&post=5652"}],"version-history":[{"count":3,"href":"https:\/\/findosbuecher.com\/index.php?rest_route=\/wp\/v2\/posts\/5652\/revisions"}],"predecessor-version":[{"id":5664,"href":"https:\/\/findosbuecher.com\/index.php?rest_route=\/wp\/v2\/posts\/5652\/revisions\/5664"}],"wp:attachment":[{"href":"https:\/\/findosbuecher.com\/index.php?rest_route=%2Fwp%2Fv2%2Fmedia&parent=5652"}],"wp:term":[{"taxonomy":"category","embeddable":true,"href":"https:\/\/findosbuecher.com\/index.php?rest_route=%2Fwp%2Fv2%2Fcategories&post=5652"},{"taxonomy":"post_tag","embeddable":true,"href":"https:\/\/findosbuecher.com\/index.php?rest_route=%2Fwp%2Fv2%2Ftags&post=5652"}],"curies":[{"name":"wp","href":"https:\/\/api.w.org\/{rel}","templated":true}]}}