{"id":5228,"date":"2020-12-18T19:45:19","date_gmt":"2020-12-18T19:45:19","guid":{"rendered":"https:\/\/findosbuecher.com\/?p=5228"},"modified":"2020-12-18T19:45:26","modified_gmt":"2020-12-18T19:45:26","slug":"christian-hardinghaus-die-verratene-generation","status":"publish","type":"post","link":"https:\/\/findosbuecher.com\/?p=5228","title":{"rendered":"Christian Hardinghaus: Die verratene Generation"},"content":{"rendered":"","protected":false},"excerpt":{"rendered":"","protected":false},"author":1,"featured_media":5229,"comment_status":"open","ping_status":"open","sticky":false,"template":"","format":"standard","meta":{"_uag_custom_page_level_css":"","site-sidebar-layout":"default","site-content-layout":"","ast-site-content-layout":"default","site-content-style":"default","site-sidebar-style":"default","ast-global-header-display":"","ast-banner-title-visibility":"","ast-main-header-display":"","ast-hfb-above-header-display":"","ast-hfb-below-header-display":"","ast-hfb-mobile-header-display":"","site-post-title":"","ast-breadcrumbs-content":"","ast-featured-img":"","footer-sml-layout":"","ast-disable-related-posts":"","theme-transparent-header-meta":"","adv-header-id-meta":"","stick-header-meta":"","header-above-stick-meta":"","header-main-stick-meta":"","header-below-stick-meta":"","astra-migrate-meta-layouts":"default","ast-page-background-enabled":"default","ast-page-background-meta":{"desktop":{"background-color":"","background-image":"","background-repeat":"repeat","background-position":"center center","background-size":"auto","background-attachment":"scroll","background-type":"","background-media":"","overlay-type":"","overlay-color":"","overlay-opacity":"","overlay-gradient":""},"tablet":{"background-color":"","background-image":"","background-repeat":"repeat","background-position":"center center","background-size":"auto","background-attachment":"scroll","background-type":"","background-media":"","overlay-type":"","overlay-color":"","overlay-opacity":"","overlay-gradient":""},"mobile":{"background-color":"","background-image":"","background-repeat":"repeat","background-position":"center center","background-size":"auto","background-attachment":"scroll","background-type":"","background-media":"","overlay-type":"","overlay-color":"","overlay-opacity":"","overlay-gradient":""}},"ast-content-background-meta":{"desktop":{"background-color":"var(--ast-global-color-5)","background-image":"","background-repeat":"repeat","background-position":"center center","background-size":"auto","background-attachment":"scroll","background-type":"","background-media":"","overlay-type":"","overlay-color":"","overlay-opacity":"","overlay-gradient":""},"tablet":{"background-color":"var(--ast-global-color-5)","background-image":"","background-repeat":"repeat","background-position":"center center","background-size":"auto","background-attachment":"scroll","background-type":"","background-media":"","overlay-type":"","overlay-color":"","overlay-opacity":"","overlay-gradient":""},"mobile":{"background-color":"var(--ast-global-color-5)","background-image":"","background-repeat":"repeat","background-position":"center center","background-size":"auto","background-attachment":"scroll","background-type":"","background-media":"","overlay-type":"","overlay-color":"","overlay-opacity":"","overlay-gradient":""}},"book_review_cover_url":"https:\/\/findosbuecher.com\/wp-content\/uploads\/2020\/12\/Buchcover-Die-verratene-Generation.jpg","book_review_title":"Die verratene Generation","book_review_series":"Christian Hardinghaus","book_review_author":"Rezensionsexemplar\/Sachbuch","book_review_genre":"Europa Verlag","book_review_isbn":"","book_review_publisher":"Erschienen am: 30.10.2020","book_review_release_date":"Hardcover","book_review_format":"Seiten: 336","book_review_pages":"ISBN: <a href=\"https:\/\/europa-verlag.com\/Buecher\/6546\/DieverrateneGeneration.html\">978-3-95890-332-6<\/a>","book_review_source":"","book_review_rating":"4.5","book_review_summary":"<p><strong>Inhalt:<\/strong><\/p><p>Vergleichsweise wenig differenziert wurde \u00fcber die Frauen im Nationalsozialismus bisher geschrieben, so gut wie nichts \u00fcber ihren Einsatz im Krieg. Doch viele Millionen waren im Einsatz als Lazarettschwester, Kriegshilfsmaid oder als R\u00fcstungsarbertin, obwohl dies im Widerspruch zur Ideologie der Nazis stand. <\/p><p>Ein Gro\u00dfteil der zivilen Opfer von Bombenangriffen bishin zu Vertreibungen und Vergewaltigungen waren weiblich. Christian Hardinghaus l\u00e4sst Einige von ihnen zu Wort kommen und appelliert an ein \u00dcberdenken unserer Erinnerungskultur. (eigene Inhaltsangabe)<\/p><p><strong>Rezension:<\/strong><\/p><p>Viele Erinnerungen und Erfahrungsberichte, die die Zeit des Zweiten Weltkrieges umfassen, wurden in den letzten Jahren ver\u00f6ffentlicht. Zumeist umfassen sie das Kriegsgeschehen an den Fronten, die Seite der Machtelite des Dritten Reiches oder die des Holocausts und bilden dabei wichtige Bausteine unserer Verarbeitungskultur. <\/p><p>Dennoch ist dies einseitig. Bisher wurde vergleichsweise wenig \u00fcber die Rolle der Frauen im Nationalsozialismus geschrieben, doch sind die meisten zivielen Opfer dem weiblichen Geschlecht zuzordnen, litten sie auch und besonders im Bombenkrieg in der Heimat, unter den Vertreibungen und Vergewaltigungen am Ende des Krieges, der Millionen von ihnen das Leben kostete.<\/p><p>Zudem nahmen sie auch Rollen im Kriegsgeschehen ein, etwa als Lazarettschwester oder Kriegshilfsmaid, dies oft entgegen der nationalsozialistischen Ideologie. Der Historiker Christian Hardinghaus bricht diese Einseitigkeit auf und beleuchtet mit dreizehn Berichten von Zeitzeuginnen das grausamste Kapitel unserer Geschichte.<\/p><p>Selten ist ein Werk, zumal ein Sachbuch, dessen St\u00e4rke sich zumeist in der Ausbreitung der Rechercheeregbnisse zeigt, schon am Anfang stark, doch der Autor schafft mit einer differenzierten Auseinandersetzung in der Er\u00f6ffnung der Thematik genau dies. Er bricht einen in der Historik noch viel zu wenig beachtetes Gebiet auf und pl\u00e4diert zun\u00e4chst f\u00fcr eine differenzierte Betrachtung. Von allem. <\/p><p>Zu eng werden viele gesellschaftliche Problematiken verfasst, zu sehr beharrt man auf seine Standpunkte, ohne auch nur zuzulassen, dass eine andere Person vielleicht Recht haben k\u00f6nnte. Hardinghaus sieht dies und nimmt es als Einstieg in ein noch wenig beschriebenes Gebiet, welchem er Gesichter geben m\u00f6chte. Personengeschichte wirkt auch hier am st\u00e4rksten.<\/p><p>Gegliedert ist dieses dreizehn Zeitzeuginnen-Berichte umfassende Sachbuch in zwei der Komplexe, die zu anderen Sachgebieten des Geschehens dieser Zeit eher stiefm\u00fctterlich behandelt werden. Zum Einem, das Erleben des Bombenkrieges, zum anderen die Vertreibungen gegen Ende des Zweiten Weltkrieges und die Vergewaltigungen etwa durch die heranr\u00fcckenden sowjetischen Soldaten.<\/p><p>Der Historiker h\u00e4lt sich, abgesehen von einer einleitenden Analyse der jeweiligen \u00dcberthemen, wohltuend zur\u00fcck, r\u00fcckt vielmehr die jenigen Personen in den Vordergrund, die stellvertretend f\u00fcr viele erz\u00e4hlen, so lange sie es noch k\u00f6nnen. Hardinghaus l\u00e4sst hier die Frauen selbst das Erlebte einordnen und werten.<\/p><p>Der Leser kann sich ob der Auswahl, die nicht den Anspruch hat, vollst\u00e4ndig zu sein, indes selbst ein Bild machen. So funktioniert eine umfassende Betrachtung. Mit diesem Werk ist es dem Autoren sogar noch etwas mehr als mit seinem Buch \u00fcber die Soldaten des Zweiten Weltkrieges, in dem gleichsam dreizehn Biografien vorgestellt worden, gelungen, eine sinnvolle Erg\u00e4nzung zur bereits bestehenden Literatur zu schaffen. <\/p><p>Ein wertvoller zur Diskussion stehender Beitrag, der bereits Ver\u00f6ffentlichtes erg\u00e4nzt und den Blickwinkel erweitert. Ohne L\u00e4ngen, Hang zur Polemik oder \u00dcbertreibung ein lesenswertes Sachbuch, welches nur vom Umfang h\u00e4tte reicher sein k\u00f6nnen. Noch viel mehr Berichte von Zeitzeuginnen des Zweiten Weltkrieges m\u00fcssten geh\u00f6rt und gelesen werden.<\/p><p><strong>Autor:<\/strong><\/p><p>Christian Hardinghaus wurde 1978 in Osnabr\u00fcck geboren und ist ein deutscher Historiker, Schriftsteller und Fachjournalist. Nach seinem Studium der Geschichte, Literatur- und Medienwissenschaft (Film und TV) promovierte er an der Universit\u00e4t Osnabr\u00fcck im Bereich Propaganda- und Antisemitismusforschung. <\/p><p>Im gleichen Jahr absolvierte er den Lehrgang Fachjournalismus an der Freien Journalismusschule. 2016 erwarb er zudem den Abschluss f\u00fcr das gymnasiale Lehramt in den F\u00e4chern Deutsch und Geschichte. Er ist Autor zahlreicher Sachb\u00fccher und Romane. Hardinghaus lebt in Osnabr\u00fcck.<\/p>","footnotes":""},"categories":[4],"tags":[151,25,2705,2706,1481,218,2571,17,2708,1644,1795,192,2707,1739,2704,23,29,2703,1945,147],"class_list":["post-5228","post","type-post","status-publish","format-standard","has-post-thumbnail","hentry","category-rezension","tag-bericht","tag-biografie","tag-bomben","tag-bombenkrieg","tag-europaverlag","tag-flucht","tag-frauen","tag-geschichte","tag-geschichtsschreibung","tag-hardinghaus","tag-historie","tag-nationalsozialismus","tag-rolle-der-frau","tag-verarbeitung","tag-vergewaltigung","tag-weltkrieg","tag-zeitgeschichte","tag-zeitzeugin","tag-zeuginnen","tag-zweiter-weltkrieg"],"uagb_featured_image_src":{"full":["https:\/\/findosbuecher.com\/wp-content\/uploads\/2020\/12\/Buchcover-Die-verratene-Generation.jpg",1208,1920,false],"thumbnail":["https:\/\/findosbuecher.com\/wp-content\/uploads\/2020\/12\/Buchcover-Die-verratene-Generation-150x150.jpg",150,150,true],"medium":["https:\/\/findosbuecher.com\/wp-content\/uploads\/2020\/12\/Buchcover-Die-verratene-Generation-189x300.jpg",189,300,true],"medium_large":["https:\/\/findosbuecher.com\/wp-content\/uploads\/2020\/12\/Buchcover-Die-verratene-Generation-768x1221.jpg",768,1221,true],"large":["https:\/\/findosbuecher.com\/wp-content\/uploads\/2020\/12\/Buchcover-Die-verratene-Generation-644x1024.jpg",644,1024,true],"wps_thumbnail_size":["https:\/\/findosbuecher.com\/wp-content\/uploads\/2020\/12\/Buchcover-Die-verratene-Generation-360x250.jpg",360,250,true],"1536x1536":["https:\/\/findosbuecher.com\/wp-content\/uploads\/2020\/12\/Buchcover-Die-verratene-Generation-966x1536.jpg",966,1536,true],"2048x2048":["https:\/\/findosbuecher.com\/wp-content\/uploads\/2020\/12\/Buchcover-Die-verratene-Generation-1288x2048.jpg",1288,2048,true],"buchcover":["https:\/\/findosbuecher.com\/wp-content\/uploads\/2020\/12\/Buchcover-Die-verratene-Generation.jpg",306,487,false]},"uagb_author_info":{"display_name":"findo","author_link":"https:\/\/findosbuecher.com\/?author=1"},"uagb_comment_info":0,"uagb_excerpt":null,"_links":{"self":[{"href":"https:\/\/findosbuecher.com\/index.php?rest_route=\/wp\/v2\/posts\/5228","targetHints":{"allow":["GET"]}}],"collection":[{"href":"https:\/\/findosbuecher.com\/index.php?rest_route=\/wp\/v2\/posts"}],"about":[{"href":"https:\/\/findosbuecher.com\/index.php?rest_route=\/wp\/v2\/types\/post"}],"author":[{"embeddable":true,"href":"https:\/\/findosbuecher.com\/index.php?rest_route=\/wp\/v2\/users\/1"}],"replies":[{"embeddable":true,"href":"https:\/\/findosbuecher.com\/index.php?rest_route=%2Fwp%2Fv2%2Fcomments&post=5228"}],"version-history":[{"count":1,"href":"https:\/\/findosbuecher.com\/index.php?rest_route=\/wp\/v2\/posts\/5228\/revisions"}],"predecessor-version":[{"id":5230,"href":"https:\/\/findosbuecher.com\/index.php?rest_route=\/wp\/v2\/posts\/5228\/revisions\/5230"}],"wp:featuredmedia":[{"embeddable":true,"href":"https:\/\/findosbuecher.com\/index.php?rest_route=\/wp\/v2\/media\/5229"}],"wp:attachment":[{"href":"https:\/\/findosbuecher.com\/index.php?rest_route=%2Fwp%2Fv2%2Fmedia&parent=5228"}],"wp:term":[{"taxonomy":"category","embeddable":true,"href":"https:\/\/findosbuecher.com\/index.php?rest_route=%2Fwp%2Fv2%2Fcategories&post=5228"},{"taxonomy":"post_tag","embeddable":true,"href":"https:\/\/findosbuecher.com\/index.php?rest_route=%2Fwp%2Fv2%2Ftags&post=5228"}],"curies":[{"name":"wp","href":"https:\/\/api.w.org\/{rel}","templated":true}]}}