{"id":5165,"date":"2020-11-06T19:05:19","date_gmt":"2020-11-06T19:05:19","guid":{"rendered":"https:\/\/findosbuecher.com\/?p=5165"},"modified":"2020-11-06T19:05:23","modified_gmt":"2020-11-06T19:05:23","slug":"alma-m-karlin-weltreise-2-im-banne-der-suedsee","status":"publish","type":"post","link":"https:\/\/findosbuecher.com\/?p=5165","title":{"rendered":"Alma M. Karlin: Weltreise 2 &#8211; Im Banne der S\u00fcdsee"},"content":{"rendered":"","protected":false},"excerpt":{"rendered":"","protected":false},"author":1,"featured_media":5166,"comment_status":"open","ping_status":"open","sticky":false,"template":"","format":"standard","meta":{"_uag_custom_page_level_css":"","site-sidebar-layout":"default","site-content-layout":"","ast-site-content-layout":"default","site-content-style":"default","site-sidebar-style":"default","ast-global-header-display":"","ast-banner-title-visibility":"","ast-main-header-display":"","ast-hfb-above-header-display":"","ast-hfb-below-header-display":"","ast-hfb-mobile-header-display":"","site-post-title":"","ast-breadcrumbs-content":"","ast-featured-img":"","footer-sml-layout":"","ast-disable-related-posts":"","theme-transparent-header-meta":"","adv-header-id-meta":"","stick-header-meta":"","header-above-stick-meta":"","header-main-stick-meta":"","header-below-stick-meta":"","astra-migrate-meta-layouts":"default","ast-page-background-enabled":"default","ast-page-background-meta":{"desktop":{"background-color":"","background-image":"","background-repeat":"repeat","background-position":"center center","background-size":"auto","background-attachment":"scroll","background-type":"","background-media":"","overlay-type":"","overlay-color":"","overlay-opacity":"","overlay-gradient":""},"tablet":{"background-color":"","background-image":"","background-repeat":"repeat","background-position":"center center","background-size":"auto","background-attachment":"scroll","background-type":"","background-media":"","overlay-type":"","overlay-color":"","overlay-opacity":"","overlay-gradient":""},"mobile":{"background-color":"","background-image":"","background-repeat":"repeat","background-position":"center center","background-size":"auto","background-attachment":"scroll","background-type":"","background-media":"","overlay-type":"","overlay-color":"","overlay-opacity":"","overlay-gradient":""}},"ast-content-background-meta":{"desktop":{"background-color":"var(--ast-global-color-5)","background-image":"","background-repeat":"repeat","background-position":"center center","background-size":"auto","background-attachment":"scroll","background-type":"","background-media":"","overlay-type":"","overlay-color":"","overlay-opacity":"","overlay-gradient":""},"tablet":{"background-color":"var(--ast-global-color-5)","background-image":"","background-repeat":"repeat","background-position":"center center","background-size":"auto","background-attachment":"scroll","background-type":"","background-media":"","overlay-type":"","overlay-color":"","overlay-opacity":"","overlay-gradient":""},"mobile":{"background-color":"var(--ast-global-color-5)","background-image":"","background-repeat":"repeat","background-position":"center center","background-size":"auto","background-attachment":"scroll","background-type":"","background-media":"","overlay-type":"","overlay-color":"","overlay-opacity":"","overlay-gradient":""}},"book_review_cover_url":"https:\/\/findosbuecher.com\/wp-content\/uploads\/2020\/11\/im_banne_der_suedsee_cover.jpg","book_review_title":"Im Banne der S\u00fcdsee","book_review_series":"Reihe: Weltreise - 2","book_review_author":"Alma M. Karlin","book_review_genre":"Rezensionsexemplar\/Reisebericht","book_review_isbn":"","book_review_publisher":"AvivA Verlag","book_review_release_date":"Erschienen am: 17.09.2020","book_review_format":"Hardcover","book_review_pages":"Seiten: 346","book_review_source":"ISBN: <a href=\"https:\/\/www.aviva-verlag.de\/programm\/im-banne-der-s%C3%BCdsee\/\">978-3-932338-78-6<\/a>","book_review_rating":"3.5","book_review_summary":"<p><strong>Inhalt:<\/strong><\/p><p>Am 24.11.1919 bricht Alma M. Karlin zu ihrer Weltreise auf, die sie durch f\u00fcnf Kontinente f\u00fchren und schlie\u00dflich acht Jahre dauern wird. Durch ihre Reisetageb\u00fccher, die sie nach ihrer Heimkehr nach Cilli (slowenisch Celje) verfasst, wird sie zu einer der ber\u00fchmtesten Reiseschriftsteller*innen. <\/p><p>Im zweiten Band ihrer Weltreisetrilogie begleiten wir Alma M. Karlin von China \u00fcber die Philippinen, Australien und Neuseeland bis nach Papua-Neuguinea. Von ihrer Schreibmaschine \"Erika\" abgesehen, reist sie alleine und verdient sich ihren Lebensunterhalt komplett selbst - und auch sonst hat Alma M. Karlins Weltumrundung wenig mit anderen touristischen Reisen ihrer Zeit gemein. (Klappentext)<\/p><p>[spoiler title='B\u00fccher der Reihe:']<\/p><p>Alma M. Karlin: Autobiografie - Ein Mensch wird <\/p><p>Alma M. Karlin: Weltreise 1 - Einsame Weltreise<\/p><p>Alma M. Karlin: Weltreise 2 - Im Banne der S\u00fcdsee<\/p><p>Alma M. Karlin: Weltreise 3 - Erlebte Welt<\/p><p>[\/spoiler]<\/p><p><strong>Rezension:<\/strong><\/p><p>Das Ende der Urkatastrophe des 20. Jahrhunderts kaum verdaut, entstanden in Europa neue Staaten, verschoben sich weltweit Grenzen, wandelten sich politische Ordnungen. Viele schauten wehm\u00fctig zur\u00fcck, einige wenige nach vorn. Zur letzteren Kategorie geh\u00f6rt die Reiseschriftstellerin Alma M. Karlin. <\/p><p>Unabh\u00e4ngig und allein, versorgt mit Auftr\u00e4gen zahlreicher zeitungen machte sich die Autorin im Jahr 1919 auf den beschwerlichen Weg einer Reise, die sie rund um den Globus f\u00fchren sollte. Sp\u00e4ter geriet sie in Vergessenheit. Nach und nach wird ihr Werk nun neu aufgelegt und wieder entdeckt.<\/p><p>Hier liegt nun der eigentliche zweite Band, wenn man ihre Autobiografie als gesonderten ansieht, vor, der uns Lesende in die Gefilde der S\u00fcdsee f\u00fchrt. Abenteuerlich ist der Weg dorthin auch heute noch, noch beschwerlicher damals, als Schiffspassagen das Mittel der Wahl waren, die sich die Journalistin Karlin nicht immer unbedingt leisten konnte. <\/p><p>Einmal angelangt, beobachtet sie mit scharfen Blick das Geschehen und bringt zu Papier die spannende Geschichte eines beeindruckenden Weges. In diesem Band von Asien bis nach Australien und Neuseeland, schlie\u00dflich die S\u00fcdsee. Sie beschreibt, was sie sieht, l\u00e4sst nichts aus und versucht Kontakte zu kn\u00fcpfen, zu geistlichen Missionaren, zu kolonialen Statthaltern, zur einheimischen Bev\u00f6lkerung. <\/p><p>Entstanden ist so ein Zeitdokument von der anderen Seite des Erdballs, einer Frau, die nach ihrer Reise nie wieder wirklich irgendwo heimisch werden sollte.<\/p><p>Was zeigen uns die Reiseberichte vergangener Tage? Heute sind die Grenzen und Einschr\u00e4nkungen andere, wie auch die Abenteuer und Regeln, die mit einem solchen Trip einher gehen. Doch, der Text ist gut lesbar, nachzuvollziehen. <\/p><p>Mutig, der Verlag, der auch den Blick der Autorin zul\u00e4sst, die gem\u00e4\u00df ihrer Zeit zwar auf andere V\u00f6lker und Rassen herabschaute, aber versuchte zu begreifen und zu verstehen. Die Differnez nat\u00fcrlich, offenbart sich erst viel sp\u00e4ter, als sie sich mit den Auswirkungen des Faschismus' konfrontiert sah. Bis zu dieser Zeit sollten jedoch ein paar Jahre vergehen.<\/p><p>Die Strapazen einer solchen Reise offenbaren sich indes in jeder Zeile. Die stetig brennende Sonne, ungewohntes Essen und sonderbare Br\u00e4uche, Leben, Tropenkrankheiten wie Malaria, die zus\u00e4tzlich ihren Tribut fordern sollten. Minuti\u00f6s schrieb Karlin, beinahe besessen von den so f\u00f6rmlich sp\u00fcrbaren Strapazen, jedoch auch Momenten des Gl\u00fccks. <\/p><p>Die Journalistin war keine endeckerin, keine Forscherin, die etwa auf neue Tier- und Pflanzenarten stie\u00df, doch erlebte sie etwas, was f\u00fcr viele ihrer Zeitgenossen zur damaligen Zeit oft unerreichbar war. <\/p><p>Eine Weltriese, wer macht die schon? Zumal als Frau, alleinstehend, selbstversorgend. Superlative der damaligen Zeit, gepackt in kurzweiligen Texten, die lose gelesen werden k\u00f6nnen, jedoch zusammenh\u00e4ngend einen spannenden Bericht abgeben.<\/p><p>Emanzipatorisch sind die heute nach und nach wiederentdeckten Reisetageb\u00fccher wichtig, wenn auch an Kritik nicht gespart werden darf. Diese ist jedoch aus unserer Sicht zu verstehen, die wir wissen, welche Folgen Alltagsrassismus haben kann. Ein wichtiges, spannendes und gut lesbares Zeitdokument bleibt \"Im Banne der S\u00fcdsee\" dennoch.<\/p><p>Ein wenig Robinson Crusoe, gemischt mit Abenteuertum und Durchhalteverm\u00f6gen. Was will man denn mehr?<\/p><p><strong>Autorin:<\/strong><\/p><p>Alma Maximiliane Karlin wurde 1889 in Cilli, \u00d6sterreich-Ungarn, heute Slowenien, geboren und war eine Journalistin, sowie zwischen den Weltkriegen eine der meistgelesenen deutschsprachigen Reiseschriftstellerinnen. Bekannt wurde sie durch ihre mehrj\u00e4hrige Weltreise und ihre dar\u00fcber ver\u00f6ffentlichen B\u00fccher. <\/p><p>Ihren Lebensunterhalt verdiente sich die Autorin mit ihren Beitr\u00e4gen f\u00fcr verschiedene Zeitungen, sowie \u00dcbersetzungsarbeiten, da Karlin neben ihrer eigenen, noch elf weitere Sprachen beherrschte. 1941 wurden ihre B\u00fccher von den Nationalsozialisten verboten, da sie sich bereits sehr fr\u00fch gegen den faschismus aussprach. Karlin starb 1950. Erst nach und nach werden irhe Werke wieder entdeckt.<\/p>","footnotes":""},"categories":[4],"tags":[2646,2642,2644,326,1872,151,1445,2571,1197,16,2643,301,2641,2640,379,122,620,26,1375,367,207,723,2645],"class_list":["post-5165","post","type-post","status-publish","format-standard","has-post-thumbnail","hentry","category-rezension","tag-2646","tag-alma-m-karlin","tag-ariva","tag-australien","tag-beobachtung","tag-bericht","tag-china","tag-frauen","tag-geschehen","tag-gesellschaft","tag-karlin","tag-leben","tag-papua-neuguinea","tag-philippinen","tag-reihe","tag-reise","tag-reisebericht","tag-sachbuch","tag-suedsee","tag-trilogie","tag-welt","tag-weltreise","tag-wirlesenfrauen"],"uagb_featured_image_src":{"full":["https:\/\/findosbuecher.com\/wp-content\/uploads\/2020\/11\/im_banne_der_suedsee_cover.jpg",543,945,false],"thumbnail":["https:\/\/findosbuecher.com\/wp-content\/uploads\/2020\/11\/im_banne_der_suedsee_cover-150x150.jpg",150,150,true],"medium":["https:\/\/findosbuecher.com\/wp-content\/uploads\/2020\/11\/im_banne_der_suedsee_cover-172x300.jpg",172,300,true],"medium_large":["https:\/\/findosbuecher.com\/wp-content\/uploads\/2020\/11\/im_banne_der_suedsee_cover.jpg",543,945,false],"large":["https:\/\/findosbuecher.com\/wp-content\/uploads\/2020\/11\/im_banne_der_suedsee_cover.jpg",543,945,false],"wps_thumbnail_size":["https:\/\/findosbuecher.com\/wp-content\/uploads\/2020\/11\/im_banne_der_suedsee_cover-360x250.jpg",360,250,true],"1536x1536":["https:\/\/findosbuecher.com\/wp-content\/uploads\/2020\/11\/im_banne_der_suedsee_cover.jpg",543,945,false],"2048x2048":["https:\/\/findosbuecher.com\/wp-content\/uploads\/2020\/11\/im_banne_der_suedsee_cover.jpg",543,945,false],"buchcover":["https:\/\/findosbuecher.com\/wp-content\/uploads\/2020\/11\/im_banne_der_suedsee_cover.jpg",280,487,false]},"uagb_author_info":{"display_name":"findo","author_link":"https:\/\/findosbuecher.com\/?author=1"},"uagb_comment_info":0,"uagb_excerpt":null,"_links":{"self":[{"href":"https:\/\/findosbuecher.com\/index.php?rest_route=\/wp\/v2\/posts\/5165","targetHints":{"allow":["GET"]}}],"collection":[{"href":"https:\/\/findosbuecher.com\/index.php?rest_route=\/wp\/v2\/posts"}],"about":[{"href":"https:\/\/findosbuecher.com\/index.php?rest_route=\/wp\/v2\/types\/post"}],"author":[{"embeddable":true,"href":"https:\/\/findosbuecher.com\/index.php?rest_route=\/wp\/v2\/users\/1"}],"replies":[{"embeddable":true,"href":"https:\/\/findosbuecher.com\/index.php?rest_route=%2Fwp%2Fv2%2Fcomments&post=5165"}],"version-history":[{"count":1,"href":"https:\/\/findosbuecher.com\/index.php?rest_route=\/wp\/v2\/posts\/5165\/revisions"}],"predecessor-version":[{"id":5167,"href":"https:\/\/findosbuecher.com\/index.php?rest_route=\/wp\/v2\/posts\/5165\/revisions\/5167"}],"wp:featuredmedia":[{"embeddable":true,"href":"https:\/\/findosbuecher.com\/index.php?rest_route=\/wp\/v2\/media\/5166"}],"wp:attachment":[{"href":"https:\/\/findosbuecher.com\/index.php?rest_route=%2Fwp%2Fv2%2Fmedia&parent=5165"}],"wp:term":[{"taxonomy":"category","embeddable":true,"href":"https:\/\/findosbuecher.com\/index.php?rest_route=%2Fwp%2Fv2%2Fcategories&post=5165"},{"taxonomy":"post_tag","embeddable":true,"href":"https:\/\/findosbuecher.com\/index.php?rest_route=%2Fwp%2Fv2%2Ftags&post=5165"}],"curies":[{"name":"wp","href":"https:\/\/api.w.org\/{rel}","templated":true}]}}