{"id":5159,"date":"2020-11-01T09:07:56","date_gmt":"2020-11-01T09:07:56","guid":{"rendered":"https:\/\/findosbuecher.com\/?p=5159"},"modified":"2020-11-01T09:08:03","modified_gmt":"2020-11-01T09:08:03","slug":"yuval-noah-harari-sapiens-der-aufstieg","status":"publish","type":"post","link":"https:\/\/findosbuecher.com\/?p=5159","title":{"rendered":"Yuval Noah Harari: Sapiens &#8211; Der Aufstieg"},"content":{"rendered":"","protected":false},"excerpt":{"rendered":"","protected":false},"author":1,"featured_media":5160,"comment_status":"open","ping_status":"open","sticky":false,"template":"","format":"standard","meta":{"_uag_custom_page_level_css":"","site-sidebar-layout":"default","site-content-layout":"","ast-site-content-layout":"default","site-content-style":"default","site-sidebar-style":"default","ast-global-header-display":"","ast-banner-title-visibility":"","ast-main-header-display":"","ast-hfb-above-header-display":"","ast-hfb-below-header-display":"","ast-hfb-mobile-header-display":"","site-post-title":"","ast-breadcrumbs-content":"","ast-featured-img":"","footer-sml-layout":"","ast-disable-related-posts":"","theme-transparent-header-meta":"","adv-header-id-meta":"","stick-header-meta":"","header-above-stick-meta":"","header-main-stick-meta":"","header-below-stick-meta":"","astra-migrate-meta-layouts":"default","ast-page-background-enabled":"default","ast-page-background-meta":{"desktop":{"background-color":"","background-image":"","background-repeat":"repeat","background-position":"center center","background-size":"auto","background-attachment":"scroll","background-type":"","background-media":"","overlay-type":"","overlay-color":"","overlay-opacity":"","overlay-gradient":""},"tablet":{"background-color":"","background-image":"","background-repeat":"repeat","background-position":"center center","background-size":"auto","background-attachment":"scroll","background-type":"","background-media":"","overlay-type":"","overlay-color":"","overlay-opacity":"","overlay-gradient":""},"mobile":{"background-color":"","background-image":"","background-repeat":"repeat","background-position":"center center","background-size":"auto","background-attachment":"scroll","background-type":"","background-media":"","overlay-type":"","overlay-color":"","overlay-opacity":"","overlay-gradient":""}},"ast-content-background-meta":{"desktop":{"background-color":"var(--ast-global-color-5)","background-image":"","background-repeat":"repeat","background-position":"center center","background-size":"auto","background-attachment":"scroll","background-type":"","background-media":"","overlay-type":"","overlay-color":"","overlay-opacity":"","overlay-gradient":""},"tablet":{"background-color":"var(--ast-global-color-5)","background-image":"","background-repeat":"repeat","background-position":"center center","background-size":"auto","background-attachment":"scroll","background-type":"","background-media":"","overlay-type":"","overlay-color":"","overlay-opacity":"","overlay-gradient":""},"mobile":{"background-color":"var(--ast-global-color-5)","background-image":"","background-repeat":"repeat","background-position":"center center","background-size":"auto","background-attachment":"scroll","background-type":"","background-media":"","overlay-type":"","overlay-color":"","overlay-opacity":"","overlay-gradient":""}},"book_review_cover_url":"https:\/\/findosbuecher.com\/wp-content\/uploads\/2020\/11\/getimage.jpg","book_review_title":"Sapiens - Der Aufstieg","book_review_series":"Yuval Noah Harari","book_review_author":"Daniel Casanve\/David Vandermeulen","book_review_genre":"Rezensionsexemplar\/Graphic Novel","book_review_isbn":"","book_review_publisher":"C.H. Beck","book_review_release_date":"Erschienen am: 26.10.2020","book_review_format":"Hardcover","book_review_pages":"Seiten: 246","book_review_source":"ISBN: <a href=\"https:\/\/www.chbeck.de\/harari-sapiens\/product\/31134395\">978-3-406-75893-5<\/a><br>\u00dcbersetzer: Andreas Wirthensohn","book_review_rating":"2","book_review_summary":"<p><strong>Inhalt:<\/strong><\/p><p>Der Weltbestseller \"Eine kurze Geschichte der Menschheit\" als Graphic Novel.<\/p><p>Schon bevor die Menschen sesshaft wurden, hatten sie der Erde ihren Stempel aufgedr\u00fcckt. Wie konnte ein eigentlich so schwaches Tier wie der Mensch sich den Planeten untertan machen? In Sapiens, der Graphic Novel, tritt Yuval Noah Harari selbst auf und geht zusammen mit seiner Nichte Zoe diesem R\u00e4tsel auf den Grund - mit Hararis unvergleichlichem Witz, viel Charme und einer Menge an schr\u00e4gen Ideen. <\/p><p>Noch zug\u00e4nglicher, noch unterhaltsamer, aber genauso intelligent und lehrreich wie sein Kultbuch \"Eine kurze Geschichte der Menschheit\".<\/p><p><strong>Rezension:<\/strong><\/p><p>Der Historiker Yuval Noah Harari ist sicherlich einer der gefragten Vordenker unserer Zeit. Seine Expertisen sind sowohl in der gro\u00dfen Politik gefragt, als auch beim Publikum und so landen seine \u00dcberblickswerke regelm\u00e4\u00dfig auf verschiedenen Bestsellerlisten. <\/p><p>Nur eine Frage der Zeit also, bis sein Werk auch j\u00fcngeren Lesern zug\u00e4nglich gemacht werden sollte und einem breiteren Publikum nun als Graphic Novel vorgelegt wird. Herausgekommen ist dabei das vorliegende Werk \"Sapiens - Der Aufsteig\".<\/p><p>Im Gro\u00dfformat ist nun die Adaption seines Weltbestsellers \"Eine kurze Geschichte der Menschheit\" f\u00e4llig, welche schon vom Titel her irref\u00fchrend ist. Es handelt sich keineswegs um eine \u00dcberblicksgeschichte, die hier geliefert wird, viel mehr um eine Konzentration auf die Entwicklung der ersten Menschen, worauf ein Bogen in die heutige Zeit gespannt und gro\u00dfe Teile der Menschheitsgeschichte ausgelassen werden. Der Mut zur L\u00fccke in allen Ehren, hier wird er zu gro\u00dfz\u00fcgig ausgelegt.<\/p><p>Farbenfroh und sehr detailliert werden die ersten Schritte des Menschen dargelegt, Einsch\u00fcbe der heutigen Zeit, die sich oft auf Harari selbst beziehen, der im Austausch mit anderen Vordenkern und Wissenschaftlern, aber auch mit der nachfolgenden Generation in Gestalt seiner Nichte, gzeigt wird. Dies lockert die eigentlich dargestellte Thematik auf, zumal auch die beiden Illustratoren es nicht lassen konnten, Hararis erhobenen Zeigefinger bildlich umzusetzen. Das ist sehr detailreich, aber unglaublich anstrengend zu lesen. Eine Graphic Novel sollte dem Leser zug\u00e4nglicher sein.<\/p><p>Viel Gepl\u00e4nkel um nichts, ein halb verfehlter Titel und eine Art des Erz\u00e4hlens, als w\u00fcrde man seine Leserschaft mit einem Brett auf die Buchseiten dr\u00fccken, sind nicht gerade dazu angetan, einen neuen Zugang zur Thematik zu schaffen. Die Fingerzeige auf die Graphic Novel selbst sind dabei witzige Einsch\u00fcbe, die sich jedoch nicht wirklich im Gesamtbild einf\u00fcgen wollen. <\/p><p>H\u00e4tte man sich wirklich auf die Fr\u00fchzeit des Menschen ohne Zeitspr\u00fcnge ins Heute konzentriert und auf Harari als selbst hin und her springenden Protagonisten verzichtet, w\u00e4re die Graphic Novel als Erg\u00e4nzung zum Sachbuch eine runde Sache gewesen. Momentan ist dies jedoch ein Werk, was so nicht funktioniert und nicht gerade Lust macht, die schriftlichen Werke Hararis n\u00e4her kennen zu lernen.<\/p><p>Der Zeichenstil schwankt zwischen feingliedrigen Comicstrips und groben \u00dcbersichten und setzt die handelnden Protagonisten bewusst divers in Szene, wird doch auf der ganzen Welt zur Thematik geforscht, finden sich auf den Planeten \u00fcberall Hinweise auf den schon fr\u00fchzeitigen Einfluss des Menschen auf Flora und Fauna des Planeten. Wenigstens dem hat diese Adaption Rechnung getragen.<\/p><p><strong>Autor:<\/strong><\/p><p>Yuval Noah Harari wurde 1976 in Kiryat Ata, haifa, geboren und ist ein israelischer Historiker. Seit 2005 lehrt er an der Hebr\u00e4ischen Universit\u00e4t Jerusaelm und forscht zur Milit\u00e4rgeschichte und zu diversen universalhistorischen Themen. 2013 ver\u00f6ffentlichte er \"Eine kurze Geschichte der Menschheit\", vier Jahre sp\u00e4ter den Nachfolgeband \"Homo Deus - Eine Geschichte von Morgen\", die beide zu einem internationalen Bestseller avancierten. <\/p><p>Seine B\u00fccher wurden mehrfach \u00fcbersetzt und ausgezeichnet. 2017 erhielt er den Preis f\u00fcr das Wissensbuch des Jahres. Im Jahr 2019 wurde ein Asteroid nach ihm benannt. Er schreibt regelm\u00e4\u00dfig Kolumnen f\u00fcr die Tageszeitung Haaretz.<\/p><p><strong>Adaption, Text und Illustration:<\/strong><\/p><p>Daniel Casanave wurde 1963 geboren und ist ein franz\u00f6sischer Karikaturist, Schriftsteller und B\u00fchnenbildner. Er studierte zun\u00e4chst an der School of Fine Arts in Reims und arbeitete anschlie\u00dfend f\u00fcr verschiedene Theater im Bereich B\u00fchnenbild, Poster und Grafikdesign. Haupts\u00e4chlich zeichnet er Pressekarikaturen und Illustrationen f\u00fcr Kinderb\u00fccher.<\/p><p>David Vandermeulen wurde 1968 geboren und ist ein belgischer Designer und Drehbuchautor. Zun\u00e4chst studierte er an der K\u00f6niglichen Akademie der K\u00fcnste in Br\u00fcssel, anschlie\u00dfend am K\u00f6niglichen Institut f\u00fcr Geschichte und Arch\u00e4ologie 1997 gr\u00fcndete er seinen eigenen Verlag. Verschiedene Themen verarbeitete er zu Comic-Adaptionen und Graphic Novels.<\/p>","footnotes":""},"categories":[4],"tags":[1367,2259,2636,17,16,302,2637,301,273,2273,26,2638,1386,2639],"class_list":["post-5159","post","type-post","status-publish","format-standard","has-post-thumbnail","hentry","category-rezension","tag-aufstieg","tag-c-h-beck-2","tag-fruehzeit","tag-geschichte","tag-gesellschaft","tag-graphic-novel","tag-homo-sapiens","tag-leben","tag-mensch","tag-menschheit","tag-sachbuch","tag-yuval-noah-harari","tag-zeichnung","tag-zusammenleben"],"uagb_featured_image_src":{"full":["https:\/\/findosbuecher.com\/wp-content\/uploads\/2020\/11\/getimage.jpg",1446,1920,false],"thumbnail":["https:\/\/findosbuecher.com\/wp-content\/uploads\/2020\/11\/getimage-150x150.jpg",150,150,true],"medium":["https:\/\/findosbuecher.com\/wp-content\/uploads\/2020\/11\/getimage-226x300.jpg",226,300,true],"medium_large":["https:\/\/findosbuecher.com\/wp-content\/uploads\/2020\/11\/getimage-768x1019.jpg",768,1019,true],"large":["https:\/\/findosbuecher.com\/wp-content\/uploads\/2020\/11\/getimage-771x1024.jpg",771,1024,true],"wps_thumbnail_size":["https:\/\/findosbuecher.com\/wp-content\/uploads\/2020\/11\/getimage-360x250.jpg",360,250,true],"1536x1536":["https:\/\/findosbuecher.com\/wp-content\/uploads\/2020\/11\/getimage-1157x1536.jpg",1157,1536,true],"2048x2048":["https:\/\/findosbuecher.com\/wp-content\/uploads\/2020\/11\/getimage.jpg",1446,1920,false],"buchcover":["https:\/\/findosbuecher.com\/wp-content\/uploads\/2020\/11\/getimage.jpg",320,425,false]},"uagb_author_info":{"display_name":"findo","author_link":"https:\/\/findosbuecher.com\/?author=1"},"uagb_comment_info":2,"uagb_excerpt":null,"_links":{"self":[{"href":"https:\/\/findosbuecher.com\/index.php?rest_route=\/wp\/v2\/posts\/5159","targetHints":{"allow":["GET"]}}],"collection":[{"href":"https:\/\/findosbuecher.com\/index.php?rest_route=\/wp\/v2\/posts"}],"about":[{"href":"https:\/\/findosbuecher.com\/index.php?rest_route=\/wp\/v2\/types\/post"}],"author":[{"embeddable":true,"href":"https:\/\/findosbuecher.com\/index.php?rest_route=\/wp\/v2\/users\/1"}],"replies":[{"embeddable":true,"href":"https:\/\/findosbuecher.com\/index.php?rest_route=%2Fwp%2Fv2%2Fcomments&post=5159"}],"version-history":[{"count":1,"href":"https:\/\/findosbuecher.com\/index.php?rest_route=\/wp\/v2\/posts\/5159\/revisions"}],"predecessor-version":[{"id":5161,"href":"https:\/\/findosbuecher.com\/index.php?rest_route=\/wp\/v2\/posts\/5159\/revisions\/5161"}],"wp:featuredmedia":[{"embeddable":true,"href":"https:\/\/findosbuecher.com\/index.php?rest_route=\/wp\/v2\/media\/5160"}],"wp:attachment":[{"href":"https:\/\/findosbuecher.com\/index.php?rest_route=%2Fwp%2Fv2%2Fmedia&parent=5159"}],"wp:term":[{"taxonomy":"category","embeddable":true,"href":"https:\/\/findosbuecher.com\/index.php?rest_route=%2Fwp%2Fv2%2Fcategories&post=5159"},{"taxonomy":"post_tag","embeddable":true,"href":"https:\/\/findosbuecher.com\/index.php?rest_route=%2Fwp%2Fv2%2Ftags&post=5159"}],"curies":[{"name":"wp","href":"https:\/\/api.w.org\/{rel}","templated":true}]}}