{"id":491,"date":"2016-11-05T18:17:01","date_gmt":"2016-11-05T18:17:01","guid":{"rendered":"http:\/\/findosbuecher.com\/?p=491"},"modified":"2020-07-05T15:39:57","modified_gmt":"2020-07-05T15:39:57","slug":"jim-shepard-aron-und-der-koenig-der-kinder","status":"publish","type":"post","link":"https:\/\/findosbuecher.com\/?p=491","title":{"rendered":"Jim Shepard: Aron und der K\u00f6nig der Kinder"},"content":{"rendered":"","protected":false},"excerpt":{"rendered":"","protected":false},"author":1,"featured_media":492,"comment_status":"open","ping_status":"open","sticky":false,"template":"","format":"image","meta":{"_uag_custom_page_level_css":"","site-sidebar-layout":"default","site-content-layout":"","ast-site-content-layout":"default","site-content-style":"default","site-sidebar-style":"default","ast-global-header-display":"","ast-banner-title-visibility":"","ast-main-header-display":"","ast-hfb-above-header-display":"","ast-hfb-below-header-display":"","ast-hfb-mobile-header-display":"","site-post-title":"","ast-breadcrumbs-content":"","ast-featured-img":"","footer-sml-layout":"","ast-disable-related-posts":"","theme-transparent-header-meta":"","adv-header-id-meta":"","stick-header-meta":"","header-above-stick-meta":"","header-main-stick-meta":"","header-below-stick-meta":"","astra-migrate-meta-layouts":"default","ast-page-background-enabled":"default","ast-page-background-meta":{"desktop":{"background-color":"","background-image":"","background-repeat":"repeat","background-position":"center center","background-size":"auto","background-attachment":"scroll","background-type":"","background-media":"","overlay-type":"","overlay-color":"","overlay-opacity":"","overlay-gradient":""},"tablet":{"background-color":"","background-image":"","background-repeat":"repeat","background-position":"center center","background-size":"auto","background-attachment":"scroll","background-type":"","background-media":"","overlay-type":"","overlay-color":"","overlay-opacity":"","overlay-gradient":""},"mobile":{"background-color":"","background-image":"","background-repeat":"repeat","background-position":"center center","background-size":"auto","background-attachment":"scroll","background-type":"","background-media":"","overlay-type":"","overlay-color":"","overlay-opacity":"","overlay-gradient":""}},"ast-content-background-meta":{"desktop":{"background-color":"var(--ast-global-color-5)","background-image":"","background-repeat":"repeat","background-position":"center center","background-size":"auto","background-attachment":"scroll","background-type":"","background-media":"","overlay-type":"","overlay-color":"","overlay-opacity":"","overlay-gradient":""},"tablet":{"background-color":"var(--ast-global-color-5)","background-image":"","background-repeat":"repeat","background-position":"center center","background-size":"auto","background-attachment":"scroll","background-type":"","background-media":"","overlay-type":"","overlay-color":"","overlay-opacity":"","overlay-gradient":""},"mobile":{"background-color":"var(--ast-global-color-5)","background-image":"","background-repeat":"repeat","background-position":"center center","background-size":"auto","background-attachment":"scroll","background-type":"","background-media":"","overlay-type":"","overlay-color":"","overlay-opacity":"","overlay-gradient":""}},"book_review_cover_url":"https:\/\/findosbuecher.com\/wp-content\/uploads\/2016\/11\/9783406689598_cover.jpg","book_review_title":"Aron und der K\u00f6nig der Kinder","book_review_series":"jim Shepard","book_review_author":"Roman","book_review_genre":"C.H. Beck","book_review_isbn":"","book_review_publisher":"Erschienen am: 21.01.2016","book_review_release_date":"Hardcover","book_review_format":"Seiten: 270","book_review_pages":"ISBN: <a href=\"https:\/\/www.chbeck.de\/shepard-aron-koenig-kinder\/product\/16029884\">978-3-406-68959-8<\/a>","book_review_source":"\u00dcbersetzerin: Claudia Wenner","book_review_rating":"5","book_review_summary":"<p><strong>Inhalt:<\/strong><\/p><p>Aron, ein kleiner polnisch-j\u00fcdischer Junge, ist in seiner nicht gerade kleinen, armen Familie so etwas wie eine Katastrophe auf zwei Beinen. Nichts will ihm so recht gl\u00fccken und alles macht er kaputt. Doch halb Tom Sawyer, halb Simplicius \u2013 er ist ein guter Kerl. Aron hat leider keine Zeit, ein vern\u00fcnftiger Erwachsener zu werden.<\/p><p>Denn seine Familie zieht nach Warschau, die Deutschen \u00fcberfallen Polen und die Juden werden ins Ghetto gepfercht. Er freundet sich mit einer Gruppe Jugendlicher an, die f\u00fcr sich und ihre Familien ums \u00dcberleben k\u00e4mpfen, arbeiten, schmuggeln und stehlen und sich immer fragen m\u00fcssen, wieviel Freundschaft und Liebe sie sich noch leisten k\u00f6nnen.<\/p><p>Verrat und Tod lauern jederzeit. Als der K\u00f6nig der Kinder, der ber\u00fchmte Arzt und P\u00e4dagoge Janusz Korczak, Aron in sein Waisenhaus aufnimmt, beginnt eine ungew\u00f6hnliche Freundschaft, die den Jungen ver\u00e4ndert und beide \u00fcber sich hinauswachsen l\u00e4sst. (Verlagsseite)<\/p><p><strong>Rezension:<\/strong><\/p><p>Aron ist ein Ph\u00e4nomen. Ein Pechvogel auf zwei Beinen, niemand nimmt ihn ernst und wo er auch ist, passiert ihm und anderen immer ein Ungl\u00fcck. Eine tragikkomische Figur aber auch ein besonderer Mensch. Dennoch nur f\u00fcr besondere Zeiten.<\/p><p>Den Aron ist j\u00fcdischer abstammung und lebt ausgerechnet in der Zeit des Zweiten Weltkrieges als die Deutschen Warschau besetzen und alle Juden zwingen, im Ghetto zusammengepfercht, die hereinbrechende Katastrophe \u00fcber sich ergeehn zu lassen.<\/p><p>Um zu \u00dcberleben, seiner Familie und sich zu helfen, schmuggelt er mit Gleichaltrigen lebenswichtiges \u00fcber die Ghettomauern, von Lebensmitteln bishin zu Kleidung. Dies bleibt nicht unbemerkt, von den deutschen Besatzern und den polnischen Nazi-Kolloberateuren, die sich zu Komplizen der Nazis machen.<\/p><p>Doch Aron und die anderen arrangieren sich. Als Aron aber den Haken in diesem unmenschlichen Pakt und die Kehrseite der Medaille bemerkt, ist es bereits zu sp\u00e4t. Und er klammert sich an die einzige Hoffnung, die er noch hat. Doch, auch Janusz Korczak kann die Katastrophe kaum noch abwenden.<\/p><p>Ein Roman wie ein Schrei, eine Art Blechtrommel f\u00fcr Kinder und Jugendliche aber mehr noch f\u00fcr Erwachsene. Kaum zu begreifen, heute darf man sich gl\u00fccklich sch\u00e4tzen, die Situation nicht mal mehr ansatzsweise nachvollziehen zu k\u00f6nnen, ist das Leben derer, welches an sich kaum mehr als solches zu bezeichnen ist.<\/p><p>Zusammengepfercht ums \u00dcberleben k\u00e4mpfend, werden alle menschlichen Regeln auf den Kopf und infrage gestellt, gelten kaum einen Moment und werden im n\u00e4chsten wieder umgedreht.<\/p><p>Unter diesen Bedingungen leidet der Leser zusammen mit dem Hauptprotagonisten, der Schatten- aber auch positive Seiten hat, zu fr\u00fch erwachsen werden muss aber dennoch Kind bleibt.<\/p><p>Aron ist eine zwiesp\u00e4ltige Figur, die man dennoch oder gerade deswegen aber vor allem seinem Kampf gegen alle Widerst\u00e4nde lieb haben muss. Nicht einmal Janusz Korczak, der innerhalb der Ghettomauern so viel f\u00fcr die Kinder getan hat, gelingt es hier diesen Platz in der Geschichte Shepards einzunehmen.<\/p><p>Der Roman spielt mit dem Leser, wirft ihn hin und her im Strudel der Gef\u00fchle, l\u00e4sst das Ungl\u00fcck zuerst nur erahnen, dann f\u00f6rmlich auf einem zurasen. Und man wei\u00df, es kann und wird nur negativ ausgehen. Shepards Geschichte vertr\u00e4gt kein positives Ende, welches fehl am Platz und unrealistisch w\u00e4re.<\/p><p>Um so beeindruckender und bleibender die Quintessenz der Geschichte, dass es nur einen Funken Menschlichkeit braucht, um Gutes zu bewirken, in Erinnerung zu bleiben.<\/p><p>Der Schreibstil dazu passt sich den Figuren an, verschafft das Gef\u00fchl einer gewissen Gehetztheit der Figuren, die jeden Tag um ihr Leben bangen m\u00fcssen, ihrem Schicksal aber kaum ausweichen k\u00f6nnen und versuchen, es hinauszuz\u00f6gern.<\/p><p>Ein wunderbarer Roman, der sich kaum fassen oder wirklich genrem\u00e4\u00dfig einordnen l\u00e4sst. Dazu steckt zu viel in der Geschichte, die man sich unbedingt zu Gem\u00fcte f\u00fchren sollte.<\/p><p><strong>Autor:<\/strong><\/p><p>Jim Shepard wurde 1956 in Bridgeport\/Connecticut geboren und ist ein amerikanischer Schriftsteller und Professort f\u00fcr kreatives Schreiben a, Williams College\/Massachusetts. Nach seinem studium ver\u00f6ffentlichte er Arbeiten in verschiedenen amerikanischen Magazinen, u.a. im The New Yorker Magazine.<\/p><p>Eine seiner Kurzgeschichtenreihen wurde f\u00fcr den National Book Award 2007 nominiert. . Er schreibt f\u00fcr Zeitungen, Zeitschriften und f\u00fcr's Fernsehen. Seine Werke wurden bereits in mehreren Sprachen \u00fcbersetzt.<\/p><p>Shepard legt dabei Augenmerk auf die unterschiedlichen Sichtweisen seiner Charaktere aufgrund insbesondere von Unterschieden, die aus Sichtweisen aufgrund unterschiedlicher Herk\u00fcnfte resultieren. Nur f\u00fcr den italienischen Markt schuf er eine extra Kurzgeschichtenreihe.<\/p>","footnotes":""},"categories":[4],"tags":[17,16,149,22,320,321,11,244],"class_list":["post-491","post","type-post","status-publish","format-image","has-post-thumbnail","hentry","category-rezension","tag-geschichte","tag-gesellschaft","tag-ghetto","tag-holocaust","tag-janusz-korczak","tag-korczak","tag-roman","tag-warschau","post_format-post-format-image"],"uagb_featured_image_src":{"full":["https:\/\/findosbuecher.com\/wp-content\/uploads\/2016\/11\/9783406689598_cover.jpg",299,487,false],"thumbnail":["https:\/\/findosbuecher.com\/wp-content\/uploads\/2016\/11\/9783406689598_cover-150x150.jpg",150,150,true],"medium":["https:\/\/findosbuecher.com\/wp-content\/uploads\/2016\/11\/9783406689598_cover-184x300.jpg",184,300,true],"medium_large":["https:\/\/findosbuecher.com\/wp-content\/uploads\/2016\/11\/9783406689598_cover-768x1251.jpg",768,1251,true],"large":["https:\/\/findosbuecher.com\/wp-content\/uploads\/2016\/11\/9783406689598_cover-629x1024.jpg",629,1024,true],"wps_thumbnail_size":["https:\/\/findosbuecher.com\/wp-content\/uploads\/2016\/11\/9783406689598_cover.jpg",153,250,false],"1536x1536":["https:\/\/findosbuecher.com\/wp-content\/uploads\/2016\/11\/9783406689598_cover.jpg",299,487,false],"2048x2048":["https:\/\/findosbuecher.com\/wp-content\/uploads\/2016\/11\/9783406689598_cover.jpg",299,487,false],"buchcover":["https:\/\/findosbuecher.com\/wp-content\/uploads\/2016\/11\/9783406689598_cover.jpg",299,487,false]},"uagb_author_info":{"display_name":"findo","author_link":"https:\/\/findosbuecher.com\/?author=1"},"uagb_comment_info":0,"uagb_excerpt":null,"_links":{"self":[{"href":"https:\/\/findosbuecher.com\/index.php?rest_route=\/wp\/v2\/posts\/491","targetHints":{"allow":["GET"]}}],"collection":[{"href":"https:\/\/findosbuecher.com\/index.php?rest_route=\/wp\/v2\/posts"}],"about":[{"href":"https:\/\/findosbuecher.com\/index.php?rest_route=\/wp\/v2\/types\/post"}],"author":[{"embeddable":true,"href":"https:\/\/findosbuecher.com\/index.php?rest_route=\/wp\/v2\/users\/1"}],"replies":[{"embeddable":true,"href":"https:\/\/findosbuecher.com\/index.php?rest_route=%2Fwp%2Fv2%2Fcomments&post=491"}],"version-history":[{"count":3,"href":"https:\/\/findosbuecher.com\/index.php?rest_route=\/wp\/v2\/posts\/491\/revisions"}],"predecessor-version":[{"id":4901,"href":"https:\/\/findosbuecher.com\/index.php?rest_route=\/wp\/v2\/posts\/491\/revisions\/4901"}],"wp:featuredmedia":[{"embeddable":true,"href":"https:\/\/findosbuecher.com\/index.php?rest_route=\/wp\/v2\/media\/492"}],"wp:attachment":[{"href":"https:\/\/findosbuecher.com\/index.php?rest_route=%2Fwp%2Fv2%2Fmedia&parent=491"}],"wp:term":[{"taxonomy":"category","embeddable":true,"href":"https:\/\/findosbuecher.com\/index.php?rest_route=%2Fwp%2Fv2%2Fcategories&post=491"},{"taxonomy":"post_tag","embeddable":true,"href":"https:\/\/findosbuecher.com\/index.php?rest_route=%2Fwp%2Fv2%2Ftags&post=491"}],"curies":[{"name":"wp","href":"https:\/\/api.w.org\/{rel}","templated":true}]}}