{"id":466,"date":"2016-11-05T17:45:01","date_gmt":"2016-11-05T17:45:01","guid":{"rendered":"http:\/\/findosbuecher.com\/?p=466"},"modified":"2020-07-05T13:02:22","modified_gmt":"2020-07-05T13:02:22","slug":"rafik-schami-eine-deutsche-leidenschaft-namens-nudelsalat","status":"publish","type":"post","link":"https:\/\/findosbuecher.com\/?p=466","title":{"rendered":"Rafik Schami: Eine deutsche Leidenschaft namens Nudelsalat"},"content":{"rendered":"","protected":false},"excerpt":{"rendered":"","protected":false},"author":1,"featured_media":467,"comment_status":"open","ping_status":"open","sticky":false,"template":"","format":"image","meta":{"_uag_custom_page_level_css":"","site-sidebar-layout":"default","site-content-layout":"","ast-site-content-layout":"default","site-content-style":"default","site-sidebar-style":"default","ast-global-header-display":"","ast-banner-title-visibility":"","ast-main-header-display":"","ast-hfb-above-header-display":"","ast-hfb-below-header-display":"","ast-hfb-mobile-header-display":"","site-post-title":"","ast-breadcrumbs-content":"","ast-featured-img":"","footer-sml-layout":"","ast-disable-related-posts":"","theme-transparent-header-meta":"","adv-header-id-meta":"","stick-header-meta":"","header-above-stick-meta":"","header-main-stick-meta":"","header-below-stick-meta":"","astra-migrate-meta-layouts":"default","ast-page-background-enabled":"default","ast-page-background-meta":{"desktop":{"background-color":"","background-image":"","background-repeat":"repeat","background-position":"center center","background-size":"auto","background-attachment":"scroll","background-type":"","background-media":"","overlay-type":"","overlay-color":"","overlay-opacity":"","overlay-gradient":""},"tablet":{"background-color":"","background-image":"","background-repeat":"repeat","background-position":"center center","background-size":"auto","background-attachment":"scroll","background-type":"","background-media":"","overlay-type":"","overlay-color":"","overlay-opacity":"","overlay-gradient":""},"mobile":{"background-color":"","background-image":"","background-repeat":"repeat","background-position":"center center","background-size":"auto","background-attachment":"scroll","background-type":"","background-media":"","overlay-type":"","overlay-color":"","overlay-opacity":"","overlay-gradient":""}},"ast-content-background-meta":{"desktop":{"background-color":"var(--ast-global-color-5)","background-image":"","background-repeat":"repeat","background-position":"center center","background-size":"auto","background-attachment":"scroll","background-type":"","background-media":"","overlay-type":"","overlay-color":"","overlay-opacity":"","overlay-gradient":""},"tablet":{"background-color":"var(--ast-global-color-5)","background-image":"","background-repeat":"repeat","background-position":"center center","background-size":"auto","background-attachment":"scroll","background-type":"","background-media":"","overlay-type":"","overlay-color":"","overlay-opacity":"","overlay-gradient":""},"mobile":{"background-color":"var(--ast-global-color-5)","background-image":"","background-repeat":"repeat","background-position":"center center","background-size":"auto","background-attachment":"scroll","background-type":"","background-media":"","overlay-type":"","overlay-color":"","overlay-opacity":"","overlay-gradient":""}},"book_review_cover_url":"https:\/\/findosbuecher.com\/wp-content\/uploads\/2016\/11\/9783423253499.jpg","book_review_title":"Eine deutsche Leidenschaft namens Nudelsalat","book_review_series":"Rafik Schami","book_review_author":"Humor","book_review_genre":"dtv","book_review_isbn":"","book_review_publisher":"Erschienen am: 01.08.2013","book_review_release_date":"Taschenbuch","book_review_format":"Seiten: 207","book_review_pages":"ISBN: <a href=\"https:\/\/www.dtv.de\/buch\/rafik-schami-eine-deutsche-leidenschaft-namens-nudelsalat-14231\/\">978-3-423-14231-1<\/a>","book_review_source":"","book_review_rating":"3","book_review_summary":"<p><strong>Inhalt:<\/strong><\/p><p>Seit beinahe vierzig Jahren lebt Rafik Schami nun schon in Deutschland, seinen staunenden und kritischen Blick auf den deutschen Alltag hat er dabei nicht verloren.<\/p><p>Unnachahmlich charmant erz\u00e4hlt er in den teilweise erstmals ver\u00f6ffentlichten Erz\u00e4hlungen aus den Jahren 1990 bis 2010 von den Deutschen und ihren sprachlichen Eigenheiten, wundert sich \u00fcber die unersch\u00fctterliche Konsequenz, mit der deutsche G\u00e4ste bei Einladungen selbst gemachten Nudelsalat mitbringen, muss erfahren, dass ein Kaufhaus kein Basar ist, verr\u00e4t, warum er kein Amerikaner wurde, und schlie\u00dft - beinahe - Freundschaft mit der sprechenden Stubenfliege Subabe. (Verlagstext)<\/p><p><strong>Rezension:<\/strong><\/p><p>Rafik Schami hat das Gl\u00fcck und Ungl\u00fcck in zwei Welten zu leben, zwischen diesen hin und her wechseln zu k\u00f6nnen, manchmal auch zu m\u00fcssen. Seit jahren lebt der autor, der inzwischen auf zahlreiche schriftstellerische Erfolge zur\u00fcckblicken kann, in Deutschland und ist l\u00e4ngst integriert, f\u00fchlt dann aber doch das Besondere seiner Biografie.<\/p><p>Die Abweichungen und die Vorz\u00fcge, sich aus mehreren Kulturen berechtigt bedienen zu k\u00f6nnen und die Menschen von unterschiedlichen Standpunkten aus beobachten zu k\u00f6nnen.<\/p><p>Und so ist auch diese, wie diverse andere, Textsammlung Rafik Schamis entstanden, der die P\u00fcnktlichkeit der Deutschen ebenso bemerkt, wie f\u00fcr ihn unverst\u00e4ndliche Essgewohnheiten. Nudelsalat in x verschiedenen Ausf\u00fchrungen geht gar nicht. Zumindest nicht auf einmal.<\/p><p>Und so erz\u00e4hlt der syrisch-st\u00e4mmige Autor von seiner Kindheit und Jugend in damaskus, seiner Flucht vor den H\u00e4nden des syrischen Staates und seines Vaters und sein Leben in deutschland.<\/p><p>Alleine, die Spr\u00fcnge sind zu gro\u00df. Dieser Band enth\u00e4lt eine Auswahl seiner Texte aus diversen Kolumnen, mir w\u00e4re eine zusammenh\u00e4ngende Erz\u00e4hlung seines Lebens lieber gewesen. So aber war f\u00fcr mich das erste Drittel der Texte sehr gut lesbar, die begeisterung hat dann jedoch mit den nachfolgenden texten nachgelassen.<\/p><p>\u00dcber sein schriftstellerisches Werden, \u00fcber das man gerade am Anfang der Texte mehr erfahren will, erf\u00e4hrt man so gut wie nichts. Vielmehr wandeln sich die Texte von einer Selbstbeobachtung zur Betrachtung anderer, was dem Lesefluss nicht gut tut.<\/p><p>Dies mag an der K\u00fcrze der Texte liegen. Ich h\u00e4tte ganz gerne l\u00e4ngere und ausf\u00fchrliche Betrachtungen seines Lebens oder die andere Menschen gelesen.<\/p><p>Die Spr\u00fcnge zwischen den Themen und Zeiten, die der Autor hier versammelt (Oder eher dtv hier zusammengestellt hat?) sind mir zu gro\u00df und zu viele, was sehr schade ist. Denn erz\u00e4hlen kann Rafik Schami durchaus. W\u00fcrde mich \u00fcber eine gr\u00f6\u00dfere zusammenh\u00e4ngende Geschichte von ihm freuen.<\/p><p><strong>Autor:<\/strong><\/p><p>Rafik Schami wurde 1946 in Damaskus\/Syrien geboren und wanderte 1971 nach Deutschland aus. Nach der Schule studtierte er in damaskus Chemie, Mathematik und Physik und promovierte in Chemie 1979 in Heidelberg.<\/p><p>Neben diverser Nebenjobs w\u00e4hrend des Studiums ver\u00f6ffentlichte er zahlreiche Texte und Anthologien, zun\u00e4chst in arabischer, seit 1977 auch in deutscher Sprache. Sein erstes Buch auf Deutsch erschien 1978 (\"Andere M\u00e4rchen\"). Seit dem gr\u00fcndete er mehrere Literaturzirkel und Ver\u00f6ffentlichungen \u00fcber Literatur.<\/p><p>Schami engagiert sich seit Jahren f\u00fcr die Auss\u00f6hnung zwischen Pal\u00e4stinensern und Israelis, wird daher von vielen arabischen Autoren kritisiert. Rafik Schami erhielt zahlreiche Literatur-Preise und lebt mit seiner Familie in der Pfalz.<\/p>","footnotes":""},"categories":[4],"tags":[306,25,303,276,157,305,304],"class_list":["post-466","post","type-post","status-publish","format-image","has-post-thumbnail","hentry","category-rezension","tag-austausch","tag-biografie","tag-erzaehlungen","tag-integration","tag-kultur","tag-kulturen","tag-kurzgeschichten","post_format-post-format-image"],"uagb_featured_image_src":{"full":["https:\/\/findosbuecher.com\/wp-content\/uploads\/2016\/11\/9783423253499.jpg",306,487,false],"thumbnail":["https:\/\/findosbuecher.com\/wp-content\/uploads\/2016\/11\/9783423253499-150x150.jpg",150,150,true],"medium":["https:\/\/findosbuecher.com\/wp-content\/uploads\/2016\/11\/9783423253499-189x300.jpg",189,300,true],"medium_large":["https:\/\/findosbuecher.com\/wp-content\/uploads\/2016\/11\/9783423253499.jpg",306,487,false],"large":["https:\/\/findosbuecher.com\/wp-content\/uploads\/2016\/11\/9783423253499.jpg",306,487,false],"wps_thumbnail_size":["https:\/\/findosbuecher.com\/wp-content\/uploads\/2016\/11\/9783423253499.jpg",157,250,false],"1536x1536":["https:\/\/findosbuecher.com\/wp-content\/uploads\/2016\/11\/9783423253499.jpg",306,487,false],"2048x2048":["https:\/\/findosbuecher.com\/wp-content\/uploads\/2016\/11\/9783423253499.jpg",306,487,false],"buchcover":["https:\/\/findosbuecher.com\/wp-content\/uploads\/2016\/11\/9783423253499.jpg",306,487,false]},"uagb_author_info":{"display_name":"findo","author_link":"https:\/\/findosbuecher.com\/?author=1"},"uagb_comment_info":0,"uagb_excerpt":null,"_links":{"self":[{"href":"https:\/\/findosbuecher.com\/index.php?rest_route=\/wp\/v2\/posts\/466","targetHints":{"allow":["GET"]}}],"collection":[{"href":"https:\/\/findosbuecher.com\/index.php?rest_route=\/wp\/v2\/posts"}],"about":[{"href":"https:\/\/findosbuecher.com\/index.php?rest_route=\/wp\/v2\/types\/post"}],"author":[{"embeddable":true,"href":"https:\/\/findosbuecher.com\/index.php?rest_route=\/wp\/v2\/users\/1"}],"replies":[{"embeddable":true,"href":"https:\/\/findosbuecher.com\/index.php?rest_route=%2Fwp%2Fv2%2Fcomments&post=466"}],"version-history":[{"count":2,"href":"https:\/\/findosbuecher.com\/index.php?rest_route=\/wp\/v2\/posts\/466\/revisions"}],"predecessor-version":[{"id":4896,"href":"https:\/\/findosbuecher.com\/index.php?rest_route=\/wp\/v2\/posts\/466\/revisions\/4896"}],"wp:featuredmedia":[{"embeddable":true,"href":"https:\/\/findosbuecher.com\/index.php?rest_route=\/wp\/v2\/media\/467"}],"wp:attachment":[{"href":"https:\/\/findosbuecher.com\/index.php?rest_route=%2Fwp%2Fv2%2Fmedia&parent=466"}],"wp:term":[{"taxonomy":"category","embeddable":true,"href":"https:\/\/findosbuecher.com\/index.php?rest_route=%2Fwp%2Fv2%2Fcategories&post=466"},{"taxonomy":"post_tag","embeddable":true,"href":"https:\/\/findosbuecher.com\/index.php?rest_route=%2Fwp%2Fv2%2Ftags&post=466"}],"curies":[{"name":"wp","href":"https:\/\/api.w.org\/{rel}","templated":true}]}}