{"id":4289,"date":"2020-04-10T17:26:46","date_gmt":"2020-04-10T17:26:46","guid":{"rendered":"http:\/\/findosbuecher.com\/?p=4289"},"modified":"2020-04-10T17:47:09","modified_gmt":"2020-04-10T17:47:09","slug":"oskar-roehler-der-mangel","status":"publish","type":"post","link":"https:\/\/findosbuecher.com\/?p=4289","title":{"rendered":"Oskar Roehler: Der Mangel"},"content":{"rendered":"","protected":false},"excerpt":{"rendered":"","protected":false},"author":1,"featured_media":4290,"comment_status":"open","ping_status":"open","sticky":false,"template":"","format":"standard","meta":{"_uag_custom_page_level_css":"","site-sidebar-layout":"default","site-content-layout":"","ast-site-content-layout":"default","site-content-style":"default","site-sidebar-style":"default","ast-global-header-display":"","ast-banner-title-visibility":"","ast-main-header-display":"","ast-hfb-above-header-display":"","ast-hfb-below-header-display":"","ast-hfb-mobile-header-display":"","site-post-title":"","ast-breadcrumbs-content":"","ast-featured-img":"","footer-sml-layout":"","ast-disable-related-posts":"","theme-transparent-header-meta":"","adv-header-id-meta":"","stick-header-meta":"","header-above-stick-meta":"","header-main-stick-meta":"","header-below-stick-meta":"","astra-migrate-meta-layouts":"default","ast-page-background-enabled":"default","ast-page-background-meta":{"desktop":{"background-color":"","background-image":"","background-repeat":"repeat","background-position":"center center","background-size":"auto","background-attachment":"scroll","background-type":"","background-media":"","overlay-type":"","overlay-color":"","overlay-opacity":"","overlay-gradient":""},"tablet":{"background-color":"","background-image":"","background-repeat":"repeat","background-position":"center center","background-size":"auto","background-attachment":"scroll","background-type":"","background-media":"","overlay-type":"","overlay-color":"","overlay-opacity":"","overlay-gradient":""},"mobile":{"background-color":"","background-image":"","background-repeat":"repeat","background-position":"center center","background-size":"auto","background-attachment":"scroll","background-type":"","background-media":"","overlay-type":"","overlay-color":"","overlay-opacity":"","overlay-gradient":""}},"ast-content-background-meta":{"desktop":{"background-color":"var(--ast-global-color-5)","background-image":"","background-repeat":"repeat","background-position":"center center","background-size":"auto","background-attachment":"scroll","background-type":"","background-media":"","overlay-type":"","overlay-color":"","overlay-opacity":"","overlay-gradient":""},"tablet":{"background-color":"var(--ast-global-color-5)","background-image":"","background-repeat":"repeat","background-position":"center center","background-size":"auto","background-attachment":"scroll","background-type":"","background-media":"","overlay-type":"","overlay-color":"","overlay-opacity":"","overlay-gradient":""},"mobile":{"background-color":"var(--ast-global-color-5)","background-image":"","background-repeat":"repeat","background-position":"center center","background-size":"auto","background-attachment":"scroll","background-type":"","background-media":"","overlay-type":"","overlay-color":"","overlay-opacity":"","overlay-gradient":""}},"book_review_cover_url":"https:\/\/findosbuecher.com\/wp-content\/uploads\/2020\/04\/9783550200380_cover.jpg","book_review_title":"Der Mangel","book_review_series":"Oskar Roehler","book_review_author":"Rezensionsexemplar\/Roman","book_review_genre":"ullstein","book_review_isbn":"","book_review_publisher":"Erschienen am: 28.02.2020","book_review_release_date":"Hardcover","book_review_format":"Seiten: 170","book_review_pages":"ISBN: <a href=\"https:\/\/www.ullstein-buchverlage.de\/nc\/buch\/details\/der-mangel-9783550200380.html\">978-3-550-20038-0<\/a>","book_review_source":"","book_review_rating":"3","book_review_summary":"<p><strong>Inhalt:<\/strong><\/p><p>Vom \u00dcbergang einer Mangelgesellschaft, in der es von allem zu wenig gab, in eine Konsumgesellschaft, die den Menschen ihre W\u00fcrde raubt. <\/p><p>Vom Gro\u00dfwerden einer Gruppe von Kindern in den Sechszigern, den Anstrengungen der V\u00e4ter, Wohlstand oder zumindest eine Illusion davon zu erschaffen. <\/p><p>Von den R\u00fcckschl\u00e4gen, die sie erleiden. Von den Sorgen und Existenz\u00e4ngsten der M\u00fctter und das Gegenbild dazu, der Ausweg aus Mangel und \u00dcberfluss zugleich: die Kunst als Rettungsanker f\u00fcr das \u00dcberleben. (eigene Inhaltsangabe)<\/p><p><strong>Rezension:<\/strong><\/p><p>Der namenlose Junge beobachtet die Erwachsenen, die daran scheitern, eine Illusion von Wohlstand Wirklichkeit werden zu lassen und daran zu Grunde gehen, zerbrechen. Mit Gleichaltrigen trollt er durch die noch nicht fertige Neubausiedlung am Rande eines Dorfes, gr\u00e4bt sich durch Schlamm und Lehm, versinkt sprichw\u00f6rtlich in seiner eigenen Welt. <\/p><p>Zu Beginn ist er ein Vorschulkind, welches um sich herum alles aufnimmt, sp\u00e4ter versucht, mit den Mitteln der Kunst zu \u00fcberleben, beinahe wie einst die M\u00fctter und V\u00e4ter um ihn herum, zu scheitern droht.<\/p><p>Beindruckend ist diese Novelle, deren Handlung der Leser wie einen kunstfollen Kurzfilm vor dem inneren Auge ablaufen sieht. Nicht von ungef\u00e4hr kommt dieser Effekt, ist doch der Autor Oskar Roehler selbst Filmregisseur und Drehbuchautor. <\/p><p>Der Protagonist, Vorschulkind, Kind, fr\u00fcher Jugendlicher ist das alte Ego des Autors, der Eindr\u00fccke in sich aufsaugt, wie ein Schwamm. Kurz und pr\u00e4gnant sind die S\u00e4tze, messerscharf und folgerichtig, wie die Beobachtungen selbst. <\/p><p>In der Erz\u00e4hlung f\u00fchlt man mit dem Handelnden, der begreift, dass es da drau\u00dfen in der gro\u00dfen weiten Welt noch etwas anderes geben muss, dass die Chancen, die sich ihm bieten, jedoch noch weniger als rar ges\u00e4t sind.<\/p><p>R\u00f6hler verbildlicht hier Trost- und Perspektivlosigkeit, die Zeit des Wirtschaftswunders, die \u00fcberall ankommt, nur nicht dort. Die Zeitspanne umrei\u00dft die ersten Jahrzehnte der bundesrepublikanischen Gesellschaft, mit allen M\u00f6glichkeiten, vielmehr jedoch mit allen Fallstricken.<\/p><p>Der Protagonist bleibt dabei immer in der Position des Schwachen, st\u00e4ndig am Rand des Abrgund stehend, selbst, als er beginnt, sich daraus zu k\u00e4mpfen. Trost nur in der Welt der Kunst, der Sprache. <\/p><p>Roehlers Stil, diese Geschichte eine lehmhafte Schwere angedeihen zu lassen, ist gew\u00f6hnungsbed\u00fcrftig. Sch\u00f6n zu lesen, doch pl\u00e4tschert die Trostlosigkeit wie volumin\u00f6se Regentropfen nur so dahin. Die Atmosph\u00e4re ist d\u00fcster, die ganze Zeit \u00fcber, kaum Hoffnungsschimmer. <\/p><p>Um das zu lesen, sollte man in der richtigen Stimmung sein. F\u00fcr depressive Gem\u00fcter ist das nichts.<\/p><p>Es ist eine kompakte Erz\u00e4hlung mit dem Effekt eines G\u00fcnter Grass, der mit Worten zu faszinieren oder verschrecken mochte. Dazwischen gibt es nichts, sozusagen luftleerer Raum. <\/p><p>Antriebslosigkeit, Hoffnungslosigkeit, Kunst als zweifelhafter Rettungsanker. Und immer wieder Dreck, Schlamm, Feuchtigkeit, Lehm. Graue, braune Masse, aus der man etwas erschaffen oder in die man versinken kann.<\/p><p>Doch, muss das zwischen zwei Buchdeckeln sein?<\/p><p><strong>Autor:<\/strong><\/p><p>Oskar Roehler wurde 1959 geboren und ist ein deutscher Filmregisseur, Journalist und Autor. Nach seinem Abitur ist er als Autor f\u00fcr Drehb\u00fccher t\u00e4tig und wurde ab 1990 als Spielfilmregisseur bekannt. Sein erfolgreichster Film war \"Die Unber\u00fchrbaren\", der u.a. mit dem Deutschen Filmpreis ausgezeichnet wurde. <\/p><p>Roehler geh\u00f6rt zu den Gr\u00fcndungsmitgleidern der Deutschen Filmakademie, 2003. Im Jahr 2011 ver\u00f6ffentlichte er einen autobiografischen Roman, den er auch verfilmte. 2018 verfilmte er den Roman \"HERRliche Zeiten\" des umstrittenen rechten Schriftstellers Thor Kunkel.<\/p>","footnotes":""},"categories":[4],"tags":[2206,89,87,16,536,2208,187,181,685,1333,301,2207,514,179,11,1484,1537],"class_list":["post-4289","post","type-post","status-publish","format-standard","has-post-thumbnail","hentry","category-rezension","tag-aufbauroman","tag-coming-of-age","tag-familie","tag-gesellschaft","tag-hoffnung","tag-hoffnungslosigkeit","tag-jugend","tag-kindheit","tag-kritik","tag-kunst","tag-leben","tag-mangel","tag-novelle","tag-rettung","tag-roman","tag-scheitern","tag-ullstein"],"uagb_featured_image_src":{"full":["https:\/\/findosbuecher.com\/wp-content\/uploads\/2020\/04\/9783550200380_cover.jpg",297,487,false],"thumbnail":["https:\/\/findosbuecher.com\/wp-content\/uploads\/2020\/04\/9783550200380_cover-150x150.jpg",150,150,true],"medium":["https:\/\/findosbuecher.com\/wp-content\/uploads\/2020\/04\/9783550200380_cover-183x300.jpg",183,300,true],"medium_large":["https:\/\/findosbuecher.com\/wp-content\/uploads\/2020\/04\/9783550200380_cover-768x1260.jpg",768,1260,true],"large":["https:\/\/findosbuecher.com\/wp-content\/uploads\/2020\/04\/9783550200380_cover-624x1024.jpg",624,1024,true],"wps_thumbnail_size":["https:\/\/findosbuecher.com\/wp-content\/uploads\/2020\/04\/9783550200380_cover-360x250.jpg",360,250,true],"1536x1536":["https:\/\/findosbuecher.com\/wp-content\/uploads\/2020\/04\/9783550200380_cover-936x1536.jpg",936,1536,true],"2048x2048":["https:\/\/findosbuecher.com\/wp-content\/uploads\/2020\/04\/9783550200380_cover.jpg",297,487,false],"buchcover":["https:\/\/findosbuecher.com\/wp-content\/uploads\/2020\/04\/9783550200380_cover.jpg",297,487,false]},"uagb_author_info":{"display_name":"findo","author_link":"https:\/\/findosbuecher.com\/?author=1"},"uagb_comment_info":0,"uagb_excerpt":null,"_links":{"self":[{"href":"https:\/\/findosbuecher.com\/index.php?rest_route=\/wp\/v2\/posts\/4289","targetHints":{"allow":["GET"]}}],"collection":[{"href":"https:\/\/findosbuecher.com\/index.php?rest_route=\/wp\/v2\/posts"}],"about":[{"href":"https:\/\/findosbuecher.com\/index.php?rest_route=\/wp\/v2\/types\/post"}],"author":[{"embeddable":true,"href":"https:\/\/findosbuecher.com\/index.php?rest_route=\/wp\/v2\/users\/1"}],"replies":[{"embeddable":true,"href":"https:\/\/findosbuecher.com\/index.php?rest_route=%2Fwp%2Fv2%2Fcomments&post=4289"}],"version-history":[{"count":1,"href":"https:\/\/findosbuecher.com\/index.php?rest_route=\/wp\/v2\/posts\/4289\/revisions"}],"predecessor-version":[{"id":4291,"href":"https:\/\/findosbuecher.com\/index.php?rest_route=\/wp\/v2\/posts\/4289\/revisions\/4291"}],"wp:featuredmedia":[{"embeddable":true,"href":"https:\/\/findosbuecher.com\/index.php?rest_route=\/wp\/v2\/media\/4290"}],"wp:attachment":[{"href":"https:\/\/findosbuecher.com\/index.php?rest_route=%2Fwp%2Fv2%2Fmedia&parent=4289"}],"wp:term":[{"taxonomy":"category","embeddable":true,"href":"https:\/\/findosbuecher.com\/index.php?rest_route=%2Fwp%2Fv2%2Fcategories&post=4289"},{"taxonomy":"post_tag","embeddable":true,"href":"https:\/\/findosbuecher.com\/index.php?rest_route=%2Fwp%2Fv2%2Ftags&post=4289"}],"curies":[{"name":"wp","href":"https:\/\/api.w.org\/{rel}","templated":true}]}}