{"id":3896,"date":"2019-12-17T08:33:09","date_gmt":"2019-12-17T08:33:09","guid":{"rendered":"http:\/\/findosbuecher.com\/?p=3896"},"modified":"2019-12-17T08:33:40","modified_gmt":"2019-12-17T08:33:40","slug":"claudia-weber-der-pakt","status":"publish","type":"post","link":"https:\/\/findosbuecher.com\/?p=3896","title":{"rendered":"Claudia Weber: Der Pakt"},"content":{"rendered":"","protected":false},"excerpt":{"rendered":"","protected":false},"author":1,"featured_media":3897,"comment_status":"open","ping_status":"open","sticky":false,"template":"","format":"standard","meta":{"_uag_custom_page_level_css":"","site-sidebar-layout":"default","site-content-layout":"","ast-site-content-layout":"default","site-content-style":"default","site-sidebar-style":"default","ast-global-header-display":"","ast-banner-title-visibility":"","ast-main-header-display":"","ast-hfb-above-header-display":"","ast-hfb-below-header-display":"","ast-hfb-mobile-header-display":"","site-post-title":"","ast-breadcrumbs-content":"","ast-featured-img":"","footer-sml-layout":"","ast-disable-related-posts":"","theme-transparent-header-meta":"","adv-header-id-meta":"","stick-header-meta":"","header-above-stick-meta":"","header-main-stick-meta":"","header-below-stick-meta":"","astra-migrate-meta-layouts":"default","ast-page-background-enabled":"default","ast-page-background-meta":{"desktop":{"background-color":"","background-image":"","background-repeat":"repeat","background-position":"center center","background-size":"auto","background-attachment":"scroll","background-type":"","background-media":"","overlay-type":"","overlay-color":"","overlay-opacity":"","overlay-gradient":""},"tablet":{"background-color":"","background-image":"","background-repeat":"repeat","background-position":"center center","background-size":"auto","background-attachment":"scroll","background-type":"","background-media":"","overlay-type":"","overlay-color":"","overlay-opacity":"","overlay-gradient":""},"mobile":{"background-color":"","background-image":"","background-repeat":"repeat","background-position":"center center","background-size":"auto","background-attachment":"scroll","background-type":"","background-media":"","overlay-type":"","overlay-color":"","overlay-opacity":"","overlay-gradient":""}},"ast-content-background-meta":{"desktop":{"background-color":"var(--ast-global-color-5)","background-image":"","background-repeat":"repeat","background-position":"center center","background-size":"auto","background-attachment":"scroll","background-type":"","background-media":"","overlay-type":"","overlay-color":"","overlay-opacity":"","overlay-gradient":""},"tablet":{"background-color":"var(--ast-global-color-5)","background-image":"","background-repeat":"repeat","background-position":"center center","background-size":"auto","background-attachment":"scroll","background-type":"","background-media":"","overlay-type":"","overlay-color":"","overlay-opacity":"","overlay-gradient":""},"mobile":{"background-color":"var(--ast-global-color-5)","background-image":"","background-repeat":"repeat","background-position":"center center","background-size":"auto","background-attachment":"scroll","background-type":"","background-media":"","overlay-type":"","overlay-color":"","overlay-opacity":"","overlay-gradient":""}},"book_review_cover_url":"https:\/\/findosbuecher.com\/wp-content\/uploads\/2019\/12\/getimage.jpg","book_review_title":"Der Pakt","book_review_series":"Claudia Weber","book_review_author":"Rezensionsexemplar\/Sachbuch","book_review_genre":"C.H. Beck","book_review_isbn":"","book_review_publisher":"Erschienen am: 18.07.2019","book_review_release_date":"Hardcover","book_review_format":"Seiten: 276","book_review_pages":"","book_review_source":"ISBN: <a href=\"https:\/\/www.chbeck.de\/weber-pakt\/product\/26572347\">978-3-406-73531-8<\/a>","book_review_rating":"3","book_review_summary":"<p><strong>Inhalt:<\/strong><br>Im Zweiten Weltkrieg waren Nazideutschland und die Sowjetunion nicht  nur erbitterte Gegner, sondern vor\u00fcbergehend auch Verb\u00fcndete. <\/p><p>Der Pakt  war mehr als das politische Zweckb\u00fcndnis, das Hitlers \u00dcberfall auf Polen  erlaubte und den Krieg f\u00fcr die Sowjetunion hinausz\u00f6gerte. Seine Wirkung  blieb nicht nur auf Osteuropa beschr\u00e4nkt, auch wenn beide M\u00e4chte ihren  Gewaltfuror dort entfesselten. Claudia Weber zeichnet nach, wie Hitler  und Stalin einen ganzen Kontinent in weniger als zwei Jahren ins  Verderben st\u00fcrzten. (Klappentext) <br><br><strong>Rezension:<\/strong><br>Monate vor Kriegsbeginn horchte die Welt auf. Neben den offiziellen  Meldungen machten Ger\u00fcchte die Runde. unglaublich und unerkl\u00e4rlich f\u00fcr  die V\u00f6lker Europas nicht zuletzt auch f\u00fcr die Deutschen und die Russen  selbst. <\/p><p>Deren oberste politische F\u00fchrungen, die sich ideologisch  diametral gegen\u00fcber standen, gingen zum handschlag \u00fcber und hatten einen  Pakt geschlossen, den sich niemand ob der vergangenen feindlichen  Rhetorik und entgegengesetzten Weltanschauungen erkl\u00e4ren konnte. Was  also, steckte dahinter? <br><br>Claudia Weber begibt sich auf Spurensuche in politischen und privaten  Archiven, zwischen Moskau und Berlin. Die Professorin f\u00fcr  Zeitgeschichte rekonstruiert die Ereignisse, die dem Schlimmsten aller  Kriege vorausgingen, den es je gegeben hat. <\/p><p>Das vorliegende Werk ist das  Ergebnis ihrer unerm\u00fcdlichen Recherchearbeit, die dennoch nicht alle  Geheimnisse aufdecken konnte. \"Der Pakt\", zeigt dennoch auf, wie zwei  Diktatoren Europa unter sich aufteilten und f\u00fcr Jahre in den Abgrund  st\u00fcrzten. <br><br>Im C.H. Beck Verlag erschienen, der sich hiermit wieder einmal der  Aufarbeitung eines geschichtlichen Kapitels verdient gemacht hat, zeigt  Claudia Weber auf, wie und warum die Bestandteile des  Hitler-Stalin-Paktes beschlossen wurden, welche Gespr\u00e4che und  \u00dcberlegungen dem vorausgingen, welchen Nutzen und Vorteile sich die  beiden Vertragspartner davon versprachen. <\/p><p>Die Historikerin zeigt, dass  es hierbei nicht nur um die Aufteilung eines Kontinents ging, sondern  auch um intensive wirtschaftliche Beziehungen, fernab aller Ideologien  und strategischen \u00dcberlegungen. <br><br>Detalliert werden hier Konsultationen zwischen Deutschen und Sowjets  geschildert, sowie die Interpretation ihrer direkten und indirekten  Nachbarn, etwa den Polen oder den Briten. <\/p><p>Diese Ausgewogenheit ist  notwendig zur zeitlichen Einordnung, gleichzeitig sehe ich einige  Formulierungen, so wie sie zwischen den Buchdeckeln geschrieben stehen,  kritisch, lenken sie doch die Sympathie manchmal auf die falsche Seite.  Gr\u00f6\u00dftenteils gelingt es der Autorin jedoch, neutral zu sein, so dass  dies nicht allzu sehr ins Gewicht f\u00e4llt. <br><br>Kurzweilig und spannend wie ein Krimi liest sich die Historie  zwischen den \"two evils\", wie der damalige britische Premier Winston  Churchill die Diktoratoren Hitler und Stalin bezeichnete, ihrem Streben  nach Macht, Einfluss und territorialen Gewinnen, die Europa auf  Jahrzehnte hinaus ver\u00e4ndern sollten. <\/p><p>Insbesondere die von beiden L\u00e4ndern  vorab gekn\u00fcpften, jedoch selten besprochenen, wirtschaftlichen  Beziehungen werden hier haarscharf analysiert. <br><br>Aufgelockert durch zahlreiche Fotografien und Einbindung noch nicht  zu h\u00e4ufig genutzten Quellenmaterials kann dieses Werk als Erg\u00e4nzung und  Vertiefung der Materie genutzt werden, zumal auch das Vertragsprotokoll  des Hitler-Stalin-Paktes selbst mit eingebunden ist, wie auch das  geheime Zusatzdokument. <\/p><p>Claudia Weber schildert eindrucksvoll dieses  Ereignis, welches dem Weltenbrand vorausging, der unmittelbare Folge  davon zwingend sein musste. Trotz Abstrichen in manchen Formulierungen,  sehr informativ geschrieben, empfehlenswert zu lesen. <\/p><p><strong>Autorin:<\/strong><br>Claudia Weber wurde 1969 geboren und ist eine deutsche Historikerin.  Seit 2014 ist sie Professorin f\u00fcr Europ\u00e4ische Zeitgeschichte in  Frankfurt\/Oder. Zun\u00e4chst studierte sie Lehramt in Leipzig, danach  S\u00fcdslavistik, Politik- und Osteuropawissenschaften. <\/p><p>Nach mehreren  Zwischenstationen sind ihre Forschungsschwerpunkte die Gewalt- und  Diktaturengeschichte des 20. Jahrhunderts, die Kulturgeschichte des  Kalten Krieges, sowie die vergleichende Imperiengeschichte. Sie  ver\u00f6ffentlicht reglm\u00e4\u00dfig Beitr\u00e4ge in nationalen und internationalen  Fachzeitschriften. <\/p>","footnotes":""},"categories":[4],"tags":[2020,2019,505,17,821,253,2018,21,1930,243,30,26,438,23,29,147],"class_list":["post-3896","post","type-post","status-publish","format-standard","has-post-thumbnail","hentry","category-rezension","tag-allianz","tag-buendnis","tag-europa","tag-geschichte","tag-gewalt","tag-hitler","tag-ideologien","tag-krieg","tag-pakt","tag-polen","tag-politik","tag-sachbuch","tag-stalin","tag-weltkrieg","tag-zeitgeschichte","tag-zweiter-weltkrieg"],"uagb_featured_image_src":{"full":["https:\/\/findosbuecher.com\/wp-content\/uploads\/2019\/12\/getimage.jpg",313,487,false],"thumbnail":["https:\/\/findosbuecher.com\/wp-content\/uploads\/2019\/12\/getimage-150x150.jpg",150,150,true],"medium":["https:\/\/findosbuecher.com\/wp-content\/uploads\/2019\/12\/getimage-193x300.jpg",193,300,true],"medium_large":["https:\/\/findosbuecher.com\/wp-content\/uploads\/2019\/12\/getimage-768x1195.jpg",768,1195,true],"large":["https:\/\/findosbuecher.com\/wp-content\/uploads\/2019\/12\/getimage-658x1024.jpg",658,1024,true],"wps_thumbnail_size":["https:\/\/findosbuecher.com\/wp-content\/uploads\/2019\/12\/getimage-360x250.jpg",360,250,true],"1536x1536":["https:\/\/findosbuecher.com\/wp-content\/uploads\/2019\/12\/getimage.jpg",313,487,false],"2048x2048":["https:\/\/findosbuecher.com\/wp-content\/uploads\/2019\/12\/getimage.jpg",313,487,false],"buchcover":["https:\/\/findosbuecher.com\/wp-content\/uploads\/2019\/12\/getimage.jpg",313,487,false]},"uagb_author_info":{"display_name":"findo","author_link":"https:\/\/findosbuecher.com\/?author=1"},"uagb_comment_info":0,"uagb_excerpt":null,"_links":{"self":[{"href":"https:\/\/findosbuecher.com\/index.php?rest_route=\/wp\/v2\/posts\/3896","targetHints":{"allow":["GET"]}}],"collection":[{"href":"https:\/\/findosbuecher.com\/index.php?rest_route=\/wp\/v2\/posts"}],"about":[{"href":"https:\/\/findosbuecher.com\/index.php?rest_route=\/wp\/v2\/types\/post"}],"author":[{"embeddable":true,"href":"https:\/\/findosbuecher.com\/index.php?rest_route=\/wp\/v2\/users\/1"}],"replies":[{"embeddable":true,"href":"https:\/\/findosbuecher.com\/index.php?rest_route=%2Fwp%2Fv2%2Fcomments&post=3896"}],"version-history":[{"count":1,"href":"https:\/\/findosbuecher.com\/index.php?rest_route=\/wp\/v2\/posts\/3896\/revisions"}],"predecessor-version":[{"id":3898,"href":"https:\/\/findosbuecher.com\/index.php?rest_route=\/wp\/v2\/posts\/3896\/revisions\/3898"}],"wp:featuredmedia":[{"embeddable":true,"href":"https:\/\/findosbuecher.com\/index.php?rest_route=\/wp\/v2\/media\/3897"}],"wp:attachment":[{"href":"https:\/\/findosbuecher.com\/index.php?rest_route=%2Fwp%2Fv2%2Fmedia&parent=3896"}],"wp:term":[{"taxonomy":"category","embeddable":true,"href":"https:\/\/findosbuecher.com\/index.php?rest_route=%2Fwp%2Fv2%2Fcategories&post=3896"},{"taxonomy":"post_tag","embeddable":true,"href":"https:\/\/findosbuecher.com\/index.php?rest_route=%2Fwp%2Fv2%2Ftags&post=3896"}],"curies":[{"name":"wp","href":"https:\/\/api.w.org\/{rel}","templated":true}]}}