{"id":386,"date":"2016-10-30T06:52:48","date_gmt":"2016-10-30T06:52:48","guid":{"rendered":"http:\/\/findosbuecher.com\/?p=386"},"modified":"2020-06-10T19:29:50","modified_gmt":"2020-06-10T19:29:50","slug":"margaret-mazzantini-das-meer-am-morgen","status":"publish","type":"post","link":"https:\/\/findosbuecher.com\/?p=386","title":{"rendered":"Margaret Mazzantini: Das Meer am Morgen"},"content":{"rendered":"","protected":false},"excerpt":{"rendered":"","protected":false},"author":1,"featured_media":387,"comment_status":"open","ping_status":"open","sticky":false,"template":"","format":"image","meta":{"_uag_custom_page_level_css":"","site-sidebar-layout":"default","site-content-layout":"","ast-site-content-layout":"default","site-content-style":"default","site-sidebar-style":"default","ast-global-header-display":"","ast-banner-title-visibility":"","ast-main-header-display":"","ast-hfb-above-header-display":"","ast-hfb-below-header-display":"","ast-hfb-mobile-header-display":"","site-post-title":"","ast-breadcrumbs-content":"","ast-featured-img":"","footer-sml-layout":"","ast-disable-related-posts":"","theme-transparent-header-meta":"","adv-header-id-meta":"","stick-header-meta":"","header-above-stick-meta":"","header-main-stick-meta":"","header-below-stick-meta":"","astra-migrate-meta-layouts":"default","ast-page-background-enabled":"default","ast-page-background-meta":{"desktop":{"background-color":"","background-image":"","background-repeat":"repeat","background-position":"center center","background-size":"auto","background-attachment":"scroll","background-type":"","background-media":"","overlay-type":"","overlay-color":"","overlay-opacity":"","overlay-gradient":""},"tablet":{"background-color":"","background-image":"","background-repeat":"repeat","background-position":"center center","background-size":"auto","background-attachment":"scroll","background-type":"","background-media":"","overlay-type":"","overlay-color":"","overlay-opacity":"","overlay-gradient":""},"mobile":{"background-color":"","background-image":"","background-repeat":"repeat","background-position":"center center","background-size":"auto","background-attachment":"scroll","background-type":"","background-media":"","overlay-type":"","overlay-color":"","overlay-opacity":"","overlay-gradient":""}},"ast-content-background-meta":{"desktop":{"background-color":"var(--ast-global-color-5)","background-image":"","background-repeat":"repeat","background-position":"center center","background-size":"auto","background-attachment":"scroll","background-type":"","background-media":"","overlay-type":"","overlay-color":"","overlay-opacity":"","overlay-gradient":""},"tablet":{"background-color":"var(--ast-global-color-5)","background-image":"","background-repeat":"repeat","background-position":"center center","background-size":"auto","background-attachment":"scroll","background-type":"","background-media":"","overlay-type":"","overlay-color":"","overlay-opacity":"","overlay-gradient":""},"mobile":{"background-color":"var(--ast-global-color-5)","background-image":"","background-repeat":"repeat","background-position":"center center","background-size":"auto","background-attachment":"scroll","background-type":"","background-media":"","overlay-type":"","overlay-color":"","overlay-opacity":"","overlay-gradient":""}},"book_review_cover_url":"https:\/\/findosbuecher.com\/wp-content\/uploads\/2016\/10\/9783832196844.jpg","book_review_title":"Das Meer am Morgen","book_review_series":"Margaret Mazzantini","book_review_author":"Roman","book_review_genre":"Dumont","book_review_isbn":"","book_review_publisher":"Erschienen am: 02.10.2013","book_review_release_date":"Taschenbuch","book_review_format":"Seiten: 128","book_review_pages":"ISBN: <a href=\"https:\/\/www.dumont-buchverlag.de\/buch\/tb-mazzantini-das-meer-am-morgen-9783832162603\/\">978-3-8321-6260-3<\/a>","book_review_source":"\u00dcbersetzerin: Karin Krieger","book_review_rating":"5","book_review_summary":"<p><strong>Inhalt:<\/strong><\/p><p>Virtous und in eindringlichen Bildern erz\u00e4hlt Margaret Mazzantini in diesem poetischen Roman das Schicksal zweier Jungen und ihrer Familien. Farid und Vito leben in L\u00e4ndern, die unterschiedlicher nicht sein k\u00f6nnten und doch so nah beieinander liegen. Was sie auf immer trennt - und verbindet -, ist das weiter blaue Meer dazwischen. (Klappentext)<\/p><p><strong>Rezension:<\/strong><\/p><p>Ein Roman wie ein Paukenschlag, wachr\u00fcttelnd und den Finger in die Wunde legend. Dies ist Margaret Mazzantinis \"Das Meer am Morgen\". Erz\u00e4hlt wird die Geschichte, zweier Jungen, der eine in Libyen auf der Flucht vor B\u00fcrgerkrieg, Hunger und Elend, der andere in Italien, die Situation der Fl\u00fcchtlinge registrierend und mit seiner eigenen Zukunft hadernd.<\/p><p>Der 18-j\u00e4hrige Vito findet am Strand eine Halskette, wie sie kleinen Kindern in Libyen zum Schutz vor b\u00f6sen Geistern umgelegt wird und denkt dabei an das Schicksal derer, die fl\u00fcchten m\u00fcssen. Und an die eigene Familiengeschichte, schlie\u00dflich floh seine Familie selbst einst aus Afrika nach Italien.<\/p><p>Auf der anderen Seite des Meeres spielt sich indes das Drama einer Flucht ab. Ein verrosteter, dann v\u00f6llig \u00fcberladener Kahn, soll die Fl\u00fcchtenden den Wohlstand Europas n\u00e4her bringen, doch ist mit Beginn der Fahrt schon das grausame Schicksal der Menschen besiegelt.<\/p><p>Erst gehen Trinkwasser und Benzin zur Neige, dann der Lebensmut. Schlie\u00dflich sterben die ersten. Auch der kleine Farid vermag nicht mehr durchzuhalten.<\/p><p>Ein bedr\u00fcckender eindr\u00fccklicher Roman, der auf wenigen Seiten so emotional wie m\u00f6glich die Misere der Fl\u00fcchtlinge n\u00e4her bringt, die nichts anderes wollen als ein besseres Leben ohne Gefahren und daf\u00fcr alle Strapazen auf sich nehmen.<\/p><p>Gerade heute, in denen die Scharfmacher a la Pegida die Oberhand gewinnen und Staatschef ihre Augen und Grenzen vor dem Elend der Menschen verschlie\u00dfen.<\/p><p>Margaret Mazzantini zeigt mit \"Das Meer am Morgen\", was es hei\u00dft, auf der Flucht zu sein, macht die Leiden, die Hoffnungen derer greifbar, die unmittelbar betroffen sind. Ob als Fl\u00fcchtlinge selbst oder in den Ankunftsl\u00e4ndern, die zuerst die Verzweiflung der Menschen zu sp\u00fcren bekommen.<\/p><p>Die Autorin r\u00fcttelt wach. Nat\u00fcrlich gibt es auch Probleme, die durch den Fl\u00fcchtlinsstrom entstehen, darum geht es hier aber nicht. Es geht um die Betroffenen selbst, die sich nicht anders zu helfen wissen als sich in die H\u00e4nde von Schleppern zu begeben und diesen ihr Schicksal zu \u00fcberlassen.<\/p><p>Mit dem Mut der Verzweiflung Unmengen von Geld aufbringen m\u00fcssen um eine gef\u00e4hrliche Reise anzutreten, die ins Ungewisse f\u00fchrt und auf deren Weg unz\u00e4hlige Menschen sterben. Ein wichtiges Buch, gerade heute.<\/p><p>Der Schreibstil ist einfach gehalten und dennoch anspruchsvoll, so dass der Roman sowohl von Erwachsenen als auch von fr\u00fchen Jugendlichen gelesen werden kann. Tats\u00e4chlich lag der Roman bei den Jugendb\u00fcchern aus und dies ist auch richtig so.<\/p><p>Wer, wenn nicht die n\u00e4chste Generation ist von unseren Entscheidungen, die wir heute treffen, morgen betroffen und in welcher Welt wollen wir morgen \u00fcberhaupt leben?<\/p><p>Die Antwort h\u00e4ngt alleine von den Entscheidungen ab, die wir heute treffen und vielleicht sollte man mehr Menschlichkeit, gerade in dieser Frage, walten lassen. Margaret Mazzantinis Buch kann als Aufruf dazu verstanden werden, mal \u00fcber das Schicksal der Betroffenen nachzudenken.<\/p><p>Ein wunderbarer Roman.<\/p><p><strong>Autorin:<\/strong><\/p><p>Margaret Mazzantini wurde 1961 in Dublin geboren und arbeitete nach der Schule als Theaterschauspielerin und f\u00fcr Film- und Fernsehproduktionen. Eine gr\u00f6\u00dfere Aufmerksamkeit erlangte sie jedoch mit ihren Romanen, die inzwischen s\u00e4mtlich ins Deutsche \u00fcbersetzt wurden. F\u00fcr Werke wie \"Die Zinkwanne\" wurde sie mit mehreren italienischen Preisen ausgezeichnet. Mit ihrer Familie lebt sie in Rom.<\/p>","footnotes":""},"categories":[4],"tags":[222,218,219,217,221,144,220],"class_list":["post-386","post","type-post","status-publish","format-image","has-post-thumbnail","hentry","category-rezension","tag-boot","tag-flucht","tag-fluechten","tag-fluechtling","tag-italien","tag-katastrophe","tag-mittelmeer","post_format-post-format-image"],"uagb_featured_image_src":{"full":["https:\/\/findosbuecher.com\/wp-content\/uploads\/2016\/10\/9783832196844.jpg",305,487,false],"thumbnail":["https:\/\/findosbuecher.com\/wp-content\/uploads\/2016\/10\/9783832196844-150x150.jpg",150,150,true],"medium":["https:\/\/findosbuecher.com\/wp-content\/uploads\/2016\/10\/9783832196844-188x300.jpg",188,300,true],"medium_large":["https:\/\/findosbuecher.com\/wp-content\/uploads\/2016\/10\/9783832196844.jpg",305,487,false],"large":["https:\/\/findosbuecher.com\/wp-content\/uploads\/2016\/10\/9783832196844.jpg",305,487,false],"wps_thumbnail_size":["https:\/\/findosbuecher.com\/wp-content\/uploads\/2016\/10\/9783832196844.jpg",157,250,false],"1536x1536":["https:\/\/findosbuecher.com\/wp-content\/uploads\/2016\/10\/9783832196844.jpg",305,487,false],"2048x2048":["https:\/\/findosbuecher.com\/wp-content\/uploads\/2016\/10\/9783832196844.jpg",305,487,false],"buchcover":["https:\/\/findosbuecher.com\/wp-content\/uploads\/2016\/10\/9783832196844.jpg",305,487,false]},"uagb_author_info":{"display_name":"findo","author_link":"https:\/\/findosbuecher.com\/?author=1"},"uagb_comment_info":0,"uagb_excerpt":null,"_links":{"self":[{"href":"https:\/\/findosbuecher.com\/index.php?rest_route=\/wp\/v2\/posts\/386","targetHints":{"allow":["GET"]}}],"collection":[{"href":"https:\/\/findosbuecher.com\/index.php?rest_route=\/wp\/v2\/posts"}],"about":[{"href":"https:\/\/findosbuecher.com\/index.php?rest_route=\/wp\/v2\/types\/post"}],"author":[{"embeddable":true,"href":"https:\/\/findosbuecher.com\/index.php?rest_route=\/wp\/v2\/users\/1"}],"replies":[{"embeddable":true,"href":"https:\/\/findosbuecher.com\/index.php?rest_route=%2Fwp%2Fv2%2Fcomments&post=386"}],"version-history":[{"count":3,"href":"https:\/\/findosbuecher.com\/index.php?rest_route=\/wp\/v2\/posts\/386\/revisions"}],"predecessor-version":[{"id":4746,"href":"https:\/\/findosbuecher.com\/index.php?rest_route=\/wp\/v2\/posts\/386\/revisions\/4746"}],"wp:featuredmedia":[{"embeddable":true,"href":"https:\/\/findosbuecher.com\/index.php?rest_route=\/wp\/v2\/media\/387"}],"wp:attachment":[{"href":"https:\/\/findosbuecher.com\/index.php?rest_route=%2Fwp%2Fv2%2Fmedia&parent=386"}],"wp:term":[{"taxonomy":"category","embeddable":true,"href":"https:\/\/findosbuecher.com\/index.php?rest_route=%2Fwp%2Fv2%2Fcategories&post=386"},{"taxonomy":"post_tag","embeddable":true,"href":"https:\/\/findosbuecher.com\/index.php?rest_route=%2Fwp%2Fv2%2Ftags&post=386"}],"curies":[{"name":"wp","href":"https:\/\/api.w.org\/{rel}","templated":true}]}}