{"id":3823,"date":"2019-10-31T15:18:04","date_gmt":"2019-10-31T15:18:04","guid":{"rendered":"http:\/\/findosbuecher.com\/?p=3823"},"modified":"2019-10-31T15:18:09","modified_gmt":"2019-10-31T15:18:09","slug":"stefanie-de-velasco-kein-teil-der-welt","status":"publish","type":"post","link":"https:\/\/findosbuecher.com\/?p=3823","title":{"rendered":"Stefanie de Velasco: Kein Teil der Welt"},"content":{"rendered":"","protected":false},"excerpt":{"rendered":"","protected":false},"author":1,"featured_media":3824,"comment_status":"open","ping_status":"open","sticky":false,"template":"","format":"standard","meta":{"_uag_custom_page_level_css":"","site-sidebar-layout":"default","site-content-layout":"","ast-site-content-layout":"default","site-content-style":"default","site-sidebar-style":"default","ast-global-header-display":"","ast-banner-title-visibility":"","ast-main-header-display":"","ast-hfb-above-header-display":"","ast-hfb-below-header-display":"","ast-hfb-mobile-header-display":"","site-post-title":"","ast-breadcrumbs-content":"","ast-featured-img":"","footer-sml-layout":"","ast-disable-related-posts":"","theme-transparent-header-meta":"","adv-header-id-meta":"","stick-header-meta":"","header-above-stick-meta":"","header-main-stick-meta":"","header-below-stick-meta":"","astra-migrate-meta-layouts":"default","ast-page-background-enabled":"default","ast-page-background-meta":{"desktop":{"background-color":"","background-image":"","background-repeat":"repeat","background-position":"center center","background-size":"auto","background-attachment":"scroll","background-type":"","background-media":"","overlay-type":"","overlay-color":"","overlay-opacity":"","overlay-gradient":""},"tablet":{"background-color":"","background-image":"","background-repeat":"repeat","background-position":"center center","background-size":"auto","background-attachment":"scroll","background-type":"","background-media":"","overlay-type":"","overlay-color":"","overlay-opacity":"","overlay-gradient":""},"mobile":{"background-color":"","background-image":"","background-repeat":"repeat","background-position":"center center","background-size":"auto","background-attachment":"scroll","background-type":"","background-media":"","overlay-type":"","overlay-color":"","overlay-opacity":"","overlay-gradient":""}},"ast-content-background-meta":{"desktop":{"background-color":"var(--ast-global-color-5)","background-image":"","background-repeat":"repeat","background-position":"center center","background-size":"auto","background-attachment":"scroll","background-type":"","background-media":"","overlay-type":"","overlay-color":"","overlay-opacity":"","overlay-gradient":""},"tablet":{"background-color":"var(--ast-global-color-5)","background-image":"","background-repeat":"repeat","background-position":"center center","background-size":"auto","background-attachment":"scroll","background-type":"","background-media":"","overlay-type":"","overlay-color":"","overlay-opacity":"","overlay-gradient":""},"mobile":{"background-color":"var(--ast-global-color-5)","background-image":"","background-repeat":"repeat","background-position":"center center","background-size":"auto","background-attachment":"scroll","background-type":"","background-media":"","overlay-type":"","overlay-color":"","overlay-opacity":"","overlay-gradient":""}},"book_review_cover_url":"https:\/\/findosbuecher.com\/wp-content\/uploads\/2019\/10\/9783462317312.jpg","book_review_title":"Titel: Kein Teil der Welt","book_review_series":"Stefanie de Velasco","book_review_author":"Rezensionsexemplar\/Roman","book_review_genre":"Kiepenheuer &amp; Witsch","book_review_isbn":"","book_review_publisher":"Erschienen am: 10.10.2019","book_review_release_date":"Hardcover","book_review_format":"Seiten: 432","book_review_pages":"ISBN: <a href=\"https:\/\/www.kiwi-verlag.de\/buch\/kein-teil-der-welt\/978-3-462-31731-2\/\">978-3-462-05043-1<\/a>","book_review_source":"","book_review_rating":"3","book_review_summary":"<p><strong>Inhalt:<\/strong><br>Vom Aufwachsen in der Glaubensgemeinschaft der Zeugen Jehovas. <br><br>Mit unwiderstehlicher Kraft f\u00fchrt uns Stefanie de Velascos  aufr\u00fcttelnder Roman in eine Welt, die mitten in der unsrigen existiert  und dennoch kein Teil von ihr ist. Klug, rasant und herzzerrei\u00dfend  erz\u00e4hlt er vom Emanzipationsprozess einer jungen Frau, der s\u00e4mtliche  Fundamente zum Einst\u00fcrzen bringt. (Klappentext) <br><br><strong>Rezension:<\/strong><br>Unser Grundgesetz legt fest, dass ein Jeder glauben darf, woran er  oder sie m\u00f6chte, so lange man seinem Gegen\u00fcber nicht schadet. Dies ist  ein Privileg, zumal es noch genug Orte auf der Welt gibt oder es in der  Geschichte gab, an denen die jenigen verfolgt wurden, die von den  Meinungen der Mehrheitsgesellschaft abweichen oder ganz und gar ihre  eigenen Wege gehen. <\/p><p>Doch, was ist, wenn sich die Mitglieder einer  Glaubensgemeinschaft zu sehr abschotten und sich selbst schaden?  Stefanie de Velasco erz\u00e4hlt die fiktive Geschichte zweier M\u00e4dchen  innerhalb der Gemeinschaft der Zeugen Jehovas. <br><br>Die Autorin, die selbst lange Zeit Mitglied der Zeugen Jehovas  gewesen ist, erz\u00e4hlt nicht ihre oder eine andere klassische  Aussteigergeschichte, sondern stellt dem Leser zwei klassische  identifikationsfiguren an die Seite, deren Schicksal man von Zeile zu  Zeile atemlos verfolgt. <\/p><p>Zum einen ist da das M\u00e4dchen, welches den  Glauben mit einer Ernsthaftigkeit praktiziert, dass man als Leser nur  den Kopf sch\u00fctteln kann, dioe jedoch sp\u00e4ter nach ersten Zweifeln  beginnt, zu hinterfragen. Die Erz\u00e4hlerin indes ist die andere  Protagonistin, die einfach ihre Ruhe haben, keinen Wandel m\u00f6chte, doch  vom Zweifel ihrer Freundin mitgerissen wird.<\/p><p>Im Wechsel der Zeitebenen  wird die Geschichte erz\u00e4hlt. R\u00fcckblenden und Gegenwartseindr\u00fccke gehen  nahtlos ineinander \u00fcber. <br><br>Das ist die St\u00e4rke des Romans und zugleich seine Schw\u00e4che. Zu Beginn  wei\u00df man nicht, wo diese Geschichte einem hinf\u00fchren wird, welches Ziel  die Protagonisten verfolgen. Auch das Lesetempo, welches die Autorin  einfordert ist nicht gerade einladend. <\/p><p>Am Anfang flie\u00dft der Erz\u00e4hlstrom  langsam, doch schon nach dem ersten Drittel wird klar, dass die Figuren  sich in immer rasanteren Tempo dem Abgrund n\u00e4hern. Dies widerum tut der  Handlung gut, wenn auch im Mittelteil die Wendung zu abrupt kommt. Hier  h\u00e4tten f\u00fcnfzig Seiten mehr der Geschichte gut getan. <br><br>Stefanie de Velasco erz\u00e4hlt eine nur in Ans\u00e4tzen autobiografische  Geschichte und doch eine, wie sie passieren k\u00f6nnte. Sie zeigt, wie  wichtig es ist, auch auf die jenigen zu achten, die au\u00dferhalb unserer  Gemeinschaft stehen, ohne erhobenen Zeigefinger nat\u00fcrlich, aber dennoch  Hilfe anzubieten, wenn stille Zeichen dazu Anlass geben. <\/p><p>Die Autorin  erz\u00e4hlt, dass es wichtig ist, auf diese Menschen einzugehen, gleich dem  wie fremd die einstige Denkweise sein mag, aber auch wie wichtig es ist,  gr\u00f6\u00dfere Katastrophen zu verhindern, sind doch die Einschnitte ohnehin  brutal genug. <\/p><p>Mit der Kraft des Erz\u00e4hlens zeigt \"Kein Teil der Welt\"  jedoch auch, wie nah Freud und Leid beieinander liegen und das  Freundschaft auch dann noch eine Wirkung hat, wenn diese l\u00e4ngst  vergangen ist. Und da sind dann die Protagonisten dann doch nicht so  anders als die Welt um sie herum. <br><br>Einige L\u00e4ngen und ein allzu abrupter Wechsel im handlungsverlauf zum  Trotz, zieht einem der Roman in seinem Bann, l\u00e4sst einige Fragen offen  und im Leser arbeiten. Das halboffene Ende passt dazu, insgesamt h\u00e4tten  der Erz\u00e4hlung ein paar Seiten mehr Ausf\u00fchrungen gut getan. Im Gro\u00dfen und  Ganzen jedoch, lesenswert. <\/p><p><strong>Autorin:<\/strong><br>Stefanie de Velasco wurde 1978 geboren und ist eine deutsche  Schriftstellerin. Aufgewachsen bei den Zeugen jehovas verlie\u00df sie die  Religionsgemeinschaft im Alter von 15 Jahren. Nach der Schule studierte  sie Europ\u00e4ische Ethnologie und Politikwissenschaft in Bonn, Berlin und  Warschau. <\/p><p>F\u00fcr das Berliner Stadtmagazin Zitty, die FAS und Zeit Online  schreibt sie regelm\u00e4\u00dfig Beitr\u00e4ge. Im Jahr 2013 erschien ihr Deb\u00fctroman  \"Tigermilch\", der verfilmt und zahlreich \u00fcbersetzt wurde. Ein Jahr  sp\u00e4ter wurde sie daf\u00fcr f\u00fcr den Deutschen Jugendliteraturpreis nominiert.  \"Kein Teil der Welt\", ist ihr zweiter Roman.  <\/p>","footnotes":""},"categories":[4],"tags":[1983,123,87,443,283,16,279,1984,1017,1982,1059,1058,444,854,113,1916,11,1981,1985,853,1987],"class_list":["post-3823","post","type-post","status-publish","format-standard","has-post-thumbnail","hentry","category-rezension","tag-aussteiger","tag-erzaehlung","tag-familie","tag-freundschaft","tag-gemeinschaft","tag-gesellschaft","tag-glaube","tag-hinterfragen","tag-ideologie","tag-jehova","tag-kiepenheuer-witsch","tag-kiwi","tag-mut","tag-ost","tag-religion","tag-rezensionsexemplar","tag-roman","tag-sekte","tag-taeuschung","tag-west","tag-zweifel"],"uagb_featured_image_src":{"full":["https:\/\/findosbuecher.com\/wp-content\/uploads\/2019\/10\/9783462317312.jpg",275,451,false],"thumbnail":["https:\/\/findosbuecher.com\/wp-content\/uploads\/2019\/10\/9783462317312-150x150.jpg",150,150,true],"medium":["https:\/\/findosbuecher.com\/wp-content\/uploads\/2019\/10\/9783462317312-183x300.jpg",183,300,true],"medium_large":["https:\/\/findosbuecher.com\/wp-content\/uploads\/2019\/10\/9783462317312.jpg",275,451,false],"large":["https:\/\/findosbuecher.com\/wp-content\/uploads\/2019\/10\/9783462317312.jpg",275,451,false],"wps_thumbnail_size":["https:\/\/findosbuecher.com\/wp-content\/uploads\/2019\/10\/9783462317312-275x250.jpg",275,250,true],"1536x1536":["https:\/\/findosbuecher.com\/wp-content\/uploads\/2019\/10\/9783462317312.jpg",275,451,false],"2048x2048":["https:\/\/findosbuecher.com\/wp-content\/uploads\/2019\/10\/9783462317312.jpg",275,451,false],"buchcover":["https:\/\/findosbuecher.com\/wp-content\/uploads\/2019\/10\/9783462317312.jpg",275,451,false]},"uagb_author_info":{"display_name":"findo","author_link":"https:\/\/findosbuecher.com\/?author=1"},"uagb_comment_info":1,"uagb_excerpt":null,"_links":{"self":[{"href":"https:\/\/findosbuecher.com\/index.php?rest_route=\/wp\/v2\/posts\/3823","targetHints":{"allow":["GET"]}}],"collection":[{"href":"https:\/\/findosbuecher.com\/index.php?rest_route=\/wp\/v2\/posts"}],"about":[{"href":"https:\/\/findosbuecher.com\/index.php?rest_route=\/wp\/v2\/types\/post"}],"author":[{"embeddable":true,"href":"https:\/\/findosbuecher.com\/index.php?rest_route=\/wp\/v2\/users\/1"}],"replies":[{"embeddable":true,"href":"https:\/\/findosbuecher.com\/index.php?rest_route=%2Fwp%2Fv2%2Fcomments&post=3823"}],"version-history":[{"count":1,"href":"https:\/\/findosbuecher.com\/index.php?rest_route=\/wp\/v2\/posts\/3823\/revisions"}],"predecessor-version":[{"id":3825,"href":"https:\/\/findosbuecher.com\/index.php?rest_route=\/wp\/v2\/posts\/3823\/revisions\/3825"}],"wp:featuredmedia":[{"embeddable":true,"href":"https:\/\/findosbuecher.com\/index.php?rest_route=\/wp\/v2\/media\/3824"}],"wp:attachment":[{"href":"https:\/\/findosbuecher.com\/index.php?rest_route=%2Fwp%2Fv2%2Fmedia&parent=3823"}],"wp:term":[{"taxonomy":"category","embeddable":true,"href":"https:\/\/findosbuecher.com\/index.php?rest_route=%2Fwp%2Fv2%2Fcategories&post=3823"},{"taxonomy":"post_tag","embeddable":true,"href":"https:\/\/findosbuecher.com\/index.php?rest_route=%2Fwp%2Fv2%2Ftags&post=3823"}],"curies":[{"name":"wp","href":"https:\/\/api.w.org\/{rel}","templated":true}]}}