{"id":3809,"date":"2019-10-20T17:11:46","date_gmt":"2019-10-20T17:11:46","guid":{"rendered":"http:\/\/findosbuecher.com\/?p=3809"},"modified":"2019-10-20T17:12:46","modified_gmt":"2019-10-20T17:12:46","slug":"michaela-kuepper-der-kinderzug","status":"publish","type":"post","link":"https:\/\/findosbuecher.com\/?p=3809","title":{"rendered":"Michaela K\u00fcpper: Der Kinderzug"},"content":{"rendered":"","protected":false},"excerpt":{"rendered":"","protected":false},"author":1,"featured_media":3810,"comment_status":"open","ping_status":"open","sticky":false,"template":"","format":"standard","meta":{"_uag_custom_page_level_css":"","site-sidebar-layout":"default","site-content-layout":"","ast-site-content-layout":"default","site-content-style":"default","site-sidebar-style":"default","ast-global-header-display":"","ast-banner-title-visibility":"","ast-main-header-display":"","ast-hfb-above-header-display":"","ast-hfb-below-header-display":"","ast-hfb-mobile-header-display":"","site-post-title":"","ast-breadcrumbs-content":"","ast-featured-img":"","footer-sml-layout":"","ast-disable-related-posts":"","theme-transparent-header-meta":"","adv-header-id-meta":"","stick-header-meta":"","header-above-stick-meta":"","header-main-stick-meta":"","header-below-stick-meta":"","astra-migrate-meta-layouts":"default","ast-page-background-enabled":"default","ast-page-background-meta":{"desktop":{"background-color":"","background-image":"","background-repeat":"repeat","background-position":"center center","background-size":"auto","background-attachment":"scroll","background-type":"","background-media":"","overlay-type":"","overlay-color":"","overlay-opacity":"","overlay-gradient":""},"tablet":{"background-color":"","background-image":"","background-repeat":"repeat","background-position":"center center","background-size":"auto","background-attachment":"scroll","background-type":"","background-media":"","overlay-type":"","overlay-color":"","overlay-opacity":"","overlay-gradient":""},"mobile":{"background-color":"","background-image":"","background-repeat":"repeat","background-position":"center center","background-size":"auto","background-attachment":"scroll","background-type":"","background-media":"","overlay-type":"","overlay-color":"","overlay-opacity":"","overlay-gradient":""}},"ast-content-background-meta":{"desktop":{"background-color":"var(--ast-global-color-5)","background-image":"","background-repeat":"repeat","background-position":"center center","background-size":"auto","background-attachment":"scroll","background-type":"","background-media":"","overlay-type":"","overlay-color":"","overlay-opacity":"","overlay-gradient":""},"tablet":{"background-color":"var(--ast-global-color-5)","background-image":"","background-repeat":"repeat","background-position":"center center","background-size":"auto","background-attachment":"scroll","background-type":"","background-media":"","overlay-type":"","overlay-color":"","overlay-opacity":"","overlay-gradient":""},"mobile":{"background-color":"var(--ast-global-color-5)","background-image":"","background-repeat":"repeat","background-position":"center center","background-size":"auto","background-attachment":"scroll","background-type":"","background-media":"","overlay-type":"","overlay-color":"","overlay-opacity":"","overlay-gradient":""}},"book_review_cover_url":"https:\/\/findosbuecher.com\/wp-content\/uploads\/2019\/10\/978-3-426-28218-2_xl.jpg","book_review_title":"Der Kinderzug","book_review_series":"","book_review_author":"Michaela K\u00fcpper","book_review_genre":"Rezensionsexemplar\/Roman","book_review_isbn":"","book_review_publisher":"Droemer","book_review_release_date":"Erschienen am: 01.10.2019","book_review_format":"Hardcover","book_review_pages":"Seiten: 348","book_review_source":"ISBN: <a href=\"https:\/\/www.droemer-knaur.de\/buch\/michaela-kuepper-der-kinderzug-9783426282182\">978-3-426-28218-2<\/a>","book_review_rating":"4","book_review_summary":"<p><strong>Inhalt:<\/strong><br>Im jahr 1943 begleitet Barbara, Lehrerin, eine Gruppe M\u00e4dchen im  Rahmen der sog. Kinderlandverschickung. Angst, gespannte Unruhe,  begleitet die Gedanken der Kinder, die nicht wissen, was sie erwartet.  <\/p><p>Eine Odyssee beginnt, die nicht nur die Kinder, sondern auch Barbara an  ihre Grenzen f\u00fchrt. Immer mehr werden die Realit\u00e4t und die grausamen  Methoden der Nationalsozialisten deutlicht. Schlie\u00dflich verschwindet  eines der M\u00e4dchen und ein polnischer Zwangsarbeiter wird verd\u00e4chtigt.  Barbara muss sich entscheiden. (eigene Inhaltsangabe) <br><br><strong>Rezension:<\/strong><br>Im Jahr 1943 bekamen die Deutschen entg\u00fcltig die Auswirkungen des von  ihnen verursachten Weltkrieges zu sp\u00fcren. St\u00e4dte wurden zerbombt,  Lebensmittel waren schon l\u00e4ngst rationiert, die Armeen an allen Fronten  befanden sich auf den R\u00fcckzug. <\/p><p>Um Zugriff auf die Kleinsten zu haben,  aber auch um sie zu sch\u00fctzen, wurden hunderte Kinder im Rahmen der sog.  Kinderlandverschickung von ihren Eltern getrennt und beinahe  schulklassenweise in vermeintlich sichere, zumeist l\u00e4ndliche, Gebiete  verteilt. Ein gro\u00dfer Umbruch im Leben der Kinder und Jugendliche, die  sp\u00e4ter diese als sch\u00f6nste oder schlimmste zeit ihres Lebens empfinden  w\u00fcrde, ganz abh\u00e4ngig vom Erlebten. <br><br>So viel zur wahren Geschichte und zum Szenario, welches sich Michaela  K\u00fcpper f\u00fcr ihren neuesten Roman \"Der Kinderzug\" vorgenommen hat. Der  Leser begleitet eine Gruppe von Kindern, doch vor allem eine ihr  zugeteilte Lehrkraft quer durch die Lande und erlebt die Schrecken  dieser Zeit praktisch hautnah mit. <\/p><p>Erz\u00e4hlt wird die Geschichte aus  verschiedenen Perspektiven, in Form der Draufschau eines  Tagebucheintrages etwa oder und vor allem durch die Ich-Erz\u00e4hlerin, die  junge Lehrerin, Barbara, die als Identifikationsfigur dient. <br><br>Zum Greifen nah ist die Spannung der Ungewissheit sonderbarer Zeit  und das Abwiegen zwischen der Notwendigkeit, einen gewissen Alltag zu  leben und sich der sonderbaren Lage anzupassen. Letzteres vor allem,  wenn Erwachsene und Kinder mit den Auswirkungen der gro\u00dfen Politik  konfrontiert und von deren schlimmster Sorte zum Spielball degradiert  werden. <\/p><p>Wie weit darf, muss man mitgehen, wann Haltung bewahren oder  Kompromisse machen, um sich selbst und seine Schutzbefohlenen zu  sch\u00fctzen? Michaela K\u00fcpper hat sich diesen Spannungsbogen vorgenommen und  erz\u00e4hlt, zun\u00e4chst langsam, was auch beim Lesen einige L\u00e4ngen  verursacht, dann in einem immer schnelleren Tempo, die Geschichte.<br> <br>Erz\u00e4hlt wird von den Auswirkungen einer menschenverachtenden  ideologie auf das Leben der J\u00fcngsten, die sp\u00e4ter einmal unsere Gro\u00df- und  Urgro\u00dfeltern werden sollten, in Romanform. <\/p><p>Zur Geltung kommt aber auch  das Engagement vieler Lehrkr\u00e4fte, die sich f\u00fcr die ihnen anvertrauten  Kinder und Jugendliche bis hinein in den letzten Kriegstagen einsetzten.  In kurzweiligen Kapiteln, nur anfangs st\u00f6rt ein etwas flacher  Erz\u00e4hlstil das gesamte Bild, gibt sich dann jedoch sp\u00e4ter, orientiert  sich Michaela K\u00fcpper am roten Faden der Geschichte und erz\u00e4hlt die von  ihr gesponnene. <\/p><p>Mit zunehmender Seitenzahl findet die Autorin mittel und  Wege zu beschreiben, Emotionen aufkeimen und wirken zu lassen und wird  von Zeile zu Zeile st\u00e4rker. <br><br>Die gro\u00dfe Politik und die Auswirkungen des Krieges, die die Welt in  eine Katastrophe st\u00fcrzte, wird hier geschickt in eine gut  nachvollziehbare Romanhandlung verpackt. In allen Perspektiven.  <\/p><p>Unterst\u00fctzt wird der Roman durch ein starkes Nachwort der Autorin,  ebenso wie ein Quellenverzeichnis, welches in Ausz\u00fcgen die  Recherchearbeit im Vorfeld des Schreibens verdeutlicht. Bitte mehr von  solchen Romanen und auch von Michaela K\u00fcpper, von der ich gespannt w\u00e4re,  noch mehr zu lesen. <\/p><p><strong>Autorin:<\/strong><br>Michaele K\u00fcpper ist eine deutsche Autorin. Nach einer Jugend in Bonn,  studierte sie in Marburg Soziologie, Psychologie, Politik und  P\u00e4dagogik. Nach einem Volontariat war sie als Projektmanagerin f\u00fcr einen  Verlag t\u00e4tig. Heute arbeitet sie als freie Autori und Illustratorin. <\/p><p>Im  Jahr 2011 wurde sie f\u00fcr den NordMordAward nominiert, ein Jahr zuvor  erhielt sie die Nominierung f\u00fcr den Krimipreis der Stadt Frauenfeld  (Schweiz). Neben Kurzgeschichten schrieb sie bereits mehrere Romane.  Heute lebt sie wieder mit ihrer Familie im Rheinland. <\/p>","footnotes":""},"categories":[4],"tags":[89,1522,218,16,820,187,1973,1975,181,1972,21,1976,301,1037,1916,11,41,148,1974,147],"class_list":["post-3809","post","type-post","status-publish","format-standard","has-post-thumbnail","hentry","category-rezension","tag-coming-of-age","tag-droemer","tag-flucht","tag-gesellschaft","tag-grauen","tag-jugend","tag-kinderlandverschickung","tag-kinderzug","tag-kindheit","tag-klv","tag-krieg","tag-kuepper","tag-leben","tag-regime","tag-rezensionsexemplar","tag-roman","tag-terror","tag-verfolgung","tag-verschickung","tag-zweiter-weltkrieg"],"uagb_featured_image_src":{"full":["https:\/\/findosbuecher.com\/wp-content\/uploads\/2019\/10\/978-3-426-28218-2_xl.jpg",194,298,false],"thumbnail":["https:\/\/findosbuecher.com\/wp-content\/uploads\/2019\/10\/978-3-426-28218-2_xl-150x150.jpg",150,150,true],"medium":["https:\/\/findosbuecher.com\/wp-content\/uploads\/2019\/10\/978-3-426-28218-2_xl.jpg",194,298,false],"medium_large":["https:\/\/findosbuecher.com\/wp-content\/uploads\/2019\/10\/978-3-426-28218-2_xl.jpg",194,298,false],"large":["https:\/\/findosbuecher.com\/wp-content\/uploads\/2019\/10\/978-3-426-28218-2_xl.jpg",194,298,false],"wps_thumbnail_size":["https:\/\/findosbuecher.com\/wp-content\/uploads\/2019\/10\/978-3-426-28218-2_xl-194x250.jpg",194,250,true],"1536x1536":["https:\/\/findosbuecher.com\/wp-content\/uploads\/2019\/10\/978-3-426-28218-2_xl.jpg",194,298,false],"2048x2048":["https:\/\/findosbuecher.com\/wp-content\/uploads\/2019\/10\/978-3-426-28218-2_xl.jpg",194,298,false],"buchcover":["https:\/\/findosbuecher.com\/wp-content\/uploads\/2019\/10\/978-3-426-28218-2_xl.jpg",194,298,false]},"uagb_author_info":{"display_name":"findo","author_link":"https:\/\/findosbuecher.com\/?author=1"},"uagb_comment_info":0,"uagb_excerpt":null,"_links":{"self":[{"href":"https:\/\/findosbuecher.com\/index.php?rest_route=\/wp\/v2\/posts\/3809","targetHints":{"allow":["GET"]}}],"collection":[{"href":"https:\/\/findosbuecher.com\/index.php?rest_route=\/wp\/v2\/posts"}],"about":[{"href":"https:\/\/findosbuecher.com\/index.php?rest_route=\/wp\/v2\/types\/post"}],"author":[{"embeddable":true,"href":"https:\/\/findosbuecher.com\/index.php?rest_route=\/wp\/v2\/users\/1"}],"replies":[{"embeddable":true,"href":"https:\/\/findosbuecher.com\/index.php?rest_route=%2Fwp%2Fv2%2Fcomments&post=3809"}],"version-history":[{"count":1,"href":"https:\/\/findosbuecher.com\/index.php?rest_route=\/wp\/v2\/posts\/3809\/revisions"}],"predecessor-version":[{"id":3811,"href":"https:\/\/findosbuecher.com\/index.php?rest_route=\/wp\/v2\/posts\/3809\/revisions\/3811"}],"wp:featuredmedia":[{"embeddable":true,"href":"https:\/\/findosbuecher.com\/index.php?rest_route=\/wp\/v2\/media\/3810"}],"wp:attachment":[{"href":"https:\/\/findosbuecher.com\/index.php?rest_route=%2Fwp%2Fv2%2Fmedia&parent=3809"}],"wp:term":[{"taxonomy":"category","embeddable":true,"href":"https:\/\/findosbuecher.com\/index.php?rest_route=%2Fwp%2Fv2%2Fcategories&post=3809"},{"taxonomy":"post_tag","embeddable":true,"href":"https:\/\/findosbuecher.com\/index.php?rest_route=%2Fwp%2Fv2%2Ftags&post=3809"}],"curies":[{"name":"wp","href":"https:\/\/api.w.org\/{rel}","templated":true}]}}