{"id":3095,"date":"2019-04-01T10:18:18","date_gmt":"2019-04-01T10:18:18","guid":{"rendered":"http:\/\/findosbuecher.com\/?p=3095"},"modified":"2023-07-13T15:20:33","modified_gmt":"2023-07-13T15:20:33","slug":"leipzig-liest-und-findo-liest-mit-messetag-4-und-fazit-2019","status":"publish","type":"post","link":"https:\/\/findosbuecher.com\/?p=3095","title":{"rendered":"Leipzig liest und findo liest mit \u2013 Messetag 4 und Fazit \u2013 2019"},"content":{"rendered":"\n<p>Irgendwann ist die Luft raus und normalerweise ist das bei mir am vierten Messetag der Fall. Zu viele Eindr\u00fccke sammelt man auf der Buchmesse, zu viele Kilometer l\u00e4uft man und zu viele B\u00fccher wandern von den mobilen Kassierern zu mir in die Tasche. Gut, am letzten Punkt habe ich selbst Schuld, was kaufe ich auch B\u00fccher, aber wenn sonst nichts ist? In diesem Jahr jedoch hatte ich auch am sonntag Lust und Muse, Lesungen zu besuchen. Ob&#8217;s am Wetter lag? Wer wei\u00df? <\/p>\n\n\n\n<p>Los ging es mit einer Gespr\u00e4chsrunde \u00fcber die Zensur zu DDR-Zeiten und die Zensur heute. Gemeinsamkeiten, Unterschiede und wie diese Entwicklung zu erkl\u00e4ren ist. Brisantes Thema und hoch interessant, genau so wie die n\u00e4chste Lesung, in der mal wieder \u00fcber den Tellerrand geschaut wurde, was ja h\u00e4ufiger so war auf dieser Buchmesse.<\/p>\n\n\n\n<p>Der Zu Klampen Verlag stellte mit seinem Autor Gerd Hankel ein <a href=\"https:\/\/zuklampen.de\/component\/bcpublisher\/bk\/907-ruanda-1994-bis-heute.html?Itemid=\">Buch<\/a> \u00fcber die Verarbeitung des V\u00f6lkermords in Ruanda 1994 vor, welcher auch 25 Jahre danach noch f\u00fcr gro\u00dfe Widerspr\u00fcche sorgt. Hier m\u00f6chte ich jedoch nicht zu viel verraten, da ich dieses Buch zu gegebener Zeit noch rezensieren werde. Nur so viel, ich wusste von diesem zeithistorischen Geschehnis nichts, um so mehr beeindruckte mich die Lesung. Der PapyRossa Verlag stellte indes ein Buch \u00fcber die Bewegung der Resistance, des antfaschistischen Widerstands in Frankreich vor. Nicht minder interessant. <\/p>\n\n\n\n<figure class=\"wp-block-image\"><img loading=\"lazy\" decoding=\"async\" width=\"1024\" height=\"768\" src=\"https:\/\/findosbuecher.com\/wp-content\/uploads\/2019\/04\/P1090798-1024x768.jpg\" alt=\"\" class=\"wp-image-3097\" srcset=\"https:\/\/findosbuecher.com\/wp-content\/uploads\/2019\/04\/P1090798-1024x768.jpg 1024w, https:\/\/findosbuecher.com\/wp-content\/uploads\/2019\/04\/P1090798-300x225.jpg 300w, https:\/\/findosbuecher.com\/wp-content\/uploads\/2019\/04\/P1090798-768x576.jpg 768w, https:\/\/findosbuecher.com\/wp-content\/uploads\/2019\/04\/P1090798.jpg 320w\" sizes=\"auto, (max-width: 1024px) 100vw, 1024px\" \/><figcaption class=\"wp-element-caption\">Der Verleger zu Klampen stellt &#8222;Ruanda 1994. Vom Umgang mit den V\u00f6lkermord&#8220; vor.<\/figcaption><\/figure>\n\n\n\n<p>Am 24. Mai zeigt der deutsch-franz\u00f6sische Kultursender ARTE eine 24-Stunden-Reportage \u00fcber Europa, genauer gesagt \u00fcber die junge Generation, die nur diesen Kontinent ohne Grenzen und mit einer umspannenden W\u00e4hhrung kennt, mit all den Vor- und Nachteilen, die dies mit sich bringt. 47 Kamerateams begleiteten in 26 L\u00e4ndern 60 Protagonisten und so wurde auf der Messe, die sich in den letzten jahren auch immer ein wenig politisch zeigte, diese Sendung vorgestellt, die etwa an &#8222;24 Stunden Berlin&#8220; ankn\u00fcpft, nach dem gleichen Konzept. K\u00f6nnte spannend werden.<\/p>\n\n\n\n<figure class=\"wp-block-image\"><img loading=\"lazy\" decoding=\"async\" width=\"1024\" height=\"768\" src=\"https:\/\/findosbuecher.com\/wp-content\/uploads\/2019\/04\/P1090810-1024x768.jpg\" alt=\"\" class=\"wp-image-3096\" srcset=\"https:\/\/findosbuecher.com\/wp-content\/uploads\/2019\/04\/P1090810-1024x768.jpg 1024w, https:\/\/findosbuecher.com\/wp-content\/uploads\/2019\/04\/P1090810-300x225.jpg 300w, https:\/\/findosbuecher.com\/wp-content\/uploads\/2019\/04\/P1090810-768x576.jpg 768w, https:\/\/findosbuecher.com\/wp-content\/uploads\/2019\/04\/P1090810.jpg 320w\" sizes=\"auto, (max-width: 1024px) 100vw, 1024px\" \/><figcaption class=\"wp-element-caption\">&#8222;24h Europa&#8220;, die Sendung wird am 24. Mai auf ARTE ausgestrahlt.<\/figcaption><\/figure>\n\n\n\n<p>Danach ging es zu einer Lesung \u00fcber einen Familienroman, der in Marseille spielt und von der Thematik her h\u00e4tte ganz interessant werden k\u00f6nnen. Das ist ja eine Stadt, in der mehr Migranten als Franzosn leben und \u00fcber eine dort lebende, aus verschiedenen Nationen zusammengew\u00fcrfelte Familie geht es auch in diesem Roman, dessen Titel ich schon wieder vergessen habe. Da kann man sich vorstellen, wie &#8222;spannend&#8220; die Lesung war. Irgendetwas ist ja immer.<\/p>\n\n\n\n<figure class=\"wp-block-image\"><img loading=\"lazy\" decoding=\"async\" width=\"1024\" height=\"768\" src=\"https:\/\/findosbuecher.com\/wp-content\/uploads\/2019\/04\/P1090835-1024x768.jpg\" alt=\"\" class=\"wp-image-3098\" srcset=\"https:\/\/findosbuecher.com\/wp-content\/uploads\/2019\/04\/P1090835-1024x768.jpg 1024w, https:\/\/findosbuecher.com\/wp-content\/uploads\/2019\/04\/P1090835-300x225.jpg 300w, https:\/\/findosbuecher.com\/wp-content\/uploads\/2019\/04\/P1090835-768x576.jpg 768w, https:\/\/findosbuecher.com\/wp-content\/uploads\/2019\/04\/P1090835.jpg 320w\" sizes=\"auto, (max-width: 1024px) 100vw, 1024px\" \/><figcaption class=\"wp-element-caption\">Harald J\u00e4hner &#8222;Wolfszeit. deutschland und die Deutschen 1945-1955&#8220;<\/figcaption><\/figure>\n\n\n\n<p>Beendet habe ich die Buchmesse f\u00fcr mich mit einem besuchten Interview eines der Preistr\u00e4ger auf der Leipziger Messe. Auf den ARD-Forum wurde das Sachbuch &#8222;<a href=\"https:\/\/www.rowohlt.de\/hardcover\/harald-jaehner-wolfszeit.html\">Wolfszeit &#8211; Deutschland und die Deutschen 1945-1955<\/a>&#8220; vorgestellt und es war zum Ende des Tages dort noch einmal richtig voll. Hatte aber dennoch eine relativ gute Sicht auf das Geschehen. Das Buch ist zumindest vorgermerkt, sollte ich irgendwann einmal dazu kommen.<\/p>\n\n\n\n<figure class=\"wp-block-embed is-type-rich is-provider-instagram wp-block-embed-instagram\"><div class=\"wp-block-embed__wrapper\">\nhttps:\/\/www.instagram.com\/p\/BvcCJmegNYH\/\n<\/div><\/figure>\n\n\n\n<p>Und dann, Ende. Das war sie, die Leipziger Buchmesse 2019, bei der ich am Ende 18 B\u00fccher schwerer runtergegangen bin, viele Menschen von Verlagen, viele autoren und viele Blogger, Literaturforen-Mitglieder und andere getroffen habe. Jedes einzelne Gespr\u00e4ch, auch wenn es manchmal nur ein zwei Minuten waren, hat mir spa\u00df gemacht und ich freue mich auf das n\u00e4chste Jahr. Das letzte Jahr war die Messe der Begegnungen, dieses Jahr war es f\u00fcr mich die Messe der Geschichten. Ist ja auch mal ganz sch\u00f6n. Ich hatte weniger Termine als in den letzten Jahren, habe mehrmals spontan etwas anderes gemacht, als urspr\u00fcnglich geplant und war am Ende nicht so gestresst, wie z.B. im vergangenen Jahr. Das ist doch schon etwas.<\/p>\n\n\n\n<p>Beeindruckt war ich von Tschechien als Gastland, welches sich auf wunderbare Art und Weise, ser vielf\u00e4ltig, pr\u00e4sentiert hat und mit zahlreichen Neu- und Erst\u00fcbersetzungen aufwarten konnte. Ein Blick zu unseren Nachbarn lohnt und ich freue mich, mehr tschechische Autoren demn\u00e4chst zu lesen. Einige B\u00fccher liegen schon bereit.<\/p>\n\n\n\n<figure class=\"wp-block-embed is-type-rich is-provider-instagram wp-block-embed-instagram\"><div class=\"wp-block-embed__wrapper\">\nhttps:\/\/www.instagram.com\/p\/BvZRl7GFmEN\/\n<\/div><\/figure>\n\n\n\n<p>Demn\u00e4chst kommen noch die Interviews, die ich auf der Messe gef\u00fchrt habe. Jetzt werde ich mich erst einmal durch den ganzen neuen Lesestoff durcharbeiten. Das geh\u00f6rt f\u00fcr mich zu den sch\u00f6nsten Nachwirkungen, bis es dann im n\u00e4chsten jahr wieder hei\u00dft, Leipzig liest und findo liest mit. <\/p>\n\n\n\n<p>Euer findo.<\/p>\n\n\n\n<p>Der Beitrag enth\u00e4lt unbeauftragte Werbung. Fotos geh\u00f6ren dem Autoren und d\u00fcrfen, wie auch der bericht nicht vervielf\u00e4ltigt oder sonst weitergegeben werden. F\u00fcr externe Inhalte werden keine Haftungen \u00fcbernommen.<br><\/p>\n\n\n\n<div class=\"wp-block-uagb-info-box uagb-block-4fedb741 uagb-infobox__content-wrap  uagb-infobox-icon-above-title uagb-infobox-image-valign-top\"><div class=\"uagb-ifb-content\"><div class=\"uagb-ifb-title-wrap\"><h3 class=\"uagb-ifb-title\">Der virtuelle Spendenhut<\/h3><\/div><p class=\"uagb-ifb-desc\">Dir hat der Beitrag gefallen? Dann freue ich mich \u00fcber eine virtuelle <a href=\"https:\/\/www.paypal.com\/paypalme\/findosbuechercom\/\" target=\"_blank\" rel=\"noreferrer noopener\">Spende<\/a>. Vielen lieben Dank.<\/p><\/div><\/div>\n","protected":false},"excerpt":{"rendered":"<p>Irgendwann ist die Luft raus und normalerweise ist das bei mir am vierten Messetag der Fall. Zu viele Eindr\u00fccke sammelt man auf der Buchmesse, zu viele Kilometer l\u00e4uft man und zu viele B\u00fccher wandern von den mobilen Kassierern zu mir in die Tasche. Gut, am letzten Punkt habe ich selbst Schuld, was kaufe ich auch [&hellip;]<\/p>\n","protected":false},"author":1,"featured_media":0,"comment_status":"open","ping_status":"open","sticky":false,"template":"","format":"standard","meta":{"_uag_custom_page_level_css":"","site-sidebar-layout":"default","site-content-layout":"","ast-site-content-layout":"default","site-content-style":"default","site-sidebar-style":"default","ast-global-header-display":"","ast-banner-title-visibility":"","ast-main-header-display":"","ast-hfb-above-header-display":"","ast-hfb-below-header-display":"","ast-hfb-mobile-header-display":"","site-post-title":"","ast-breadcrumbs-content":"","ast-featured-img":"","footer-sml-layout":"","ast-disable-related-posts":"","theme-transparent-header-meta":"","adv-header-id-meta":"","stick-header-meta":"","header-above-stick-meta":"","header-main-stick-meta":"","header-below-stick-meta":"","astra-migrate-meta-layouts":"default","ast-page-background-enabled":"default","ast-page-background-meta":{"desktop":{"background-color":"","background-image":"","background-repeat":"repeat","background-position":"center center","background-size":"auto","background-attachment":"scroll","background-type":"","background-media":"","overlay-type":"","overlay-color":"","overlay-opacity":"","overlay-gradient":""},"tablet":{"background-color":"","background-image":"","background-repeat":"repeat","background-position":"center center","background-size":"auto","background-attachment":"scroll","background-type":"","background-media":"","overlay-type":"","overlay-color":"","overlay-opacity":"","overlay-gradient":""},"mobile":{"background-color":"","background-image":"","background-repeat":"repeat","background-position":"center center","background-size":"auto","background-attachment":"scroll","background-type":"","background-media":"","overlay-type":"","overlay-color":"","overlay-opacity":"","overlay-gradient":""}},"ast-content-background-meta":{"desktop":{"background-color":"var(--ast-global-color-5)","background-image":"","background-repeat":"repeat","background-position":"center center","background-size":"auto","background-attachment":"scroll","background-type":"","background-media":"","overlay-type":"","overlay-color":"","overlay-opacity":"","overlay-gradient":""},"tablet":{"background-color":"var(--ast-global-color-5)","background-image":"","background-repeat":"repeat","background-position":"center center","background-size":"auto","background-attachment":"scroll","background-type":"","background-media":"","overlay-type":"","overlay-color":"","overlay-opacity":"","overlay-gradient":""},"mobile":{"background-color":"var(--ast-global-color-5)","background-image":"","background-repeat":"repeat","background-position":"center center","background-size":"auto","background-attachment":"scroll","background-type":"","background-media":"","overlay-type":"","overlay-color":"","overlay-opacity":"","overlay-gradient":""}},"book_review_cover_url":"","book_review_title":"","book_review_series":"","book_review_author":"","book_review_genre":"","book_review_isbn":"","book_review_publisher":"","book_review_release_date":"","book_review_format":"","book_review_pages":"","book_review_source":"","book_review_rating":"","book_review_summary":"","footnotes":""},"categories":[595],"tags":[653,600,1695,1697,1680,80,17,16,1231,365,524,112,1635,93,599,596,1114,1180,1694,1696,81,1226,1698,1665,1426,1699,1693],"class_list":["post-3095","post","type-post","status-publish","format-standard","hentry","category-buchmessen-und-veranstaltungen","tag-autor","tag-buchmesse","tag-buchpreis","tag-fazit","tag-gastland","tag-geografie","tag-geschichte","tag-gesellschaft","tag-gespraech","tag-interview","tag-land","tag-laender","tag-lbm19","tag-leipzig","tag-leipzig-liest","tag-leipziger-buchmesse","tag-lesung","tag-messe","tag-papyrossa","tag-preistraeger","tag-reisen","tag-rowohlt","tag-ruanda","tag-tschechien","tag-verlag","tag-zensur","tag-zu-klampen"],"uagb_featured_image_src":{"full":false,"thumbnail":false,"medium":false,"medium_large":false,"large":false,"wps_thumbnail_size":false,"1536x1536":false,"2048x2048":false,"buchcover":false},"uagb_author_info":{"display_name":"findo","author_link":"https:\/\/findosbuecher.com\/?author=1"},"uagb_comment_info":0,"uagb_excerpt":"Irgendwann ist die Luft raus und normalerweise ist das bei mir am vierten Messetag der Fall. Zu viele Eindr\u00fccke sammelt man auf der Buchmesse, zu viele Kilometer l\u00e4uft man und zu viele B\u00fccher wandern von den mobilen Kassierern zu mir in die Tasche. Gut, am letzten Punkt habe ich selbst Schuld, was kaufe ich auch&hellip;","_links":{"self":[{"href":"https:\/\/findosbuecher.com\/index.php?rest_route=\/wp\/v2\/posts\/3095","targetHints":{"allow":["GET"]}}],"collection":[{"href":"https:\/\/findosbuecher.com\/index.php?rest_route=\/wp\/v2\/posts"}],"about":[{"href":"https:\/\/findosbuecher.com\/index.php?rest_route=\/wp\/v2\/types\/post"}],"author":[{"embeddable":true,"href":"https:\/\/findosbuecher.com\/index.php?rest_route=\/wp\/v2\/users\/1"}],"replies":[{"embeddable":true,"href":"https:\/\/findosbuecher.com\/index.php?rest_route=%2Fwp%2Fv2%2Fcomments&post=3095"}],"version-history":[{"count":4,"href":"https:\/\/findosbuecher.com\/index.php?rest_route=\/wp\/v2\/posts\/3095\/revisions"}],"predecessor-version":[{"id":7458,"href":"https:\/\/findosbuecher.com\/index.php?rest_route=\/wp\/v2\/posts\/3095\/revisions\/7458"}],"wp:attachment":[{"href":"https:\/\/findosbuecher.com\/index.php?rest_route=%2Fwp%2Fv2%2Fmedia&parent=3095"}],"wp:term":[{"taxonomy":"category","embeddable":true,"href":"https:\/\/findosbuecher.com\/index.php?rest_route=%2Fwp%2Fv2%2Fcategories&post=3095"},{"taxonomy":"post_tag","embeddable":true,"href":"https:\/\/findosbuecher.com\/index.php?rest_route=%2Fwp%2Fv2%2Ftags&post=3095"}],"curies":[{"name":"wp","href":"https:\/\/api.w.org\/{rel}","templated":true}]}}