{"id":3064,"date":"2019-03-27T07:13:35","date_gmt":"2019-03-27T07:13:35","guid":{"rendered":"http:\/\/findosbuecher.com\/?p=3064"},"modified":"2023-07-13T15:21:09","modified_gmt":"2023-07-13T15:21:09","slug":"leipzig-liest-und-findo-liest-mit-messetag-2-2019","status":"publish","type":"post","link":"https:\/\/findosbuecher.com\/?p=3064","title":{"rendered":"Leipzig liest und findo liest mit \u2013 Messetag 2 \u2013 2019"},"content":{"rendered":"\n<p>Das letzte Jahr stand f\u00fcr mich und viele andere Blogger, auch f\u00fcr viele Booktuber, die Messe unter den Motto -Begegnungen-. Dieses Jahr eher unter den Motto -Zeit-. Das gilt widerum nur f\u00fcr mich, von anderen Menschen kann ich ja erst einmal schlecht sprechen, aber meinem Plan war es diesmal anzumerken. <\/p>\n\n\n\n<figure class=\"wp-block-image\"><img loading=\"lazy\" decoding=\"async\" width=\"1024\" height=\"768\" src=\"https:\/\/findosbuecher.com\/wp-content\/uploads\/2019\/03\/P1090673-1024x768.jpg\" alt=\"\" class=\"wp-image-3067\" srcset=\"https:\/\/findosbuecher.com\/wp-content\/uploads\/2019\/03\/P1090673-1024x768.jpg 1024w, https:\/\/findosbuecher.com\/wp-content\/uploads\/2019\/03\/P1090673-300x225.jpg 300w, https:\/\/findosbuecher.com\/wp-content\/uploads\/2019\/03\/P1090673-768x576.jpg 768w, https:\/\/findosbuecher.com\/wp-content\/uploads\/2019\/03\/P1090673.jpg 320w\" sizes=\"auto, (max-width: 1024px) 100vw, 1024px\" \/><figcaption class=\"wp-element-caption\">Die Ruhe vor den Sturm. Bevor der gro\u00dfe Andrang zum Messegel\u00e4nde kommt.<\/figcaption><\/figure>\n\n\n\n<p>Viel Zeit f\u00fcr mich, f\u00fcr Standbesuche, Verlagsgespr\u00e4che und \u00fcberhaupt mehr Luft, um Lesungen anzusehen und Gespr\u00e4chsrunden zu verfolgen, als im letzten Jahr. Insgesamt waren es trotzdem noch genug Termine, aber eben so, dass die Messe nicht in puren Stress ausartete und ich mich voll und ganz auch auf die B\u00fccher konzentrieren konnte. So war mein Freitag in Leipzig dann auch \u00fcberschau- und machbar.<\/p>\n\n\n\n<p>Das erste Interview, welches ich mir an diesem Tag angeh\u00f6rt hatte, ist eines, welches f\u00fcr mich inzwischen zu einem Muss auf der Buchmesse geh\u00f6rt. N\u00e4mlich eines mit Sebastian Fitzek, den ich selbst schon Fragen stellen durfte. In <a href=\"https:\/\/findosbuecher.com\/?p=857\">meinem Gespr\u00e4ch<\/a> damals ging es damals um seinen Thriller &#8222;<a href=\"https:\/\/findosbuecher.com\/?p=766\">AchtNacht<\/a>&#8222;. <\/p>\n\n\n\n<figure class=\"wp-block-image\"><img loading=\"lazy\" decoding=\"async\" width=\"1024\" height=\"768\" src=\"https:\/\/findosbuecher.com\/wp-content\/uploads\/2019\/03\/P1090683-1024x768.jpg\" alt=\"\" class=\"wp-image-3070\" srcset=\"https:\/\/findosbuecher.com\/wp-content\/uploads\/2019\/03\/P1090683-1024x768.jpg 1024w, https:\/\/findosbuecher.com\/wp-content\/uploads\/2019\/03\/P1090683-300x225.jpg 300w, https:\/\/findosbuecher.com\/wp-content\/uploads\/2019\/03\/P1090683-768x576.jpg 768w, https:\/\/findosbuecher.com\/wp-content\/uploads\/2019\/03\/P1090683.jpg 320w\" sizes=\"auto, (max-width: 1024px) 100vw, 1024px\" \/><figcaption class=\"wp-element-caption\">Sebastian Fitzek &#8222;Fische, die auf B\u00e4ume klettern&#8220;<\/figcaption><\/figure>\n\n\n\n<p>Sein neuestes Werk schl\u00e4gt jedoch vollkommen aus dem sonst \u00fcblichen Schema und so ging es dann auch am Stand der ARD um &#8222;<a href=\"https:\/\/www.droemer-knaur.de\/buch\/9624515\/fische-die-auf-baeume-klettern\">Fische, die auf B\u00e4ume klettern &#8211; Ein Kompass, f\u00fcr das gro\u00dfe Abenteuer namens Leben<\/a>&#8222;. Philosophisch die Frage, was man seinen Kindern auf den Weg geben soll oder kann, sicher am\u00fcsant und nachdenklich geschrieben, so ganz anders als sonst. Darauf freue ich mich ungemein, dies zu lesen. Nat\u00fcrlich musste das Buch gleich mit. Signiert hat Fitzek das Buch dann nat\u00fcrlich hinterher auch.<\/p>\n\n\n\n<p>Danach ging es nach \u00d6sterreich. Zumindest gef\u00fchlt. Der Verlag Kiepenheuer &amp; Witsch hatte zum Bloggertreffen eingeladen und brachte die \u00f6sterreichische Autorin Vea Kaiser mit, die ihren neuen Roman &#8222;<a href=\"https:\/\/www.kiwi-verlag.de\/buch\/rueckwaertswalzer\/978-3-462-05142-1\/\">R\u00fcckw\u00e4rtswalzer oder die Manen der Familie Prischinger<\/a>&#8220; vorstellte. Bewirtet mit Wein und Keksen und noch vielen anderen guten Sachen, bei denen einem das Wasser im Munde zusammenl\u00e4uft (so funktioniert Marketing) habe ich die bisher am\u00fcsanteste Messeveranstaltung seit Jahren erlebt. <\/p>\n\n\n\n<figure class=\"wp-block-image\"><img loading=\"lazy\" decoding=\"async\" width=\"1024\" height=\"768\" src=\"https:\/\/findosbuecher.com\/wp-content\/uploads\/2019\/03\/P1090702-1024x768.jpg\" alt=\"\" class=\"wp-image-3071\" srcset=\"https:\/\/findosbuecher.com\/wp-content\/uploads\/2019\/03\/P1090702-1024x768.jpg 1024w, https:\/\/findosbuecher.com\/wp-content\/uploads\/2019\/03\/P1090702-300x225.jpg 300w, https:\/\/findosbuecher.com\/wp-content\/uploads\/2019\/03\/P1090702-768x576.jpg 768w, https:\/\/findosbuecher.com\/wp-content\/uploads\/2019\/03\/P1090702.jpg 320w\" sizes=\"auto, (max-width: 1024px) 100vw, 1024px\" \/><figcaption class=\"wp-element-caption\">Vea Kaiser &#8222;R\u00fcckw\u00e4rtswalzer oder die Manen der Familie Prischinger&#8220;<\/figcaption><\/figure>\n\n\n\n<p>Es wurde gelacht, geschmunzelt und viel geredet. Vor allem die Autorin selbst. Wer so begeistert erz\u00e4hlen kann, die Lektorin (aber nett) konnte sich vollkommen zur\u00fccklehnen, und ein Buch n\u00e4her brachte, was ich mir so vielleicht nie gekauft h\u00e4tte, der verdient Interesse. ich freue mich jedenfalls schon auf den Moment, wo ich dazu komme, den Roman zu lesen. Wenn das Buch so ist, wie die Vorstellung war, dann kann das nur etwas werden.<\/p>\n\n\n\n<p>Entlassen wurden wir mit vielen Ideen, vollen Magen und guter Laune und so st\u00fcrzte ich mich dann wieder ins Messe-Get\u00fcmmel. Verlagsst\u00e4nde besuchen und ein ganz besonderes Projekt. In den letzten Jahren wurde die Messe immer politischer unhd auch immer mehr zu einem Ort der Konfrontation. Im Vorfeld gab es auch dieses Jahr wohl wieder die eine oder andere geplante Aktion gegen rechte Verlage, die leider auf der Messe vertreten waren, aber diesmal blieb alles weitgehend friedlich. Wenigstens das.<\/p>\n\n\n\n<p>Man sollte aber auch einmal davon sprechen, dass durchaus dagegen gehalten wurde. Viele entsprechende Werke wurden vorgestellt und auf der Messe selbst war ein ganz besonderes Projekt vertreten. Ein Fotograf hat sich aufgemacht, um die Orte der B\u00fccherverbrennungen aufzusuchen und den damaligen Zustand anhand von historischen Aufnahmen und heutigen Aussehen zu dokumentieren. Herausgekommen dabei ist eine interaktive Karte, die nach und nach erweitert wird.<\/p>\n\n\n\n<p>Wer m\u00f6chte, kann ja mal bei <a href=\"https:\/\/verbrannte-orte.de\/\">verbrannte-orte.de<\/a> schauen. Hinterlegt werden sollen k\u00fcnftig eine Aufnahme des heutigen Ortes, ein historischer Zeitungsbericht oder \u00e4hnliches und ein historisches Foto, um zu zeigen, dass eben nicht nur in Berlin damals die Werke zahlreicher Autoren ge\u00e4chtet wurden. Am Stand war auch ein Regal mit einer Auswahl an B\u00fcchern eben jener Schriftsteller zu finden. Dieses Projekt wird sich lohnen, es weiter zu verfolgen.<\/p>\n\n\n\n<figure class=\"wp-block-image\"><img loading=\"lazy\" decoding=\"async\" width=\"1024\" height=\"768\" src=\"https:\/\/findosbuecher.com\/wp-content\/uploads\/2019\/03\/P1090707-1024x768.jpg\" alt=\"\" class=\"wp-image-3073\" srcset=\"https:\/\/findosbuecher.com\/wp-content\/uploads\/2019\/03\/P1090707-1024x768.jpg 1024w, https:\/\/findosbuecher.com\/wp-content\/uploads\/2019\/03\/P1090707-300x225.jpg 300w, https:\/\/findosbuecher.com\/wp-content\/uploads\/2019\/03\/P1090707-768x576.jpg 768w, https:\/\/findosbuecher.com\/wp-content\/uploads\/2019\/03\/P1090707.jpg 320w\" sizes=\"auto, (max-width: 1024px) 100vw, 1024px\" \/><figcaption class=\"wp-element-caption\">Gro\u00dfer Andrang \u00fcberall, auch am Stand des Gastlandes Tschechien.<\/figcaption><\/figure>\n\n\n\n<p>Danach ging es wieder durch die Hallen, denn bis zu meinen n\u00e4chsten Termin hatte ich gen\u00fcgend Luft. Schlecht f\u00fcr mein Geldbeutel, weil ich auf der Messe dann zum B\u00fccherkauf neige. So war es gut, dass ich zum Abschluss ein Gespr\u00e4ch mit der netten Blogger-Betreuerin von diogenes hatte, die mir das neue Programm des Verlages intensiv n\u00e4her brachte. <\/p>\n\n\n\n<p>Ich finde diese, fast immer einheitlichen, Cover ja ganz h\u00fcbsch, auch wenn ich selten etwas aus den Verlag lese. Trotzdem das Programm ja ganz vielf\u00e4ltig ist, geh\u00f6rt diogenes f\u00fcr mich in die Kategorie -das besondere Buch-. Mal sehen, was ich daraus in Zukunft f\u00fcr mich mitnehmen kann?<\/p>\n\n\n\n<p>Zuletzt entf\u00fchrte mich die Autorin Constanze John nach Georgien und stellte ihren <a href=\"https:\/\/findosbuecher.com\/?p=2902\">Reisebericht<\/a> vor, den ich bereits rezensiert habe. Live zu erleben, wie begeistert ein Mensch von einer Reise berichtet, ist f\u00fcr mich jedoch etwas besonderes und so hing ich an ihren Lippen, wie der Rest des Publikums und das war zahlreich erschienen. Wohlgemerkt zu einem Termin, der au\u00dferhalb des Messegel\u00e4ndes am Rande der Innenstadt stattfand.<\/p>\n\n\n\n<figure class=\"wp-block-image\"><img loading=\"lazy\" decoding=\"async\" width=\"305\" height=\"487\" src=\"http:\/\/findosbuecher.com\/wp-content\/uploads\/2019\/01\/mairdumontgeorgien.jpg\" alt=\"\" class=\"wp-image-2903\" srcset=\"https:\/\/findosbuecher.com\/wp-content\/uploads\/2019\/01\/mairdumontgeorgien.jpg 305w, https:\/\/findosbuecher.com\/wp-content\/uploads\/2019\/01\/mairdumontgeorgien-188x300.jpg 188w\" sizes=\"auto, (max-width: 305px) 100vw, 305px\" \/><figcaption class=\"wp-element-caption\">Constanze John<br>40 Tage Georgien<br>Seiten: 412<br>ISBN: <a href=\"https:\/\/www.mairdumont.com\/presse\/2018\/07\/11\/constanze-john-vierzig-tage-georgien-unterwegs-von-tiflis-bis-ans-schwarze-meer\/\">978-3-7701-8293-0<\/a><br>Verlag: mairdumont<\/figcaption><\/figure>\n\n\n\n<p>Ich glaube, nicht der Verlag und auch die Autorin selbst haben mit so viel Andrang gerechnet. Am Schluss nahm sich Frau John noch die Zeit f\u00fcr meine Fragen, was ebenfalls zu einem interessanten Gespr\u00e4ch f\u00fchrte. Ob ich das als solches oder als Artikel dann hier einstelle, muss ich mir noch \u00fcberlegen, Bin noch nicht dazu gekommen, das Interview auszuwerten. Ihr werdet das aber mitbekommen, wenn&#8217;s so weit ist. Versprochen.<\/p>\n\n\n\n<p>Damit endete dann auch der zweite Messetag f\u00fcr mich.<\/p>\n\n\n\n<p>Fortsetzung folgt&#8230;<\/p>\n\n\n\n<p>Fotos geh\u00f6ren, soweit nicht anders angegeben, den Autoren des Blogs, f\u00fcr Verlagsfotos gilt das \u00dcbliche. Vervielf\u00e4ltig ist nicht erlaubt und der Beitrag enth\u00e4lt unbeauftragte Werbung. F\u00fcr externe Links wird nicht gehaftet und deren Inhalte auch nicht. <\/p>\n\n\n\n<p><br><\/p>\n\n\n\n<div class=\"wp-block-uagb-info-box uagb-block-4fedb741 uagb-infobox__content-wrap  uagb-infobox-icon-above-title uagb-infobox-image-valign-top\"><div class=\"uagb-ifb-content\"><div class=\"uagb-ifb-title-wrap\"><h3 class=\"uagb-ifb-title\">Der virtuelle Spendenhut<\/h3><\/div><p class=\"uagb-ifb-desc\">Dir hat der Beitrag gefallen? Dann freue ich mich \u00fcber eine virtuelle <a href=\"https:\/\/www.paypal.com\/paypalme\/findosbuechercom\/\" target=\"_blank\" rel=\"noreferrer noopener\">Spende<\/a>. Vielen lieben Dank.<\/p><\/div><\/div>\n","protected":false},"excerpt":{"rendered":"<p>Das letzte Jahr stand f\u00fcr mich und viele andere Blogger, auch f\u00fcr viele Booktuber, die Messe unter den Motto -Begegnungen-. Dieses Jahr eher unter den Motto -Zeit-. Das gilt widerum nur f\u00fcr mich, von anderen Menschen kann ich ja erst einmal schlecht sprechen, aber meinem Plan war es diesmal anzumerken. Viel Zeit f\u00fcr mich, f\u00fcr [&hellip;]<\/p>\n","protected":false},"author":1,"featured_media":0,"comment_status":"open","ping_status":"open","sticky":false,"template":"","format":"standard","meta":{"_uag_custom_page_level_css":"","site-sidebar-layout":"default","site-content-layout":"","ast-site-content-layout":"default","site-content-style":"default","site-sidebar-style":"default","ast-global-header-display":"","ast-banner-title-visibility":"","ast-main-header-display":"","ast-hfb-above-header-display":"","ast-hfb-below-header-display":"","ast-hfb-mobile-header-display":"","site-post-title":"","ast-breadcrumbs-content":"","ast-featured-img":"","footer-sml-layout":"","ast-disable-related-posts":"","theme-transparent-header-meta":"","adv-header-id-meta":"","stick-header-meta":"","header-above-stick-meta":"","header-main-stick-meta":"","header-below-stick-meta":"","astra-migrate-meta-layouts":"default","ast-page-background-enabled":"default","ast-page-background-meta":{"desktop":{"background-color":"","background-image":"","background-repeat":"repeat","background-position":"center center","background-size":"auto","background-attachment":"scroll","background-type":"","background-media":"","overlay-type":"","overlay-color":"","overlay-opacity":"","overlay-gradient":""},"tablet":{"background-color":"","background-image":"","background-repeat":"repeat","background-position":"center center","background-size":"auto","background-attachment":"scroll","background-type":"","background-media":"","overlay-type":"","overlay-color":"","overlay-opacity":"","overlay-gradient":""},"mobile":{"background-color":"","background-image":"","background-repeat":"repeat","background-position":"center center","background-size":"auto","background-attachment":"scroll","background-type":"","background-media":"","overlay-type":"","overlay-color":"","overlay-opacity":"","overlay-gradient":""}},"ast-content-background-meta":{"desktop":{"background-color":"var(--ast-global-color-5)","background-image":"","background-repeat":"repeat","background-position":"center center","background-size":"auto","background-attachment":"scroll","background-type":"","background-media":"","overlay-type":"","overlay-color":"","overlay-opacity":"","overlay-gradient":""},"tablet":{"background-color":"var(--ast-global-color-5)","background-image":"","background-repeat":"repeat","background-position":"center center","background-size":"auto","background-attachment":"scroll","background-type":"","background-media":"","overlay-type":"","overlay-color":"","overlay-opacity":"","overlay-gradient":""},"mobile":{"background-color":"var(--ast-global-color-5)","background-image":"","background-repeat":"repeat","background-position":"center center","background-size":"auto","background-attachment":"scroll","background-type":"","background-media":"","overlay-type":"","overlay-color":"","overlay-opacity":"","overlay-gradient":""}},"book_review_cover_url":"","book_review_title":"","book_review_series":"","book_review_author":"","book_review_genre":"","book_review_isbn":"","book_review_publisher":"","book_review_release_date":"","book_review_format":"","book_review_pages":"","book_review_source":"","book_review_rating":"","book_review_summary":"","footnotes":""},"categories":[595],"tags":[653,151,85,1675,1679,600,1601,87,1199,1676,1680,1677,1058,1635,93,599,596,993,1180,724,359,1665,1674,1678],"class_list":["post-3064","post","type-post","status-publish","format-standard","hentry","category-buchmessen-und-veranstaltungen","tag-autor","tag-bericht","tag-blog","tag-bloggertreffen","tag-buecherverbrennung","tag-buchmesse","tag-diogenes","tag-familie","tag-familiengeschichte","tag-fische","tag-gastland","tag-gedanken","tag-kiwi","tag-lbm19","tag-leipzig","tag-leipzig-liest","tag-leipziger-buchmesse","tag-mairdumont","tag-messe","tag-philosophie","tag-sebastian-fitzek","tag-tschechien","tag-vea-kaiser","tag-verbrannte-orte"],"uagb_featured_image_src":{"full":false,"thumbnail":false,"medium":false,"medium_large":false,"large":false,"wps_thumbnail_size":false,"1536x1536":false,"2048x2048":false,"buchcover":false},"uagb_author_info":{"display_name":"findo","author_link":"https:\/\/findosbuecher.com\/?author=1"},"uagb_comment_info":0,"uagb_excerpt":"Das letzte Jahr stand f\u00fcr mich und viele andere Blogger, auch f\u00fcr viele Booktuber, die Messe unter den Motto -Begegnungen-. Dieses Jahr eher unter den Motto -Zeit-. Das gilt widerum nur f\u00fcr mich, von anderen Menschen kann ich ja erst einmal schlecht sprechen, aber meinem Plan war es diesmal anzumerken. Viel Zeit f\u00fcr mich, f\u00fcr&hellip;","_links":{"self":[{"href":"https:\/\/findosbuecher.com\/index.php?rest_route=\/wp\/v2\/posts\/3064","targetHints":{"allow":["GET"]}}],"collection":[{"href":"https:\/\/findosbuecher.com\/index.php?rest_route=\/wp\/v2\/posts"}],"about":[{"href":"https:\/\/findosbuecher.com\/index.php?rest_route=\/wp\/v2\/types\/post"}],"author":[{"embeddable":true,"href":"https:\/\/findosbuecher.com\/index.php?rest_route=\/wp\/v2\/users\/1"}],"replies":[{"embeddable":true,"href":"https:\/\/findosbuecher.com\/index.php?rest_route=%2Fwp%2Fv2%2Fcomments&post=3064"}],"version-history":[{"count":5,"href":"https:\/\/findosbuecher.com\/index.php?rest_route=\/wp\/v2\/posts\/3064\/revisions"}],"predecessor-version":[{"id":7462,"href":"https:\/\/findosbuecher.com\/index.php?rest_route=\/wp\/v2\/posts\/3064\/revisions\/7462"}],"wp:attachment":[{"href":"https:\/\/findosbuecher.com\/index.php?rest_route=%2Fwp%2Fv2%2Fmedia&parent=3064"}],"wp:term":[{"taxonomy":"category","embeddable":true,"href":"https:\/\/findosbuecher.com\/index.php?rest_route=%2Fwp%2Fv2%2Fcategories&post=3064"},{"taxonomy":"post_tag","embeddable":true,"href":"https:\/\/findosbuecher.com\/index.php?rest_route=%2Fwp%2Fv2%2Ftags&post=3064"}],"curies":[{"name":"wp","href":"https:\/\/api.w.org\/{rel}","templated":true}]}}