{"id":2954,"date":"2019-02-01T21:20:56","date_gmt":"2019-02-01T21:20:56","guid":{"rendered":"http:\/\/findosbuecher.com\/?p=2954"},"modified":"2019-06-25T16:52:15","modified_gmt":"2019-06-25T16:52:15","slug":"ulrich-woelk-der-sommer-meiner-mutter","status":"publish","type":"post","link":"https:\/\/findosbuecher.com\/?p=2954","title":{"rendered":"Ulrich Woelk: Der Sommer meiner Mutter"},"content":{"rendered":"\n\n\n<blockquote class=\"wp-block-quote is-layout-flow wp-block-quote-is-layout-flow\"><p>Ich m\u00f6chte nicht, dass du den Mond verlierst.<\/p><cite>Ulrich Woelk: Der Sommer meiner Mutter \/\/ C.H.Beck Verlag<\/cite><\/blockquote>\n\n\n\n<p>Das ist doch gro\u00dfartig. Der Autor hat, das merkt man diesen Roman an,\n auch Philosophie studiert, dr\u00e4ngt dies seinen Lesern jedoch \u00fcberhaupt \nnicht auf, hat dies fein in diese Geschichte eingewoben. Es geht hier \njedoch nicht nur um Sprache, Philosophie oder der ersten Mondlandung \nselbst. Woelk hat es vielmehr fertig gebracht, so ganz nebenbei den \ngesellschaftlichen Wandel zu jener Zeit, Emanzipation und Rollenfindung,\n ja selbst den Coming-of-Age-Teil stimmig unterzubringen. Pr\u00e4zise und \nglaubw\u00fcrdig. Auf so wenigen Seiten.<\/p>\n\n\n\n<p>Aus den C.H. Beck Verlag ein Kleinod und kleiner gro\u00dfer Roman, dessen\n Komponenten so stimmig sind, wie die Teile des Raumfahrtprogrammes der \nNASA es waren, welche zur Mondlandung f\u00fchrten. Der Autor hat es nicht \nnur geschafft, seinen beiden Berufen, den des Schriftstellers und des \nAstrophysikers Respekt zu zollen, sondern eine vielschichtige und \nlesenswerte Geschichte vorgelegt, die sich zu lesen lohnt. <\/p>\n\n\n\n<p><strong>Autor:<\/strong><\/p>\n\n\n\n<p>Ulrich Woelk wurde 1960 in Bonn geboren und ist ein deutscher \nSchriftsteller. Von 1980-1987 an, studierte er physik und Philosophie an\n der Universit\u00e4t T\u00fcbingen. Er arbeitete bis 1995 an der Technischen \nUniversit\u00e4t Berlin, sowie in G\u00f6ttingen als Astrophysiker. Seinen ersten \nRoman ver\u00f6ffentlichte er 1990. 1991 promovierte er \u00fcber Wei\u00dfe Zwerge in \nengen Doppelsternsystemen. Seit 1995 lebt Woelk als freier \nSchriftsteller in Berlin. Er schreibt Theaterst\u00fccke, Romane und \nH\u00f6rspiele. Seine Werke wurden mehrfach ausgezeichnet und in mehrere \nSprachen \u00fcbersetzt.<\/p>\n","protected":false},"excerpt":{"rendered":"<p>Ich m\u00f6chte nicht, dass du den Mond verlierst. Ulrich Woelk: Der Sommer meiner Mutter \/\/ C.H.Beck Verlag Das ist doch gro\u00dfartig. Der Autor hat, das merkt man diesen Roman an, auch Philosophie studiert, dr\u00e4ngt dies seinen Lesern jedoch \u00fcberhaupt nicht auf, hat dies fein in diese Geschichte eingewoben. Es geht hier jedoch nicht nur um [&hellip;]<\/p>\n","protected":false},"author":1,"featured_media":2955,"comment_status":"open","ping_status":"open","sticky":false,"template":"","format":"standard","meta":{"_uag_custom_page_level_css":"","site-sidebar-layout":"default","site-content-layout":"","ast-site-content-layout":"default","site-content-style":"default","site-sidebar-style":"default","ast-global-header-display":"","ast-banner-title-visibility":"","ast-main-header-display":"","ast-hfb-above-header-display":"","ast-hfb-below-header-display":"","ast-hfb-mobile-header-display":"","site-post-title":"","ast-breadcrumbs-content":"","ast-featured-img":"","footer-sml-layout":"","ast-disable-related-posts":"","theme-transparent-header-meta":"","adv-header-id-meta":"","stick-header-meta":"","header-above-stick-meta":"","header-main-stick-meta":"","header-below-stick-meta":"","astra-migrate-meta-layouts":"default","ast-page-background-enabled":"default","ast-page-background-meta":{"desktop":{"background-color":"","background-image":"","background-repeat":"repeat","background-position":"center center","background-size":"auto","background-attachment":"scroll","background-type":"","background-media":"","overlay-type":"","overlay-color":"","overlay-opacity":"","overlay-gradient":""},"tablet":{"background-color":"","background-image":"","background-repeat":"repeat","background-position":"center center","background-size":"auto","background-attachment":"scroll","background-type":"","background-media":"","overlay-type":"","overlay-color":"","overlay-opacity":"","overlay-gradient":""},"mobile":{"background-color":"","background-image":"","background-repeat":"repeat","background-position":"center center","background-size":"auto","background-attachment":"scroll","background-type":"","background-media":"","overlay-type":"","overlay-color":"","overlay-opacity":"","overlay-gradient":""}},"ast-content-background-meta":{"desktop":{"background-color":"var(--ast-global-color-5)","background-image":"","background-repeat":"repeat","background-position":"center center","background-size":"auto","background-attachment":"scroll","background-type":"","background-media":"","overlay-type":"","overlay-color":"","overlay-opacity":"","overlay-gradient":""},"tablet":{"background-color":"var(--ast-global-color-5)","background-image":"","background-repeat":"repeat","background-position":"center center","background-size":"auto","background-attachment":"scroll","background-type":"","background-media":"","overlay-type":"","overlay-color":"","overlay-opacity":"","overlay-gradient":""},"mobile":{"background-color":"var(--ast-global-color-5)","background-image":"","background-repeat":"repeat","background-position":"center center","background-size":"auto","background-attachment":"scroll","background-type":"","background-media":"","overlay-type":"","overlay-color":"","overlay-opacity":"","overlay-gradient":""}},"book_review_cover_url":"http:\/\/findosbuecher.com\/wp-content\/uploads\/2019\/02\/getimage.jpg","book_review_title":"Der Sommer meiner Mutter","book_review_series":"","book_review_author":"Ulrich Woelk","book_review_genre":"Rezensionsexemplar\/Roman","book_review_isbn":"","book_review_publisher":"C.H. Beck","book_review_release_date":"Erschienen am: 25.01.2019","book_review_format":"Hardci\u00b4over","book_review_pages":"Seiten: 189","book_review_source":"ISBN: <a href=\"https:\/\/www.chbeck.de\/product\/26464788\">978-3-406-73449-6<\/a>","book_review_rating":"5","book_review_summary":"<p><strong>Inhalt:<\/strong><\/p><p>Sommer 1969. Der elfj\u00e4hrige Tobias fiebert am Standtrand von K\u00f6ln der  ersten Mondlandung entgegen, w\u00e4hrend sich seine eher konservativen  Eltern mit den neuen, politisch engagierten udn flippigen Nachbarn  anfreunden. Deren dreizehnj\u00e4hrige Tochter Rosa bringt Tobias nicht nur  Popmusik und Literatur bei, und zwischen den Ehepaaren entwickelt sich  eine wechselseitige Anziehung. Aber die Liebe geht andere Wege, als  vermutet. Und so erleben Tobias und seine Mutter beide eine erotische  Initiation... (Klappentext)<\/p><p><strong>Rezension:<\/strong><\/p><p>Auf je mehr Seiten eine Geschichte erz\u00e4hlt wird, um so gr\u00f6\u00dfer sind  die Chancen, dass das Gesamtbild stimmig ist. Einfach der Tatsache  geschuldet, dass ein Autor bei einer umfangreichen Erz\u00e4hlung mehr Zeit  und Platz hat, Handlungen und Protagonisten auszugestalten und Tiefe zu  geben. Dann gibt es jedoch auch die Autoren, die es schaffen, auf  wenigen Seiten viel und gut zu beschreiben, was den einzelnen Figuren  passiert und Ulrich Woelk gelang mit \"Der Sommer meiner Mutter\" genau  dies.<\/p><p>Wir schreiben das Jahr 1969, das Jahr politischer Auf- und Umbr\u00fcche.  Tobias, gerade erst elf Jahre alt geworden, lebt mit seinen Eltern in  einem l\u00e4ndlichen Vorort von K\u00f6ln und interessiert sich f\u00fcr Raumfahrt,  zumal die erste Mondlandung kurz bevorsteht. Das Einzelkind, umsorgt von  seinen Eltern, bekommt mit, wie sich diese immer mehr auseinanderleben,  seine Mutter versucht f\u00fcr sich eine neue Rolle zu finden, der Vater  h\u00e4lt noch an seinem althergebrachten Gesellschaftsbild fest und da kommt  es gerade recht, dass im Nachbarhaus eine neue Familie einzieht. Das  v\u00f6llige Gegenteil von Tobias' Familie, deren Leben sich nun ver\u00e4ndert.<\/p><p>Geschildert werden sanft die vorst\u00e4dtisch l\u00e4ndliche Idylle,  einhergehend mit sesiblen Charrkaterbeschreibungen und einem ziemlich  unspektakul\u00e4ren Handlungsverlauf. Es passiert auf diesen wenigen Seiten  nicht viel, aber es reicht vollkommen aus, um Tobi und Rosa lieb zu  gewinnen und das Umfeld, welches sich aus Kindersicht immer schneller  dreht, am Ende den Abgrund entgegen gehen wird, wie ein Schwamm  aufzunehmen. Zudem ist nicht nur die Handlung oder das lieb  zusammengestellte Protagonistenensemble zu erw\u00e4hnen, sondern auch die  Sprache, die solche tollen S\u00e4tze hervorbringt, wie:<\/p>","footnotes":""},"categories":[4],"tags":[165,186,698,1372,89,814,1455,87,16,181,1602,350,278,11,166,96,1603],"class_list":["post-2954","post","type-post","status-publish","format-standard","has-post-thumbnail","hentry","category-rezension","tag-aufbruch","tag-aufwachsen","tag-buch","tag-c-h-beck","tag-coming-of-age","tag-dorf","tag-emanzipation","tag-familie","tag-gesellschaft","tag-kindheit","tag-koeln","tag-liebe","tag-ort","tag-roman","tag-umbruch","tag-wandel","tag-woelk"],"uagb_featured_image_src":{"full":["https:\/\/findosbuecher.com\/wp-content\/uploads\/2019\/02\/getimage.jpg",246,400,false],"thumbnail":["https:\/\/findosbuecher.com\/wp-content\/uploads\/2019\/02\/getimage-150x150.jpg",150,150,true],"medium":["https:\/\/findosbuecher.com\/wp-content\/uploads\/2019\/02\/getimage-185x300.jpg",185,300,true],"medium_large":["https:\/\/findosbuecher.com\/wp-content\/uploads\/2019\/02\/getimage.jpg",246,400,false],"large":["https:\/\/findosbuecher.com\/wp-content\/uploads\/2019\/02\/getimage.jpg",246,400,false],"wps_thumbnail_size":["https:\/\/findosbuecher.com\/wp-content\/uploads\/2019\/02\/getimage.jpg",154,250,false],"1536x1536":["https:\/\/findosbuecher.com\/wp-content\/uploads\/2019\/02\/getimage.jpg",246,400,false],"2048x2048":["https:\/\/findosbuecher.com\/wp-content\/uploads\/2019\/02\/getimage.jpg",246,400,false],"buchcover":["https:\/\/findosbuecher.com\/wp-content\/uploads\/2019\/02\/getimage.jpg",246,400,false]},"uagb_author_info":{"display_name":"findo","author_link":"https:\/\/findosbuecher.com\/?author=1"},"uagb_comment_info":1,"uagb_excerpt":"Ich m\u00f6chte nicht, dass du den Mond verlierst. Ulrich Woelk: Der Sommer meiner Mutter \/\/ C.H.Beck Verlag Das ist doch gro\u00dfartig. Der Autor hat, das merkt man diesen Roman an, auch Philosophie studiert, dr\u00e4ngt dies seinen Lesern jedoch \u00fcberhaupt nicht auf, hat dies fein in diese Geschichte eingewoben. Es geht hier jedoch nicht nur um&hellip;","_links":{"self":[{"href":"https:\/\/findosbuecher.com\/index.php?rest_route=\/wp\/v2\/posts\/2954","targetHints":{"allow":["GET"]}}],"collection":[{"href":"https:\/\/findosbuecher.com\/index.php?rest_route=\/wp\/v2\/posts"}],"about":[{"href":"https:\/\/findosbuecher.com\/index.php?rest_route=\/wp\/v2\/types\/post"}],"author":[{"embeddable":true,"href":"https:\/\/findosbuecher.com\/index.php?rest_route=\/wp\/v2\/users\/1"}],"replies":[{"embeddable":true,"href":"https:\/\/findosbuecher.com\/index.php?rest_route=%2Fwp%2Fv2%2Fcomments&post=2954"}],"version-history":[{"count":2,"href":"https:\/\/findosbuecher.com\/index.php?rest_route=\/wp\/v2\/posts\/2954\/revisions"}],"predecessor-version":[{"id":3559,"href":"https:\/\/findosbuecher.com\/index.php?rest_route=\/wp\/v2\/posts\/2954\/revisions\/3559"}],"wp:featuredmedia":[{"embeddable":true,"href":"https:\/\/findosbuecher.com\/index.php?rest_route=\/wp\/v2\/media\/2955"}],"wp:attachment":[{"href":"https:\/\/findosbuecher.com\/index.php?rest_route=%2Fwp%2Fv2%2Fmedia&parent=2954"}],"wp:term":[{"taxonomy":"category","embeddable":true,"href":"https:\/\/findosbuecher.com\/index.php?rest_route=%2Fwp%2Fv2%2Fcategories&post=2954"},{"taxonomy":"post_tag","embeddable":true,"href":"https:\/\/findosbuecher.com\/index.php?rest_route=%2Fwp%2Fv2%2Ftags&post=2954"}],"curies":[{"name":"wp","href":"https:\/\/api.w.org\/{rel}","templated":true}]}}