{"id":281,"date":"2016-10-18T06:27:46","date_gmt":"2016-10-18T06:27:46","guid":{"rendered":"http:\/\/findosbuecher.com\/?p=281"},"modified":"2019-07-15T17:25:56","modified_gmt":"2019-07-15T17:25:56","slug":"jona-oberski-kinderjahre","status":"publish","type":"post","link":"https:\/\/findosbuecher.com\/?p=281","title":{"rendered":"Jona Oberski: Kinderjahre"},"content":{"rendered":"","protected":false},"excerpt":{"rendered":"","protected":false},"author":1,"featured_media":282,"comment_status":"open","ping_status":"open","sticky":false,"template":"","format":"image","meta":{"_uag_custom_page_level_css":"","site-sidebar-layout":"default","site-content-layout":"","ast-site-content-layout":"default","site-content-style":"default","site-sidebar-style":"default","ast-global-header-display":"","ast-banner-title-visibility":"","ast-main-header-display":"","ast-hfb-above-header-display":"","ast-hfb-below-header-display":"","ast-hfb-mobile-header-display":"","site-post-title":"","ast-breadcrumbs-content":"","ast-featured-img":"","footer-sml-layout":"","ast-disable-related-posts":"","theme-transparent-header-meta":"","adv-header-id-meta":"","stick-header-meta":"","header-above-stick-meta":"","header-main-stick-meta":"","header-below-stick-meta":"","astra-migrate-meta-layouts":"default","ast-page-background-enabled":"default","ast-page-background-meta":{"desktop":{"background-color":"","background-image":"","background-repeat":"repeat","background-position":"center center","background-size":"auto","background-attachment":"scroll","background-type":"","background-media":"","overlay-type":"","overlay-color":"","overlay-opacity":"","overlay-gradient":""},"tablet":{"background-color":"","background-image":"","background-repeat":"repeat","background-position":"center center","background-size":"auto","background-attachment":"scroll","background-type":"","background-media":"","overlay-type":"","overlay-color":"","overlay-opacity":"","overlay-gradient":""},"mobile":{"background-color":"","background-image":"","background-repeat":"repeat","background-position":"center center","background-size":"auto","background-attachment":"scroll","background-type":"","background-media":"","overlay-type":"","overlay-color":"","overlay-opacity":"","overlay-gradient":""}},"ast-content-background-meta":{"desktop":{"background-color":"var(--ast-global-color-5)","background-image":"","background-repeat":"repeat","background-position":"center center","background-size":"auto","background-attachment":"scroll","background-type":"","background-media":"","overlay-type":"","overlay-color":"","overlay-opacity":"","overlay-gradient":""},"tablet":{"background-color":"var(--ast-global-color-5)","background-image":"","background-repeat":"repeat","background-position":"center center","background-size":"auto","background-attachment":"scroll","background-type":"","background-media":"","overlay-type":"","overlay-color":"","overlay-opacity":"","overlay-gradient":""},"mobile":{"background-color":"var(--ast-global-color-5)","background-image":"","background-repeat":"repeat","background-position":"center center","background-size":"auto","background-attachment":"scroll","background-type":"","background-media":"","overlay-type":"","overlay-color":"","overlay-opacity":"","overlay-gradient":""}},"book_review_cover_url":"http:\/\/findosbuecher.com\/wp-content\/uploads\/2016\/10\/kinderjahre-9783257069624.jpg","book_review_title":"Kinderjahre","book_review_series":"Jona Oberski","book_review_author":"","book_review_genre":"Rezensionsexemplar\/Roman","book_review_isbn":"","book_review_publisher":"Diogenes","book_review_release_date":"Erschienen am: 27.04.2016","book_review_format":"Hardcover","book_review_pages":"Seiten: 149","book_review_source":"ISBN: <a href=\"http:\/\/www.diogenes.ch\/diogenes\/leser\/titel\/jona-oberski\/kinderjahre-9783257069624.html\">978-3-257-06962-4<\/a>","book_review_rating":"5","book_review_summary":"<p><strong>Inhalt:<\/strong><\/p><p>Die Kinderjahre von vier bis sieben, die am soglosesten sein sollten, erlebte Jona Oberski im Grauen von Bergen-Belsen. Mit seiner einzigartigen, ergreifenden Schilderunmg nimmt er die Perspektive des Kindes ein, das nichts begreift, doch alles Geschehen registriert und einzuordnen versucht. Ein existentielles Buch. (Klappentext). <\/p><p><strong>Rezension:<\/strong><\/p><p>Jona ist vier Jahre alt und wird eines Tages aus dem Schlaf geschreckt. Laut schreiende M\u00e4nner sind in der Wohnung und befehlen den Eltern, Sachen zu packen und der Junge begreift in der Hektik nur eines, dass sie auf eine Reise ins Ungewisse gehen werden.<\/p><p>F\u00fcr Jona eher ein Abenteuer, aber die Angst seiner Eltern, die ihn dennoch immer versuchen abzulenken, f\u00e4rbt auf ihn ab und so beginnt f\u00fcr den Jungen eine Irrfahrt, erst nach Westerbrok, sp\u00e4ter nach Bergen-Belsen. Dort ist er in aller Deutlichkeit mit der Grausamkeit des Krieges konfrontiert.<\/p><p>Der Hund vom deutschen Wachmann wirkt auf den Kleinen wie der Wolf von Rotk\u00e4ppchen. Jona versucht dennoch den Schrecken als Alltag wahrzunehmen, h\u00e4ngt sich an seiner Mutter, die er bald als nur noch einzige Bezugsperson haben wird, \"spielt\" mit den anderen Kindern im Lager und entkommt dennoch nicht dem Schrecken, der sich in Tod und Krankheit zeigt.<\/p><p>Nicht zuletzt f\u00fcr ihn unmittelbar bei seinen Eltern. Das Kind, welches \u00e4u\u00dferlich noch klein ist, wird im Innersten schnell zum Erwachsenen und begreift mehr als die selbigen f\u00fcr gut und ausreichend halten. Jona lernt in seiner kindlichen Art und Weise zu \u00fcberleben.<\/p><p>Dies ist die wahre Geschichte des Autoren, der mit \"Kinderjahre\" die wichtigste und egreifenste Lebenststation in Buchform vorgelegt hat. Und das bereits 1973.<\/p><p>Warum dies so lange gedauert hat, bis es diese wahre Geschichte, die so ergreifend und bedr\u00fcckend ist, wie die von Anne Frank, nach Deutschland geschafft hat, mag man sich bei der Lekt\u00fcre fragen und ist dennoch froh, dass sie \u00fcberhaupt erz\u00e4hlt werden kann. Schluie\u00dflich hat es der Autor geschafft, zu \u00fcberleben.<\/p><p>Umsorgt von seinen Eltern und von gutmeinenden Menschen, schafft er es der H\u00f6lle des Lagers zu \u00fcberstehen, um sp\u00e4ter in der Nachkriegszeit der Niederlande seinen Weg fortzusetzen.<\/p><p>Die eindr\u00fcckliche, fast erdr\u00fcckende Schreibweise nimmt den Leser auf den Weg durch eine Kindheit mit, die eigentlich zur sch\u00f6nsten Zeit des Lebens z\u00e4hlen sollte. Tats\u00e4chlich ist diese Geschichte sch\u00f6n, weil man wei\u00df, dass es diese des Autoren ist, er \u00fcberlebt hat, doch das Szenario um ihn herum ist ersch\u00fctternd und einfach nur schrecklich.<\/p><p>Eine Art \"Das Leben ist sch\u00f6n\" auf Niederl\u00e4ndisch und aus Kindersicht geschrieben, die doch mehr begreift als die Erwachsenen, die alle selbst k\u00e4mpfen, wahrhaben wollen. Ein wichtiges, interessantes Buch, welches noch nach dem Lesen besch\u00e4ftigen wird. Auf, dass kein Kind mehr solch eine H\u00f6lle erleben muss. <\/p><p> <strong>Autor:<\/strong><\/p><p>Jona Oberski wurde 1938 in Amsterdam geboren und war als Physiker an einem Forschungsinstitut f\u00fcr Nuklear- und Teilchenphysik t\u00e4tig. Sein autobiographischer Roman \"Kinderjahre\" erschien in den Niederlanden erstmals 1978 und erz\u00e4hlt aus der Sicht seiner Kindheit \u00fcber sein Erleben von Krieg, Deportation und Konzentrationslager. Das Werk wurde sp\u00e4ter verfilmt, 2016 ins Deutsche \u00fcbersetzt. <\/p>","footnotes":""},"categories":[4],"tags":[17,22,11,23,29],"class_list":["post-281","post","type-post","status-publish","format-image","has-post-thumbnail","hentry","category-rezension","tag-geschichte","tag-holocaust","tag-roman","tag-weltkrieg","tag-zeitgeschichte","post_format-post-format-image"],"uagb_featured_image_src":{"full":["https:\/\/findosbuecher.com\/wp-content\/uploads\/2016\/10\/kinderjahre-9783257069624.jpg",308,487,false],"thumbnail":["https:\/\/findosbuecher.com\/wp-content\/uploads\/2016\/10\/kinderjahre-9783257069624-150x150.jpg",150,150,true],"medium":["https:\/\/findosbuecher.com\/wp-content\/uploads\/2016\/10\/kinderjahre-9783257069624-190x300.jpg",190,300,true],"medium_large":["https:\/\/findosbuecher.com\/wp-content\/uploads\/2016\/10\/kinderjahre-9783257069624.jpg",308,487,false],"large":["https:\/\/findosbuecher.com\/wp-content\/uploads\/2016\/10\/kinderjahre-9783257069624.jpg",308,487,false],"wps_thumbnail_size":["https:\/\/findosbuecher.com\/wp-content\/uploads\/2016\/10\/kinderjahre-9783257069624.jpg",158,250,false],"1536x1536":["https:\/\/findosbuecher.com\/wp-content\/uploads\/2016\/10\/kinderjahre-9783257069624.jpg",308,487,false],"2048x2048":["https:\/\/findosbuecher.com\/wp-content\/uploads\/2016\/10\/kinderjahre-9783257069624.jpg",308,487,false],"buchcover":["https:\/\/findosbuecher.com\/wp-content\/uploads\/2016\/10\/kinderjahre-9783257069624.jpg",308,487,false]},"uagb_author_info":{"display_name":"findo","author_link":"https:\/\/findosbuecher.com\/?author=1"},"uagb_comment_info":0,"uagb_excerpt":null,"_links":{"self":[{"href":"https:\/\/findosbuecher.com\/index.php?rest_route=\/wp\/v2\/posts\/281","targetHints":{"allow":["GET"]}}],"collection":[{"href":"https:\/\/findosbuecher.com\/index.php?rest_route=\/wp\/v2\/posts"}],"about":[{"href":"https:\/\/findosbuecher.com\/index.php?rest_route=\/wp\/v2\/types\/post"}],"author":[{"embeddable":true,"href":"https:\/\/findosbuecher.com\/index.php?rest_route=\/wp\/v2\/users\/1"}],"replies":[{"embeddable":true,"href":"https:\/\/findosbuecher.com\/index.php?rest_route=%2Fwp%2Fv2%2Fcomments&post=281"}],"version-history":[{"count":2,"href":"https:\/\/findosbuecher.com\/index.php?rest_route=\/wp\/v2\/posts\/281\/revisions"}],"predecessor-version":[{"id":3598,"href":"https:\/\/findosbuecher.com\/index.php?rest_route=\/wp\/v2\/posts\/281\/revisions\/3598"}],"wp:featuredmedia":[{"embeddable":true,"href":"https:\/\/findosbuecher.com\/index.php?rest_route=\/wp\/v2\/media\/282"}],"wp:attachment":[{"href":"https:\/\/findosbuecher.com\/index.php?rest_route=%2Fwp%2Fv2%2Fmedia&parent=281"}],"wp:term":[{"taxonomy":"category","embeddable":true,"href":"https:\/\/findosbuecher.com\/index.php?rest_route=%2Fwp%2Fv2%2Fcategories&post=281"},{"taxonomy":"post_tag","embeddable":true,"href":"https:\/\/findosbuecher.com\/index.php?rest_route=%2Fwp%2Fv2%2Ftags&post=281"}],"curies":[{"name":"wp","href":"https:\/\/api.w.org\/{rel}","templated":true}]}}