{"id":2303,"date":"2018-09-05T17:44:01","date_gmt":"2018-09-05T17:44:01","guid":{"rendered":"http:\/\/findosbuecher.com\/?p=2303"},"modified":"2020-05-13T19:17:20","modified_gmt":"2020-05-13T19:17:20","slug":"khaled-hosseini-am-abend-vor-dem-meer","status":"publish","type":"post","link":"https:\/\/findosbuecher.com\/?p=2303","title":{"rendered":"Khaled Hosseini: Am Abend vor dem Meer"},"content":{"rendered":"\n\n\n<p><strong>Rezension:<\/strong><br>Das Thema &#8222;Fl\u00fcchtlinge&#8220; dominiert seit Jahren die Schlagzeilen in Europa, l\u00e4sst die Gem\u00fcter kochen und spaltet das politische Leben. Viele Politiker sind l\u00e4ngst nach rechts ger\u00fcckt, demokratische Werte z\u00e4hlen nicht mehr viel, Grundwerte wie Menschlichkeit ohnehin nicht. Viel wird diskutiert, \u00fcber die Unterbringung und Versorgung von Fl\u00fcchtlingen, wer integriert werden darf, wer nicht, und wie das alles aussehen soll.<\/p>\n\n\n\n<p>Die Fluchtursachen geraten immer mehr in den Hintergrund, sind vielerorts schon fast vergessen. Immer noch machen sich daher M\u00e4nner, Frauen und Kinder auf den gef\u00e4hrlichen Weg nach Europa, da ihre Heimat keine Zukunft und kein Leben bieten kann. Nicht wenige sterben bei den Versuch, zu Land oder zu Wasser Hilfe zu erreichen.<\/p>\n\n\n\n<p>So auch der kleine Alan Kurdi, der im Jahr 2015 im Mittelmeer ertrank. Das Bild des kleinen Jungen, dessen lebloser K\u00f6rper am Strand lag, ging um die Welt, wurde instrumentalisiert. Ihm und den anderen zahlreichen Opfern der Flucht ist dieses Buch gewidmet.<\/p>\n\n\n\n<p>Es ist viel weniger ein Buch als eine kleine Briefnovelle, die es auf so wenigen Seiten geh\u00f6rig in sich hat. Ein Vater, offenbar schon am Ziel, schreibt einen Brief an seinen kleinen Sohn, der den gef\u00e4hrlichen Weg \u00fcber&#8217;s Mittelmeer noch vor sich hat.<\/p>\n\n\n\n<p>Er schreibt von der Stadt Homs, wie einst der Vater sie kannte und in welchen Gegensatz sie der Sohn sieht, schreibt von den Gefahren der \u00dcberfahrt \u00fcber das Meer und hofft inst\u00e4ndig, dass der Sohn nicht Opfer von den Gewalten der Mutter Natur werden wird. Das Ende indes bleibt offen.<\/p>\n\n\n\n<p>Dieser eine Brief durchzieht das gesamte Buch, pro Seite immer nur einpaar Zeilen, die wirkungsvoll durch die Zeichnungen Dan Williams&#8216; unterstrichen werden. Die Aquarelle wirken zuerst fr\u00f6hlich, weichen nach und nach immer d\u00fcster wirkenden Bildern, die alleine schon Eindruck genug machen und dem Leser sehr nahe gehen werden.<\/p>\n\n\n\n<p>Es passiert mir nicht oft, dass ich mich derma\u00dfen emotional beeindrucken lasse, doch hat es bei mir im Inneren etwas ausgel\u00f6st und einen Schalter umgelegt. Einige Tr\u00e4nen sind tats\u00e4chlich geflossen.<\/p>\n\n\n\n<p>Was die t\u00e4glichen Nachrichten betrifft, versuche ich das Geschehen in diesem Teil der Welt und die Auswirkungen hier, die einen Teil der Bev\u00f6lkerungen gef\u00e4hrlich nahe an den Rand rutschen l\u00e4sst, der 1933 das NS-Regime an die Macht gebracht hatte, nicht an mich heran zu lassen. Es gelingt mir jedoch immer weniger.<\/p>\n\n\n\n<p>Khaled Hosseini und Dan Williams f\u00fchren uns mit wenigen Worten und eindrucksvollen Bildern die Situation vor Augen, der jeder Fl\u00fcchtling gegen\u00fcber steht. Es wird klar, dass sich niemand grundlos auf diese gef\u00e4hrliche Reise begibt, dass die, die in unseren gesellschaftlichen Fokus geraten sind, lieber in ihren L\u00e4ndern leben w\u00fcrden, wenn die Situation es zulie\u00dfe.<\/p>\n\n\n\n<p>Auch klar wird, dass grundlos nichts passiert und das wir in der Pflicht sind, uns zu k\u00fcmmern. Wir d\u00fcrfen uns nicht mit Vereinfachungen und Stammtischparolen zufrieden geben, auch nicht mit minutenlangen Berichten in den Nachrichten.<\/p>\n\n\n\n<p>Es muss sich endlich um die Fluchtursachen gek\u00fcmmert werden, die L\u00e4nder und Staaten, die so viel Elend und Leid bringen, dass zu viele ihr Leben dort als nicht lebenswert betrachten k\u00f6nnen, lieber die Gefahren der Flucht auf sich nehmen, m\u00fcssen wieder ins Blickfeld geraten. Damit nicht noch mehr Erwachsene und vor allem Kinder wie Alan Kurdi sterben.<\/p>\n\n\n\n<p>Mit den Kauf des Buches ist zumindest ein kleiner Schritt getan. Die Leser unterst\u00fctzen damit die Khaled Hosseini Foundation und den UNCHR, das Fl\u00fcchtlingshilfswerk der Vereinten Nationen, die lebensrettende Nothilfema\u00dfnahmen finanziert, um Fl\u00fcchtlingen \u00fcberall auf der Welt eine bessere Zukunft zu erm\u00f6glichen.<\/p>\n\n\n\n<p><strong>Autor:<\/strong><br>Khaled Hosseini wurde 1965 in Kabul, Afghanistan, geboren und ist ein amerikanischer Schriftsteller und Arzt. Sein Vater arbeitete f\u00fcr das afghanische Au\u00dfenministerium von 1970 bis 73 in Teheran, 1976 zog die Familie nach Paris, wo dieser in der afghanischen Botschaft arbeitete.<\/p>\n\n\n\n<p>1976, nach der sowjetischen Invasion, beantragte die Familie politisches Asyl in den USA, welches 1980 gew\u00e4hrt wurde. 1984 erlangte Khaled Hosseini seinen High-School-Abschluss, studierte anschlie\u00dfend Biologie und Medizin, worin er 1993 promovierte. Seit 1996 arbeitet er als Internist. Im Jahr 2003 ver\u00f6ffentlichte er seinen ersten Roman, der verfilmt wurde, 2007 und 2013 folgten weitere Erz\u00e4hlungen.<\/p>\n\n\n\n<p><strong>Illustrator:<\/strong><br>Dan Williams ist K\u00fcnstler und Illustrator. Seine Arbeiten erscheinen in zahlreichen Zeitungen, wie etwa &#8222;Guardian&#8220; oder Magazinen wie &#8222;National Geographic&#8220; und &#8222;Wall Street Jounal&#8220;. F\u00fcr mehrere Verlage illustrierte er bereits Publikationen. Williams&#8216; Werke wurden mehrfach ausgestellt.<\/p>\n","protected":false},"excerpt":{"rendered":"<p>Rezension:Das Thema &#8222;Fl\u00fcchtlinge&#8220; dominiert seit Jahren die Schlagzeilen in Europa, l\u00e4sst die Gem\u00fcter kochen und spaltet das politische Leben. Viele Politiker sind l\u00e4ngst nach rechts ger\u00fcckt, demokratische Werte z\u00e4hlen nicht mehr viel, Grundwerte wie Menschlichkeit ohnehin nicht. Viel wird diskutiert, \u00fcber die Unterbringung und Versorgung von Fl\u00fcchtlingen, wer integriert werden darf, wer nicht, und wie [&hellip;]<\/p>\n","protected":false},"author":1,"featured_media":2304,"comment_status":"open","ping_status":"open","sticky":false,"template":"","format":"image","meta":{"_uag_custom_page_level_css":"","site-sidebar-layout":"default","site-content-layout":"","ast-site-content-layout":"default","site-content-style":"default","site-sidebar-style":"default","ast-global-header-display":"","ast-banner-title-visibility":"","ast-main-header-display":"","ast-hfb-above-header-display":"","ast-hfb-below-header-display":"","ast-hfb-mobile-header-display":"","site-post-title":"","ast-breadcrumbs-content":"","ast-featured-img":"","footer-sml-layout":"","ast-disable-related-posts":"","theme-transparent-header-meta":"","adv-header-id-meta":"","stick-header-meta":"","header-above-stick-meta":"","header-main-stick-meta":"","header-below-stick-meta":"","astra-migrate-meta-layouts":"default","ast-page-background-enabled":"default","ast-page-background-meta":{"desktop":{"background-color":"","background-image":"","background-repeat":"repeat","background-position":"center center","background-size":"auto","background-attachment":"scroll","background-type":"","background-media":"","overlay-type":"","overlay-color":"","overlay-opacity":"","overlay-gradient":""},"tablet":{"background-color":"","background-image":"","background-repeat":"repeat","background-position":"center center","background-size":"auto","background-attachment":"scroll","background-type":"","background-media":"","overlay-type":"","overlay-color":"","overlay-opacity":"","overlay-gradient":""},"mobile":{"background-color":"","background-image":"","background-repeat":"repeat","background-position":"center center","background-size":"auto","background-attachment":"scroll","background-type":"","background-media":"","overlay-type":"","overlay-color":"","overlay-opacity":"","overlay-gradient":""}},"ast-content-background-meta":{"desktop":{"background-color":"var(--ast-global-color-5)","background-image":"","background-repeat":"repeat","background-position":"center center","background-size":"auto","background-attachment":"scroll","background-type":"","background-media":"","overlay-type":"","overlay-color":"","overlay-opacity":"","overlay-gradient":""},"tablet":{"background-color":"var(--ast-global-color-5)","background-image":"","background-repeat":"repeat","background-position":"center center","background-size":"auto","background-attachment":"scroll","background-type":"","background-media":"","overlay-type":"","overlay-color":"","overlay-opacity":"","overlay-gradient":""},"mobile":{"background-color":"var(--ast-global-color-5)","background-image":"","background-repeat":"repeat","background-position":"center center","background-size":"auto","background-attachment":"scroll","background-type":"","background-media":"","overlay-type":"","overlay-color":"","overlay-opacity":"","overlay-gradient":""}},"book_review_cover_url":"http:\/\/findosbuecher.com\/wp-content\/uploads\/2018\/09\/u1_978-3-10-397409-6.jpg","book_review_title":"Am Abend vor dem Meer","book_review_series":"Khaled Hosseini\/Dan Williams","book_review_author":"Novelle","book_review_genre":"S. Fischer Verlag","book_review_isbn":"","book_review_publisher":"Erschienen am: 29.08.2018","book_review_release_date":"Hardcover","book_review_format":"Seiten: 48","book_review_pages":"ISBN: <a href=\"https:\/\/www.fischerverlage.de\/buch\/khaled_hosseini_am_abend_vor_dem_meer\/9783103974096\">978-3-10-397409-6<\/a>","book_review_source":"","book_review_rating":"5","book_review_summary":"<p><strong>Inhalt:<\/strong><\/p><p>Am 02. September 2015 ertrank Alan Kurdi bei dem Versuch, sich \u00fcber das Mittelmeer nach Europa in Sicherheit zu bringen. Er war drei Jahre alt und stammte aus Syrien. Khaled Hosseini war selbst ein Fl\u00fcchtlingsjunge, der fern von seinem Heimatland Afghanistan aufwuchs.<\/p><p>Diese Erfahrung von Trennung und Heimweh pr\u00e4gt die einzigartie emotionale Kraft seiner B\u00fccher und wurde schriftstellerischer Antrieb wie gesellschaftlicher Auftrag: Seit vielen Jahren unterh\u00e4lt er eine eigene Stiftung und ist Sonderbotschafter des UNHCR.<\/p><p>Im \"Am Abend vor dem Meer\" kommt beides zusammen. Die atmosph\u00e4risch dichte Erz\u00e4hlung, eindringlich farbig illustriert von Dan Williams, erz\u00e4hlt in einem Brief eines Vaters an seinem Sohn vom Abschied von zu Hause und der Gefahr der \u00dcberfahrt auf der Flucht. (Verlagstext)<\/p>","footnotes":""},"categories":[4],"tags":[846,67,1440,218,16,536,21,1439,514,474,411],"class_list":["post-2303","post","type-post","status-publish","format-image","has-post-thumbnail","hentry","category-rezension","tag-brief","tag-buergerkrieg","tag-ertrinken","tag-flucht","tag-gesellschaft","tag-hoffnung","tag-krieg","tag-meer","tag-novelle","tag-syrien","tag-tod","post_format-post-format-image"],"uagb_featured_image_src":{"full":["https:\/\/findosbuecher.com\/wp-content\/uploads\/2018\/09\/u1_978-3-10-397409-6.jpg",296,487,false],"thumbnail":["https:\/\/findosbuecher.com\/wp-content\/uploads\/2018\/09\/u1_978-3-10-397409-6-150x150.jpg",150,150,true],"medium":["https:\/\/findosbuecher.com\/wp-content\/uploads\/2018\/09\/u1_978-3-10-397409-6-182x300.jpg",182,300,true],"medium_large":["https:\/\/findosbuecher.com\/wp-content\/uploads\/2018\/09\/u1_978-3-10-397409-6.jpg",296,487,false],"large":["https:\/\/findosbuecher.com\/wp-content\/uploads\/2018\/09\/u1_978-3-10-397409-6-623x1024.jpg",623,1024,true],"wps_thumbnail_size":["https:\/\/findosbuecher.com\/wp-content\/uploads\/2018\/09\/u1_978-3-10-397409-6.jpg",152,250,false],"1536x1536":["https:\/\/findosbuecher.com\/wp-content\/uploads\/2018\/09\/u1_978-3-10-397409-6.jpg",296,487,false],"2048x2048":["https:\/\/findosbuecher.com\/wp-content\/uploads\/2018\/09\/u1_978-3-10-397409-6.jpg",296,487,false],"buchcover":["https:\/\/findosbuecher.com\/wp-content\/uploads\/2018\/09\/u1_978-3-10-397409-6.jpg",296,487,false]},"uagb_author_info":{"display_name":"findo","author_link":"https:\/\/findosbuecher.com\/?author=1"},"uagb_comment_info":0,"uagb_excerpt":"Rezension:Das Thema &#8222;Fl\u00fcchtlinge&#8220; dominiert seit Jahren die Schlagzeilen in Europa, l\u00e4sst die Gem\u00fcter kochen und spaltet das politische Leben. Viele Politiker sind l\u00e4ngst nach rechts ger\u00fcckt, demokratische Werte z\u00e4hlen nicht mehr viel, Grundwerte wie Menschlichkeit ohnehin nicht. Viel wird diskutiert, \u00fcber die Unterbringung und Versorgung von Fl\u00fcchtlingen, wer integriert werden darf, wer nicht, und wie&hellip;","_links":{"self":[{"href":"https:\/\/findosbuecher.com\/index.php?rest_route=\/wp\/v2\/posts\/2303","targetHints":{"allow":["GET"]}}],"collection":[{"href":"https:\/\/findosbuecher.com\/index.php?rest_route=\/wp\/v2\/posts"}],"about":[{"href":"https:\/\/findosbuecher.com\/index.php?rest_route=\/wp\/v2\/types\/post"}],"author":[{"embeddable":true,"href":"https:\/\/findosbuecher.com\/index.php?rest_route=\/wp\/v2\/users\/1"}],"replies":[{"embeddable":true,"href":"https:\/\/findosbuecher.com\/index.php?rest_route=%2Fwp%2Fv2%2Fcomments&post=2303"}],"version-history":[{"count":4,"href":"https:\/\/findosbuecher.com\/index.php?rest_route=\/wp\/v2\/posts\/2303\/revisions"}],"predecessor-version":[{"id":4583,"href":"https:\/\/findosbuecher.com\/index.php?rest_route=\/wp\/v2\/posts\/2303\/revisions\/4583"}],"wp:featuredmedia":[{"embeddable":true,"href":"https:\/\/findosbuecher.com\/index.php?rest_route=\/wp\/v2\/media\/2304"}],"wp:attachment":[{"href":"https:\/\/findosbuecher.com\/index.php?rest_route=%2Fwp%2Fv2%2Fmedia&parent=2303"}],"wp:term":[{"taxonomy":"category","embeddable":true,"href":"https:\/\/findosbuecher.com\/index.php?rest_route=%2Fwp%2Fv2%2Fcategories&post=2303"},{"taxonomy":"post_tag","embeddable":true,"href":"https:\/\/findosbuecher.com\/index.php?rest_route=%2Fwp%2Fv2%2Ftags&post=2303"}],"curies":[{"name":"wp","href":"https:\/\/api.w.org\/{rel}","templated":true}]}}