{"id":2121,"date":"2018-05-25T06:00:37","date_gmt":"2018-05-25T06:00:37","guid":{"rendered":"http:\/\/findosbuecher.com\/?p=2121"},"modified":"2019-06-17T14:51:13","modified_gmt":"2019-06-17T14:51:13","slug":"rafel-nadal-die-letzten-tage-der-kindheit","status":"publish","type":"post","link":"https:\/\/findosbuecher.com\/?p=2121","title":{"rendered":"Rafel Nadal: Die letzten Tage meiner Kindheit"},"content":{"rendered":"","protected":false},"excerpt":{"rendered":"","protected":false},"author":1,"featured_media":2122,"comment_status":"open","ping_status":"open","sticky":false,"template":"","format":"image","meta":{"_uag_custom_page_level_css":"","site-sidebar-layout":"default","site-content-layout":"","ast-site-content-layout":"default","site-content-style":"default","site-sidebar-style":"default","ast-global-header-display":"","ast-banner-title-visibility":"","ast-main-header-display":"","ast-hfb-above-header-display":"","ast-hfb-below-header-display":"","ast-hfb-mobile-header-display":"","site-post-title":"","ast-breadcrumbs-content":"","ast-featured-img":"","footer-sml-layout":"","ast-disable-related-posts":"","theme-transparent-header-meta":"","adv-header-id-meta":"","stick-header-meta":"","header-above-stick-meta":"","header-main-stick-meta":"","header-below-stick-meta":"","astra-migrate-meta-layouts":"default","ast-page-background-enabled":"default","ast-page-background-meta":{"desktop":{"background-color":"","background-image":"","background-repeat":"repeat","background-position":"center center","background-size":"auto","background-attachment":"scroll","background-type":"","background-media":"","overlay-type":"","overlay-color":"","overlay-opacity":"","overlay-gradient":""},"tablet":{"background-color":"","background-image":"","background-repeat":"repeat","background-position":"center center","background-size":"auto","background-attachment":"scroll","background-type":"","background-media":"","overlay-type":"","overlay-color":"","overlay-opacity":"","overlay-gradient":""},"mobile":{"background-color":"","background-image":"","background-repeat":"repeat","background-position":"center center","background-size":"auto","background-attachment":"scroll","background-type":"","background-media":"","overlay-type":"","overlay-color":"","overlay-opacity":"","overlay-gradient":""}},"ast-content-background-meta":{"desktop":{"background-color":"var(--ast-global-color-5)","background-image":"","background-repeat":"repeat","background-position":"center center","background-size":"auto","background-attachment":"scroll","background-type":"","background-media":"","overlay-type":"","overlay-color":"","overlay-opacity":"","overlay-gradient":""},"tablet":{"background-color":"var(--ast-global-color-5)","background-image":"","background-repeat":"repeat","background-position":"center center","background-size":"auto","background-attachment":"scroll","background-type":"","background-media":"","overlay-type":"","overlay-color":"","overlay-opacity":"","overlay-gradient":""},"mobile":{"background-color":"var(--ast-global-color-5)","background-image":"","background-repeat":"repeat","background-position":"center center","background-size":"auto","background-attachment":"scroll","background-type":"","background-media":"","overlay-type":"","overlay-color":"","overlay-opacity":"","overlay-gradient":""}},"book_review_cover_url":"http:\/\/findosbuecher.com\/wp-content\/uploads\/2018\/05\/9352561edf1c6120.jpeg","book_review_title":"Die letzten Tage meiner Kindheit","book_review_series":"","book_review_author":"Rafel Nadal","book_review_genre":"Roman","book_review_isbn":"","book_review_publisher":"Bastei L\u00fcbbe","book_review_release_date":"Erschienen am: 27.04.2018","book_review_format":"Taschenbuch","book_review_pages":"Seiten: 239","book_review_source":"ISBN: <a href=\"https:\/\/www.luebbe.de\/bastei-luebbe\/buecher\/sonstige-belletristik\/die-letzten-tage-meiner-kindheit\/id_6497898\">978-3-404-17678-6<\/a>","book_review_rating":"3","book_review_summary":"<p><strong>Inhalt:<\/strong><br>\"Die Welt ist in zwei Lager geteilt: ihres und unseres. Wir sind in der \u00dcberzahl, verlieren aber trotzdem immer.\" Diese lektion lernt Lluc schon fr\u00fch. Am letzten Tag des Spanischen B\u00fcrgerkriegs muss der Achtj\u00e4hrige mit ansehen, wie seine Mutter erschossen wird.<br> <br>Bei der f\u00fcrsorglichen Senyora Stendhal und ihrem Sohn Dani findet er ein neues Zuhause - nur, um es kurz darauf wieder zu verlieren. Lluc sinnt auf Rache. er tr\u00e4umt davon, in die Berge zu ziehen und sich dem Widerstand gegen Franco anzuschlie\u00dfen. Denn er will nicht sein leben lang auf der Seite der Verlierer stehen. (Klappentext) <\/p><p><strong>Rezension:<\/strong><br>Es ist eines dieser Romane, die zumindest gef\u00fchlt nicht gro\u00dfartig beworben und daher in der Wahrnehmung nicht ganz so weit oben auf den B\u00fcchertischen zu finden sind, wie es vielleicht andere Werke dieses Formats t\u00e4ten. Erz\u00e4hlt wird, was der Klappentext hergibt, eben die Geschichte eines kleinen Jungen, der im Spanischen B\u00fcrgerkrieg seine Mutter, ein paar Jahre sp\u00e4ter praktisch seine liebgewonnene Adoptivfamilie verliert und \u00fcberhaupt den ganzen Schmerz, die ganzen offenen Wunden ertragen muss, die der Spanische B\u00fcrgerkrieg in die Herzen der Bev\u00f6lkerung getrieben hat.<\/p><p>Wir erleben die Bewohner eines Dorfes nahe Girona, so detailliert beschrieben, dass man dem Autoren jede Zeile f\u00fcr bare M\u00fcnze abnimmt, stammt Nadal doch selbst aus dieser Stadt, und k\u00f6nnen den die Verzweiflung, die Sehns\u00fcchte, die Wut des Jungen nachvollziehen.<\/p><p>Trotz der nicht gerade schwierigen Sprache, dies so kunstvoll umzusetzen, ist hier gro\u00dfartig gelungen. Die Protagonisten sind detailliert ausgearbeitet, bleiben jedoch, je mehr Nebencharakter, manchmal zu blass, was aber im Fortgang der Handlung nicht st\u00f6rt. Der Spannungsbogen gleicht viele Schw\u00e4chen des Romans aus. Aber eben nicht alle. In manchen Teilen pl\u00e4tschert die Handlung dann eben doch dahin, wie ein ums \u00dcberleben k\u00e4mpfendes Rinnsal unter der spanischen Sonne, auch sind Schreib- und Erz\u00e4hlstil in manchen Abschnitten nicht passend zum Alter des Protagonisten.<\/p><p>Die Hauptfigur ist sich selbst ein R\u00e4tsel. Zwei- bis dreihundert Seiten mehr, und Nadal h\u00e4tte ein gro\u00dfartiges spanisches Epos schreiben k\u00f6nnen, so aber ist ein fast zu vernachl\u00e4ssigender Roman entstanden. Kann man lesen, muss man jetzt nicht unbedingt. Das Ende des Romans besteht aus Zeilen verpasster Chancen. Der Abschluss l\u00e4sst den Leser unbefriedigt zur\u00fcck. Da fehlt das gewisse Etwas. Die Abrundung, wie sie anderen famili\u00e4ren Romanen mit geschichtlichen Beiwerk zugrunde liegt, ist hier nicht vorhanden<\/p><p>Vielleicht ist das kennzeichnend f\u00fcr die spanische Gesellschaft direkt nach den B\u00fcrgerkrieg oder nach dem Ende der Franco-Diktatur, mit dessen Aufarbeitung man sich immer noch schwer tut. In sofern vielleicht ein nicht ganz unwichtiges Buch. In der gleichen Liga wie andere Romane dieses Genres spielt \"Die letzten Tage meiner Kindheit\" dennoch nicht. <\/p><p><strong>Autor:<\/strong><br>Rafel Nadal wurde 1954 in Girona geboren und ist ein spanischer Journalist und Schriftsteller. Er schrieb f\u00fcr mehrere gro\u00dfe spanische Zeitungen, heute f\u00fcr die Tageszeitung La Vanguardia. Daneben arbeitet er f\u00fcr verschiedene Radio- und Fernsehsender. Der mehrfach ausgezeichnete Autor ver\u00f6ffentlichte bisher drei Romane. Sein Buch \"Das Verm\u00e4chtnis der Familie Palmisano\" geh\u00f6rt zu den am zahlreichsten \u00fcbersetzten katalanischen Werken. <\/p>","footnotes":""},"categories":[4],"tags":[186,67,87,16,187,181,21,1323,11,249,577],"class_list":["post-2121","post","type-post","status-publish","format-image","has-post-thumbnail","hentry","category-rezension","tag-aufwachsen","tag-buergerkrieg","tag-familie","tag-gesellschaft","tag-jugend","tag-kindheit","tag-krieg","tag-luebbe","tag-roman","tag-spanien","tag-verloren","post_format-post-format-image"],"uagb_featured_image_src":{"full":["https:\/\/findosbuecher.com\/wp-content\/uploads\/2018\/05\/9352561edf1c6120.jpeg",320,476,false],"thumbnail":["https:\/\/findosbuecher.com\/wp-content\/uploads\/2018\/05\/9352561edf1c6120-150x150.jpeg",150,150,true],"medium":["https:\/\/findosbuecher.com\/wp-content\/uploads\/2018\/05\/9352561edf1c6120-202x300.jpeg",202,300,true],"medium_large":["https:\/\/findosbuecher.com\/wp-content\/uploads\/2018\/05\/9352561edf1c6120.jpeg",320,476,false],"large":["https:\/\/findosbuecher.com\/wp-content\/uploads\/2018\/05\/9352561edf1c6120.jpeg",320,476,false],"wps_thumbnail_size":["https:\/\/findosbuecher.com\/wp-content\/uploads\/2018\/05\/9352561edf1c6120.jpeg",168,250,false],"1536x1536":["https:\/\/findosbuecher.com\/wp-content\/uploads\/2018\/05\/9352561edf1c6120.jpeg",320,476,false],"2048x2048":["https:\/\/findosbuecher.com\/wp-content\/uploads\/2018\/05\/9352561edf1c6120.jpeg",320,476,false],"buchcover":["https:\/\/findosbuecher.com\/wp-content\/uploads\/2018\/05\/9352561edf1c6120.jpeg",320,476,false]},"uagb_author_info":{"display_name":"findo","author_link":"https:\/\/findosbuecher.com\/?author=1"},"uagb_comment_info":0,"uagb_excerpt":null,"_links":{"self":[{"href":"https:\/\/findosbuecher.com\/index.php?rest_route=\/wp\/v2\/posts\/2121","targetHints":{"allow":["GET"]}}],"collection":[{"href":"https:\/\/findosbuecher.com\/index.php?rest_route=\/wp\/v2\/posts"}],"about":[{"href":"https:\/\/findosbuecher.com\/index.php?rest_route=\/wp\/v2\/types\/post"}],"author":[{"embeddable":true,"href":"https:\/\/findosbuecher.com\/index.php?rest_route=\/wp\/v2\/users\/1"}],"replies":[{"embeddable":true,"href":"https:\/\/findosbuecher.com\/index.php?rest_route=%2Fwp%2Fv2%2Fcomments&post=2121"}],"version-history":[{"count":3,"href":"https:\/\/findosbuecher.com\/index.php?rest_route=\/wp\/v2\/posts\/2121\/revisions"}],"predecessor-version":[{"id":3390,"href":"https:\/\/findosbuecher.com\/index.php?rest_route=\/wp\/v2\/posts\/2121\/revisions\/3390"}],"wp:featuredmedia":[{"embeddable":true,"href":"https:\/\/findosbuecher.com\/index.php?rest_route=\/wp\/v2\/media\/2122"}],"wp:attachment":[{"href":"https:\/\/findosbuecher.com\/index.php?rest_route=%2Fwp%2Fv2%2Fmedia&parent=2121"}],"wp:term":[{"taxonomy":"category","embeddable":true,"href":"https:\/\/findosbuecher.com\/index.php?rest_route=%2Fwp%2Fv2%2Fcategories&post=2121"},{"taxonomy":"post_tag","embeddable":true,"href":"https:\/\/findosbuecher.com\/index.php?rest_route=%2Fwp%2Fv2%2Ftags&post=2121"}],"curies":[{"name":"wp","href":"https:\/\/api.w.org\/{rel}","templated":true}]}}