{"id":1529,"date":"2017-10-11T08:25:54","date_gmt":"2017-10-11T08:25:54","guid":{"rendered":"http:\/\/findosbuecher.com\/?p=1529"},"modified":"2019-06-21T18:36:39","modified_gmt":"2019-06-21T18:36:39","slug":"mirco-von-juterczenka-wir-wochenendrebellen","status":"publish","type":"post","link":"https:\/\/findosbuecher.com\/?p=1529","title":{"rendered":"Mirco von Juterczenka: Wir Wochenendrebellen"},"content":{"rendered":"","protected":false},"excerpt":{"rendered":"","protected":false},"author":1,"featured_media":1530,"comment_status":"open","ping_status":"open","sticky":false,"template":"","format":"image","meta":{"_uag_custom_page_level_css":"","site-sidebar-layout":"default","site-content-layout":"","ast-site-content-layout":"default","site-content-style":"default","site-sidebar-style":"default","ast-global-header-display":"","ast-banner-title-visibility":"","ast-main-header-display":"","ast-hfb-above-header-display":"","ast-hfb-below-header-display":"","ast-hfb-mobile-header-display":"","site-post-title":"","ast-breadcrumbs-content":"","ast-featured-img":"","footer-sml-layout":"","ast-disable-related-posts":"","theme-transparent-header-meta":"","adv-header-id-meta":"","stick-header-meta":"","header-above-stick-meta":"","header-main-stick-meta":"","header-below-stick-meta":"","astra-migrate-meta-layouts":"default","ast-page-background-enabled":"default","ast-page-background-meta":{"desktop":{"background-color":"","background-image":"","background-repeat":"repeat","background-position":"center center","background-size":"auto","background-attachment":"scroll","background-type":"","background-media":"","overlay-type":"","overlay-color":"","overlay-opacity":"","overlay-gradient":""},"tablet":{"background-color":"","background-image":"","background-repeat":"repeat","background-position":"center center","background-size":"auto","background-attachment":"scroll","background-type":"","background-media":"","overlay-type":"","overlay-color":"","overlay-opacity":"","overlay-gradient":""},"mobile":{"background-color":"","background-image":"","background-repeat":"repeat","background-position":"center center","background-size":"auto","background-attachment":"scroll","background-type":"","background-media":"","overlay-type":"","overlay-color":"","overlay-opacity":"","overlay-gradient":""}},"ast-content-background-meta":{"desktop":{"background-color":"var(--ast-global-color-5)","background-image":"","background-repeat":"repeat","background-position":"center center","background-size":"auto","background-attachment":"scroll","background-type":"","background-media":"","overlay-type":"","overlay-color":"","overlay-opacity":"","overlay-gradient":""},"tablet":{"background-color":"var(--ast-global-color-5)","background-image":"","background-repeat":"repeat","background-position":"center center","background-size":"auto","background-attachment":"scroll","background-type":"","background-media":"","overlay-type":"","overlay-color":"","overlay-opacity":"","overlay-gradient":""},"mobile":{"background-color":"var(--ast-global-color-5)","background-image":"","background-repeat":"repeat","background-position":"center center","background-size":"auto","background-attachment":"scroll","background-type":"","background-media":"","overlay-type":"","overlay-color":"","overlay-opacity":"","overlay-gradient":""}},"book_review_cover_url":"http:\/\/findosbuecher.com\/wp-content\/uploads\/2017\/10\/index.jpg","book_review_title":"Wir Wochenendrebellen","book_review_series":"","book_review_author":"Mirco von Juterczenka","book_review_genre":"Sachbuch","book_review_isbn":"","book_review_publisher":"Benevento Verlag","book_review_release_date":"Erschienen am: 07.12.2018","book_review_format":"Hardcover","book_review_pages":"Seiten: 242","book_review_source":"ISBN: <a href=\"http:\/\/www.wochenendrebellen.de\/bestellen\">978-3-7109-0017-4<\/a>","book_review_rating":"5","book_review_summary":"<p><strong>Inhalt:<\/strong><\/p><p>Wenn der Vater mit dem Sohne... Urspr\u00fcnglich sollte es nur darum gehen, dem Jungen einen Lieblingsfu\u00dfballverein zu suchen. Jason, geboren 2005, ist Asperger-Autost und seit seinem sechsten Lebensjahr mit seinem Vater Mirco unterwegs auf Groundhopping-Tour durch die Fu\u00dfballstadien Deutschlands und des benachbarten Auslands. Das Buch ist Zeugnis einer ganz besonderen Vater-Sohn-Beziehung, ein humorvolles und lehrreiches Beispiel daf\u00fcr, was m\u00f6glich ist, wenn man versteht, dass Lieben ein Verb ist. (Klappentext) <\/p><p><strong>Rezension:<\/strong><\/p><p>Um sich zu entscheiden, welcher Fu\u00dfball-Verein es w\u00fcrdig ist, ein Lieblingsfu\u00dfballverein zu sein, muss man von jedem Verein mindestens ein Spiel gesehen haben. Oder geht es am Ende einfach nur darum, als Vater und Sohn gemeinsam unterwegs zu sein, die st\u00e4rken udn Schw\u00e4chen des anderen n\u00e4her kennen zu lernen, einander die Sicht auf die Welt zu erkl\u00e4ren und zuzuh\u00f6ren?<\/p><p>Egal, Mirco von Juterczenko beschreibt seinen Alltag, sein Familienleben und ganz besondere Wochenenden, die er miot Sohnemann Jason verbringt und das voller Liebe und Einf\u00fchlbarkeit. Das ist nicht immer einfach. F\u00fcr beide nicht.<\/p><p>Jason hat das Aspergersyndrom, eine Form von Autismus, die es in so vielf\u00e4ltiger Form gibt, dass man sie f\u00fcr jeden Betroffenen einzeln betrachten muss. Dabei ist Asperger gleichsam Behinderung im Alltag und Behilflichkeit. Das offenbaren uns der Autor und sein Sohn in diesem Buch, sowie sie es schon in ihren gemeinsamen blog und Podcats getan haben, oder auch in Jasons Wissenschaftsblog \"Der Spektrograph\".<\/p><p>Schwierige Themen, f\u00fcr beide, werden dabei nicht ausgespart. Nichts wird besc\u00f6nigt. Doch, der Vater immer bem\u00fcht um eine L\u00f6sung f\u00fcr seinen Sohn, um ihn im Alltag behilflich zu sein, gibt nicht auf. Und Jason ebenso wenig, seine Sicht der Dinge zu erkl\u00e4ren.<\/p><p>Es ist kein hohes St\u00fcck Literatur, was hier im Benevento-Verlag erschienen ist, auch kein Sachbuch oder Ratgeber f\u00fcr Eltern mit autistischen Kindern. Dieser m\u00fcsste erst einmal geschrieben werden, was schwierig ist, denn Asperger und autismus genie\u00dfen noch nicht lange die Aufmerksamkeit der Forschungen und m\u00fcsste \u00fcberdies so vielf\u00e4ltig sein, wie die unterschiedlichen Formen bei Betroffenen selbst.<\/p><p>Vielmehr ist es eine Hommage, eine Erkl\u00e4rung, wie es dennoch gelingen kann, beiderseits Zuneigung zu empfinden und einander die Welt zu erkl\u00e4ren. Und man unterst\u00fctzt mit Kauf des Buches zudem einen guten Zweck.<\/p><p>Wer beiden in den Podcats zuh\u00f6rt oder die eindr\u00fccklichen Blog-Artikel beider liest, wenn mal wieder ein Fu\u00dfballspiel in irgendeinen Provinznest besucht wurde, ein gesellschaftlich oder wissenschaftlich relevantes Thema besprochen wurde oder man per Interrail kreuz und quer durch S\u00fcdosteuropa unterwegs ist, wird entdecken, dass ein etwas anderer Blick auf die Umgebung uns allen nicht schaden k\u00f6nnte, wie ihn diese beiden pflegen.<\/p><p>Wer sich nicht f\u00fcr Fu\u00dfball interessiert, sollte es lesen, um mehr \u00fcber Asperger-Autismus zu erfahren, wie Alltag und Umgang miteinander gelingen kann. F\u00fcr alle anderen l\u00e4sst sich ein liebevolles Vater-Sohn-Verh\u00e4ltnis entdecken, von welchen sich andere selbst im Normalzustand eine Scheibe abschneiden k\u00f6nnten. Doch, was ist schon normal? <\/p><p><strong>Autor:<\/strong><\/p><p>Mirco von Juterczenka wurde 1977 in Solingen geboren und arbeitet als Manager in der Gastronomie. Seit 2011 ist er mit seinem Sohn auf Groundhopping-Tour durch Fu\u00dfballstadien unterwegs und Blog mit ihm regelm\u00e4\u00dfig \u00fcber diese besuche, wissenschaftliche und gesellschaftliche Themen. Sein Blog gewann den Grimme Online Award 2017 in der Kategorie \"Kultur und Unterhaltung\".<\/p>","footnotes":""},"categories":[4],"tags":[308,156,151,85,661,13,918,87,914,16,917,915,916,489],"class_list":["post-1529","post","type-post","status-publish","format-image","has-post-thumbnail","hentry","category-rezension","tag-asperger","tag-autismus","tag-bericht","tag-blog","tag-erfahrungen","tag-erfahrungsbericht","tag-erlebnis","tag-familie","tag-fussball","tag-gesellschaft","tag-groundhopping","tag-stadion","tag-tour","tag-wochenendrebell","post_format-post-format-image"],"uagb_featured_image_src":{"full":["https:\/\/findosbuecher.com\/wp-content\/uploads\/2017\/10\/index.jpg",187,266,false],"thumbnail":["https:\/\/findosbuecher.com\/wp-content\/uploads\/2017\/10\/index-150x150.jpg",150,150,true],"medium":["https:\/\/findosbuecher.com\/wp-content\/uploads\/2017\/10\/index.jpg",187,266,false],"medium_large":["https:\/\/findosbuecher.com\/wp-content\/uploads\/2017\/10\/index.jpg",187,266,false],"large":["https:\/\/findosbuecher.com\/wp-content\/uploads\/2017\/10\/index.jpg",187,266,false],"wps_thumbnail_size":["https:\/\/findosbuecher.com\/wp-content\/uploads\/2017\/10\/index.jpg",176,250,false],"1536x1536":["https:\/\/findosbuecher.com\/wp-content\/uploads\/2017\/10\/index.jpg",187,266,false],"2048x2048":["https:\/\/findosbuecher.com\/wp-content\/uploads\/2017\/10\/index.jpg",187,266,false],"buchcover":["https:\/\/findosbuecher.com\/wp-content\/uploads\/2017\/10\/index.jpg",187,266,false]},"uagb_author_info":{"display_name":"findo","author_link":"https:\/\/findosbuecher.com\/?author=1"},"uagb_comment_info":0,"uagb_excerpt":null,"_links":{"self":[{"href":"https:\/\/findosbuecher.com\/index.php?rest_route=\/wp\/v2\/posts\/1529","targetHints":{"allow":["GET"]}}],"collection":[{"href":"https:\/\/findosbuecher.com\/index.php?rest_route=\/wp\/v2\/posts"}],"about":[{"href":"https:\/\/findosbuecher.com\/index.php?rest_route=\/wp\/v2\/types\/post"}],"author":[{"embeddable":true,"href":"https:\/\/findosbuecher.com\/index.php?rest_route=\/wp\/v2\/users\/1"}],"replies":[{"embeddable":true,"href":"https:\/\/findosbuecher.com\/index.php?rest_route=%2Fwp%2Fv2%2Fcomments&post=1529"}],"version-history":[{"count":3,"href":"https:\/\/findosbuecher.com\/index.php?rest_route=\/wp\/v2\/posts\/1529\/revisions"}],"predecessor-version":[{"id":3475,"href":"https:\/\/findosbuecher.com\/index.php?rest_route=\/wp\/v2\/posts\/1529\/revisions\/3475"}],"wp:featuredmedia":[{"embeddable":true,"href":"https:\/\/findosbuecher.com\/index.php?rest_route=\/wp\/v2\/media\/1530"}],"wp:attachment":[{"href":"https:\/\/findosbuecher.com\/index.php?rest_route=%2Fwp%2Fv2%2Fmedia&parent=1529"}],"wp:term":[{"taxonomy":"category","embeddable":true,"href":"https:\/\/findosbuecher.com\/index.php?rest_route=%2Fwp%2Fv2%2Fcategories&post=1529"},{"taxonomy":"post_tag","embeddable":true,"href":"https:\/\/findosbuecher.com\/index.php?rest_route=%2Fwp%2Fv2%2Ftags&post=1529"}],"curies":[{"name":"wp","href":"https:\/\/api.w.org\/{rel}","templated":true}]}}