{"id":1494,"date":"2017-09-07T05:41:04","date_gmt":"2017-09-07T05:41:04","guid":{"rendered":"http:\/\/findosbuecher.com\/?p=1494"},"modified":"2019-06-22T09:29:23","modified_gmt":"2019-06-22T09:29:23","slug":"gyoergy-dalos-der-letzte-zar","status":"publish","type":"post","link":"https:\/\/findosbuecher.com\/?p=1494","title":{"rendered":"Gy\u00f6rgy Dalos: Der letzte Zar"},"content":{"rendered":"","protected":false},"excerpt":{"rendered":"","protected":false},"author":1,"featured_media":1495,"comment_status":"open","ping_status":"open","sticky":false,"template":"","format":"image","meta":{"_uag_custom_page_level_css":"","site-sidebar-layout":"default","site-content-layout":"","ast-site-content-layout":"default","site-content-style":"default","site-sidebar-style":"default","ast-global-header-display":"","ast-banner-title-visibility":"","ast-main-header-display":"","ast-hfb-above-header-display":"","ast-hfb-below-header-display":"","ast-hfb-mobile-header-display":"","site-post-title":"","ast-breadcrumbs-content":"","ast-featured-img":"","footer-sml-layout":"","ast-disable-related-posts":"","theme-transparent-header-meta":"","adv-header-id-meta":"","stick-header-meta":"","header-above-stick-meta":"","header-main-stick-meta":"","header-below-stick-meta":"","astra-migrate-meta-layouts":"default","ast-page-background-enabled":"default","ast-page-background-meta":{"desktop":{"background-color":"","background-image":"","background-repeat":"repeat","background-position":"center center","background-size":"auto","background-attachment":"scroll","background-type":"","background-media":"","overlay-type":"","overlay-color":"","overlay-opacity":"","overlay-gradient":""},"tablet":{"background-color":"","background-image":"","background-repeat":"repeat","background-position":"center center","background-size":"auto","background-attachment":"scroll","background-type":"","background-media":"","overlay-type":"","overlay-color":"","overlay-opacity":"","overlay-gradient":""},"mobile":{"background-color":"","background-image":"","background-repeat":"repeat","background-position":"center center","background-size":"auto","background-attachment":"scroll","background-type":"","background-media":"","overlay-type":"","overlay-color":"","overlay-opacity":"","overlay-gradient":""}},"ast-content-background-meta":{"desktop":{"background-color":"var(--ast-global-color-5)","background-image":"","background-repeat":"repeat","background-position":"center center","background-size":"auto","background-attachment":"scroll","background-type":"","background-media":"","overlay-type":"","overlay-color":"","overlay-opacity":"","overlay-gradient":""},"tablet":{"background-color":"var(--ast-global-color-5)","background-image":"","background-repeat":"repeat","background-position":"center center","background-size":"auto","background-attachment":"scroll","background-type":"","background-media":"","overlay-type":"","overlay-color":"","overlay-opacity":"","overlay-gradient":""},"mobile":{"background-color":"var(--ast-global-color-5)","background-image":"","background-repeat":"repeat","background-position":"center center","background-size":"auto","background-attachment":"scroll","background-type":"","background-media":"","overlay-type":"","overlay-color":"","overlay-opacity":"","overlay-gradient":""}},"book_review_cover_url":"http:\/\/findosbuecher.com\/wp-content\/uploads\/2017\/09\/9783406713675_cover.jpg","book_review_title":"Der letzte Zar","book_review_series":"","book_review_author":"Gy\u00f6rgy Dalos","book_review_genre":"Rezensionsexemplar\/Sachbuch","book_review_isbn":"","book_review_publisher":"C.H. Beck Verlag","book_review_release_date":"Erschienen am:","book_review_format":"Seiten: 231","book_review_pages":"Hardcover","book_review_source":"ISBN: <a href=\"https:\/\/www.chbeck.de\/dalos-letzte-zar\/product\/20360108\">978-3-406-71367-5<\/a>","book_review_rating":"3","book_review_summary":"<p><strong>Inhalt:<\/strong><\/p><p>\"Was? Wie?\", fragte der Zar - und instinktiv sch\u00fctzte er mit einer Hand die Zarin, mit der anderen den Zarewitsch. Dann wurde das Feuer er\u00f6ffnet. Jekaterinburg, 17. Juli 1918, zwei Uhr morgens.<\/p><p>In der Nacht vom 17. auf den 18. Juli 1918 wurde Zar Nikolaus II. mit seiner Frau und der gesamten Familie von einem Kommando der Tscheka in Jekaterinenburg ermordet. Der Alptraum aller Monarchien, der sich in Aufst\u00e4nden, Verschw\u00f6rungen und Attentaten schon angedeutet hatte, war Wirklichkeit geworden. In dieser historisch fundierten, lebendigen Darstellung wird deutlich, wie das best\u00e4ndige politische Versagen der Romanow-Dynastie den revolution\u00e4ren Prozess befeuert hat, den der letzte Zar nicht mehr aufhalten konnte. [...] (Verlagstext) <\/p><p><strong>Rezension:<\/strong><\/p><p>Mit Sch\u00fcssen endete die \u00fcber dreihundert Jahre alte Dynastie der Romanows und die Herrschaft von Nikolaus II., der sein Amt einst ebenso gl\u00fccklos angetreten hatte, wie es endete. An der Macht durch seinen Vater nie herangef\u00fchrt, eignete er sich nicht dazu, dass h\u00f6chste Amt des Russischen Reiches auszuf\u00fcllen, z\u00f6gerte in politischen und famili\u00e4ren Entscheidungen, was zu damaliger Zeit auf Gleiches hinaus lief und f\u00fchrte die letzte absolute Monarchie Europas in ihren Untergang.<\/p><p>Die Tragik eines Menschen, zu dem die Rolle eines Gutbesitzers mehr gepasst h\u00e4tte, als die des letzten Zaren, skizziert in einer Kurzbiografie. Gy\u00f6rgy Dalos hat sich diesem Projekt angenommen. Der ungarische Historiker und Publizist Gy\u00f6rgy Dalos hat hier den Versuch gestartet, kurz und pr\u00e4zise etwas zu beschreiben, was an sich langen und ausf\u00fchrlichen Erkl\u00e4rungen bedarf.<\/p><p>Informationen, wie eines zum anderen f\u00fchrte, wie das Herrschaftssystem der Romanows br\u00f6ckelte und welche Einflussfaktoren sonst noch zum Zusammenbruch und scheitern f\u00fchrten, werden gnadenlos zusammengefasst. Wichtige Inhalte oder alleine die Tragweite des Laufs dieser Tage gehen verlorenoder kommen zu kurz. Gut und verst\u00e4ndlich geschrieben ist diese Biografie eines besonderen Zeitabschnitts zwar, dies hilft jedoch wenig.<\/p><p>Mehr als einen kleinen, unvollst\u00e4ndigen \u00dcberblick, bekommt man nicht. Der Ausschnitt aus der Biografie Nikolaus II., h\u00e4tte winziger nicht gew\u00e4hlt werden k\u00f6nnen.<\/p><p>Als weiteres Erg\u00e4nzungswerk braucht man dalos nicht zu lesen. Wer aber noch nie etwas von den Romanows geh\u00f6rt hat, sich noch nie damit besch\u00e4ftigt hat, dem gen\u00fcgt \"Der letzte Zar - Der Untergang des Hauses Romanow\", um sich einen \u00dcberblick zu verschaffen, der in die Thematik einf\u00fchrt.<\/p><p>F\u00fcr diese Leser ist es verst\u00e4ndlich und sehr kurzweilig beschrieben, f\u00fcr andere, die schon etwas mehr Hintergrundwissen besitzen, lohnt sich diese Kurzbiografie jedoch nicht. Zu wenig neue Informationen, zu wenig neue Schlussfolgerungen, zu knappe Analysen.<\/p><p>Da gibt es andere Werke, die lohnender scheinen.<\/p><p>Das ist zwar nicht unbedingt Dalos' Problem, alleine daran krankt die Fokussierung auf Personen in der geschichtlichen Betrachtung. Schade aber, dass der Historiker immer knapp und nicht ausf\u00fchrlicher wird. Dabei g\u00e4be es so viel zu erz\u00e4hlen. das historische Quellenmaterial ist \u00fcppig, angefangen von den Tageb\u00fcchern der Mitglieder der Zarenfamilie selbst, bis hin zum Protokoll der Ermordung eben dieser.<\/p><p>F\u00fcr einen ersten \u00dcberblick ist dieses Werk jedoch gut genug gelesen zu werden, jedoch nicht zu vergleichen mit den Werken eines Sebag Montefoire oder einer Historikerin wie Elisabeth Heresch, die sich schon asuf\u00fchrlicher mit der Zarenfamilie auseinander gesetzt hat. Beim Titel jedenfalls, erwartet man viel mehr als das, was man bekommt. Mehr Seiten h\u00e4tten dem Gen\u00fcge getan. <\/p><p><strong>Autor:<\/strong><\/p><p>Gy\u00f6rgy Dalos wurde 1943 in Budapest geboren und ist ein ungarischer Schriftsteller und Historiker, Dalos wuchs bei seinen gro\u00dfeltern auf, da sein Vater 1945 an den Folgen des Arbeitslagers starb, in dass man ihn wegen der j\u00fcdischen Herkunft der Familie verbracht hatte.<\/p><p>Von 1962 an studierte er Geschichte in Moskau unf arbeitete anschlie\u00dfend als Museologe in Budapest. 1964 erschien sein erster Gedichtband. Nach Verh\u00e4ngung eines Berufs- und teilweisen Publikationsverbotes war er dann als \u00dcbersetzer t\u00e4tig. 1977 geh\u00f6rte er zu den Gr\u00fcndern der demokratischen Oppositionsbewegung in Ungarn und 1988\/89 war er Teil der \u00f6stdeutschen Untergrundzeitschrift \"Ostkreuz\".<\/p><p>2004 wurde sein Buch \"Ungarn in einer Nussschale\" ver\u00f6ffentlicht. Seit 1987 lebt er als freier Publizist in Wien und Berlin, schreibt f\u00fcr Zeitungen und Rundfunksendern. Seine B\u00fccher erscheinen weltweit \u00fcbersetzt, in mehreren Sprachen. <\/p>","footnotes":""},"categories":[4],"tags":[25,17,16,870,873,251,423,30,434,422,429,121,872,23,420,871],"class_list":["post-1494","post","type-post","status-publish","format-image","has-post-thumbnail","hentry","category-rezension","tag-biografie","tag-geschichte","tag-gesellschaft","tag-grosser-krieg","tag-herrschaft","tag-monarchie","tag-nikolaus-ii","tag-politik","tag-rasputin","tag-romanow","tag-russisches-reich","tag-russland","tag-untergang","tag-weltkrieg","tag-zar","tag-zarentum","post_format-post-format-image"],"uagb_featured_image_src":{"full":["https:\/\/findosbuecher.com\/wp-content\/uploads\/2017\/09\/9783406713675_cover.jpg",313,487,false],"thumbnail":["https:\/\/findosbuecher.com\/wp-content\/uploads\/2017\/09\/9783406713675_cover-150x150.jpg",150,150,true],"medium":["https:\/\/findosbuecher.com\/wp-content\/uploads\/2017\/09\/9783406713675_cover-193x300.jpg",193,300,true],"medium_large":["https:\/\/findosbuecher.com\/wp-content\/uploads\/2017\/09\/9783406713675_cover-768x1196.jpg",768,1196,true],"large":["https:\/\/findosbuecher.com\/wp-content\/uploads\/2017\/09\/9783406713675_cover-657x1024.jpg",657,1024,true],"wps_thumbnail_size":["https:\/\/findosbuecher.com\/wp-content\/uploads\/2017\/09\/9783406713675_cover.jpg",161,250,false],"1536x1536":["https:\/\/findosbuecher.com\/wp-content\/uploads\/2017\/09\/9783406713675_cover.jpg",313,487,false],"2048x2048":["https:\/\/findosbuecher.com\/wp-content\/uploads\/2017\/09\/9783406713675_cover.jpg",313,487,false],"buchcover":["https:\/\/findosbuecher.com\/wp-content\/uploads\/2017\/09\/9783406713675_cover.jpg",313,487,false]},"uagb_author_info":{"display_name":"findo","author_link":"https:\/\/findosbuecher.com\/?author=1"},"uagb_comment_info":2,"uagb_excerpt":null,"_links":{"self":[{"href":"https:\/\/findosbuecher.com\/index.php?rest_route=\/wp\/v2\/posts\/1494","targetHints":{"allow":["GET"]}}],"collection":[{"href":"https:\/\/findosbuecher.com\/index.php?rest_route=\/wp\/v2\/posts"}],"about":[{"href":"https:\/\/findosbuecher.com\/index.php?rest_route=\/wp\/v2\/types\/post"}],"author":[{"embeddable":true,"href":"https:\/\/findosbuecher.com\/index.php?rest_route=\/wp\/v2\/users\/1"}],"replies":[{"embeddable":true,"href":"https:\/\/findosbuecher.com\/index.php?rest_route=%2Fwp%2Fv2%2Fcomments&post=1494"}],"version-history":[{"count":3,"href":"https:\/\/findosbuecher.com\/index.php?rest_route=\/wp\/v2\/posts\/1494\/revisions"}],"predecessor-version":[{"id":3483,"href":"https:\/\/findosbuecher.com\/index.php?rest_route=\/wp\/v2\/posts\/1494\/revisions\/3483"}],"wp:featuredmedia":[{"embeddable":true,"href":"https:\/\/findosbuecher.com\/index.php?rest_route=\/wp\/v2\/media\/1495"}],"wp:attachment":[{"href":"https:\/\/findosbuecher.com\/index.php?rest_route=%2Fwp%2Fv2%2Fmedia&parent=1494"}],"wp:term":[{"taxonomy":"category","embeddable":true,"href":"https:\/\/findosbuecher.com\/index.php?rest_route=%2Fwp%2Fv2%2Fcategories&post=1494"},{"taxonomy":"post_tag","embeddable":true,"href":"https:\/\/findosbuecher.com\/index.php?rest_route=%2Fwp%2Fv2%2Ftags&post=1494"}],"curies":[{"name":"wp","href":"https:\/\/api.w.org\/{rel}","templated":true}]}}