{"id":123,"date":"2016-09-30T19:16:54","date_gmt":"2016-09-30T19:16:54","guid":{"rendered":"http:\/\/findosbuecher.com\/?p=123"},"modified":"2019-06-10T17:17:31","modified_gmt":"2019-06-10T17:17:31","slug":"michael-juergs-der-kleine-frieden-im-grossen-krieg","status":"publish","type":"post","link":"https:\/\/findosbuecher.com\/?p=123","title":{"rendered":"Michael J\u00fcrgs: Der kleine Frieden im Gro\u00dfen Krieg"},"content":{"rendered":"","protected":false},"excerpt":{"rendered":"","protected":false},"author":1,"featured_media":3349,"comment_status":"open","ping_status":"open","sticky":false,"template":"","format":"image","meta":{"_uag_custom_page_level_css":"","site-sidebar-layout":"default","site-content-layout":"","ast-site-content-layout":"default","site-content-style":"default","site-sidebar-style":"default","ast-global-header-display":"","ast-banner-title-visibility":"","ast-main-header-display":"","ast-hfb-above-header-display":"","ast-hfb-below-header-display":"","ast-hfb-mobile-header-display":"","site-post-title":"","ast-breadcrumbs-content":"","ast-featured-img":"","footer-sml-layout":"","ast-disable-related-posts":"","theme-transparent-header-meta":"","adv-header-id-meta":"","stick-header-meta":"","header-above-stick-meta":"","header-main-stick-meta":"","header-below-stick-meta":"","astra-migrate-meta-layouts":"default","ast-page-background-enabled":"default","ast-page-background-meta":{"desktop":{"background-color":"","background-image":"","background-repeat":"repeat","background-position":"center center","background-size":"auto","background-attachment":"scroll","background-type":"","background-media":"","overlay-type":"","overlay-color":"","overlay-opacity":"","overlay-gradient":""},"tablet":{"background-color":"","background-image":"","background-repeat":"repeat","background-position":"center center","background-size":"auto","background-attachment":"scroll","background-type":"","background-media":"","overlay-type":"","overlay-color":"","overlay-opacity":"","overlay-gradient":""},"mobile":{"background-color":"","background-image":"","background-repeat":"repeat","background-position":"center center","background-size":"auto","background-attachment":"scroll","background-type":"","background-media":"","overlay-type":"","overlay-color":"","overlay-opacity":"","overlay-gradient":""}},"ast-content-background-meta":{"desktop":{"background-color":"var(--ast-global-color-5)","background-image":"","background-repeat":"repeat","background-position":"center center","background-size":"auto","background-attachment":"scroll","background-type":"","background-media":"","overlay-type":"","overlay-color":"","overlay-opacity":"","overlay-gradient":""},"tablet":{"background-color":"var(--ast-global-color-5)","background-image":"","background-repeat":"repeat","background-position":"center center","background-size":"auto","background-attachment":"scroll","background-type":"","background-media":"","overlay-type":"","overlay-color":"","overlay-opacity":"","overlay-gradient":""},"mobile":{"background-color":"var(--ast-global-color-5)","background-image":"","background-repeat":"repeat","background-position":"center center","background-size":"auto","background-attachment":"scroll","background-type":"","background-media":"","overlay-type":"","overlay-color":"","overlay-opacity":"","overlay-gradient":""}},"book_review_cover_url":"http:\/\/findosbuecher.com\/wp-content\/uploads\/2016\/09\/9783570553855.jpg","book_review_title":"Der kleine Frieden im gro\u00dfen Krieg","book_review_series":"","book_review_author":"Michael J\u00fcrgs","book_review_genre":"Sachbuch","book_review_isbn":"","book_review_publisher":"Verlag: Pantheon","book_review_release_date":"","book_review_format":"Taschenbuch","book_review_pages":"Seiten: 351","book_review_source":"ISBN: <a href=\"https:\/\/www.randomhouse.de\/Paperback\/Der-kleine-Frieden-im-Grossen-Krieg\/Michael-Juergs\/Pantheon\/e542411.rhd\">978-3-570-55237-7<\/a>","book_review_rating":"4","book_review_summary":"<p><strong>Thematik:<\/strong><br>Dies ist die geradzu unglaubliche Geschichte von einem gegl\u00fcckten Frieden mitten im Gro\u00dfen Krieg. Soldaten der verfeindeten Nationen legten an Weihnachten 1914 die Waffen nieder und feierten gemeinsam im Niemandsland. Erz\u00e4hlt wird hier von jenen Helden, die sponatn den Frieden wagten. Die nur \u00fcberleben wollten und nach Hause zur\u00fcckkehren. <\/p><p>Weil sie bald auf Befehl von oben wieder schie\u00dfen und sich gegenseitig t\u00f6ten mussten, weil der Krieg noch Jahre dauerte und Millionen ihr Leben verloren, wurde die Geschichte derer, die Frieden schlossen, wieder vergessen. Bestsellerautor Michael J\u00fcrgs hat diese Geschichte f\u00fcr uns aus der Vergangenheit zur\u00fcckgeholt, beeindruckend dokumentiert und mitrei\u00dfend erz\u00e4hlt. (Klappentext)<\/p><p><strong>Rezension:<\/strong><br>Nichts Neues im Westen hie\u00df es Dezember 1914 in den Sch\u00fctzengr\u00e4ben an der Westfront als Deutsche, Franzosen und Briten sich gegen\u00fcber lagen. Unf\u00e4hig jeweils, einen milit\u00e4rischen Vorteil gar Gewinn f\u00fcr sich zu erreichen belauern sich die Armeen , oft nur wenige Meter von einander entfernt. <\/p><p>Doch ausgerechnet hier, im Niemandsland vom \u00c4rmelkanal bis zur Schweizer Grenze bricht \u00fcberall Frieden aus. Im Kleinen zu Weihnachten. Soldaten legen ihre Waffen nieder und feiern gemeinsam, tauschen miteinander, spielen mancherorts gar Fu\u00dfball miteinander.<\/p><p>Zwischen Stacheldraht und Sch\u00fctzengraben, zwischen den Toten, die seit Wochen unbestattet liegen, die schlie\u00dflich gemeinsam zur letzten Ruhe gebettet werden.<br> Michael J\u00fcrgs erz\u00e4hlt hier eine nahezu unbekannte Geschichte des Ersten Weltkrieges, welche sich wie ein Wunder liest. Es war ja auch eines. Die Feinde stehen sich gegen\u00fcber, sehen pl\u00f6tzlich einander die Gemeinsamkeiten und die Schrecken des Krieges mit dem Wissen, dass sie bald wieder k\u00e4mpfen m\u00fcssen.<\/p><p>Doch, sie wollen nicht. Das K\u00e4mpfen, das Morden k\u00f6nnen sie jedoch nicht verhindern. Die Generalst\u00e4ber verhindern dies. Doch, wer waren die, die Frieden schlossen? Won welcher Seite ging er aus, wer machte mit und was dachten die einstigen Gegner aus denen f\u00fcr einen kurzen Moment beinahe Freunde wurden?<br> Warum wurde aus den vielen kleinen Frieden, die entlang der Westgrenze zu Weihnachten geschlossen wurden, kein gro\u00dfer? <\/p><p>Warum ging danach das millionenfache Morden weiter? Der Autor beschreibt hier die Geschichte eines kurzen Aufflackerns von Menschlichkeit in einer dunklen Zeit und schon deshalb sollte sie nicht vergessen werden. Mit dem Buch sichert Michael J\u00fcrgs dieser Tage Ereignisse vor dem Vergessen, gut recherchiert und verts\u00e4ndlich beschrieben, ist \"Der kleine Frieden im Gro\u00dfen Krieg\" nur zu empfehlen.<\/p><p>In der Hoffnung, dass es \u00fcberall in den Kriegen, die weltweit gef\u00fchrt werden, Zeugnisse von Menschlichkeit schaffen, zu \u00fcberleben.  <\/p><p><strong>Autor:<\/strong><br>Michael J\u00fcrgs wurde am 04. Mai 1945 in Ellwangen geboren und studierte nach dem Abitur Politikwissenschaft, Geschichte und Germanistik in M\u00fcnschen. Nach Abbruch des Studiums volontierte er bei der M\u00fcnchener Abendzeitung und wurde mit 23 Jahren Chef des Feuilletons.<br> <br>1973 wechselte er zu Gruner und Jahr, wurde drei Jahre sp\u00e4ter dort Ressortleiter Unterhaltung beim Stern und 1986 dessen Chefredakteur neben Heiner Bremer.<br>In den 90er Jahren wurde er Chefredakteur bei Tempo, moderierte zwischenzeitlich die NDR-Talkshow und schrieb mehrere Sachb\u00fccher und Biografien. Er ist Ko-Autor vieler TV-Dokumentationen und schreibt f\u00fcr mehrere Zeitungen. <\/p>","footnotes":""},"categories":[4],"tags":[17,26,23],"class_list":["post-123","post","type-post","status-publish","format-image","has-post-thumbnail","hentry","category-rezension","tag-geschichte","tag-sachbuch","tag-weltkrieg","post_format-post-format-image"],"uagb_featured_image_src":{"full":["https:\/\/findosbuecher.com\/wp-content\/uploads\/2016\/09\/9783570553855.jpg",195,312,false],"thumbnail":["https:\/\/findosbuecher.com\/wp-content\/uploads\/2016\/09\/9783570553855-150x150.jpg",150,150,true],"medium":["https:\/\/findosbuecher.com\/wp-content\/uploads\/2016\/09\/9783570553855-188x300.jpg",188,300,true],"medium_large":["https:\/\/findosbuecher.com\/wp-content\/uploads\/2016\/09\/9783570553855.jpg",195,312,false],"large":["https:\/\/findosbuecher.com\/wp-content\/uploads\/2016\/09\/9783570553855.jpg",195,312,false],"wps_thumbnail_size":["https:\/\/findosbuecher.com\/wp-content\/uploads\/2016\/09\/9783570553855.jpg",156,250,false],"1536x1536":["https:\/\/findosbuecher.com\/wp-content\/uploads\/2016\/09\/9783570553855.jpg",195,312,false],"2048x2048":["https:\/\/findosbuecher.com\/wp-content\/uploads\/2016\/09\/9783570553855.jpg",195,312,false],"buchcover":["https:\/\/findosbuecher.com\/wp-content\/uploads\/2016\/09\/9783570553855.jpg",195,312,false]},"uagb_author_info":{"display_name":"findo","author_link":"https:\/\/findosbuecher.com\/?author=1"},"uagb_comment_info":0,"uagb_excerpt":null,"_links":{"self":[{"href":"https:\/\/findosbuecher.com\/index.php?rest_route=\/wp\/v2\/posts\/123","targetHints":{"allow":["GET"]}}],"collection":[{"href":"https:\/\/findosbuecher.com\/index.php?rest_route=\/wp\/v2\/posts"}],"about":[{"href":"https:\/\/findosbuecher.com\/index.php?rest_route=\/wp\/v2\/types\/post"}],"author":[{"embeddable":true,"href":"https:\/\/findosbuecher.com\/index.php?rest_route=\/wp\/v2\/users\/1"}],"replies":[{"embeddable":true,"href":"https:\/\/findosbuecher.com\/index.php?rest_route=%2Fwp%2Fv2%2Fcomments&post=123"}],"version-history":[{"count":3,"href":"https:\/\/findosbuecher.com\/index.php?rest_route=\/wp\/v2\/posts\/123\/revisions"}],"predecessor-version":[{"id":3350,"href":"https:\/\/findosbuecher.com\/index.php?rest_route=\/wp\/v2\/posts\/123\/revisions\/3350"}],"wp:featuredmedia":[{"embeddable":true,"href":"https:\/\/findosbuecher.com\/index.php?rest_route=\/wp\/v2\/media\/3349"}],"wp:attachment":[{"href":"https:\/\/findosbuecher.com\/index.php?rest_route=%2Fwp%2Fv2%2Fmedia&parent=123"}],"wp:term":[{"taxonomy":"category","embeddable":true,"href":"https:\/\/findosbuecher.com\/index.php?rest_route=%2Fwp%2Fv2%2Fcategories&post=123"},{"taxonomy":"post_tag","embeddable":true,"href":"https:\/\/findosbuecher.com\/index.php?rest_route=%2Fwp%2Fv2%2Ftags&post=123"}],"curies":[{"name":"wp","href":"https:\/\/api.w.org\/{rel}","templated":true}]}}