{"id":100,"date":"2016-09-30T16:04:14","date_gmt":"2016-09-30T16:04:14","guid":{"rendered":"http:\/\/findosbuecher.com\/?p=100"},"modified":"2019-06-09T17:44:09","modified_gmt":"2019-06-09T17:44:09","slug":"bruno-apitz-nackt-unter-woelfen","status":"publish","type":"post","link":"https:\/\/findosbuecher.com\/?p=100","title":{"rendered":"Bruno Apitz: Nackt unter W\u00f6lfen"},"content":{"rendered":"","protected":false},"excerpt":{"rendered":"","protected":false},"author":1,"featured_media":0,"comment_status":"open","ping_status":"open","sticky":false,"template":"","format":"image","meta":{"_uag_custom_page_level_css":"","site-sidebar-layout":"default","site-content-layout":"","ast-site-content-layout":"default","site-content-style":"default","site-sidebar-style":"default","ast-global-header-display":"","ast-banner-title-visibility":"","ast-main-header-display":"","ast-hfb-above-header-display":"","ast-hfb-below-header-display":"","ast-hfb-mobile-header-display":"","site-post-title":"","ast-breadcrumbs-content":"","ast-featured-img":"","footer-sml-layout":"","ast-disable-related-posts":"","theme-transparent-header-meta":"","adv-header-id-meta":"","stick-header-meta":"","header-above-stick-meta":"","header-main-stick-meta":"","header-below-stick-meta":"","astra-migrate-meta-layouts":"default","ast-page-background-enabled":"default","ast-page-background-meta":{"desktop":{"background-color":"","background-image":"","background-repeat":"repeat","background-position":"center center","background-size":"auto","background-attachment":"scroll","background-type":"","background-media":"","overlay-type":"","overlay-color":"","overlay-opacity":"","overlay-gradient":""},"tablet":{"background-color":"","background-image":"","background-repeat":"repeat","background-position":"center center","background-size":"auto","background-attachment":"scroll","background-type":"","background-media":"","overlay-type":"","overlay-color":"","overlay-opacity":"","overlay-gradient":""},"mobile":{"background-color":"","background-image":"","background-repeat":"repeat","background-position":"center center","background-size":"auto","background-attachment":"scroll","background-type":"","background-media":"","overlay-type":"","overlay-color":"","overlay-opacity":"","overlay-gradient":""}},"ast-content-background-meta":{"desktop":{"background-color":"var(--ast-global-color-5)","background-image":"","background-repeat":"repeat","background-position":"center center","background-size":"auto","background-attachment":"scroll","background-type":"","background-media":"","overlay-type":"","overlay-color":"","overlay-opacity":"","overlay-gradient":""},"tablet":{"background-color":"var(--ast-global-color-5)","background-image":"","background-repeat":"repeat","background-position":"center center","background-size":"auto","background-attachment":"scroll","background-type":"","background-media":"","overlay-type":"","overlay-color":"","overlay-opacity":"","overlay-gradient":""},"mobile":{"background-color":"var(--ast-global-color-5)","background-image":"","background-repeat":"repeat","background-position":"center center","background-size":"auto","background-attachment":"scroll","background-type":"","background-media":"","overlay-type":"","overlay-color":"","overlay-opacity":"","overlay-gradient":""}},"book_review_cover_url":"http:\/\/findosbuecher.com\/wp-content\/uploads\/2016\/09\/9783351033903.jpg","book_review_title":"Nackt unter W\u00f6lfen","book_review_series":"","book_review_author":"Autor: Bruno Apitz","book_review_genre":"Roman","book_review_isbn":"","book_review_publisher":"Aufbau Verlag","book_review_release_date":"Ausgabe erschienen: 20.06.2014","book_review_format":"Taschenbuch","book_review_pages":"Seiten: 586","book_review_source":"ISBN: <a href=\"https:\/\/www.aufbau-verlag.de\/index.php\/nackt-unter-wolfen.html\">978-3-7466-3026-7<\/a>","book_review_rating":"5","book_review_summary":"<p><strong>Handlung:<\/strong><br>Der Roman \"Nackt unter W\u00f6lfen\" erz\u00e4hlt die bewegende Geschichte eines dreij\u00e4hrigen Kindes, das unter den unmenschlichen Bedingungen des KZ Buchenwald von H\u00e4ftlingen gerettet wird. Aber er handelt ebenso von den Konflikten seiner Retter, die ihrem Gewissen folgen und dabei die Gesetze des kommunistischen Lagerwiderstands brechen. (Klappentext) <\/p><p><strong>Rezension:<\/strong><br>Genau so wie das Werk von Bruno Apitz neu verfilmt wurde, gab der aufbau-Verlag 2015 eine neue Ausgabe eines Weltbestsellers heraus, der er anfangs gar nicht werden sollte. Als Bruno Apitz die Geschichte schrieb war er l\u00e4nger auf der Suche nach einem Verlag.<\/p><p>Nicht wenige lehnten die Geschichte ab. Sie passte anfangs nicht in das Geschichtsbild und Bewusstsein, was der damals noch junge Staat DDR von sich hatte und man wusste auch noch nicht, wie man damit am besten umgehen sollte.<br> Schlie\u00dflich waren die Jahre der NS-Diktatur noch allzu frisch und der Umgang mit fr\u00fcheren Zeiten mehr als heikel. Zumal unter ideologischen Gesichtspunkten des ostdeutschen Staates. Nachdem zahlreiche Verlage der DDR die Geschichte abgelehnt hatten, sagte schlie\u00dflich der Mitteldeutsche Verlag zu, druckte eine kleine Auflage.<\/p><p>Nach unz\u00e4hligen \u00c4nderungen. Zum Einen wurde die Geschichte der Buchenwalder Kommunisten von der Staatsf\u00fchrung kritisch be\u00e4ugt, zum anderen war man sich uneins \u00fcber bestimmte einpr\u00e4gsame Szenen, die den Alltag im KZ beschrieben. Zwischen Leben und Sterben. Doch der Roman avancierte schnell zum Erfolg und war bald restlos ausverkauft.<\/p><p>So bewegend wie die Geschichte an sich, ist auch die des Autors und die der Entstehung des Romans, sowie des ersten Filmes. Dies rechtfertigt schon alleine diese Neuauflage, die nicht nur die weltbekannte Fassung, sondern auch alle \u00c4nderungen sichtbar macht, die Bruno Apitz z\u00e4hneknirschend hinnehmen musste, um seinen Roman ver\u00f6ffentlichen zu k\u00f6nnen.<\/p><p>Erg\u00e4nzt wird dies durch eine Biografie des Autors sowie der Erl\u00e4uterung der Entstehungsgeschichte des Romans, welche als Zus\u00e4tze diese Ausgabe zu etwas Besonderen machen. Dabei wird auch auf die tats\u00e4chliche Geschichte des Stefan Jerzy \"Buchenwald-Kindes\" aufmerksam gemacht, die nur in der von Apitz ver\u00e4nderten Form zu DDR-Zeiten Beachtung fand und als Tatsache hingestellt wurde.<\/p><p>Dies tut der Gro\u00dfartigkeit des Rimans keinen Abbruch. Er ist aufr\u00fcttelnd und spannend, sofern man davon reden mag, zugleich. Der Schreibstil tut sein \u00fcbriges dazu und mehr gibt es an sich nicht zu sagen, doch empfiehlt es sich wirklich auch mit der Geschichte von Buchenwald an sich und mit der wahren Geschichte von Stefan Jerzy zu besch\u00e4ftigen.<\/p><p>Auch, wenn dies ins Uferlose f\u00fchrt, f\u00fcr ein umfassendes Gesamtbild ist dies unerl\u00e4sslich. Ich kann f\u00fcr diese Ausgabe eine unbedingte Empfehlung aussprechen, sei es auch nur wegen der Erg\u00e4nzungen, die andere Ausgaben nicht haben. Es lohnt sich. <\/p><p><strong>Autor:<\/strong><br>Bruno Apitz wurde 1900 in Leipzig geboren und kam 1917 wegen Antikriegspropaganda ins Gef\u00e4ngnis. Danach begann er eine Buchh\u00e4ndlerlehrhre und bet\u00e4tigte sich als Schauspieler. Seit 1927 Mitglied der KPD wurde er ab 1933 mehrfach inhaftiert.<br> <br>Von 1937 bis zurBefreiung war er im KZ Bucvhenwald interniert. In der DDR bet\u00e4tigte er sich als Redakteur, Verwaltungsdirektor der St\u00e4dtischen B\u00fchnen Leipzig und Dramaturg bei der DEFA. 1955 lebte er als freier Autor in Berlin und starb 1979. Sein erster Roman \"Nackt unter W\u00f6lfen\" wurde 1963 verfilmt, vor kurzem neu verfilmt. <\/p>","footnotes":""},"categories":[4],"tags":[25,17,20,22,24,21,11,23],"class_list":["post-100","post","type-post","status-publish","format-image","hentry","category-rezension","tag-biografie","tag-geschichte","tag-historienroman","tag-holocaust","tag-konzentrationslager","tag-krieg","tag-roman","tag-weltkrieg","post_format-post-format-image"],"uagb_featured_image_src":{"full":false,"thumbnail":false,"medium":false,"medium_large":false,"large":false,"wps_thumbnail_size":false,"1536x1536":false,"2048x2048":false,"buchcover":false},"uagb_author_info":{"display_name":"findo","author_link":"https:\/\/findosbuecher.com\/?author=1"},"uagb_comment_info":0,"uagb_excerpt":null,"_links":{"self":[{"href":"https:\/\/findosbuecher.com\/index.php?rest_route=\/wp\/v2\/posts\/100","targetHints":{"allow":["GET"]}}],"collection":[{"href":"https:\/\/findosbuecher.com\/index.php?rest_route=\/wp\/v2\/posts"}],"about":[{"href":"https:\/\/findosbuecher.com\/index.php?rest_route=\/wp\/v2\/types\/post"}],"author":[{"embeddable":true,"href":"https:\/\/findosbuecher.com\/index.php?rest_route=\/wp\/v2\/users\/1"}],"replies":[{"embeddable":true,"href":"https:\/\/findosbuecher.com\/index.php?rest_route=%2Fwp%2Fv2%2Fcomments&post=100"}],"version-history":[{"count":5,"href":"https:\/\/findosbuecher.com\/index.php?rest_route=\/wp\/v2\/posts\/100\/revisions"}],"predecessor-version":[{"id":3316,"href":"https:\/\/findosbuecher.com\/index.php?rest_route=\/wp\/v2\/posts\/100\/revisions\/3316"}],"wp:attachment":[{"href":"https:\/\/findosbuecher.com\/index.php?rest_route=%2Fwp%2Fv2%2Fmedia&parent=100"}],"wp:term":[{"taxonomy":"category","embeddable":true,"href":"https:\/\/findosbuecher.com\/index.php?rest_route=%2Fwp%2Fv2%2Fcategories&post=100"},{"taxonomy":"post_tag","embeddable":true,"href":"https:\/\/findosbuecher.com\/index.php?rest_route=%2Fwp%2Fv2%2Ftags&post=100"}],"curies":[{"name":"wp","href":"https:\/\/api.w.org\/{rel}","templated":true}]}}